{"id":10407,"date":"2009-08-26T08:33:38","date_gmt":"2009-08-26T11:33:38","guid":{"rendered":"http:\/\/agenciainclusive.wordpress.com\/?p=10407"},"modified":"2009-08-26T08:33:38","modified_gmt":"2009-08-26T11:33:38","slug":"manifesto-mundial-pela-inclusao-ser-diferente-e-normal","status":"publish","type":"post","link":"https:\/\/inclusivenews.com.br\/?p=10407","title":{"rendered":"Manifesto Mundial pela Inclus\u00e3o &#8211; Ser Diferente \u00e9 Normal"},"content":{"rendered":"<p style=\"text-align:center;\" align=\"center\"><a href=\"http:\/\/agenciainclusive.files.wordpress.com\/2009\/08\/ser-diferente.jpg\"><img loading=\"lazy\" decoding=\"async\" class=\"size-full wp-image-10512 aligncenter\" title=\"ser diferente\" src=\"http:\/\/agenciainclusive.files.wordpress.com\/2009\/08\/ser-diferente.jpg\" alt=\"ser diferente\" width=\"216\" height=\"82\" \/><\/a><\/p>\n<p style=\"text-align:center;\"><strong>Manifesto Ser Diferente \u00e9 Normal \u00e9 lan\u00e7ado em Nova York \u2013 6\/9<br \/>\nO website onde tudo \u00e9 normal, menos o preconceito<\/strong><br \/>\n<a href=\"http:\/\/www.serdiferenteenormal.com.br\/\">www.serdiferenteenormal.com.br<\/a><br \/>\n<a href=\"http:\/\/www.itsnormaltobedifferent.com\/\">www.itsnormaltobedifferent.com<\/a><\/p>\n<p><strong>O Manifesto virtual \u201cSer Diferente \u00e9 Normal\u201d, pela inclus\u00e3o de todos e contra o preconceito, do Instituto MetaSocial, foi apresentado  no  dia 6 de setembro, durante o Brazilian Day,\u00a0 grande evento da comunidade brasileira nos Estados Unidos. <\/strong><\/p>\n<p><strong><a href=\"http:\/\/www.youtube.com\/watch?v=8Y83j0cswCg\">Veja o v\u00eddeo promocional da campanha no You Tube<\/a><br \/>\n<\/strong><\/p>\n<p align=\"center\"><strong>O SER HUMANO <\/strong>acontece na natureza de diversas formas, cores, tamanhos&#8230;<br \/>\nComo definir normalidade, se nem dois g\u00eameos id\u00eanticos s\u00e3o iguais?<br \/>\n<strong><br \/>\n<\/strong><strong>Por que SER DIFERENTE \u00c9 NORMAL?<br \/>\nPorque cada pessoa \u00e9 \u00fanica.<br \/>\nE a \u00fanica caracter\u00edstica que nos une \u00e9 a DIVERSIDADE<\/strong><\/p>\n<p><em>Voc\u00ea j\u00e1 viveu alguma situa\u00e7\u00e3o em que se sentia exclu\u00eddo?<br \/>\nImagina como seria carregar os tra\u00e7os de uma pessoa com defici\u00eancia?<br \/>\nQuer contribuir para um mundo sem preconceitos e, por isso, melhor para todos?<br \/>\nEnt\u00e3o, seja bem-vindo ao Manifesto \u201cSer Diferente \u00e9 Normal\u201d, onde \u00e9 poss\u00edvel fazer tudo isso, sem sair da frente do computador.<\/em><strong> <\/strong><\/p>\n<p><strong>Pr\u00e9-Lan\u00e7amento no Brazilian Day<\/strong><br \/>\nO <a href=\"http:\/\/www.brazilianday.com\/2009\/index.html\">Brazilian Day<\/a> ocorre h\u00e1 25 anos e agrega um p\u00fablico de 1 milh\u00e3o e meio de pessoas ao longo de 25 quarteir\u00f5es no cora\u00e7\u00e3o de Manhattan. Este ano, participaram do show Marcelo D2, Alcione, Carlinhos Brown, Elba Ramalho, Victor e Leo e Arlindo Cruz. A apresenta\u00e7\u00e3o do espet\u00e1culo foi de Regina Cas\u00e9. A Rede Globo, parceira do Instituto MetaSocial \u00e9 uma das promotoras do evento.<br \/>\n<a href=\"http:\/\/www.brazilianday.com\/2009\/index.%20html\"><\/a><\/p>\n<p>O filme de apresenta\u00e7\u00e3o do Manifesto foi exibido em tel\u00f5es durante o espet\u00e1culo.\u00a0 As tr\u00eas coordenadoras do Instituto MetaSocial estiveram no local dando maiores informa\u00e7\u00f5es a respeito da campanha.<\/p>\n<p><strong>ONU<\/strong><br \/>\nA campanha ajudar\u00e1 ainda a promover a <a href=\"http:\/\/www.un.org\/disabilities\/default.asp?navid=12&amp;pid=150\">Conven\u00e7\u00e3o sobre os Direitos das Pessoas com Defici\u00eancia<\/a>, primeiro tratado internacional de Direitos Humanos do s\u00e9culo XXI das Na\u00e7\u00f5es Unidas (ONU), aprovada no ano passado pelo Congresso brasileiro com valor constitucional e que foi elaborada para garantir os apoios necess\u00e1rios para que todas as pessoas tenham as mesmas oportunidades na vida.<br \/>\nMundialmente, o website do Manifesto ser\u00e1 lan\u00e7ado na sede da ONU, no dia 3 de dezembro de 2009, Dia Internacional da Pessoa com Defici\u00eancia.<\/p>\n<p><strong>MetaSocial<br \/>\n<\/strong>O <a href=\"http:\/\/www.metasocial.org.br\/\">Instituto MetaSocial<\/a> \u00e9 uma ONG com sede no Rio de Janeiro e representa\u00e7\u00f5es em Campinas, S\u00e3o Paulo, Belo Horizonte, Bras\u00edlia e Nova York, que, h\u00e1 mais de 15 anos desenvolve a\u00e7\u00f5es pela inclus\u00e3o das pessoas com defici\u00eancia.<br \/>\nAtua em parceria com a m\u00eddia para difundir a no\u00e7\u00e3o de que \u201cSer Diferente \u00e9 Normal\u201d, no sentido de que todas as pessoas s\u00e3o diferentes, logo, a diferen\u00e7a \u00e9 corriqueira, intr\u00ednseca, humana.<br \/>\nEsta frase \u00e9 slogan do Instituto MetaSocial desde 2003.<br \/>\nEntre as v\u00e1rias a\u00e7\u00f5es j\u00e1 realizadas pelo Instituto est\u00e3o filmes publicit\u00e1rios, um deles ganhador do Le\u00e3o de Bronze em Cannes (Carlinhos), assessoria na inser\u00e7\u00e3o de personagem com s\u00edndrome de Down na novela P\u00e1ginas da Vida, de Manoel Carlos (2006), lan\u00e7amento dos primeiros bonecos com caracter\u00edsticas de s\u00edndrome de Down industrializados, a Turma da Clarinha, assim como tamb\u00e9m no de Tati, personagem com s\u00edndrome de Down criado pelo Instituto Maur\u00edcio de Sousa, entre outros.<\/p>\n<p><strong>Hist\u00f3rico do Manifesto<\/strong><br \/>\nO Manifesto Ser Diferente \u00e9 Normal foi criado para o Dia Internacional da s\u00edndrome de Down, (21\/3) e apresentado no Brasil em mar\u00e7o deste ano. O retorno do p\u00fablico foi t\u00e3o grande (600 mil acessos em uma semana) que o MetaSocial decidiu lan\u00e7\u00e1-lo mundialmente e expandir a iniciativa.<\/p>\n<p>A id\u00e9ia \u00e9 que cada pessoa \u201cassine\u201d o Manifesto com sua imagem, reconhecendo que \u201cSer Diferente \u00e9 Normal\u201d, afinal, ningu\u00e9m \u00e9 igual. Cada pessoa \u00e9 \u00fanica. E a pior barreira que separa as pessoas \u00e9 o preconceito. Somente atrav\u00e9s da inclus\u00e3o de todas as pessoas na sociedade seremos capazes de construir uma sociedade para todos.<br \/>\nA princ\u00edpio o website contar\u00e1 com vers\u00f5es em portugu\u00eas, ingl\u00eas e espanhol.<br \/>\nNo Brasil, o Manifesto est\u00e1 sendo apresentado na Casa Cor Campinas at\u00e9 6\/10.<br \/>\nS\u00e3o parceiros do Instituto MetaSocial a Ag\u00eancia de Propaganda Giovanni+DraftFCB, a Rede Globo, Ag\u00eancia Inclusive, Microwave, Riot, Analog, e a SIACorp.<\/p>\n<p><strong>Ap\u00f3iam a iniciativa:<br \/>\nBrasil<br \/>\n<\/strong>&#8211; Governo brasileiro, por meio da Coordenadoria Nacional para Inclus\u00e3o da Pessoa com Defici\u00eancia, CORDE, da Secretaria Especial dos Direitos Humanos da Presid\u00eancia da Rep\u00fablica e do Minist\u00e9rio das Rela\u00e7\u00f5es Exteriores<br \/>\n&#8211; <a href=\"http:\/\/fbasd.blogspot.com\/\">Federa\u00e7\u00e3o Brasileira de Associa\u00e7\u00f5es de S\u00edndrome de Down (FBASD)<\/a><br \/>\n&#8211; Centro de Vida Independente (CVI Brasil) &#8211; <a href=\"http:\/\/www.cvi.org.br\/cvibrasil.asp\" target=\"_blank\" rel=\"noopener\">http:\/\/www.cvi.org.br\/cvibrasil .asp<\/a><br \/>\n&#8211; <a href=\"http:\/\/www.3in.org.br\/\">3IN \u2013 Inclus\u00e3o, Integridade e Independ\u00eancia<\/a><br \/>\n&#8211; <a href=\"http:\/\/www.pessoacomdeficiencia.sp.gov.br\/\">Secretaria dos Direitos da Pessoa com Defici\u00eancia do Estado de S\u00e3o Paulo<\/a> &#8211; <a href=\"http:\/\/www.pessoacomdeficiencia.sp.gov.br\/\" target=\"_blank\" rel=\"noopener\">http:\/www.pessoacomdeficiencia. sp.gov.br\/<\/a><br \/>\n&#8211; <a href=\"http:\/\/aparu.vilabol.uol.com.br\/\">Aparu \u2013 Associa\u00e7\u00e3o dos Parapl\u00e9gicos de Uberl\u00e2ndia<\/a><br \/>\n&#8211; <a href=\"http:\/\/www.grupoterra.org\/\">Grupo Terra \u2013 ONG<\/a> &#8211; A Vida com outros Olhos<br \/>\n&#8211; <a href=\"http:\/\/www.cvi.org.br\/\">CVI Aracin Anallin, SP<\/a><br \/>\n<strong>International<\/strong><br \/>\n<strong>&#8211; <\/strong>Inter-American Institute on Disability and Inclusive Development <strong>&#8211;<\/strong> <a href=\"http:\/\/www.iidi.org\/\">http:\/\/www.iidi.org\/<\/a><br \/>\n&#8211; Global Partnership for Disability and Development (GPDD) &#8211; <a href=\"http:\/\/gpdd-online.org\/index.php\">http:\/\/gpdd-online.org\/index.php<\/a><br \/>\n&#8211; Red Interamericana de Organizaciones no Gubernamentales de Personas con Discapacidad y sus Familias (Riadis) &#8211; <a href=\"http:\/\/riadis.net\">http:\/\/riadis.net<span style=\"font-size:11pt;font-family:&quot;color:#1f497d;\"> <\/span><\/a><br \/>\n&#8211; Handicap International &#8211; <a href=\"http:\/\/www.handicap-international.us\/hi\/\">http:\/\/www.handicap-international.us\/hi\/<\/a><br \/>\n&#8211; Making it Work &#8211;\u00a0 <a href=\"http:\/\/www.MakingItWork-crpd.org\">http:\/\/www.MakingItWork-crpd.org<\/a><br \/>\n&#8211; The Rolling Rains Report &#8211; Precipitating Dialogue on Travel, Disability, and Universal Design &#8211;\u00a0 <a href=\"http:\/\/www.rollingrains.com\/\">http:\/\/www.rollingrains.com\/<\/a><br \/>\n&#8211; <a href=\"http:\/\/agenciainclusive.wordpress.com\/2009\/08\/31\/mr-blue-sky-supports-it%C2%B4s-normal-to-be-different\/\">Mr. Blue Sky<strong> <\/strong>Movie &#8211; Changing lives through Changing Minds<\/a> &#8211; <strong><a href=\"http:\/\/www.mrblueskymovie.com\/\">http:\/\/www.mrblueskymovie.com\/<\/a><\/strong><\/p>\n<p><em>(As organiza\u00e7\u00f5es\/institui\u00e7\u00f5es interessadas em apoiar a campanha devem enviar mensagem para o email: <a href=\"http:\/\/br.mc431.mail.yahoo.com\/mc\/compose?to=agencia.inclusive@gmail.com\" target=\"_blank\" rel=\"noopener\">agencia.inclusive@ gmail.com<\/a><\/em><em>)<\/em><\/p>\n<p><strong>EUA<br \/>\nNova York &#8211; Patricia Almeida \u2013 1-917-428-4756- <a href=\"mailto:pat_lucas@yahoo.com\">pat_lucas@yahoo.com<\/a> <\/strong><\/p>\n<p><strong>Brasil<br \/>\nRio &#8211; Helena Werneck \u2013 55-21-7832-3221 \u2013 ID 7*46363 &#8211; <a href=\"mailto:helena@metasocial.org.br\">helena@metasocial.org.br<\/a><\/strong><\/p>\n<p><strong>Rio \u2013 M\u00e1rcia Carlos de Andrade \u2013 55-21-9190-9341 \u2013 <a href=\"mailto:marciadeandrade@globo.com\">marciadeandrade@globo.com<\/a> <\/strong><\/p>\n<p><strong>Campinas &#8211; Patricia Heiderich \u2013 55 &#8211; 19- 7803.9014 \u2013 ID \u00a07*46364 <a href=\"mailto:patr%C3%ADcia@metasocial.org.br\">patr\u00edcia@metasocial.org.br<\/a><\/strong><\/p>\n<p style=\"text-align:left;\">\n<p style=\"text-align:left;\"><strong>Mais informa\u00e7\u00f5es:<\/strong><\/p>\n<p style=\"text-align:left;\"><strong><a href=\"http:\/\/agenciainclusive.wordpress.com\/2009\/09\/03\/quem-ja-participa-do-manifesto-ser-diferente-e-normal\/\">Veja quem j\u00e1 participa do Manifesto\u00a0 Ser Diferente \u00e9 Normal<\/a><\/strong><\/p>\n<p style=\"text-align:left;\"><strong><a href=\"http:\/\/agenciainclusive.wordpress.com\/2009\/08\/31\/sobre-sindrome-de-down\/\">Sobre s\u00edndrome de Down<\/a><\/strong><\/p>\n<p style=\"text-align:left;\"><strong><a href=\"http:\/\/agenciainclusive.wordpress.com\/2008\/08\/26\/terminologia-na-area-da-deficiencia\/\">Vai falar ou escrever sobre defici\u00eancia? Saiba o que dizer e o que N\u00c3O dizer<\/a><br \/>\n<a href=\"http:\/\/agenciainclusive.wordpress.com\/2009\/08\/31\/convite-para-adesao-ao-manifesto-pela-inclusao\/\"><br \/>\nConvite \u00e0s entidades para ades\u00e3o ao Manifesto<\/a><\/strong><\/p>\n<p style=\"text-align:left;\"><strong><a href=\"http:\/\/agenciainclusive.wordpress.com\/2009\/08\/31\/pre-launch-it%c2%b4s-normal-to-be-different\/\">Press Release in English<\/a><\/strong><\/p>\n","protected":false},"excerpt":{"rendered":"<p>Manifesto Ser Diferente \u00e9 Normal \u00e9 lan\u00e7ado em Nova York \u2013 6\/9 O website onde tudo \u00e9 normal, menos o preconceito www.serdiferenteenormal.com.br www.itsnormaltobedifferent.com O Manifesto virtual \u201cSer Diferente \u00e9 Normal\u201d, pela inclus\u00e3o de todos e contra o preconceito, do Instituto MetaSocial, foi apresentado no dia 6 de setembro, durante o Brazilian Day,\u00a0 grande evento da [&hellip;]<\/p>\n","protected":false},"author":2,"featured_media":0,"comment_status":"open","ping_status":"open","sticky":false,"template":"","format":"standard","meta":{"site-container-style":"default","site-container-layout":"default","site-sidebar-layout":"default","disable-article-header":"default","disable-site-header":"default","disable-site-footer":"default","disable-content-area-spacing":"default","footnotes":""},"categories":[3,5,7],"tags":[30],"class_list":["post-10407","post","type-post","status-publish","format-standard","hentry","category-campanhas","category-convencao","category-inclusive","tag-metasocial"],"yoast_head":"<!-- This site is optimized with the Yoast SEO plugin v27.4 - https:\/\/yoast.com\/product\/yoast-seo-wordpress\/ -->\n<title>Manifesto Mundial pela Inclus\u00e3o - Ser Diferente \u00e9 Normal -<\/title>\n<meta name=\"robots\" content=\"index, follow, max-snippet:-1, max-image-preview:large, max-video-preview:-1\" \/>\n<link rel=\"canonical\" href=\"https:\/\/inclusivenews.com.br\/?p=10407\" \/>\n<meta property=\"og:locale\" content=\"pt_PT\" \/>\n<meta property=\"og:type\" content=\"article\" \/>\n<meta property=\"og:title\" content=\"Manifesto Mundial pela Inclus\u00e3o - Ser Diferente \u00e9 Normal -\" \/>\n<meta property=\"og:description\" content=\"Manifesto Ser Diferente \u00e9 Normal \u00e9 lan\u00e7ado em Nova York \u2013 6\/9 O website onde tudo \u00e9 normal, menos o preconceito www.serdiferenteenormal.com.br www.itsnormaltobedifferent.com O Manifesto virtual \u201cSer Diferente \u00e9 Normal\u201d, pela inclus\u00e3o de todos e contra o preconceito, do Instituto MetaSocial, foi apresentado no dia 6 de setembro, durante o Brazilian Day,\u00a0 grande evento da [&hellip;]\" \/>\n<meta property=\"og:url\" content=\"https:\/\/inclusivenews.com.br\/?p=10407\" \/>\n<meta property=\"article:publisher\" content=\"https:\/\/www.facebook.com\/agenciainclusive\/\" \/>\n<meta property=\"article:published_time\" content=\"2009-08-26T11:33:38+00:00\" \/>\n<meta property=\"og:image\" content=\"http:\/\/agenciainclusive.files.wordpress.com\/2009\/08\/ser-diferente.jpg\" \/>\n<meta name=\"author\" content=\"Inclusive\" \/>\n<meta name=\"twitter:card\" content=\"summary_large_image\" \/>\n<meta name=\"twitter:label1\" content=\"Escrito por\" \/>\n\t<meta name=\"twitter:data1\" content=\"Inclusive\" \/>\n\t<meta name=\"twitter:label2\" content=\"Tempo estimado de leitura\" \/>\n\t<meta name=\"twitter:data2\" content=\"5 minutos\" \/>\n<script type=\"application\/ld+json\" class=\"yoast-schema-graph\">{\"@context\":\"https:\\\/\\\/schema.org\",\"@graph\":[{\"@type\":\"Article\",\"@id\":\"https:\\\/\\\/inclusivenews.com.br\\\/?p=10407#article\",\"isPartOf\":{\"@id\":\"https:\\\/\\\/inclusivenews.com.br\\\/?p=10407\"},\"author\":{\"name\":\"Inclusive\",\"@id\":\"https:\\\/\\\/inclusivenews.com.br\\\/#\\\/schema\\\/person\\\/0dab492019871b94abb65fa8ee7c8c44\"},\"headline\":\"Manifesto Mundial pela Inclus\u00e3o &#8211; Ser Diferente \u00e9 Normal\",\"datePublished\":\"2009-08-26T11:33:38+00:00\",\"mainEntityOfPage\":{\"@id\":\"https:\\\/\\\/inclusivenews.com.br\\\/?p=10407\"},\"wordCount\":1052,\"commentCount\":7,\"publisher\":{\"@id\":\"https:\\\/\\\/inclusivenews.com.br\\\/#organization\"},\"image\":{\"@id\":\"https:\\\/\\\/inclusivenews.com.br\\\/?p=10407#primaryimage\"},\"thumbnailUrl\":\"http:\\\/\\\/agenciainclusive.files.wordpress.com\\\/2009\\\/08\\\/ser-diferente.jpg\",\"keywords\":[\"MetaSocial\"],\"articleSection\":[\"CAMPANHAS\",\"Conven\u00e7\u00e3o\",\"Inclusive\"],\"inLanguage\":\"pt-PT\",\"potentialAction\":[{\"@type\":\"CommentAction\",\"name\":\"Comment\",\"target\":[\"https:\\\/\\\/inclusivenews.com.br\\\/?p=10407#respond\"]}]},{\"@type\":\"WebPage\",\"@id\":\"https:\\\/\\\/inclusivenews.com.br\\\/?p=10407\",\"url\":\"https:\\\/\\\/inclusivenews.com.br\\\/?p=10407\",\"name\":\"Manifesto Mundial pela Inclus\u00e3o - Ser Diferente \u00e9 Normal -\",\"isPartOf\":{\"@id\":\"https:\\\/\\\/inclusivenews.com.br\\\/#website\"},\"primaryImageOfPage\":{\"@id\":\"https:\\\/\\\/inclusivenews.com.br\\\/?p=10407#primaryimage\"},\"image\":{\"@id\":\"https:\\\/\\\/inclusivenews.com.br\\\/?p=10407#primaryimage\"},\"thumbnailUrl\":\"http:\\\/\\\/agenciainclusive.files.wordpress.com\\\/2009\\\/08\\\/ser-diferente.jpg\",\"datePublished\":\"2009-08-26T11:33:38+00:00\",\"breadcrumb\":{\"@id\":\"https:\\\/\\\/inclusivenews.com.br\\\/?p=10407#breadcrumb\"},\"inLanguage\":\"pt-PT\",\"potentialAction\":[{\"@type\":\"ReadAction\",\"target\":[\"https:\\\/\\\/inclusivenews.com.br\\\/?p=10407\"]}]},{\"@type\":\"ImageObject\",\"inLanguage\":\"pt-PT\",\"@id\":\"https:\\\/\\\/inclusivenews.com.br\\\/?p=10407#primaryimage\",\"url\":\"http:\\\/\\\/agenciainclusive.files.wordpress.com\\\/2009\\\/08\\\/ser-diferente.jpg\",\"contentUrl\":\"http:\\\/\\\/agenciainclusive.files.wordpress.com\\\/2009\\\/08\\\/ser-diferente.jpg\"},{\"@type\":\"BreadcrumbList\",\"@id\":\"https:\\\/\\\/inclusivenews.com.br\\\/?p=10407#breadcrumb\",\"itemListElement\":[{\"@type\":\"ListItem\",\"position\":1,\"name\":\"In\u00edcio\",\"item\":\"https:\\\/\\\/inclusivenews.com.br\\\/\"},{\"@type\":\"ListItem\",\"position\":2,\"name\":\"Manifesto Mundial pela Inclus\u00e3o &#8211; Ser Diferente \u00e9 Normal\"}]},{\"@type\":\"WebSite\",\"@id\":\"https:\\\/\\\/inclusivenews.com.br\\\/#website\",\"url\":\"https:\\\/\\\/inclusivenews.com.br\\\/\",\"name\":\"Inclusive News\",\"description\":\"Inclusive News\",\"publisher\":{\"@id\":\"https:\\\/\\\/inclusivenews.com.br\\\/#organization\"},\"potentialAction\":[{\"@type\":\"SearchAction\",\"target\":{\"@type\":\"EntryPoint\",\"urlTemplate\":\"https:\\\/\\\/inclusivenews.com.br\\\/?s={search_term_string}\"},\"query-input\":{\"@type\":\"PropertyValueSpecification\",\"valueRequired\":true,\"valueName\":\"search_term_string\"}}],\"inLanguage\":\"pt-PT\"},{\"@type\":\"Organization\",\"@id\":\"https:\\\/\\\/inclusivenews.com.br\\\/#organization\",\"name\":\"Inclusive - inclus\u00e3o e cidadania\",\"url\":\"https:\\\/\\\/inclusivenews.com.br\\\/\",\"logo\":{\"@type\":\"ImageObject\",\"inLanguage\":\"pt-PT\",\"@id\":\"https:\\\/\\\/inclusivenews.com.br\\\/#\\\/schema\\\/logo\\\/image\\\/\",\"url\":\"https:\\\/\\\/inclusivenews.com.br\\\/wp-content\\\/uploads\\\/2024\\\/03\\\/@grandesite.png\",\"contentUrl\":\"https:\\\/\\\/inclusivenews.com.br\\\/wp-content\\\/uploads\\\/2024\\\/03\\\/@grandesite.png\",\"width\":1080,\"height\":1080,\"caption\":\"Inclusive - inclus\u00e3o e cidadania\"},\"image\":{\"@id\":\"https:\\\/\\\/inclusivenews.com.br\\\/#\\\/schema\\\/logo\\\/image\\\/\"},\"sameAs\":[\"https:\\\/\\\/www.facebook.com\\\/agenciainclusive\\\/\",\"https:\\\/\\\/www.instagram.com\\\/newsinclusive\\\/\"]},{\"@type\":\"Person\",\"@id\":\"https:\\\/\\\/inclusivenews.com.br\\\/#\\\/schema\\\/person\\\/0dab492019871b94abb65fa8ee7c8c44\",\"name\":\"Inclusive\",\"image\":{\"@type\":\"ImageObject\",\"inLanguage\":\"pt-PT\",\"@id\":\"https:\\\/\\\/secure.gravatar.com\\\/avatar\\\/?s=96&d=mm&r=g\",\"url\":\"https:\\\/\\\/secure.gravatar.com\\\/avatar\\\/?s=96&d=mm&r=g\",\"contentUrl\":\"https:\\\/\\\/secure.gravatar.com\\\/avatar\\\/?s=96&d=mm&r=g\",\"caption\":\"Inclusive\"},\"url\":\"https:\\\/\\\/inclusivenews.com.br\\\/?author=2\"}]}<\/script>\n<!-- \/ Yoast SEO plugin. -->","yoast_head_json":{"title":"Manifesto Mundial pela Inclus\u00e3o - Ser Diferente \u00e9 Normal -","robots":{"index":"index","follow":"follow","max-snippet":"max-snippet:-1","max-image-preview":"max-image-preview:large","max-video-preview":"max-video-preview:-1"},"canonical":"https:\/\/inclusivenews.com.br\/?p=10407","og_locale":"pt_PT","og_type":"article","og_title":"Manifesto Mundial pela Inclus\u00e3o - Ser Diferente \u00e9 Normal -","og_description":"Manifesto Ser Diferente \u00e9 Normal \u00e9 lan\u00e7ado em Nova York \u2013 6\/9 O website onde tudo \u00e9 normal, menos o preconceito www.serdiferenteenormal.com.br www.itsnormaltobedifferent.com O Manifesto virtual \u201cSer Diferente \u00e9 Normal\u201d, pela inclus\u00e3o de todos e contra o preconceito, do Instituto MetaSocial, foi apresentado no dia 6 de setembro, durante o Brazilian Day,\u00a0 grande evento da [&hellip;]","og_url":"https:\/\/inclusivenews.com.br\/?p=10407","article_publisher":"https:\/\/www.facebook.com\/agenciainclusive\/","article_published_time":"2009-08-26T11:33:38+00:00","og_image":[{"url":"http:\/\/agenciainclusive.files.wordpress.com\/2009\/08\/ser-diferente.jpg","type":"","width":"","height":""}],"author":"Inclusive","twitter_card":"summary_large_image","twitter_misc":{"Escrito por":"Inclusive","Tempo estimado de leitura":"5 minutos"},"schema":{"@context":"https:\/\/schema.org","@graph":[{"@type":"Article","@id":"https:\/\/inclusivenews.com.br\/?p=10407#article","isPartOf":{"@id":"https:\/\/inclusivenews.com.br\/?p=10407"},"author":{"name":"Inclusive","@id":"https:\/\/inclusivenews.com.br\/#\/schema\/person\/0dab492019871b94abb65fa8ee7c8c44"},"headline":"Manifesto Mundial pela Inclus\u00e3o &#8211; Ser Diferente \u00e9 Normal","datePublished":"2009-08-26T11:33:38+00:00","mainEntityOfPage":{"@id":"https:\/\/inclusivenews.com.br\/?p=10407"},"wordCount":1052,"commentCount":7,"publisher":{"@id":"https:\/\/inclusivenews.com.br\/#organization"},"image":{"@id":"https:\/\/inclusivenews.com.br\/?p=10407#primaryimage"},"thumbnailUrl":"http:\/\/agenciainclusive.files.wordpress.com\/2009\/08\/ser-diferente.jpg","keywords":["MetaSocial"],"articleSection":["CAMPANHAS","Conven\u00e7\u00e3o","Inclusive"],"inLanguage":"pt-PT","potentialAction":[{"@type":"CommentAction","name":"Comment","target":["https:\/\/inclusivenews.com.br\/?p=10407#respond"]}]},{"@type":"WebPage","@id":"https:\/\/inclusivenews.com.br\/?p=10407","url":"https:\/\/inclusivenews.com.br\/?p=10407","name":"Manifesto Mundial pela Inclus\u00e3o - Ser Diferente \u00e9 Normal -","isPartOf":{"@id":"https:\/\/inclusivenews.com.br\/#website"},"primaryImageOfPage":{"@id":"https:\/\/inclusivenews.com.br\/?p=10407#primaryimage"},"image":{"@id":"https:\/\/inclusivenews.com.br\/?p=10407#primaryimage"},"thumbnailUrl":"http:\/\/agenciainclusive.files.wordpress.com\/2009\/08\/ser-diferente.jpg","datePublished":"2009-08-26T11:33:38+00:00","breadcrumb":{"@id":"https:\/\/inclusivenews.com.br\/?p=10407#breadcrumb"},"inLanguage":"pt-PT","potentialAction":[{"@type":"ReadAction","target":["https:\/\/inclusivenews.com.br\/?p=10407"]}]},{"@type":"ImageObject","inLanguage":"pt-PT","@id":"https:\/\/inclusivenews.com.br\/?p=10407#primaryimage","url":"http:\/\/agenciainclusive.files.wordpress.com\/2009\/08\/ser-diferente.jpg","contentUrl":"http:\/\/agenciainclusive.files.wordpress.com\/2009\/08\/ser-diferente.jpg"},{"@type":"BreadcrumbList","@id":"https:\/\/inclusivenews.com.br\/?p=10407#breadcrumb","itemListElement":[{"@type":"ListItem","position":1,"name":"In\u00edcio","item":"https:\/\/inclusivenews.com.br\/"},{"@type":"ListItem","position":2,"name":"Manifesto Mundial pela Inclus\u00e3o &#8211; Ser Diferente \u00e9 Normal"}]},{"@type":"WebSite","@id":"https:\/\/inclusivenews.com.br\/#website","url":"https:\/\/inclusivenews.com.br\/","name":"Inclusive News","description":"Inclusive News","publisher":{"@id":"https:\/\/inclusivenews.com.br\/#organization"},"potentialAction":[{"@type":"SearchAction","target":{"@type":"EntryPoint","urlTemplate":"https:\/\/inclusivenews.com.br\/?s={search_term_string}"},"query-input":{"@type":"PropertyValueSpecification","valueRequired":true,"valueName":"search_term_string"}}],"inLanguage":"pt-PT"},{"@type":"Organization","@id":"https:\/\/inclusivenews.com.br\/#organization","name":"Inclusive - inclus\u00e3o e cidadania","url":"https:\/\/inclusivenews.com.br\/","logo":{"@type":"ImageObject","inLanguage":"pt-PT","@id":"https:\/\/inclusivenews.com.br\/#\/schema\/logo\/image\/","url":"https:\/\/inclusivenews.com.br\/wp-content\/uploads\/2024\/03\/@grandesite.png","contentUrl":"https:\/\/inclusivenews.com.br\/wp-content\/uploads\/2024\/03\/@grandesite.png","width":1080,"height":1080,"caption":"Inclusive - inclus\u00e3o e cidadania"},"image":{"@id":"https:\/\/inclusivenews.com.br\/#\/schema\/logo\/image\/"},"sameAs":["https:\/\/www.facebook.com\/agenciainclusive\/","https:\/\/www.instagram.com\/newsinclusive\/"]},{"@type":"Person","@id":"https:\/\/inclusivenews.com.br\/#\/schema\/person\/0dab492019871b94abb65fa8ee7c8c44","name":"Inclusive","image":{"@type":"ImageObject","inLanguage":"pt-PT","@id":"https:\/\/secure.gravatar.com\/avatar\/?s=96&d=mm&r=g","url":"https:\/\/secure.gravatar.com\/avatar\/?s=96&d=mm&r=g","contentUrl":"https:\/\/secure.gravatar.com\/avatar\/?s=96&d=mm&r=g","caption":"Inclusive"},"url":"https:\/\/inclusivenews.com.br\/?author=2"}]}},"_links":{"self":[{"href":"https:\/\/inclusivenews.com.br\/index.php?rest_route=\/wp\/v2\/posts\/10407","targetHints":{"allow":["GET"]}}],"collection":[{"href":"https:\/\/inclusivenews.com.br\/index.php?rest_route=\/wp\/v2\/posts"}],"about":[{"href":"https:\/\/inclusivenews.com.br\/index.php?rest_route=\/wp\/v2\/types\/post"}],"author":[{"embeddable":true,"href":"https:\/\/inclusivenews.com.br\/index.php?rest_route=\/wp\/v2\/users\/2"}],"replies":[{"embeddable":true,"href":"https:\/\/inclusivenews.com.br\/index.php?rest_route=%2Fwp%2Fv2%2Fcomments&post=10407"}],"version-history":[{"count":0,"href":"https:\/\/inclusivenews.com.br\/index.php?rest_route=\/wp\/v2\/posts\/10407\/revisions"}],"wp:attachment":[{"href":"https:\/\/inclusivenews.com.br\/index.php?rest_route=%2Fwp%2Fv2%2Fmedia&parent=10407"}],"wp:term":[{"taxonomy":"category","embeddable":true,"href":"https:\/\/inclusivenews.com.br\/index.php?rest_route=%2Fwp%2Fv2%2Fcategories&post=10407"},{"taxonomy":"post_tag","embeddable":true,"href":"https:\/\/inclusivenews.com.br\/index.php?rest_route=%2Fwp%2Fv2%2Ftags&post=10407"}],"curies":[{"name":"wp","href":"https:\/\/api.w.org\/{rel}","templated":true}]}}