{"id":1107,"date":"2008-09-03T17:05:52","date_gmt":"2008-09-03T17:05:52","guid":{"rendered":"http:\/\/agenciainclusive.wordpress.com\/?p=1107"},"modified":"2008-09-03T17:05:52","modified_gmt":"2008-09-03T17:05:52","slug":"rs-guia-de-escolas-zero-hora-em-desacordo-com-a-lei","status":"publish","type":"post","link":"https:\/\/inclusivenews.com.br\/?p=1107","title":{"rendered":"Den\u00fancia RS &#8211; Guia de Escolas Zero Hora em desacordo com a Lei"},"content":{"rendered":"<p class=\"MsoNormal\" style=\"margin-bottom:.0001pt;line-height:14.4pt;\"><span style=\"font-size:12pt;font-family:&quot;\">Gostaria de solicitar o apoio de todos no sentido de divulgar e tamb\u00e9m<\/span><\/p>\n<p class=\"MsoNormal\" style=\"margin-bottom:.0001pt;line-height:14.4pt;\"><span style=\"font-size:12pt;font-family:&quot;\"><span> <\/span>levar ao conhecimento das autoridades competentes uma publica\u00e7\u00e3o<\/span><\/p>\n<p class=\"MsoNormal\" style=\"margin-bottom:.0001pt;line-height:14.4pt;\"><span style=\"font-size:12pt;font-family:&quot;\"><span> <\/span>especial veiculada no jornal Zero Hora, de Porto Alegre, intitulada &#8220;Guia da<\/span><\/p>\n<p class=\"MsoNormal\" style=\"margin-bottom:.0001pt;line-height:14.4pt;\"><span style=\"font-size:12pt;font-family:&quot;\"><span> <\/span>Escola&#8221;, veiculada hoje &#8211; 03\/09\/2008, que pretende prestar o servi\u00e7o de<\/span><\/p>\n<p class=\"MsoNormal\" style=\"margin-bottom:.0001pt;line-height:14.4pt;\"><span style=\"font-size:12pt;font-family:&quot;\"><span> <\/span>divulgar entre seus leitores uma ampla rela\u00e7\u00e3o de escolas de Porto<\/span><\/p>\n<p class=\"MsoNormal\" style=\"margin-bottom:.0001pt;line-height:14.4pt;\"><span style=\"font-size:12pt;font-family:&quot;\"><span> <\/span>Alegre e regi\u00e3o metropolitana a partir de uma lista de checagem preenchida<\/span><\/p>\n<p class=\"MsoNormal\" style=\"margin-bottom:.0001pt;line-height:14.4pt;\"><span style=\"font-size:12pt;font-family:&quot;\"><span> <\/span>individualmente por cada escola trazendo as seguintes informa\u00e7\u00f5es: a)<\/span><\/p>\n<p class=\"MsoNormal\" style=\"margin-bottom:.0001pt;line-height:14.4pt;\"><span style=\"font-size:12pt;font-family:&quot;\"><span> <\/span>avalia\u00e7\u00e3o &#8211; como s\u00e3o expressos os resultados dos alunos (pareceres<\/span><\/p>\n<p class=\"MsoNormal\" style=\"margin-bottom:.0001pt;line-height:14.4pt;\"><span style=\"font-size:12pt;font-family:&quot;\"><span> <\/span>descritivos, conceitos men\u00e7\u00f5es ou notas); b) curr\u00edculo &#8211; o guia privilegiou<\/span><\/p>\n<p class=\"MsoNormal\" style=\"margin-bottom:.0001pt;line-height:14.4pt;\"><span style=\"font-size:12pt;font-family:&quot;\"><span> <\/span>informa\u00e7\u00f5es sobre aulas de l\u00edngua estrangeira, filosofia, sociologia,<\/span><\/p>\n<p class=\"MsoNormal\" style=\"margin-bottom:.0001pt;line-height:14.4pt;\"><span style=\"font-size:12pt;font-family:&quot;\"><span> <\/span>educa\u00e7\u00e3o f\u00edsica, etc.); c) atividades extraclasse &#8211; atividades<\/span><\/p>\n<p class=\"MsoNormal\" style=\"margin-bottom:.0001pt;line-height:14.4pt;\"><span style=\"font-size:12pt;font-family:&quot;\"><span> <\/span>desenvolvidas fora do hor\u00e1rio de aula, n\u00e3o distinguindo se est\u00e3o inclu\u00eddas no<\/span><\/p>\n<p class=\"MsoNormal\" style=\"margin-bottom:.0001pt;line-height:14.4pt;\"><span style=\"font-size:12pt;font-family:&quot;\"><span> <\/span>valor da mensalidade; d) seguran\u00e7a &#8211; os procedimentos de seguran\u00e7a<\/span><\/p>\n<p class=\"MsoNormal\" style=\"margin-bottom:.0001pt;line-height:14.4pt;\"><span style=\"font-size:12pt;font-family:&quot;\"><span> <\/span>adotados; e)<span> <\/span>inscri\u00e7\u00f5es e matr\u00edcula &#8211; per\u00edodo de inscri\u00e7\u00f5es e matr\u00edcula; f)<\/span><\/p>\n<p class=\"MsoNormal\" style=\"margin-bottom:.0001pt;line-height:14.4pt;\"><span style=\"font-size:12pt;font-family:&quot;\"><span> <\/span>educa\u00e7\u00e3o especial &#8211; se recebem alunos com necessidades especiais<\/span><\/p>\n<p class=\"MsoNormal\" style=\"margin-bottom:.0001pt;line-height:14.4pt;\"><span style=\"font-size:12pt;font-family:&quot;\"> <\/span><\/p>\n<p class=\"MsoNormal\" style=\"margin-bottom:.0001pt;line-height:14.4pt;\"><span style=\"font-size:12pt;font-family:&quot;\">O que ocorre \u00e9 que, desde a elabora\u00e7\u00e3o da lista de chegagem, \u00e9 not\u00e1vel<\/span><\/p>\n<p class=\"MsoNormal\" style=\"margin-bottom:.0001pt;line-height:14.4pt;\"><span style=\"font-size:12pt;font-family:&quot;\"><span> <\/span>que abre-se uma possibilidade, legalmente inadequada, de que as escolas<\/span><\/p>\n<p class=\"MsoNormal\" style=\"margin-bottom:.0001pt;line-height:14.4pt;\"><span style=\"font-size:12pt;font-family:&quot;\"><span> <\/span>possam informar a aceita\u00e7\u00e3o de pessoas com necessidades educacionais<\/span><\/p>\n<p class=\"MsoNormal\" style=\"margin-bottom:.0001pt;line-height:14.4pt;\"><span style=\"font-size:12pt;font-family:&quot;\"><span> <\/span>especiais como uma op\u00e7\u00e3o, posto que se trata de um dever das escolas e<\/span><\/p>\n<p class=\"MsoNormal\" style=\"margin-bottom:.0001pt;line-height:14.4pt;\"><span style=\"font-size:12pt;font-family:&quot;\"><span> <\/span>de um direito constitucional assegurado \u00e0s pessoas com defici\u00eancia<\/span><\/p>\n<p class=\"MsoNormal\" style=\"margin-bottom:.0001pt;line-height:14.4pt;\"><span style=\"font-size:12pt;font-family:&quot;\"><span> <\/span>atrav\u00e9s da Conven\u00e7\u00e3o sobre os Direitos da Pessoa com Defici\u00eancia da ONU, que<span> <\/span>possui efeito constitucional em nosso pa\u00eds. A partir da\u00ed, as escolas<\/span><\/p>\n<p class=\"MsoNormal\" style=\"margin-bottom:.0001pt;line-height:14.4pt;\"><span style=\"font-size:12pt;font-family:&quot;\"><span> <\/span>passam a informar essa op\u00e7\u00e3o com uma tal leviandade que assombra. Entre<\/span><\/p>\n<p class=\"MsoNormal\" style=\"margin-bottom:.0001pt;line-height:14.4pt;\"><span style=\"font-size:12pt;font-family:&quot;\"><span> <\/span>muitas que informam que &#8220;aceitam mediante entrevista&#8221;, &#8220;aceitam<\/span><\/p>\n<p class=\"MsoNormal\" style=\"margin-bottom:.0001pt;line-height:14.4pt;\"><span style=\"font-size:12pt;font-family:&quot;\"><span> <\/span>mediante encaminhamento m\u00e9dico&#8221;, &#8220;aceitam mediante acompanhamento<\/span><\/p>\n<p class=\"MsoNormal\" style=\"margin-bottom:.0001pt;line-height:14.4pt;\"><span style=\"font-size:12pt;font-family:&quot;\"><span> <\/span>especializado&#8221;, &#8220;aceitam mediante avalia\u00e7\u00e3o&#8221; (inclusive uma escola especial da APAE<span> <\/span>informa dessa maneira), algumas chegam a informar que simplesmente<span> <\/span>&#8220;n\u00e3o aceitam&#8221;.<\/span><\/p>\n<p class=\"MsoNormal\" style=\"margin-bottom:.0001pt;line-height:14.4pt;\"><span style=\"font-size:12pt;font-family:&quot;\"> <\/span><\/p>\n<p class=\"MsoNormal\" style=\"margin-bottom:.0001pt;line-height:14.4pt;\"><span style=\"font-size:12pt;font-family:&quot;\">N\u00e3o pretendo entrar no m\u00e9rito de discutir tamanho absurdo, mas apenas<\/span><\/p>\n<p class=\"MsoNormal\" style=\"margin-bottom:.0001pt;line-height:14.4pt;\"><span style=\"font-size:12pt;font-family:&quot;\"><span> <\/span>dar conhecimento p\u00fablico \u00e0s autoridades competentes e \u00f3rg\u00e3os<\/span><\/p>\n<p class=\"MsoNormal\" style=\"margin-bottom:.0001pt;line-height:14.4pt;\"><span style=\"font-size:12pt;font-family:&quot;\"><span> <\/span>representativos das irregularidades ali declaradas para que, atrav\u00e9s dos meios<span> <\/span>legais, os respons\u00e1veis pela edi\u00e7\u00e3o do jornal publiquem algum tipo de<\/span><\/p>\n<p class=\"MsoNormal\" style=\"margin-bottom:.0001pt;line-height:14.4pt;\"><span style=\"font-size:12pt;font-family:&quot;\"><span> <\/span>esclarecimento e as escolas e seus profissionais sejam alertados e\/ou mesmo<span> <\/span>investigadas por pr\u00e1ticas ostensivamente ilegais.<\/span><\/p>\n<p class=\"MsoNormal\" style=\"margin-bottom:.0001pt;line-height:14.4pt;\"><span style=\"font-size:12pt;font-family:&quot;\"> <\/span><\/p>\n<p class=\"MsoNormal\" style=\"margin-bottom:.0001pt;line-height:14.4pt;\"><span style=\"font-size:12pt;font-family:&quot;\">Para maiores refer\u00eancias, ver o Art. 24, \u00a72 da Conven\u00e7\u00e3o sobre os<\/span><\/p>\n<p class=\"MsoNormal\" style=\"margin-bottom:.0001pt;line-height:14.4pt;\"><span style=\"font-size:12pt;font-family:&quot;\"><span> <\/span>Direitos da Pessoa com Defici\u00eancia:<\/span><\/p>\n<p class=\"MsoNormal\" style=\"margin-bottom:.0001pt;line-height:14.4pt;\"><span style=\"font-size:12pt;font-family:&quot;\"> <\/span><\/p>\n<p class=\"MsoNormal\" style=\"margin-bottom:.0001pt;line-height:14.4pt;\"><span style=\"font-size:12pt;font-family:&quot;\">&#8220;2. Para a realiza\u00e7\u00e3o desse direito, os Estados Partes assegurar\u00e3o que:<\/span><\/p>\n<p class=\"MsoNormal\" style=\"margin-bottom:.0001pt;line-height:14.4pt;\"><span style=\"font-size:12pt;font-family:&quot;\"><span> <\/span><\/span><\/p>\n<p class=\"MsoNormal\" style=\"margin-bottom:.0001pt;line-height:14.4pt;\"><span style=\"font-size:12pt;font-family:&quot;\">a. As pessoas com defici\u00eancia n\u00e3o sejam exclu\u00eddas do sistema<\/span><\/p>\n<p class=\"MsoNormal\" style=\"margin-bottom:.0001pt;line-height:14.4pt;\"><span style=\"font-size:12pt;font-family:&quot;\"><span> <\/span>educacional geral sob alega\u00e7\u00e3o de defici\u00eancia e que as crian\u00e7as com defici\u00eancia<span> <\/span>n\u00e3o sejam exclu\u00eddas do ensino prim\u00e1rio gratuito e compuls\u00f3rio ou do<span> <\/span>ensino secund\u00e1rio, sob alega\u00e7\u00e3o de defici\u00eancia; (&#8230;)&#8221;<\/span><\/p>\n<p class=\"MsoNormal\" style=\"margin-bottom:.0001pt;line-height:14.4pt;\"><span style=\"font-size:12pt;font-family:&quot;\"> <\/span><\/p>\n<p class=\"MsoNormal\" style=\"margin-bottom:.0001pt;line-height:14.4pt;\"><span style=\"font-size:12pt;font-family:&quot;\">Obrigado pela aten\u00e7\u00e3o<\/span><\/p>\n<p class=\"MsoNormal\" style=\"margin-bottom:.0001pt;line-height:14.4pt;\"><span style=\"font-size:12pt;font-family:&quot;\">Lucio Carvalho<\/span><\/p>\n<p class=\"MsoNormal\" style=\"margin-bottom:.0001pt;line-height:14.4pt;\"><span style=\"font-size:12pt;font-family:&quot;\"><a href=\"http:\/\/br.f431.mail.yahoo.com\/ym\/Compose?To=lucioscjr@uol.com.br&amp;YY=40664&amp;y5beta=yes&amp;y5beta=yes&amp;order=down&amp;sort=date&amp;pos=0&amp;view=a&amp;head=b\"><span style=\"text-decoration:none;color:#003399;\">lucioscjr@uol.com.br<\/span><\/a>, <a href=\"http:\/\/br.f431.mail.yahoo.com\/ym\/Compose?To=luxius_oaker@yahoo.com.br&amp;YY=40664&amp;y5beta=yes&amp;y5beta=yes&amp;order=down&amp;sort=date&amp;pos=0&amp;view=a&amp;head=b\"><span style=\"text-decoration:none;color:#003399;\">luxius_oaker@yahoo.com.br<\/span><\/a><\/span><\/p>\n<p class=\"MsoNormal\" style=\"margin-bottom:.0001pt;line-height:14.4pt;\"><span style=\"font-size:12pt;font-family:&quot;\">8050321631<\/span><\/p>\n<p class=\"MsoNormal\" style=\"margin-bottom:.0001pt;line-height:14.4pt;\"><span style=\"font-size:12pt;font-family:&quot;\">51\u00a032215773<\/span><\/p>\n","protected":false},"excerpt":{"rendered":"<p>Gostaria de solicitar o apoio de todos no sentido de divulgar e tamb\u00e9m levar ao conhecimento das autoridades competentes uma publica\u00e7\u00e3o especial veiculada no jornal Zero Hora, de Porto Alegre, intitulada &#8220;Guia da Escola&#8221;, veiculada hoje &#8211; 03\/09\/2008, que pretende prestar o servi\u00e7o de divulgar entre seus leitores uma ampla rela\u00e7\u00e3o de escolas de Porto [&hellip;]<\/p>\n","protected":false},"author":2,"featured_media":0,"comment_status":"open","ping_status":"open","sticky":false,"template":"","format":"standard","meta":{"site-container-style":"default","site-container-layout":"default","site-sidebar-layout":"default","disable-article-header":"default","disable-site-header":"default","disable-site-footer":"default","disable-content-area-spacing":"default","footnotes":""},"categories":[13],"tags":[],"class_list":["post-1107","post","type-post","status-publish","format-standard","hentry","category-denuncias"],"yoast_head":"<!-- This site is optimized with the Yoast SEO plugin v27.4 - https:\/\/yoast.com\/product\/yoast-seo-wordpress\/ -->\n<title>Den\u00fancia RS - Guia de Escolas Zero Hora em desacordo com a Lei -<\/title>\n<meta name=\"robots\" content=\"index, follow, max-snippet:-1, max-image-preview:large, max-video-preview:-1\" \/>\n<link rel=\"canonical\" href=\"https:\/\/inclusivenews.com.br\/?p=1107\" \/>\n<meta property=\"og:locale\" content=\"pt_PT\" \/>\n<meta property=\"og:type\" content=\"article\" \/>\n<meta property=\"og:title\" content=\"Den\u00fancia RS - Guia de Escolas Zero Hora em desacordo com a Lei -\" \/>\n<meta property=\"og:description\" content=\"Gostaria de solicitar o apoio de todos no sentido de divulgar e tamb\u00e9m levar ao conhecimento das autoridades competentes uma publica\u00e7\u00e3o especial veiculada no jornal Zero Hora, de Porto Alegre, intitulada &#8220;Guia da Escola&#8221;, veiculada hoje &#8211; 03\/09\/2008, que pretende prestar o servi\u00e7o de divulgar entre seus leitores uma ampla rela\u00e7\u00e3o de escolas de Porto [&hellip;]\" \/>\n<meta property=\"og:url\" content=\"https:\/\/inclusivenews.com.br\/?p=1107\" \/>\n<meta property=\"article:publisher\" content=\"https:\/\/www.facebook.com\/agenciainclusive\/\" \/>\n<meta property=\"article:published_time\" content=\"2008-09-03T17:05:52+00:00\" \/>\n<meta name=\"author\" content=\"Inclusive\" \/>\n<meta name=\"twitter:card\" content=\"summary_large_image\" \/>\n<meta name=\"twitter:label1\" content=\"Escrito por\" \/>\n\t<meta name=\"twitter:data1\" content=\"Inclusive\" \/>\n\t<meta name=\"twitter:label2\" content=\"Tempo estimado de leitura\" \/>\n\t<meta name=\"twitter:data2\" content=\"2 minutos\" \/>\n<script type=\"application\/ld+json\" class=\"yoast-schema-graph\">{\"@context\":\"https:\\\/\\\/schema.org\",\"@graph\":[{\"@type\":\"Article\",\"@id\":\"https:\\\/\\\/inclusivenews.com.br\\\/?p=1107#article\",\"isPartOf\":{\"@id\":\"https:\\\/\\\/inclusivenews.com.br\\\/?p=1107\"},\"author\":{\"name\":\"Inclusive\",\"@id\":\"https:\\\/\\\/inclusivenews.com.br\\\/#\\\/schema\\\/person\\\/0dab492019871b94abb65fa8ee7c8c44\"},\"headline\":\"Den\u00fancia RS &#8211; Guia de Escolas Zero Hora em desacordo com a Lei\",\"datePublished\":\"2008-09-03T17:05:52+00:00\",\"mainEntityOfPage\":{\"@id\":\"https:\\\/\\\/inclusivenews.com.br\\\/?p=1107\"},\"wordCount\":496,\"commentCount\":0,\"publisher\":{\"@id\":\"https:\\\/\\\/inclusivenews.com.br\\\/#organization\"},\"articleSection\":[\"Den\u00fancias\"],\"inLanguage\":\"pt-PT\",\"potentialAction\":[{\"@type\":\"CommentAction\",\"name\":\"Comment\",\"target\":[\"https:\\\/\\\/inclusivenews.com.br\\\/?p=1107#respond\"]}]},{\"@type\":\"WebPage\",\"@id\":\"https:\\\/\\\/inclusivenews.com.br\\\/?p=1107\",\"url\":\"https:\\\/\\\/inclusivenews.com.br\\\/?p=1107\",\"name\":\"Den\u00fancia RS - Guia de Escolas Zero Hora em desacordo com a Lei -\",\"isPartOf\":{\"@id\":\"https:\\\/\\\/inclusivenews.com.br\\\/#website\"},\"datePublished\":\"2008-09-03T17:05:52+00:00\",\"breadcrumb\":{\"@id\":\"https:\\\/\\\/inclusivenews.com.br\\\/?p=1107#breadcrumb\"},\"inLanguage\":\"pt-PT\",\"potentialAction\":[{\"@type\":\"ReadAction\",\"target\":[\"https:\\\/\\\/inclusivenews.com.br\\\/?p=1107\"]}]},{\"@type\":\"BreadcrumbList\",\"@id\":\"https:\\\/\\\/inclusivenews.com.br\\\/?p=1107#breadcrumb\",\"itemListElement\":[{\"@type\":\"ListItem\",\"position\":1,\"name\":\"In\u00edcio\",\"item\":\"https:\\\/\\\/inclusivenews.com.br\\\/\"},{\"@type\":\"ListItem\",\"position\":2,\"name\":\"Den\u00fancia RS &#8211; Guia de Escolas Zero Hora em desacordo com a Lei\"}]},{\"@type\":\"WebSite\",\"@id\":\"https:\\\/\\\/inclusivenews.com.br\\\/#website\",\"url\":\"https:\\\/\\\/inclusivenews.com.br\\\/\",\"name\":\"Inclusive News\",\"description\":\"Inclusive News\",\"publisher\":{\"@id\":\"https:\\\/\\\/inclusivenews.com.br\\\/#organization\"},\"potentialAction\":[{\"@type\":\"SearchAction\",\"target\":{\"@type\":\"EntryPoint\",\"urlTemplate\":\"https:\\\/\\\/inclusivenews.com.br\\\/?s={search_term_string}\"},\"query-input\":{\"@type\":\"PropertyValueSpecification\",\"valueRequired\":true,\"valueName\":\"search_term_string\"}}],\"inLanguage\":\"pt-PT\"},{\"@type\":\"Organization\",\"@id\":\"https:\\\/\\\/inclusivenews.com.br\\\/#organization\",\"name\":\"Inclusive - inclus\u00e3o e cidadania\",\"url\":\"https:\\\/\\\/inclusivenews.com.br\\\/\",\"logo\":{\"@type\":\"ImageObject\",\"inLanguage\":\"pt-PT\",\"@id\":\"https:\\\/\\\/inclusivenews.com.br\\\/#\\\/schema\\\/logo\\\/image\\\/\",\"url\":\"https:\\\/\\\/inclusivenews.com.br\\\/wp-content\\\/uploads\\\/2024\\\/03\\\/@grandesite.png\",\"contentUrl\":\"https:\\\/\\\/inclusivenews.com.br\\\/wp-content\\\/uploads\\\/2024\\\/03\\\/@grandesite.png\",\"width\":1080,\"height\":1080,\"caption\":\"Inclusive - inclus\u00e3o e cidadania\"},\"image\":{\"@id\":\"https:\\\/\\\/inclusivenews.com.br\\\/#\\\/schema\\\/logo\\\/image\\\/\"},\"sameAs\":[\"https:\\\/\\\/www.facebook.com\\\/agenciainclusive\\\/\",\"https:\\\/\\\/www.instagram.com\\\/newsinclusive\\\/\"]},{\"@type\":\"Person\",\"@id\":\"https:\\\/\\\/inclusivenews.com.br\\\/#\\\/schema\\\/person\\\/0dab492019871b94abb65fa8ee7c8c44\",\"name\":\"Inclusive\",\"image\":{\"@type\":\"ImageObject\",\"inLanguage\":\"pt-PT\",\"@id\":\"https:\\\/\\\/secure.gravatar.com\\\/avatar\\\/?s=96&d=mm&r=g\",\"url\":\"https:\\\/\\\/secure.gravatar.com\\\/avatar\\\/?s=96&d=mm&r=g\",\"contentUrl\":\"https:\\\/\\\/secure.gravatar.com\\\/avatar\\\/?s=96&d=mm&r=g\",\"caption\":\"Inclusive\"},\"url\":\"https:\\\/\\\/inclusivenews.com.br\\\/?author=2\"}]}<\/script>\n<!-- \/ Yoast SEO plugin. -->","yoast_head_json":{"title":"Den\u00fancia RS - Guia de Escolas Zero Hora em desacordo com a Lei -","robots":{"index":"index","follow":"follow","max-snippet":"max-snippet:-1","max-image-preview":"max-image-preview:large","max-video-preview":"max-video-preview:-1"},"canonical":"https:\/\/inclusivenews.com.br\/?p=1107","og_locale":"pt_PT","og_type":"article","og_title":"Den\u00fancia RS - Guia de Escolas Zero Hora em desacordo com a Lei -","og_description":"Gostaria de solicitar o apoio de todos no sentido de divulgar e tamb\u00e9m levar ao conhecimento das autoridades competentes uma publica\u00e7\u00e3o especial veiculada no jornal Zero Hora, de Porto Alegre, intitulada &#8220;Guia da Escola&#8221;, veiculada hoje &#8211; 03\/09\/2008, que pretende prestar o servi\u00e7o de divulgar entre seus leitores uma ampla rela\u00e7\u00e3o de escolas de Porto [&hellip;]","og_url":"https:\/\/inclusivenews.com.br\/?p=1107","article_publisher":"https:\/\/www.facebook.com\/agenciainclusive\/","article_published_time":"2008-09-03T17:05:52+00:00","author":"Inclusive","twitter_card":"summary_large_image","twitter_misc":{"Escrito por":"Inclusive","Tempo estimado de leitura":"2 minutos"},"schema":{"@context":"https:\/\/schema.org","@graph":[{"@type":"Article","@id":"https:\/\/inclusivenews.com.br\/?p=1107#article","isPartOf":{"@id":"https:\/\/inclusivenews.com.br\/?p=1107"},"author":{"name":"Inclusive","@id":"https:\/\/inclusivenews.com.br\/#\/schema\/person\/0dab492019871b94abb65fa8ee7c8c44"},"headline":"Den\u00fancia RS &#8211; Guia de Escolas Zero Hora em desacordo com a Lei","datePublished":"2008-09-03T17:05:52+00:00","mainEntityOfPage":{"@id":"https:\/\/inclusivenews.com.br\/?p=1107"},"wordCount":496,"commentCount":0,"publisher":{"@id":"https:\/\/inclusivenews.com.br\/#organization"},"articleSection":["Den\u00fancias"],"inLanguage":"pt-PT","potentialAction":[{"@type":"CommentAction","name":"Comment","target":["https:\/\/inclusivenews.com.br\/?p=1107#respond"]}]},{"@type":"WebPage","@id":"https:\/\/inclusivenews.com.br\/?p=1107","url":"https:\/\/inclusivenews.com.br\/?p=1107","name":"Den\u00fancia RS - Guia de Escolas Zero Hora em desacordo com a Lei -","isPartOf":{"@id":"https:\/\/inclusivenews.com.br\/#website"},"datePublished":"2008-09-03T17:05:52+00:00","breadcrumb":{"@id":"https:\/\/inclusivenews.com.br\/?p=1107#breadcrumb"},"inLanguage":"pt-PT","potentialAction":[{"@type":"ReadAction","target":["https:\/\/inclusivenews.com.br\/?p=1107"]}]},{"@type":"BreadcrumbList","@id":"https:\/\/inclusivenews.com.br\/?p=1107#breadcrumb","itemListElement":[{"@type":"ListItem","position":1,"name":"In\u00edcio","item":"https:\/\/inclusivenews.com.br\/"},{"@type":"ListItem","position":2,"name":"Den\u00fancia RS &#8211; Guia de Escolas Zero Hora em desacordo com a Lei"}]},{"@type":"WebSite","@id":"https:\/\/inclusivenews.com.br\/#website","url":"https:\/\/inclusivenews.com.br\/","name":"Inclusive News","description":"Inclusive News","publisher":{"@id":"https:\/\/inclusivenews.com.br\/#organization"},"potentialAction":[{"@type":"SearchAction","target":{"@type":"EntryPoint","urlTemplate":"https:\/\/inclusivenews.com.br\/?s={search_term_string}"},"query-input":{"@type":"PropertyValueSpecification","valueRequired":true,"valueName":"search_term_string"}}],"inLanguage":"pt-PT"},{"@type":"Organization","@id":"https:\/\/inclusivenews.com.br\/#organization","name":"Inclusive - inclus\u00e3o e cidadania","url":"https:\/\/inclusivenews.com.br\/","logo":{"@type":"ImageObject","inLanguage":"pt-PT","@id":"https:\/\/inclusivenews.com.br\/#\/schema\/logo\/image\/","url":"https:\/\/inclusivenews.com.br\/wp-content\/uploads\/2024\/03\/@grandesite.png","contentUrl":"https:\/\/inclusivenews.com.br\/wp-content\/uploads\/2024\/03\/@grandesite.png","width":1080,"height":1080,"caption":"Inclusive - inclus\u00e3o e cidadania"},"image":{"@id":"https:\/\/inclusivenews.com.br\/#\/schema\/logo\/image\/"},"sameAs":["https:\/\/www.facebook.com\/agenciainclusive\/","https:\/\/www.instagram.com\/newsinclusive\/"]},{"@type":"Person","@id":"https:\/\/inclusivenews.com.br\/#\/schema\/person\/0dab492019871b94abb65fa8ee7c8c44","name":"Inclusive","image":{"@type":"ImageObject","inLanguage":"pt-PT","@id":"https:\/\/secure.gravatar.com\/avatar\/?s=96&d=mm&r=g","url":"https:\/\/secure.gravatar.com\/avatar\/?s=96&d=mm&r=g","contentUrl":"https:\/\/secure.gravatar.com\/avatar\/?s=96&d=mm&r=g","caption":"Inclusive"},"url":"https:\/\/inclusivenews.com.br\/?author=2"}]}},"_links":{"self":[{"href":"https:\/\/inclusivenews.com.br\/index.php?rest_route=\/wp\/v2\/posts\/1107","targetHints":{"allow":["GET"]}}],"collection":[{"href":"https:\/\/inclusivenews.com.br\/index.php?rest_route=\/wp\/v2\/posts"}],"about":[{"href":"https:\/\/inclusivenews.com.br\/index.php?rest_route=\/wp\/v2\/types\/post"}],"author":[{"embeddable":true,"href":"https:\/\/inclusivenews.com.br\/index.php?rest_route=\/wp\/v2\/users\/2"}],"replies":[{"embeddable":true,"href":"https:\/\/inclusivenews.com.br\/index.php?rest_route=%2Fwp%2Fv2%2Fcomments&post=1107"}],"version-history":[{"count":0,"href":"https:\/\/inclusivenews.com.br\/index.php?rest_route=\/wp\/v2\/posts\/1107\/revisions"}],"wp:attachment":[{"href":"https:\/\/inclusivenews.com.br\/index.php?rest_route=%2Fwp%2Fv2%2Fmedia&parent=1107"}],"wp:term":[{"taxonomy":"category","embeddable":true,"href":"https:\/\/inclusivenews.com.br\/index.php?rest_route=%2Fwp%2Fv2%2Fcategories&post=1107"},{"taxonomy":"post_tag","embeddable":true,"href":"https:\/\/inclusivenews.com.br\/index.php?rest_route=%2Fwp%2Fv2%2Ftags&post=1107"}],"curies":[{"name":"wp","href":"https:\/\/api.w.org\/{rel}","templated":true}]}}