{"id":11096,"date":"2009-09-25T06:59:32","date_gmt":"2009-09-25T09:59:32","guid":{"rendered":"http:\/\/agenciainclusive.wordpress.com\/?p=11096"},"modified":"2009-09-25T06:59:32","modified_gmt":"2009-09-25T09:59:32","slug":"educacao-e-espiritualidade-pessoas-com-deficiencia-sua-invisibilidade-e-emergencia","status":"publish","type":"post","link":"https:\/\/inclusivenews.com.br\/?p=11096","title":{"rendered":"Educa\u00e7\u00e3o e Espiritualidade \u2013 pessoas com defici\u00eancia, sua invisibilidade e emerg\u00eancia,"},"content":{"rendered":"<figure style=\"width: 186px\" class=\"wp-caption alignleft\"><img loading=\"lazy\" decoding=\"async\" src=\"http:\/\/www.metodista.br\/noticias\/2009\/setembro\/inclusaoeespiritualidade3.jpg\" alt=\"\" width=\"186\" height=\"209\" \/><figcaption class=\"wp-caption-text\">Na imagem, a capa do livro e o texto: &quot;f\u00e9 e sensibilidade s\u00e3o lentes que mostram a verdade escondida da condi\u00e7\u00e3o humana.&quot;<\/figcaption><\/figure>\n<p style=\"text-align:justify;\">A assessora pedag\u00f3gica para inclus\u00e3o da Universidade Metodista de S\u00e3o Paulo, professora Elizabete Cristina Costa Renders, \u00e9 a autora do livro Educa\u00e7\u00e3o e Espiritualidade \u2013 pessoas com defici\u00eancia, sua invisibilidade e emerg\u00eancia, que ser\u00e1 lan\u00e7ado no dia 30 de setembro, \u00e0s 14h30, no hall de entrada da Biblioteca Central, no Campus Rudge Ramos da Metodista.<\/p>\n<p style=\"text-align:justify;\">Na obra, a autora \u2013 que trabalha nos cursos de Letras, Pedagogia, Ci\u00eancias Biol\u00f3gicas e nas eletivas do N\u00facleo de Forma\u00e7\u00e3o Cidad\u00e3 \u2013 apresenta o hist\u00f3rico da inser\u00e7\u00e3o social das pessoas com defici\u00eancia e mostra que, por muitas vezes n\u00e3o s\u00e3o as pessoas com defici\u00eancia que t\u00eam dificuldades de se adaptar \u00e0 sociedade, mas \u00e9 a sociedade que n\u00e3o oferece as condi\u00e7\u00f5es de acesso, de cidadania e reconhecimento a todos. A obra foi publicada pela Editora Paulus (clique na imagem ao lado para fazer sua encomenda).<\/p>\n<p style=\"text-align:justify;\">A professora Elizabete Renders explicou que o livro \u00e9 resultado de pesquisa e aproxima a educa\u00e7\u00e3o inclusiva dos espa\u00e7os eclesiais, no que se refere \u00e0 inclus\u00e3o das pessoas com defici\u00eancia. \u201cPude observar que as duas \u00e1reas t\u00eam muito a contribuir para a constru\u00e7\u00e3o de uma sociedade inclusiva, sendo que a Educa\u00e7\u00e3o j\u00e1 apresenta pol\u00edticas e conhecimentos constru\u00eddos, enquanto nas igrejas e nos discursos teol\u00f3gicos ainda predomina o sil\u00eancio, as pessoas com defici\u00eancia parecem invis\u00edveis\u201d.<\/p>\n<p style=\"text-align:justify;\">O evento de lan\u00e7amento da publica\u00e7\u00e3o \u00e9 aberto para estudantes, professores e funcion\u00e1rios da Universidade.<\/p>\n<p style=\"text-align:justify;\">Mais informa\u00e7\u00f5es pelo telefone (11) 4366-5746.<\/p>\n<p><strong>Servi\u00e7o<\/strong><\/p>\n<p>Livro: Educa\u00e7\u00e3o e Espiritualidade \u2013 Pessoas com defici\u00eancia, sua invisibilidade e emerg\u00eancia<br \/>\nAutora: Elizabete Cristina Costa Renders<br \/>\nLocal: Hall de entrada da Biblioteca Central, Campus Rudge Ramos<br \/>\nData: 30 de setembro<br \/>\nHor\u00e1rio: a partir das 14h30<\/p>\n","protected":false},"excerpt":{"rendered":"<p>A assessora pedag\u00f3gica para inclus\u00e3o da Universidade Metodista de S\u00e3o Paulo, professora Elizabete Cristina Costa Renders, \u00e9 a autora do livro Educa\u00e7\u00e3o e Espiritualidade \u2013 pessoas com defici\u00eancia, sua invisibilidade e emerg\u00eancia, que ser\u00e1 lan\u00e7ado no dia 30 de setembro, \u00e0s 14h30, no hall de entrada da Biblioteca Central, no Campus Rudge Ramos da Metodista. [&hellip;]<\/p>\n","protected":false},"author":2,"featured_media":0,"comment_status":"open","ping_status":"open","sticky":false,"template":"","format":"standard","meta":{"site-container-style":"default","site-container-layout":"default","site-sidebar-layout":"default","disable-article-header":"default","disable-site-header":"default","disable-site-footer":"default","disable-content-area-spacing":"default","footnotes":""},"categories":[50,51,10],"tags":[],"class_list":["post-11096","post","type-post","status-publish","format-standard","hentry","category-lancamentos","category-livros","category-publicacoes"],"yoast_head":"<!-- This site is optimized with the Yoast SEO plugin v27.4 - https:\/\/yoast.com\/product\/yoast-seo-wordpress\/ -->\n<title>Educa\u00e7\u00e3o e Espiritualidade \u2013 pessoas com defici\u00eancia, sua invisibilidade e emerg\u00eancia, -<\/title>\n<meta name=\"robots\" content=\"index, follow, max-snippet:-1, max-image-preview:large, max-video-preview:-1\" \/>\n<link rel=\"canonical\" href=\"https:\/\/inclusivenews.com.br\/?p=11096\" \/>\n<meta property=\"og:locale\" content=\"pt_PT\" \/>\n<meta property=\"og:type\" content=\"article\" \/>\n<meta property=\"og:title\" content=\"Educa\u00e7\u00e3o e Espiritualidade \u2013 pessoas com defici\u00eancia, sua invisibilidade e emerg\u00eancia, -\" \/>\n<meta property=\"og:description\" content=\"A assessora pedag\u00f3gica para inclus\u00e3o da Universidade Metodista de S\u00e3o Paulo, professora Elizabete Cristina Costa Renders, \u00e9 a autora do livro Educa\u00e7\u00e3o e Espiritualidade \u2013 pessoas com defici\u00eancia, sua invisibilidade e emerg\u00eancia, que ser\u00e1 lan\u00e7ado no dia 30 de setembro, \u00e0s 14h30, no hall de entrada da Biblioteca Central, no Campus Rudge Ramos da Metodista. [&hellip;]\" \/>\n<meta property=\"og:url\" content=\"https:\/\/inclusivenews.com.br\/?p=11096\" \/>\n<meta property=\"article:publisher\" content=\"https:\/\/www.facebook.com\/agenciainclusive\/\" \/>\n<meta property=\"article:published_time\" content=\"2009-09-25T09:59:32+00:00\" \/>\n<meta property=\"og:image\" content=\"http:\/\/www.metodista.br\/noticias\/2009\/setembro\/inclusaoeespiritualidade3.jpg\" \/>\n<meta name=\"author\" content=\"Inclusive\" \/>\n<meta name=\"twitter:card\" content=\"summary_large_image\" \/>\n<meta name=\"twitter:label1\" content=\"Escrito por\" \/>\n\t<meta name=\"twitter:data1\" content=\"Inclusive\" \/>\n\t<meta name=\"twitter:label2\" content=\"Tempo estimado de leitura\" \/>\n\t<meta name=\"twitter:data2\" content=\"2 minutos\" \/>\n<script type=\"application\/ld+json\" class=\"yoast-schema-graph\">{\"@context\":\"https:\\\/\\\/schema.org\",\"@graph\":[{\"@type\":\"Article\",\"@id\":\"https:\\\/\\\/inclusivenews.com.br\\\/?p=11096#article\",\"isPartOf\":{\"@id\":\"https:\\\/\\\/inclusivenews.com.br\\\/?p=11096\"},\"author\":{\"name\":\"Inclusive\",\"@id\":\"https:\\\/\\\/inclusivenews.com.br\\\/#\\\/schema\\\/person\\\/0dab492019871b94abb65fa8ee7c8c44\"},\"headline\":\"Educa\u00e7\u00e3o e Espiritualidade \u2013 pessoas com defici\u00eancia, sua invisibilidade e emerg\u00eancia,\",\"datePublished\":\"2009-09-25T09:59:32+00:00\",\"mainEntityOfPage\":{\"@id\":\"https:\\\/\\\/inclusivenews.com.br\\\/?p=11096\"},\"wordCount\":348,\"commentCount\":0,\"publisher\":{\"@id\":\"https:\\\/\\\/inclusivenews.com.br\\\/#organization\"},\"image\":{\"@id\":\"https:\\\/\\\/inclusivenews.com.br\\\/?p=11096#primaryimage\"},\"thumbnailUrl\":\"http:\\\/\\\/www.metodista.br\\\/noticias\\\/2009\\\/setembro\\\/inclusaoeespiritualidade3.jpg\",\"articleSection\":[\"Lan\u00e7amentos\",\"Livros\",\"PUBLICA\u00c7\u00d5ES\"],\"inLanguage\":\"pt-PT\",\"potentialAction\":[{\"@type\":\"CommentAction\",\"name\":\"Comment\",\"target\":[\"https:\\\/\\\/inclusivenews.com.br\\\/?p=11096#respond\"]}]},{\"@type\":\"WebPage\",\"@id\":\"https:\\\/\\\/inclusivenews.com.br\\\/?p=11096\",\"url\":\"https:\\\/\\\/inclusivenews.com.br\\\/?p=11096\",\"name\":\"Educa\u00e7\u00e3o e Espiritualidade \u2013 pessoas com defici\u00eancia, sua invisibilidade e emerg\u00eancia, -\",\"isPartOf\":{\"@id\":\"https:\\\/\\\/inclusivenews.com.br\\\/#website\"},\"primaryImageOfPage\":{\"@id\":\"https:\\\/\\\/inclusivenews.com.br\\\/?p=11096#primaryimage\"},\"image\":{\"@id\":\"https:\\\/\\\/inclusivenews.com.br\\\/?p=11096#primaryimage\"},\"thumbnailUrl\":\"http:\\\/\\\/www.metodista.br\\\/noticias\\\/2009\\\/setembro\\\/inclusaoeespiritualidade3.jpg\",\"datePublished\":\"2009-09-25T09:59:32+00:00\",\"breadcrumb\":{\"@id\":\"https:\\\/\\\/inclusivenews.com.br\\\/?p=11096#breadcrumb\"},\"inLanguage\":\"pt-PT\",\"potentialAction\":[{\"@type\":\"ReadAction\",\"target\":[\"https:\\\/\\\/inclusivenews.com.br\\\/?p=11096\"]}]},{\"@type\":\"ImageObject\",\"inLanguage\":\"pt-PT\",\"@id\":\"https:\\\/\\\/inclusivenews.com.br\\\/?p=11096#primaryimage\",\"url\":\"http:\\\/\\\/www.metodista.br\\\/noticias\\\/2009\\\/setembro\\\/inclusaoeespiritualidade3.jpg\",\"contentUrl\":\"http:\\\/\\\/www.metodista.br\\\/noticias\\\/2009\\\/setembro\\\/inclusaoeespiritualidade3.jpg\"},{\"@type\":\"BreadcrumbList\",\"@id\":\"https:\\\/\\\/inclusivenews.com.br\\\/?p=11096#breadcrumb\",\"itemListElement\":[{\"@type\":\"ListItem\",\"position\":1,\"name\":\"In\u00edcio\",\"item\":\"https:\\\/\\\/inclusivenews.com.br\\\/\"},{\"@type\":\"ListItem\",\"position\":2,\"name\":\"Educa\u00e7\u00e3o e Espiritualidade \u2013 pessoas com defici\u00eancia, sua invisibilidade e emerg\u00eancia,\"}]},{\"@type\":\"WebSite\",\"@id\":\"https:\\\/\\\/inclusivenews.com.br\\\/#website\",\"url\":\"https:\\\/\\\/inclusivenews.com.br\\\/\",\"name\":\"Inclusive News\",\"description\":\"Inclusive News\",\"publisher\":{\"@id\":\"https:\\\/\\\/inclusivenews.com.br\\\/#organization\"},\"potentialAction\":[{\"@type\":\"SearchAction\",\"target\":{\"@type\":\"EntryPoint\",\"urlTemplate\":\"https:\\\/\\\/inclusivenews.com.br\\\/?s={search_term_string}\"},\"query-input\":{\"@type\":\"PropertyValueSpecification\",\"valueRequired\":true,\"valueName\":\"search_term_string\"}}],\"inLanguage\":\"pt-PT\"},{\"@type\":\"Organization\",\"@id\":\"https:\\\/\\\/inclusivenews.com.br\\\/#organization\",\"name\":\"Inclusive - inclus\u00e3o e cidadania\",\"url\":\"https:\\\/\\\/inclusivenews.com.br\\\/\",\"logo\":{\"@type\":\"ImageObject\",\"inLanguage\":\"pt-PT\",\"@id\":\"https:\\\/\\\/inclusivenews.com.br\\\/#\\\/schema\\\/logo\\\/image\\\/\",\"url\":\"https:\\\/\\\/inclusivenews.com.br\\\/wp-content\\\/uploads\\\/2024\\\/03\\\/@grandesite.png\",\"contentUrl\":\"https:\\\/\\\/inclusivenews.com.br\\\/wp-content\\\/uploads\\\/2024\\\/03\\\/@grandesite.png\",\"width\":1080,\"height\":1080,\"caption\":\"Inclusive - inclus\u00e3o e cidadania\"},\"image\":{\"@id\":\"https:\\\/\\\/inclusivenews.com.br\\\/#\\\/schema\\\/logo\\\/image\\\/\"},\"sameAs\":[\"https:\\\/\\\/www.facebook.com\\\/agenciainclusive\\\/\",\"https:\\\/\\\/www.instagram.com\\\/newsinclusive\\\/\"]},{\"@type\":\"Person\",\"@id\":\"https:\\\/\\\/inclusivenews.com.br\\\/#\\\/schema\\\/person\\\/0dab492019871b94abb65fa8ee7c8c44\",\"name\":\"Inclusive\",\"image\":{\"@type\":\"ImageObject\",\"inLanguage\":\"pt-PT\",\"@id\":\"https:\\\/\\\/secure.gravatar.com\\\/avatar\\\/?s=96&d=mm&r=g\",\"url\":\"https:\\\/\\\/secure.gravatar.com\\\/avatar\\\/?s=96&d=mm&r=g\",\"contentUrl\":\"https:\\\/\\\/secure.gravatar.com\\\/avatar\\\/?s=96&d=mm&r=g\",\"caption\":\"Inclusive\"},\"url\":\"https:\\\/\\\/inclusivenews.com.br\\\/?author=2\"}]}<\/script>\n<!-- \/ Yoast SEO plugin. -->","yoast_head_json":{"title":"Educa\u00e7\u00e3o e Espiritualidade \u2013 pessoas com defici\u00eancia, sua invisibilidade e emerg\u00eancia, -","robots":{"index":"index","follow":"follow","max-snippet":"max-snippet:-1","max-image-preview":"max-image-preview:large","max-video-preview":"max-video-preview:-1"},"canonical":"https:\/\/inclusivenews.com.br\/?p=11096","og_locale":"pt_PT","og_type":"article","og_title":"Educa\u00e7\u00e3o e Espiritualidade \u2013 pessoas com defici\u00eancia, sua invisibilidade e emerg\u00eancia, -","og_description":"A assessora pedag\u00f3gica para inclus\u00e3o da Universidade Metodista de S\u00e3o Paulo, professora Elizabete Cristina Costa Renders, \u00e9 a autora do livro Educa\u00e7\u00e3o e Espiritualidade \u2013 pessoas com defici\u00eancia, sua invisibilidade e emerg\u00eancia, que ser\u00e1 lan\u00e7ado no dia 30 de setembro, \u00e0s 14h30, no hall de entrada da Biblioteca Central, no Campus Rudge Ramos da Metodista. [&hellip;]","og_url":"https:\/\/inclusivenews.com.br\/?p=11096","article_publisher":"https:\/\/www.facebook.com\/agenciainclusive\/","article_published_time":"2009-09-25T09:59:32+00:00","og_image":[{"url":"http:\/\/www.metodista.br\/noticias\/2009\/setembro\/inclusaoeespiritualidade3.jpg","type":"","width":"","height":""}],"author":"Inclusive","twitter_card":"summary_large_image","twitter_misc":{"Escrito por":"Inclusive","Tempo estimado de leitura":"2 minutos"},"schema":{"@context":"https:\/\/schema.org","@graph":[{"@type":"Article","@id":"https:\/\/inclusivenews.com.br\/?p=11096#article","isPartOf":{"@id":"https:\/\/inclusivenews.com.br\/?p=11096"},"author":{"name":"Inclusive","@id":"https:\/\/inclusivenews.com.br\/#\/schema\/person\/0dab492019871b94abb65fa8ee7c8c44"},"headline":"Educa\u00e7\u00e3o e Espiritualidade \u2013 pessoas com defici\u00eancia, sua invisibilidade e emerg\u00eancia,","datePublished":"2009-09-25T09:59:32+00:00","mainEntityOfPage":{"@id":"https:\/\/inclusivenews.com.br\/?p=11096"},"wordCount":348,"commentCount":0,"publisher":{"@id":"https:\/\/inclusivenews.com.br\/#organization"},"image":{"@id":"https:\/\/inclusivenews.com.br\/?p=11096#primaryimage"},"thumbnailUrl":"http:\/\/www.metodista.br\/noticias\/2009\/setembro\/inclusaoeespiritualidade3.jpg","articleSection":["Lan\u00e7amentos","Livros","PUBLICA\u00c7\u00d5ES"],"inLanguage":"pt-PT","potentialAction":[{"@type":"CommentAction","name":"Comment","target":["https:\/\/inclusivenews.com.br\/?p=11096#respond"]}]},{"@type":"WebPage","@id":"https:\/\/inclusivenews.com.br\/?p=11096","url":"https:\/\/inclusivenews.com.br\/?p=11096","name":"Educa\u00e7\u00e3o e Espiritualidade \u2013 pessoas com defici\u00eancia, sua invisibilidade e emerg\u00eancia, -","isPartOf":{"@id":"https:\/\/inclusivenews.com.br\/#website"},"primaryImageOfPage":{"@id":"https:\/\/inclusivenews.com.br\/?p=11096#primaryimage"},"image":{"@id":"https:\/\/inclusivenews.com.br\/?p=11096#primaryimage"},"thumbnailUrl":"http:\/\/www.metodista.br\/noticias\/2009\/setembro\/inclusaoeespiritualidade3.jpg","datePublished":"2009-09-25T09:59:32+00:00","breadcrumb":{"@id":"https:\/\/inclusivenews.com.br\/?p=11096#breadcrumb"},"inLanguage":"pt-PT","potentialAction":[{"@type":"ReadAction","target":["https:\/\/inclusivenews.com.br\/?p=11096"]}]},{"@type":"ImageObject","inLanguage":"pt-PT","@id":"https:\/\/inclusivenews.com.br\/?p=11096#primaryimage","url":"http:\/\/www.metodista.br\/noticias\/2009\/setembro\/inclusaoeespiritualidade3.jpg","contentUrl":"http:\/\/www.metodista.br\/noticias\/2009\/setembro\/inclusaoeespiritualidade3.jpg"},{"@type":"BreadcrumbList","@id":"https:\/\/inclusivenews.com.br\/?p=11096#breadcrumb","itemListElement":[{"@type":"ListItem","position":1,"name":"In\u00edcio","item":"https:\/\/inclusivenews.com.br\/"},{"@type":"ListItem","position":2,"name":"Educa\u00e7\u00e3o e Espiritualidade \u2013 pessoas com defici\u00eancia, sua invisibilidade e emerg\u00eancia,"}]},{"@type":"WebSite","@id":"https:\/\/inclusivenews.com.br\/#website","url":"https:\/\/inclusivenews.com.br\/","name":"Inclusive News","description":"Inclusive News","publisher":{"@id":"https:\/\/inclusivenews.com.br\/#organization"},"potentialAction":[{"@type":"SearchAction","target":{"@type":"EntryPoint","urlTemplate":"https:\/\/inclusivenews.com.br\/?s={search_term_string}"},"query-input":{"@type":"PropertyValueSpecification","valueRequired":true,"valueName":"search_term_string"}}],"inLanguage":"pt-PT"},{"@type":"Organization","@id":"https:\/\/inclusivenews.com.br\/#organization","name":"Inclusive - inclus\u00e3o e cidadania","url":"https:\/\/inclusivenews.com.br\/","logo":{"@type":"ImageObject","inLanguage":"pt-PT","@id":"https:\/\/inclusivenews.com.br\/#\/schema\/logo\/image\/","url":"https:\/\/inclusivenews.com.br\/wp-content\/uploads\/2024\/03\/@grandesite.png","contentUrl":"https:\/\/inclusivenews.com.br\/wp-content\/uploads\/2024\/03\/@grandesite.png","width":1080,"height":1080,"caption":"Inclusive - inclus\u00e3o e cidadania"},"image":{"@id":"https:\/\/inclusivenews.com.br\/#\/schema\/logo\/image\/"},"sameAs":["https:\/\/www.facebook.com\/agenciainclusive\/","https:\/\/www.instagram.com\/newsinclusive\/"]},{"@type":"Person","@id":"https:\/\/inclusivenews.com.br\/#\/schema\/person\/0dab492019871b94abb65fa8ee7c8c44","name":"Inclusive","image":{"@type":"ImageObject","inLanguage":"pt-PT","@id":"https:\/\/secure.gravatar.com\/avatar\/?s=96&d=mm&r=g","url":"https:\/\/secure.gravatar.com\/avatar\/?s=96&d=mm&r=g","contentUrl":"https:\/\/secure.gravatar.com\/avatar\/?s=96&d=mm&r=g","caption":"Inclusive"},"url":"https:\/\/inclusivenews.com.br\/?author=2"}]}},"_links":{"self":[{"href":"https:\/\/inclusivenews.com.br\/index.php?rest_route=\/wp\/v2\/posts\/11096","targetHints":{"allow":["GET"]}}],"collection":[{"href":"https:\/\/inclusivenews.com.br\/index.php?rest_route=\/wp\/v2\/posts"}],"about":[{"href":"https:\/\/inclusivenews.com.br\/index.php?rest_route=\/wp\/v2\/types\/post"}],"author":[{"embeddable":true,"href":"https:\/\/inclusivenews.com.br\/index.php?rest_route=\/wp\/v2\/users\/2"}],"replies":[{"embeddable":true,"href":"https:\/\/inclusivenews.com.br\/index.php?rest_route=%2Fwp%2Fv2%2Fcomments&post=11096"}],"version-history":[{"count":0,"href":"https:\/\/inclusivenews.com.br\/index.php?rest_route=\/wp\/v2\/posts\/11096\/revisions"}],"wp:attachment":[{"href":"https:\/\/inclusivenews.com.br\/index.php?rest_route=%2Fwp%2Fv2%2Fmedia&parent=11096"}],"wp:term":[{"taxonomy":"category","embeddable":true,"href":"https:\/\/inclusivenews.com.br\/index.php?rest_route=%2Fwp%2Fv2%2Fcategories&post=11096"},{"taxonomy":"post_tag","embeddable":true,"href":"https:\/\/inclusivenews.com.br\/index.php?rest_route=%2Fwp%2Fv2%2Ftags&post=11096"}],"curies":[{"name":"wp","href":"https:\/\/api.w.org\/{rel}","templated":true}]}}