{"id":11258,"date":"2009-09-24T08:34:56","date_gmt":"2009-09-24T11:34:56","guid":{"rendered":"http:\/\/agenciainclusive.wordpress.com\/?p=11258"},"modified":"2009-09-24T08:34:56","modified_gmt":"2009-09-24T11:34:56","slug":"unicef-anuncia-indicados-para-o-premio-dia-internacional-da-crianca-no-radio-e-na-tv-2009","status":"publish","type":"post","link":"https:\/\/inclusivenews.com.br\/?p=11258","title":{"rendered":"UNICEF anuncia indicados para o Pr\u00eamio Dia Internacional da Crian\u00e7a no R\u00e1dio e na TV 2009"},"content":{"rendered":"<p style=\"text-align:center;\"><em>O UNICEF anunciou os indicados para a Edi\u00e7\u00e3o 2009 do Pr\u00eamio Dia Internacional da Crian\u00e7a no R\u00e1dio e na TV. Os pr\u00eamios s\u00e3o atribu\u00eddos pelo UNICEF pelo excelente comprometimento com o Dia por parte das emissoras de televis\u00e3o e r\u00e1dio. R\u00e1dio Justi\u00e7a, do Brasil, \u00e9 a vencedora regional da Am\u00e9rica Latina e do Caribe<\/em><\/p>\n<p style=\"text-align:justify;\">O UNICEF anunciou quinta-feira (17), os indicados para a Edi\u00e7\u00e3o 2009 do Pr\u00eamio Dia Internacional da Crian\u00e7a no R\u00e1dio e na TV (ICDB). Os pr\u00eamios s\u00e3o atribu\u00eddos pelo UNICEF pelo excelente comprometimento com o Dia por parte das emissoras de televis\u00e3o e r\u00e1dio.<\/p>\n<p style=\"text-align:justify;\">O Dia Internacional da Crian\u00e7a no R\u00e1dio e na TV (ICDB) \u2013 celebrado todos os anos no primeiro domingo de mar\u00e7o \u2013 \u00e9 uma iniciativa global do UNICEF que busca promover e garantir a informa\u00e7\u00e3o de qualidade e estimular a participa\u00e7\u00e3o de crian\u00e7as e adolescentes nos meios de comunica\u00e7\u00e3o. O tema do ICDB 2009, \u201cTodos juntos pelas crian\u00e7as: Sintonize na inf\u00e2ncia!\u201d, pediu \u00e0s crian\u00e7as que explorassem suas preocupa\u00e7\u00f5es, seus valores, medos e sonhos.<\/p>\n<p style=\"text-align:justify;\">Os grandes vencedores do Pr\u00eamio 2009 ser\u00e3o anunciados em uma cerim\u00f4nia no dia 10 de novembro de 2009, no The Modern, em Nova Iorque.<\/p>\n<p style=\"text-align:justify;\">Cada um dos indicados ganhou uma competi\u00e7\u00e3o regional e agora passam a competir pelo pr\u00eamio global. Os nomeados deste ano v\u00eam de \u00c1frica do Sul, Alemanha, Bangladesh, Brasil, Camboja, Gana, \u00cdndia, Mal\u00e1sia, Qu\u00eania, Suriname, Togo e Ucr\u00e2nia e representam os melhores trabalhos produzidos em 2009 para o Dia Internacional da Crian\u00e7a no R\u00e1dio e na TV.<\/p>\n<p style=\"text-align:justify;\">&#8220;Estamos entusiasmados com a dedica\u00e7\u00e3o das emissoras ao ICDB e \u00e0 programa\u00e7\u00e3o infantil&#8221;, diz Stephen Cassidy, Chefe da Se\u00e7\u00e3o de Internet, Radiodifus\u00e3o e Imagem do UNICEF. &#8220;Estamos inspirados pela diversidade e criatividade demonstradas por essas emissoras na realiza\u00e7\u00e3o da miss\u00e3o do UNICEF de envolver os jovens no processo de produ\u00e7\u00e3o de comunica\u00e7\u00e3o e m\u00eddia. Crian\u00e7as de todo o mundo colhem os benef\u00edcios de seu compromisso.&#8221;<\/p>\n<p style=\"text-align:justify;\">O julgamento regional ocorreu entre junho e agosto e as concorrentes foram avaliadas por equipes de emissoras de r\u00e1dio e televis\u00e3o e especialistas em comunica\u00e7\u00e3o. Os ju\u00edzes olharam conte\u00fado, execu\u00e7\u00e3o e a participa\u00e7\u00e3o infanto-juvenil na programa\u00e7\u00e3o.<\/p>\n<p style=\"text-align:justify;\"><strong>R\u00e1dio Justi\u00e7a ganha pr\u00eamio regional<\/strong><\/p>\n<p style=\"text-align:justify;\">A R\u00e1dio Justi\u00e7a, do Brasil, ganhou o pr\u00eamio de melhor programa\u00e7\u00e3o de r\u00e1dio da regi\u00e3o da Am\u00e9rica Latina e do Caribe, por sua produ\u00e7\u00e3o &#8220;Sintonize as Crian\u00e7as na R\u00e1dio Justi\u00e7a&#8221;, levada ao ar durante o domingo 1\u00ba de mar\u00e7o de 2009. Os outros ganhadores regionais de r\u00e1dio foram a Maputaland Community Radio Station, da \u00c1frica do Sul (&#8220;Projeto de R\u00e1dio das Crian\u00e7as da ONG Zisize&#8221;); a EUCHIRA, da Alemanha (&#8220;Crian\u00e7as da Alemanha encontram crian\u00e7as dos B\u00e1lc\u00e3s&#8221;); a Ghana Broadcasting Corporation, de Gana (UNIIQ mentes curiosas\/Gemas do nosso tempo&#8221;); a All India Radio, da \u00cdndia (&#8220;Crian\u00e7as sintonizam em n\u00f3s&#8221;); e a TRAXXfm, da Mal\u00e1sia (&#8220;Sintonize nas Crian\u00e7as&#8221;). Os pr\u00eamios regionais ICDB para a melhor programa\u00e7\u00e3o de TV foram para a ATN Bangla, de Bangladesh (&#8220;Vozes das Crian\u00e7as&#8221;); a Cambodia National Television (CNT), do Camboja (&#8220;Jovens de Hoje&#8221;); a Citizen TV, do Qu\u00eania (&#8220;Caf\u00e9 dos Anjos&#8221;), a Surinaamse Televisie Journaal (STVS), do Suriname (&#8220;Jornal Jovem 10 Minutos&#8221;), a T\u00e9l\u00e9vision togolaise (TVT), do Togo (&#8220;Para N\u00f3s o Planeta &#8220;); e a Studio Razom, da Ucr\u00e2nia (&#8220;Grandes Segredos&#8221;).<br \/>\nO Dia Internacional da Crian\u00e7a no R\u00e1dio e na TV (ICDB) foi criado em 1991. O pr\u00f3ximo ICDB ser\u00e1 no dia 7 de mar\u00e7o de 2010, com o tema &#8220;Todas as Crian\u00e7as \u2013 Todos os Direitos&#8221;.<\/p>\n<p style=\"text-align:justify;\"><strong>Informa\u00e7\u00f5es:<\/strong><br \/>\nKaren Cirillo, UNICEF Nova Iorque \u2013 E-mail: <a href=\"mailto:kcirillo@unicef.org\">kcirillo@unicef.org<\/a><br \/>\nTamar Hahn, Escrit\u00f3rio Regional do UNICEF para a Am\u00e9rica Latina e o Caribe \u2013 E-mail:<br \/>\n<a href=\"mailto:thahn@unicef.org\">thahn@unicef.org<\/a><\/p>\n","protected":false},"excerpt":{"rendered":"<p>O UNICEF anunciou os indicados para a Edi\u00e7\u00e3o 2009 do Pr\u00eamio Dia Internacional da Crian\u00e7a no R\u00e1dio e na TV. Os pr\u00eamios s\u00e3o atribu\u00eddos pelo UNICEF pelo excelente comprometimento com o Dia por parte das emissoras de televis\u00e3o e r\u00e1dio. R\u00e1dio Justi\u00e7a, do Brasil, \u00e9 a vencedora regional da Am\u00e9rica Latina e do Caribe O [&hellip;]<\/p>\n","protected":false},"author":2,"featured_media":0,"comment_status":"open","ping_status":"open","sticky":false,"template":"","format":"standard","meta":{"site-container-style":"default","site-container-layout":"default","site-sidebar-layout":"default","disable-article-header":"default","disable-site-header":"default","disable-site-footer":"default","disable-content-area-spacing":"default","footnotes":""},"categories":[11,4],"tags":[],"class_list":["post-11258","post","type-post","status-publish","format-standard","hentry","category-direitos-humanos","category-noticias"],"yoast_head":"<!-- This site is optimized with the Yoast SEO plugin v27.4 - https:\/\/yoast.com\/product\/yoast-seo-wordpress\/ -->\n<title>UNICEF anuncia indicados para o Pr\u00eamio Dia Internacional da Crian\u00e7a no R\u00e1dio e na TV 2009 -<\/title>\n<meta name=\"robots\" content=\"index, follow, max-snippet:-1, max-image-preview:large, max-video-preview:-1\" \/>\n<link rel=\"canonical\" href=\"https:\/\/inclusivenews.com.br\/?p=11258\" \/>\n<meta property=\"og:locale\" content=\"pt_PT\" \/>\n<meta property=\"og:type\" content=\"article\" \/>\n<meta property=\"og:title\" content=\"UNICEF anuncia indicados para o Pr\u00eamio Dia Internacional da Crian\u00e7a no R\u00e1dio e na TV 2009 -\" \/>\n<meta property=\"og:description\" content=\"O UNICEF anunciou os indicados para a Edi\u00e7\u00e3o 2009 do Pr\u00eamio Dia Internacional da Crian\u00e7a no R\u00e1dio e na TV. Os pr\u00eamios s\u00e3o atribu\u00eddos pelo UNICEF pelo excelente comprometimento com o Dia por parte das emissoras de televis\u00e3o e r\u00e1dio. R\u00e1dio Justi\u00e7a, do Brasil, \u00e9 a vencedora regional da Am\u00e9rica Latina e do Caribe O [&hellip;]\" \/>\n<meta property=\"og:url\" content=\"https:\/\/inclusivenews.com.br\/?p=11258\" \/>\n<meta property=\"article:publisher\" content=\"https:\/\/www.facebook.com\/agenciainclusive\/\" \/>\n<meta property=\"article:published_time\" content=\"2009-09-24T11:34:56+00:00\" \/>\n<meta name=\"author\" content=\"Inclusive\" \/>\n<meta name=\"twitter:card\" content=\"summary_large_image\" \/>\n<meta name=\"twitter:label1\" content=\"Escrito por\" \/>\n\t<meta name=\"twitter:data1\" content=\"Inclusive\" \/>\n\t<meta name=\"twitter:label2\" content=\"Tempo estimado de leitura\" \/>\n\t<meta name=\"twitter:data2\" content=\"3 minutos\" \/>\n<script type=\"application\/ld+json\" class=\"yoast-schema-graph\">{\"@context\":\"https:\\\/\\\/schema.org\",\"@graph\":[{\"@type\":\"Article\",\"@id\":\"https:\\\/\\\/inclusivenews.com.br\\\/?p=11258#article\",\"isPartOf\":{\"@id\":\"https:\\\/\\\/inclusivenews.com.br\\\/?p=11258\"},\"author\":{\"name\":\"Inclusive\",\"@id\":\"https:\\\/\\\/inclusivenews.com.br\\\/#\\\/schema\\\/person\\\/0dab492019871b94abb65fa8ee7c8c44\"},\"headline\":\"UNICEF anuncia indicados para o Pr\u00eamio Dia Internacional da Crian\u00e7a no R\u00e1dio e na TV 2009\",\"datePublished\":\"2009-09-24T11:34:56+00:00\",\"mainEntityOfPage\":{\"@id\":\"https:\\\/\\\/inclusivenews.com.br\\\/?p=11258\"},\"wordCount\":695,\"commentCount\":0,\"publisher\":{\"@id\":\"https:\\\/\\\/inclusivenews.com.br\\\/#organization\"},\"articleSection\":[\"DIREITOS HUMANOS\",\"NOT\u00cdCIAS\"],\"inLanguage\":\"pt-PT\",\"potentialAction\":[{\"@type\":\"CommentAction\",\"name\":\"Comment\",\"target\":[\"https:\\\/\\\/inclusivenews.com.br\\\/?p=11258#respond\"]}]},{\"@type\":\"WebPage\",\"@id\":\"https:\\\/\\\/inclusivenews.com.br\\\/?p=11258\",\"url\":\"https:\\\/\\\/inclusivenews.com.br\\\/?p=11258\",\"name\":\"UNICEF anuncia indicados para o Pr\u00eamio Dia Internacional da Crian\u00e7a no R\u00e1dio e na TV 2009 -\",\"isPartOf\":{\"@id\":\"https:\\\/\\\/inclusivenews.com.br\\\/#website\"},\"datePublished\":\"2009-09-24T11:34:56+00:00\",\"breadcrumb\":{\"@id\":\"https:\\\/\\\/inclusivenews.com.br\\\/?p=11258#breadcrumb\"},\"inLanguage\":\"pt-PT\",\"potentialAction\":[{\"@type\":\"ReadAction\",\"target\":[\"https:\\\/\\\/inclusivenews.com.br\\\/?p=11258\"]}]},{\"@type\":\"BreadcrumbList\",\"@id\":\"https:\\\/\\\/inclusivenews.com.br\\\/?p=11258#breadcrumb\",\"itemListElement\":[{\"@type\":\"ListItem\",\"position\":1,\"name\":\"In\u00edcio\",\"item\":\"https:\\\/\\\/inclusivenews.com.br\\\/\"},{\"@type\":\"ListItem\",\"position\":2,\"name\":\"UNICEF anuncia indicados para o Pr\u00eamio Dia Internacional da Crian\u00e7a no R\u00e1dio e na TV 2009\"}]},{\"@type\":\"WebSite\",\"@id\":\"https:\\\/\\\/inclusivenews.com.br\\\/#website\",\"url\":\"https:\\\/\\\/inclusivenews.com.br\\\/\",\"name\":\"Inclusive News\",\"description\":\"Inclusive News\",\"publisher\":{\"@id\":\"https:\\\/\\\/inclusivenews.com.br\\\/#organization\"},\"potentialAction\":[{\"@type\":\"SearchAction\",\"target\":{\"@type\":\"EntryPoint\",\"urlTemplate\":\"https:\\\/\\\/inclusivenews.com.br\\\/?s={search_term_string}\"},\"query-input\":{\"@type\":\"PropertyValueSpecification\",\"valueRequired\":true,\"valueName\":\"search_term_string\"}}],\"inLanguage\":\"pt-PT\"},{\"@type\":\"Organization\",\"@id\":\"https:\\\/\\\/inclusivenews.com.br\\\/#organization\",\"name\":\"Inclusive - inclus\u00e3o e cidadania\",\"url\":\"https:\\\/\\\/inclusivenews.com.br\\\/\",\"logo\":{\"@type\":\"ImageObject\",\"inLanguage\":\"pt-PT\",\"@id\":\"https:\\\/\\\/inclusivenews.com.br\\\/#\\\/schema\\\/logo\\\/image\\\/\",\"url\":\"https:\\\/\\\/inclusivenews.com.br\\\/wp-content\\\/uploads\\\/2024\\\/03\\\/@grandesite.png\",\"contentUrl\":\"https:\\\/\\\/inclusivenews.com.br\\\/wp-content\\\/uploads\\\/2024\\\/03\\\/@grandesite.png\",\"width\":1080,\"height\":1080,\"caption\":\"Inclusive - inclus\u00e3o e cidadania\"},\"image\":{\"@id\":\"https:\\\/\\\/inclusivenews.com.br\\\/#\\\/schema\\\/logo\\\/image\\\/\"},\"sameAs\":[\"https:\\\/\\\/www.facebook.com\\\/agenciainclusive\\\/\",\"https:\\\/\\\/www.instagram.com\\\/newsinclusive\\\/\"]},{\"@type\":\"Person\",\"@id\":\"https:\\\/\\\/inclusivenews.com.br\\\/#\\\/schema\\\/person\\\/0dab492019871b94abb65fa8ee7c8c44\",\"name\":\"Inclusive\",\"image\":{\"@type\":\"ImageObject\",\"inLanguage\":\"pt-PT\",\"@id\":\"https:\\\/\\\/secure.gravatar.com\\\/avatar\\\/?s=96&d=mm&r=g\",\"url\":\"https:\\\/\\\/secure.gravatar.com\\\/avatar\\\/?s=96&d=mm&r=g\",\"contentUrl\":\"https:\\\/\\\/secure.gravatar.com\\\/avatar\\\/?s=96&d=mm&r=g\",\"caption\":\"Inclusive\"},\"url\":\"https:\\\/\\\/inclusivenews.com.br\\\/?author=2\"}]}<\/script>\n<!-- \/ Yoast SEO plugin. -->","yoast_head_json":{"title":"UNICEF anuncia indicados para o Pr\u00eamio Dia Internacional da Crian\u00e7a no R\u00e1dio e na TV 2009 -","robots":{"index":"index","follow":"follow","max-snippet":"max-snippet:-1","max-image-preview":"max-image-preview:large","max-video-preview":"max-video-preview:-1"},"canonical":"https:\/\/inclusivenews.com.br\/?p=11258","og_locale":"pt_PT","og_type":"article","og_title":"UNICEF anuncia indicados para o Pr\u00eamio Dia Internacional da Crian\u00e7a no R\u00e1dio e na TV 2009 -","og_description":"O UNICEF anunciou os indicados para a Edi\u00e7\u00e3o 2009 do Pr\u00eamio Dia Internacional da Crian\u00e7a no R\u00e1dio e na TV. Os pr\u00eamios s\u00e3o atribu\u00eddos pelo UNICEF pelo excelente comprometimento com o Dia por parte das emissoras de televis\u00e3o e r\u00e1dio. R\u00e1dio Justi\u00e7a, do Brasil, \u00e9 a vencedora regional da Am\u00e9rica Latina e do Caribe O [&hellip;]","og_url":"https:\/\/inclusivenews.com.br\/?p=11258","article_publisher":"https:\/\/www.facebook.com\/agenciainclusive\/","article_published_time":"2009-09-24T11:34:56+00:00","author":"Inclusive","twitter_card":"summary_large_image","twitter_misc":{"Escrito por":"Inclusive","Tempo estimado de leitura":"3 minutos"},"schema":{"@context":"https:\/\/schema.org","@graph":[{"@type":"Article","@id":"https:\/\/inclusivenews.com.br\/?p=11258#article","isPartOf":{"@id":"https:\/\/inclusivenews.com.br\/?p=11258"},"author":{"name":"Inclusive","@id":"https:\/\/inclusivenews.com.br\/#\/schema\/person\/0dab492019871b94abb65fa8ee7c8c44"},"headline":"UNICEF anuncia indicados para o Pr\u00eamio Dia Internacional da Crian\u00e7a no R\u00e1dio e na TV 2009","datePublished":"2009-09-24T11:34:56+00:00","mainEntityOfPage":{"@id":"https:\/\/inclusivenews.com.br\/?p=11258"},"wordCount":695,"commentCount":0,"publisher":{"@id":"https:\/\/inclusivenews.com.br\/#organization"},"articleSection":["DIREITOS HUMANOS","NOT\u00cdCIAS"],"inLanguage":"pt-PT","potentialAction":[{"@type":"CommentAction","name":"Comment","target":["https:\/\/inclusivenews.com.br\/?p=11258#respond"]}]},{"@type":"WebPage","@id":"https:\/\/inclusivenews.com.br\/?p=11258","url":"https:\/\/inclusivenews.com.br\/?p=11258","name":"UNICEF anuncia indicados para o Pr\u00eamio Dia Internacional da Crian\u00e7a no R\u00e1dio e na TV 2009 -","isPartOf":{"@id":"https:\/\/inclusivenews.com.br\/#website"},"datePublished":"2009-09-24T11:34:56+00:00","breadcrumb":{"@id":"https:\/\/inclusivenews.com.br\/?p=11258#breadcrumb"},"inLanguage":"pt-PT","potentialAction":[{"@type":"ReadAction","target":["https:\/\/inclusivenews.com.br\/?p=11258"]}]},{"@type":"BreadcrumbList","@id":"https:\/\/inclusivenews.com.br\/?p=11258#breadcrumb","itemListElement":[{"@type":"ListItem","position":1,"name":"In\u00edcio","item":"https:\/\/inclusivenews.com.br\/"},{"@type":"ListItem","position":2,"name":"UNICEF anuncia indicados para o Pr\u00eamio Dia Internacional da Crian\u00e7a no R\u00e1dio e na TV 2009"}]},{"@type":"WebSite","@id":"https:\/\/inclusivenews.com.br\/#website","url":"https:\/\/inclusivenews.com.br\/","name":"Inclusive News","description":"Inclusive News","publisher":{"@id":"https:\/\/inclusivenews.com.br\/#organization"},"potentialAction":[{"@type":"SearchAction","target":{"@type":"EntryPoint","urlTemplate":"https:\/\/inclusivenews.com.br\/?s={search_term_string}"},"query-input":{"@type":"PropertyValueSpecification","valueRequired":true,"valueName":"search_term_string"}}],"inLanguage":"pt-PT"},{"@type":"Organization","@id":"https:\/\/inclusivenews.com.br\/#organization","name":"Inclusive - inclus\u00e3o e cidadania","url":"https:\/\/inclusivenews.com.br\/","logo":{"@type":"ImageObject","inLanguage":"pt-PT","@id":"https:\/\/inclusivenews.com.br\/#\/schema\/logo\/image\/","url":"https:\/\/inclusivenews.com.br\/wp-content\/uploads\/2024\/03\/@grandesite.png","contentUrl":"https:\/\/inclusivenews.com.br\/wp-content\/uploads\/2024\/03\/@grandesite.png","width":1080,"height":1080,"caption":"Inclusive - inclus\u00e3o e cidadania"},"image":{"@id":"https:\/\/inclusivenews.com.br\/#\/schema\/logo\/image\/"},"sameAs":["https:\/\/www.facebook.com\/agenciainclusive\/","https:\/\/www.instagram.com\/newsinclusive\/"]},{"@type":"Person","@id":"https:\/\/inclusivenews.com.br\/#\/schema\/person\/0dab492019871b94abb65fa8ee7c8c44","name":"Inclusive","image":{"@type":"ImageObject","inLanguage":"pt-PT","@id":"https:\/\/secure.gravatar.com\/avatar\/?s=96&d=mm&r=g","url":"https:\/\/secure.gravatar.com\/avatar\/?s=96&d=mm&r=g","contentUrl":"https:\/\/secure.gravatar.com\/avatar\/?s=96&d=mm&r=g","caption":"Inclusive"},"url":"https:\/\/inclusivenews.com.br\/?author=2"}]}},"_links":{"self":[{"href":"https:\/\/inclusivenews.com.br\/index.php?rest_route=\/wp\/v2\/posts\/11258","targetHints":{"allow":["GET"]}}],"collection":[{"href":"https:\/\/inclusivenews.com.br\/index.php?rest_route=\/wp\/v2\/posts"}],"about":[{"href":"https:\/\/inclusivenews.com.br\/index.php?rest_route=\/wp\/v2\/types\/post"}],"author":[{"embeddable":true,"href":"https:\/\/inclusivenews.com.br\/index.php?rest_route=\/wp\/v2\/users\/2"}],"replies":[{"embeddable":true,"href":"https:\/\/inclusivenews.com.br\/index.php?rest_route=%2Fwp%2Fv2%2Fcomments&post=11258"}],"version-history":[{"count":0,"href":"https:\/\/inclusivenews.com.br\/index.php?rest_route=\/wp\/v2\/posts\/11258\/revisions"}],"wp:attachment":[{"href":"https:\/\/inclusivenews.com.br\/index.php?rest_route=%2Fwp%2Fv2%2Fmedia&parent=11258"}],"wp:term":[{"taxonomy":"category","embeddable":true,"href":"https:\/\/inclusivenews.com.br\/index.php?rest_route=%2Fwp%2Fv2%2Fcategories&post=11258"},{"taxonomy":"post_tag","embeddable":true,"href":"https:\/\/inclusivenews.com.br\/index.php?rest_route=%2Fwp%2Fv2%2Ftags&post=11258"}],"curies":[{"name":"wp","href":"https:\/\/api.w.org\/{rel}","templated":true}]}}