{"id":11260,"date":"2009-09-24T08:39:47","date_gmt":"2009-09-24T11:39:47","guid":{"rendered":"http:\/\/agenciainclusive.wordpress.com\/?p=11260"},"modified":"2009-09-24T08:39:47","modified_gmt":"2009-09-24T11:39:47","slug":"estudos-confirmam-que-estigma-e-discriminacao-ainda-sao-os-maiores-entraves-na-luta-contra-a-aids-na-america-latina","status":"publish","type":"post","link":"https:\/\/inclusivenews.com.br\/?p=11260","title":{"rendered":"Estudos confirmam que estigma e discrimina\u00e7\u00e3o ainda s\u00e3o os maiores entraves na luta contra a aids na Am\u00e9rica Latina"},"content":{"rendered":"<p style=\"text-align:justify;\">Dois estudos realizados em 2008 foram a base da publica\u00e7\u00e3o &#8220;VIH-SIDA en America Latina desde la perspectiva social&#8221;, lan\u00e7ada nesta ter\u00e7a-feira (22\/9), em Bras\u00edlia (DF). O livro constata que a regi\u00e3o ainda precisa vencer as barreiras do estigma e da discrimina\u00e7\u00e3o para fazer avan\u00e7ar pol\u00edticas p\u00fablicas relacionadas ao HIV. Leia mais.<\/p>\n<p style=\"text-align:justify;\">&#8220;Esperamos contribuir para um di\u00e1logo p\u00fablico. Muitas quest\u00f5es permanecem em aberto, mas este \u00e9 um est\u00edmulo para pesquisar mais e investir em novos projetos na \u00e1rea&#8221;, disse a diretora do projeto regional HIV da Ag\u00eancia de Coopera\u00e7\u00e3o T\u00e9cnica Alem\u00e3 (GTZ), Claudia Herlt. A iniciativa \u00e9 do GTZ, do Departamento de DST, Aids e Hepatites do Minist\u00e9rio da Sa\u00fade e do Centro Internacional de Coopera\u00e7\u00e3o T\u00e9cnica.<\/p>\n<p style=\"text-align:justify;\">Ao todo, 12 pa\u00edses da Am\u00e9rica Latina e Caribe foram avaliados. Uma das pesquisas, realizada pela Faculdade Latino-Americana de Ci\u00eancias Sociais (FLACSO), focou os marcos normativos e de pol\u00edticas p\u00fablicas relacionados com HIV\/aids. O outro, feito pela Alliance, destacou a participa\u00e7\u00e3o pol\u00edtica, a participa\u00e7\u00e3o do movimento social nos planos e programas nacionais e o acesso a recursos das organiza\u00e7\u00f5es sociais. Nela, foram entrevistados representantes de governo, sociedade civil e institui\u00e7\u00f5es financiadoras.<\/p>\n<p style=\"text-align:justify;\"><strong>Legisla\u00e7\u00e3o<\/strong><\/p>\n<p style=\"text-align:justify;\">O advogado especialista em HIV e colaborador da Ag\u00eancia de Not\u00edcias da Aids, Marcelo Guimar\u00e3es foi uma das pessoas que participou da compila\u00e7\u00e3o. Na avalia\u00e7\u00e3o dele, o documento mostra as disson\u00e2ncias internas no que diz respeito \u00e0 legisla\u00e7\u00e3o desses pa\u00edses. &#8220;Vimos que n\u00e3o h\u00e1 necessariamente v\u00ednculo entre a exist\u00eancia de leis e a qualidade na execu\u00e7\u00e3o das pol\u00edticas p\u00fablicas. Tamb\u00e9m n\u00e3o basta ter assento em inst\u00e2ncias decis\u00f3rias ou mecanismos de controle para garantir a participa\u00e7\u00e3o. Esse trabalho nos ajuda a clarificar o caminho percorrido e perceber se estamos no caminho certo para, se preciso, readequar a rota&#8221;, compara.<\/p>\n<p style=\"text-align:justify;\">A soci\u00f3loga Cristina C\u00e2mara tamb\u00e9m colaborou na reda\u00e7\u00e3o final do estudo, que checou o que esses pa\u00edses t\u00eam em comum em mais de 20 anos de epidemia, com \u00eanfase nos seguintes grupos: popula\u00e7\u00e3o geral, pessoas vivendo com HIV, popula\u00e7\u00e3o LGBTTT, profissionais do sexo e usu\u00e1rios de drogas injet\u00e1veis. A discrimina\u00e7\u00e3o e o estigma, segundo Cristina, foram aspectos que influenciaram no financiamento das a\u00e7\u00f5es. &#8220;Em alguns pa\u00edses, se a institui\u00e7\u00e3o disser que trabalha com profissionais do sexo, por exemplo, ela n\u00e3o consegue ter a &#8216;pessoa jur\u00eddica&#8217;, o que dificulta na obten\u00e7\u00e3o dos recursos e no financiamento&#8221;.<\/p>\n<p style=\"text-align:justify;\">Outro aspecto ressaltado \u00e9 a concentra\u00e7\u00e3o do financiamento nas m\u00e3os do Fundo Global contra Aids, Tuberculose e Mal\u00e1ria nos pa\u00edses da Am\u00e9rica Latina. &#8220;\u00c9 uma vantagem, pois eles t\u00eam os recursos garantidos. Por outro lado, mostra a fragilidade j\u00e1 que essas institui\u00e7\u00f5es dependem de um \u00fanico financiador e t\u00eam outras poucas op\u00e7\u00f5es al\u00e9m do Fundo&#8221;, explica a soci\u00f3loga.<\/p>\n<p style=\"text-align:justify;\">Para o representante do Programa Conjunto das Na\u00e7\u00f5es Unidas sobre HIV\/aids (UNAIDS) no Brasil, Pedro Chequer, o livro servir\u00e1 para reflex\u00e3o e aprofundamento de pol\u00edticas p\u00fablicas atuais. &#8220;Temos de buscar alternativas para que a sociedade civil esteja mais envolvida. Infelizmente, a Am\u00e9rica Latina n\u00e3o tem processos homog\u00eaneos de participa\u00e7\u00e3o social. Ainda que a regi\u00e3o tenha avan\u00e7ado em alguns setores, discrimina\u00e7\u00e3o e estigma ainda s\u00e3o obst\u00e1culos para que a preven\u00e7\u00e3o e o tratamento cheguem at\u00e9 as pessoas&#8221;, defendeu.<\/p>\n<p style=\"text-align:justify;\"><strong>Desafios<\/strong><\/p>\n<p style=\"text-align:justify;\">A quest\u00e3o das legisla\u00e7\u00f5es nacionais \u00e9 algo a superar, de acordo com o diretor do CICT, Carlos Passarelli. &#8220;Se tomarmos como exemplo a lei brasileira de acesso universal, veremos como uma legisla\u00e7\u00e3o espec\u00edfica ajuda na formula\u00e7\u00e3o de estrat\u00e9gias com o cuidado e o tratamento das pessoas vivendo com HIV. Precisamos sensibilizar os poderes legislativo e judici\u00e1rio para criar pol\u00edticas intersetoriais que melhorem o sistema jur\u00eddico, geralmente pouco eficiente e saturado. Tamb\u00e9m \u00e9 preciso garantir os direitos, sobretudo das popula\u00e7\u00f5es vulner\u00e1veis&#8221;. Outro desafio citado por Passarelli para que a regi\u00e3o avance na luta contra a aids \u00e9 o maior comprometimento dos governos e o fortalecimento das redes e da sociedade civil.<\/p>\n<p style=\"text-align:justify;\">A parceria entre os governos brasileiro e alem\u00e3o existe desde 2003 e tem rendido bons frutos, na opini\u00e3o da chefe da divis\u00e3o Am\u00e9rica do Sul do Minist\u00e9rio da Coopera\u00e7\u00e3o Econ\u00f4mica e Desenvolvimento da Alemanha, Dorothea Groth. &#8220;A nossa coopera\u00e7\u00e3o \u00e9, sob v\u00e1rios aspectos, inovadora e importante. A triangula\u00e7\u00e3o da parceria feita entre os dois pa\u00edses e os cooperados tem obtido resultados impressionantes na regi\u00e3o. Todos aprendemos muito&#8221;.<\/p>\n<p style=\"text-align:justify;\">A diretora do Departamento de DST, Aids e Hepatites, Mari\u00e2ngela Sim\u00e3o, concorda e acredita no poder da divulga\u00e7\u00e3o desse tipo de trabalho: &#8220;Esperamos que o livro sirva de instrumento para mudan\u00e7a de realidades. Que a divulga\u00e7\u00e3o desses dados possa ter efeito positivo na vida das pessoas&#8221;.<\/p>\n<p style=\"text-align:justify;\">A publica\u00e7\u00e3o tamb\u00e9m ter\u00e1 uma vers\u00e3o em ingl\u00eas, no formato CD ROM. Os sites da GTZ (<a href=\"http:\/\/www.gtz.de\/\">www.gtz.de<\/a>) e do CICT (<a href=\"http:\/\/www.cict-aids.org\/\">www.cict-aids.org<\/a>) disponibilizar\u00e3o a vers\u00e3o eletr\u00f4nica do documento.<\/p>\n<p>Nara Anchises, de Bras\u00edlia<br \/>\n*Especial para Ag\u00eancia de Not\u00edcias da Aids<\/p>\n<p><strong>_____________________________________<\/strong><\/p>\n<p><strong>Fonte de informa\u00e7\u00e3o:<\/strong> <a href=\"http:\/\/www.agenciaaids.com.br\/site\/noticia.asp?id=13066\" target=\"_blank\" rel=\"noopener\">Ag\u00eancia de Not\u00edcias da Aids<\/a><\/p>\n","protected":false},"excerpt":{"rendered":"<p>Dois estudos realizados em 2008 foram a base da publica\u00e7\u00e3o &#8220;VIH-SIDA en America Latina desde la perspectiva social&#8221;, lan\u00e7ada nesta ter\u00e7a-feira (22\/9), em Bras\u00edlia (DF). O livro constata que a regi\u00e3o ainda precisa vencer as barreiras do estigma e da discrimina\u00e7\u00e3o para fazer avan\u00e7ar pol\u00edticas p\u00fablicas relacionadas ao HIV. Leia mais. &#8220;Esperamos contribuir para um [&hellip;]<\/p>\n","protected":false},"author":2,"featured_media":0,"comment_status":"open","ping_status":"open","sticky":false,"template":"","format":"standard","meta":{"site-container-style":"default","site-container-layout":"default","site-sidebar-layout":"default","disable-article-header":"default","disable-site-header":"default","disable-site-footer":"default","disable-content-area-spacing":"default","footnotes":""},"categories":[4,49,41],"tags":[],"class_list":["post-11260","post","type-post","status-publish","format-standard","hentry","category-noticias","category-politicas-publicas","category-preconceito"],"yoast_head":"<!-- This site is optimized with the Yoast SEO plugin v27.4 - https:\/\/yoast.com\/product\/yoast-seo-wordpress\/ -->\n<title>Estudos confirmam que estigma e discrimina\u00e7\u00e3o ainda s\u00e3o os maiores entraves na luta contra a aids na Am\u00e9rica Latina -<\/title>\n<meta name=\"robots\" content=\"index, follow, max-snippet:-1, max-image-preview:large, max-video-preview:-1\" \/>\n<link rel=\"canonical\" href=\"https:\/\/inclusivenews.com.br\/?p=11260\" \/>\n<meta property=\"og:locale\" content=\"pt_PT\" \/>\n<meta property=\"og:type\" content=\"article\" \/>\n<meta property=\"og:title\" content=\"Estudos confirmam que estigma e discrimina\u00e7\u00e3o ainda s\u00e3o os maiores entraves na luta contra a aids na Am\u00e9rica Latina -\" \/>\n<meta property=\"og:description\" content=\"Dois estudos realizados em 2008 foram a base da publica\u00e7\u00e3o &#8220;VIH-SIDA en America Latina desde la perspectiva social&#8221;, lan\u00e7ada nesta ter\u00e7a-feira (22\/9), em Bras\u00edlia (DF). O livro constata que a regi\u00e3o ainda precisa vencer as barreiras do estigma e da discrimina\u00e7\u00e3o para fazer avan\u00e7ar pol\u00edticas p\u00fablicas relacionadas ao HIV. Leia mais. &#8220;Esperamos contribuir para um [&hellip;]\" \/>\n<meta property=\"og:url\" content=\"https:\/\/inclusivenews.com.br\/?p=11260\" \/>\n<meta property=\"article:publisher\" content=\"https:\/\/www.facebook.com\/agenciainclusive\/\" \/>\n<meta property=\"article:published_time\" content=\"2009-09-24T11:39:47+00:00\" \/>\n<meta name=\"author\" content=\"Inclusive\" \/>\n<meta name=\"twitter:card\" content=\"summary_large_image\" \/>\n<meta name=\"twitter:label1\" content=\"Escrito por\" \/>\n\t<meta name=\"twitter:data1\" content=\"Inclusive\" \/>\n\t<meta name=\"twitter:label2\" content=\"Tempo estimado de leitura\" \/>\n\t<meta name=\"twitter:data2\" content=\"5 minutos\" \/>\n<script type=\"application\/ld+json\" class=\"yoast-schema-graph\">{\"@context\":\"https:\\\/\\\/schema.org\",\"@graph\":[{\"@type\":\"Article\",\"@id\":\"https:\\\/\\\/inclusivenews.com.br\\\/?p=11260#article\",\"isPartOf\":{\"@id\":\"https:\\\/\\\/inclusivenews.com.br\\\/?p=11260\"},\"author\":{\"name\":\"Inclusive\",\"@id\":\"https:\\\/\\\/inclusivenews.com.br\\\/#\\\/schema\\\/person\\\/0dab492019871b94abb65fa8ee7c8c44\"},\"headline\":\"Estudos confirmam que estigma e discrimina\u00e7\u00e3o ainda s\u00e3o os maiores entraves na luta contra a aids na Am\u00e9rica Latina\",\"datePublished\":\"2009-09-24T11:39:47+00:00\",\"mainEntityOfPage\":{\"@id\":\"https:\\\/\\\/inclusivenews.com.br\\\/?p=11260\"},\"wordCount\":935,\"commentCount\":0,\"publisher\":{\"@id\":\"https:\\\/\\\/inclusivenews.com.br\\\/#organization\"},\"articleSection\":[\"NOT\u00cdCIAS\",\"Pol\u00edticas p\u00fablicas\",\"Preconceito\"],\"inLanguage\":\"pt-PT\",\"potentialAction\":[{\"@type\":\"CommentAction\",\"name\":\"Comment\",\"target\":[\"https:\\\/\\\/inclusivenews.com.br\\\/?p=11260#respond\"]}]},{\"@type\":\"WebPage\",\"@id\":\"https:\\\/\\\/inclusivenews.com.br\\\/?p=11260\",\"url\":\"https:\\\/\\\/inclusivenews.com.br\\\/?p=11260\",\"name\":\"Estudos confirmam que estigma e discrimina\u00e7\u00e3o ainda s\u00e3o os maiores entraves na luta contra a aids na Am\u00e9rica Latina -\",\"isPartOf\":{\"@id\":\"https:\\\/\\\/inclusivenews.com.br\\\/#website\"},\"datePublished\":\"2009-09-24T11:39:47+00:00\",\"breadcrumb\":{\"@id\":\"https:\\\/\\\/inclusivenews.com.br\\\/?p=11260#breadcrumb\"},\"inLanguage\":\"pt-PT\",\"potentialAction\":[{\"@type\":\"ReadAction\",\"target\":[\"https:\\\/\\\/inclusivenews.com.br\\\/?p=11260\"]}]},{\"@type\":\"BreadcrumbList\",\"@id\":\"https:\\\/\\\/inclusivenews.com.br\\\/?p=11260#breadcrumb\",\"itemListElement\":[{\"@type\":\"ListItem\",\"position\":1,\"name\":\"In\u00edcio\",\"item\":\"https:\\\/\\\/inclusivenews.com.br\\\/\"},{\"@type\":\"ListItem\",\"position\":2,\"name\":\"Estudos confirmam que estigma e discrimina\u00e7\u00e3o ainda s\u00e3o os maiores entraves na luta contra a aids na Am\u00e9rica Latina\"}]},{\"@type\":\"WebSite\",\"@id\":\"https:\\\/\\\/inclusivenews.com.br\\\/#website\",\"url\":\"https:\\\/\\\/inclusivenews.com.br\\\/\",\"name\":\"Inclusive News\",\"description\":\"Inclusive News\",\"publisher\":{\"@id\":\"https:\\\/\\\/inclusivenews.com.br\\\/#organization\"},\"potentialAction\":[{\"@type\":\"SearchAction\",\"target\":{\"@type\":\"EntryPoint\",\"urlTemplate\":\"https:\\\/\\\/inclusivenews.com.br\\\/?s={search_term_string}\"},\"query-input\":{\"@type\":\"PropertyValueSpecification\",\"valueRequired\":true,\"valueName\":\"search_term_string\"}}],\"inLanguage\":\"pt-PT\"},{\"@type\":\"Organization\",\"@id\":\"https:\\\/\\\/inclusivenews.com.br\\\/#organization\",\"name\":\"Inclusive - inclus\u00e3o e cidadania\",\"url\":\"https:\\\/\\\/inclusivenews.com.br\\\/\",\"logo\":{\"@type\":\"ImageObject\",\"inLanguage\":\"pt-PT\",\"@id\":\"https:\\\/\\\/inclusivenews.com.br\\\/#\\\/schema\\\/logo\\\/image\\\/\",\"url\":\"https:\\\/\\\/inclusivenews.com.br\\\/wp-content\\\/uploads\\\/2024\\\/03\\\/@grandesite.png\",\"contentUrl\":\"https:\\\/\\\/inclusivenews.com.br\\\/wp-content\\\/uploads\\\/2024\\\/03\\\/@grandesite.png\",\"width\":1080,\"height\":1080,\"caption\":\"Inclusive - inclus\u00e3o e cidadania\"},\"image\":{\"@id\":\"https:\\\/\\\/inclusivenews.com.br\\\/#\\\/schema\\\/logo\\\/image\\\/\"},\"sameAs\":[\"https:\\\/\\\/www.facebook.com\\\/agenciainclusive\\\/\",\"https:\\\/\\\/www.instagram.com\\\/newsinclusive\\\/\"]},{\"@type\":\"Person\",\"@id\":\"https:\\\/\\\/inclusivenews.com.br\\\/#\\\/schema\\\/person\\\/0dab492019871b94abb65fa8ee7c8c44\",\"name\":\"Inclusive\",\"image\":{\"@type\":\"ImageObject\",\"inLanguage\":\"pt-PT\",\"@id\":\"https:\\\/\\\/secure.gravatar.com\\\/avatar\\\/?s=96&d=mm&r=g\",\"url\":\"https:\\\/\\\/secure.gravatar.com\\\/avatar\\\/?s=96&d=mm&r=g\",\"contentUrl\":\"https:\\\/\\\/secure.gravatar.com\\\/avatar\\\/?s=96&d=mm&r=g\",\"caption\":\"Inclusive\"},\"url\":\"https:\\\/\\\/inclusivenews.com.br\\\/?author=2\"}]}<\/script>\n<!-- \/ Yoast SEO plugin. -->","yoast_head_json":{"title":"Estudos confirmam que estigma e discrimina\u00e7\u00e3o ainda s\u00e3o os maiores entraves na luta contra a aids na Am\u00e9rica Latina -","robots":{"index":"index","follow":"follow","max-snippet":"max-snippet:-1","max-image-preview":"max-image-preview:large","max-video-preview":"max-video-preview:-1"},"canonical":"https:\/\/inclusivenews.com.br\/?p=11260","og_locale":"pt_PT","og_type":"article","og_title":"Estudos confirmam que estigma e discrimina\u00e7\u00e3o ainda s\u00e3o os maiores entraves na luta contra a aids na Am\u00e9rica Latina -","og_description":"Dois estudos realizados em 2008 foram a base da publica\u00e7\u00e3o &#8220;VIH-SIDA en America Latina desde la perspectiva social&#8221;, lan\u00e7ada nesta ter\u00e7a-feira (22\/9), em Bras\u00edlia (DF). O livro constata que a regi\u00e3o ainda precisa vencer as barreiras do estigma e da discrimina\u00e7\u00e3o para fazer avan\u00e7ar pol\u00edticas p\u00fablicas relacionadas ao HIV. Leia mais. &#8220;Esperamos contribuir para um [&hellip;]","og_url":"https:\/\/inclusivenews.com.br\/?p=11260","article_publisher":"https:\/\/www.facebook.com\/agenciainclusive\/","article_published_time":"2009-09-24T11:39:47+00:00","author":"Inclusive","twitter_card":"summary_large_image","twitter_misc":{"Escrito por":"Inclusive","Tempo estimado de leitura":"5 minutos"},"schema":{"@context":"https:\/\/schema.org","@graph":[{"@type":"Article","@id":"https:\/\/inclusivenews.com.br\/?p=11260#article","isPartOf":{"@id":"https:\/\/inclusivenews.com.br\/?p=11260"},"author":{"name":"Inclusive","@id":"https:\/\/inclusivenews.com.br\/#\/schema\/person\/0dab492019871b94abb65fa8ee7c8c44"},"headline":"Estudos confirmam que estigma e discrimina\u00e7\u00e3o ainda s\u00e3o os maiores entraves na luta contra a aids na Am\u00e9rica Latina","datePublished":"2009-09-24T11:39:47+00:00","mainEntityOfPage":{"@id":"https:\/\/inclusivenews.com.br\/?p=11260"},"wordCount":935,"commentCount":0,"publisher":{"@id":"https:\/\/inclusivenews.com.br\/#organization"},"articleSection":["NOT\u00cdCIAS","Pol\u00edticas p\u00fablicas","Preconceito"],"inLanguage":"pt-PT","potentialAction":[{"@type":"CommentAction","name":"Comment","target":["https:\/\/inclusivenews.com.br\/?p=11260#respond"]}]},{"@type":"WebPage","@id":"https:\/\/inclusivenews.com.br\/?p=11260","url":"https:\/\/inclusivenews.com.br\/?p=11260","name":"Estudos confirmam que estigma e discrimina\u00e7\u00e3o ainda s\u00e3o os maiores entraves na luta contra a aids na Am\u00e9rica Latina -","isPartOf":{"@id":"https:\/\/inclusivenews.com.br\/#website"},"datePublished":"2009-09-24T11:39:47+00:00","breadcrumb":{"@id":"https:\/\/inclusivenews.com.br\/?p=11260#breadcrumb"},"inLanguage":"pt-PT","potentialAction":[{"@type":"ReadAction","target":["https:\/\/inclusivenews.com.br\/?p=11260"]}]},{"@type":"BreadcrumbList","@id":"https:\/\/inclusivenews.com.br\/?p=11260#breadcrumb","itemListElement":[{"@type":"ListItem","position":1,"name":"In\u00edcio","item":"https:\/\/inclusivenews.com.br\/"},{"@type":"ListItem","position":2,"name":"Estudos confirmam que estigma e discrimina\u00e7\u00e3o ainda s\u00e3o os maiores entraves na luta contra a aids na Am\u00e9rica Latina"}]},{"@type":"WebSite","@id":"https:\/\/inclusivenews.com.br\/#website","url":"https:\/\/inclusivenews.com.br\/","name":"Inclusive News","description":"Inclusive News","publisher":{"@id":"https:\/\/inclusivenews.com.br\/#organization"},"potentialAction":[{"@type":"SearchAction","target":{"@type":"EntryPoint","urlTemplate":"https:\/\/inclusivenews.com.br\/?s={search_term_string}"},"query-input":{"@type":"PropertyValueSpecification","valueRequired":true,"valueName":"search_term_string"}}],"inLanguage":"pt-PT"},{"@type":"Organization","@id":"https:\/\/inclusivenews.com.br\/#organization","name":"Inclusive - inclus\u00e3o e cidadania","url":"https:\/\/inclusivenews.com.br\/","logo":{"@type":"ImageObject","inLanguage":"pt-PT","@id":"https:\/\/inclusivenews.com.br\/#\/schema\/logo\/image\/","url":"https:\/\/inclusivenews.com.br\/wp-content\/uploads\/2024\/03\/@grandesite.png","contentUrl":"https:\/\/inclusivenews.com.br\/wp-content\/uploads\/2024\/03\/@grandesite.png","width":1080,"height":1080,"caption":"Inclusive - inclus\u00e3o e cidadania"},"image":{"@id":"https:\/\/inclusivenews.com.br\/#\/schema\/logo\/image\/"},"sameAs":["https:\/\/www.facebook.com\/agenciainclusive\/","https:\/\/www.instagram.com\/newsinclusive\/"]},{"@type":"Person","@id":"https:\/\/inclusivenews.com.br\/#\/schema\/person\/0dab492019871b94abb65fa8ee7c8c44","name":"Inclusive","image":{"@type":"ImageObject","inLanguage":"pt-PT","@id":"https:\/\/secure.gravatar.com\/avatar\/?s=96&d=mm&r=g","url":"https:\/\/secure.gravatar.com\/avatar\/?s=96&d=mm&r=g","contentUrl":"https:\/\/secure.gravatar.com\/avatar\/?s=96&d=mm&r=g","caption":"Inclusive"},"url":"https:\/\/inclusivenews.com.br\/?author=2"}]}},"_links":{"self":[{"href":"https:\/\/inclusivenews.com.br\/index.php?rest_route=\/wp\/v2\/posts\/11260","targetHints":{"allow":["GET"]}}],"collection":[{"href":"https:\/\/inclusivenews.com.br\/index.php?rest_route=\/wp\/v2\/posts"}],"about":[{"href":"https:\/\/inclusivenews.com.br\/index.php?rest_route=\/wp\/v2\/types\/post"}],"author":[{"embeddable":true,"href":"https:\/\/inclusivenews.com.br\/index.php?rest_route=\/wp\/v2\/users\/2"}],"replies":[{"embeddable":true,"href":"https:\/\/inclusivenews.com.br\/index.php?rest_route=%2Fwp%2Fv2%2Fcomments&post=11260"}],"version-history":[{"count":0,"href":"https:\/\/inclusivenews.com.br\/index.php?rest_route=\/wp\/v2\/posts\/11260\/revisions"}],"wp:attachment":[{"href":"https:\/\/inclusivenews.com.br\/index.php?rest_route=%2Fwp%2Fv2%2Fmedia&parent=11260"}],"wp:term":[{"taxonomy":"category","embeddable":true,"href":"https:\/\/inclusivenews.com.br\/index.php?rest_route=%2Fwp%2Fv2%2Fcategories&post=11260"},{"taxonomy":"post_tag","embeddable":true,"href":"https:\/\/inclusivenews.com.br\/index.php?rest_route=%2Fwp%2Fv2%2Ftags&post=11260"}],"curies":[{"name":"wp","href":"https:\/\/api.w.org\/{rel}","templated":true}]}}