{"id":11263,"date":"2009-09-24T08:54:31","date_gmt":"2009-09-24T11:54:31","guid":{"rendered":"http:\/\/agenciainclusive.wordpress.com\/?p=11263"},"modified":"2009-09-24T08:54:31","modified_gmt":"2009-09-24T11:54:31","slug":"crise-pode-afetar-o-futuro-dos-mais-pobres","status":"publish","type":"post","link":"https:\/\/inclusivenews.com.br\/?p=11263","title":{"rendered":"Crise pode afetar o futuro dos mais pobres"},"content":{"rendered":"<div class=\"mceTemp\" style=\"text-align:center;\">\n<dl class=\"wp-caption alignleft\">\n<dt class=\"wp-caption-dt\"><a href=\"http:\/\/agenciainclusive.files.wordpress.com\/2008\/11\/pnudbrasil.gif\"><img loading=\"lazy\" decoding=\"async\" class=\"size-full wp-image-1894\" title=\"pnudbrasil\" src=\"http:\/\/agenciainclusive.files.wordpress.com\/2008\/11\/pnudbrasil.gif\" alt=\"Logotipo PNUD Brasil\" width=\"160\" height=\"133\" \/><\/a><\/dt>\n<dd class=\"wp-caption-dd\">Logotipo PNUD Brasil<\/dd>\n<\/dl>\n<p style=\"text-align:justify;\">M\u00e1 nutri\u00e7\u00e3o, mais mortes de crian\u00e7as e aumento no trabalho infantil s\u00e3o os impactos da turbul\u00eancia econ\u00f4mica em longo prazo, diz estudo<\/p>\n<p style=\"text-align:justify;\"><strong>F\u00c1BIO BRANDT<br \/>\nda PrimaPagina<\/strong><\/p>\n<p style=\"text-align:justify;\">Diminui\u00e7\u00e3o da renda familiar, aumento do desemprego e da desigualdade de renda em pa\u00edses em desenvolvimento s\u00e3o efeitos da crise econ\u00f4mica que agravam a pobreza e freiam o desenvolvimento humano, afirma artigo do CIP-CI (Centro Internacional de Pol\u00edticas para o Crescimento Inclusivo) \u2013 \u00f3rg\u00e3o mantido pelo PNUD em parceria com o governo brasileiro. Algumas dessas consequ\u00eancias podem trazer preju\u00edzos no desenvolvimento humano n\u00e3o apenas no presente, mas tamb\u00e9m no futuro.<\/p>\n<p style=\"text-align:justify;\">Uma das raz\u00f5es para esse efeito, de acordo com o texto do economista Degol Hailu, \u00e9 o fato de que a queda de renda entre os mais pobres deve gerar m\u00e1 nutri\u00e7\u00e3o entre as crian\u00e7as, afetando as capacidades de aprendizado e cogni\u00e7\u00e3o. O artigo elenca estudos do Banco Mundial que mostram que, s\u00f3 na \u00c1frica, \u00e9 prov\u00e1vel que de 30 mil a 50 mil crian\u00e7as morram por consequ\u00eancias da crise.<\/p>\n<p style=\"text-align:justify;\">Por causa do choque econ\u00f4mico, pobres tamb\u00e9m podem tirar suas crian\u00e7as da escola para que elas trabalhem complementando a renda, o que geraria um preju\u00edzo futuro na educa\u00e7\u00e3o, fazendo com que essas pessoas tivessem menos chances de sair da pobreza ao chegar \u00e0 vida adulta.<\/p>\n<p style=\"text-align:justify;\">O pesquisador toma como exemplo desses efeitos a \u00c1frica. Com a queda projetada no com\u00e9rcio internacional, as economias do continente dever\u00e3o sofrer perdas de US$ 251 bilh\u00f5es por causa do decl\u00ednio em suas exporta\u00e7\u00f5es e da queda do pre\u00e7o das commodities &#8211; produtos agr\u00edcolas ou minerais sem transforma\u00e7\u00e3o. Al\u00e9m disso, os pa\u00edses africanos j\u00e1 perderam parte da ajuda internacional (Irlanda e It\u00e1lia, por exemplo, cortaram suas as remessas ao continente em 10% e 65%, respectivamente) e tiveram sua participa\u00e7\u00e3o no turismo mundial reduzida (eles receberam 20% do total de visitas em 2007 e apenas 4% em 2008).<\/p>\n<p style=\"text-align:justify;\">Esses danos ocasionados aos pa\u00edses em desenvolvimento pela recess\u00e3o explicam, segundo o pesquisador, a estimativa da ONU de que 103 milh\u00f5es ficar\u00e3o pobres ou n\u00e3o conseguir\u00e3o escapar da pobreza por causa da crise.<\/p>\n<p style=\"text-align:justify;\"><strong>Ciclo perverso<\/strong><\/p>\n<p style=\"text-align:justify;\">No in\u00edcio de uma crise, argumenta Hailu, o desemprego (que deve aumentar 0,6% no mundo, em 2009, de acordo com a Organiza\u00e7\u00e3o Internacional do Trabalho) atinge principalmente os mais pobres e menos especializados. Em contrapartida, essas pessoas s\u00e3o as \u00faltimas conseguir emprego quando a estabilidade retorna e est\u00e3o sujeitas a atividades informais, com seguran\u00e7a no trabalho e prote\u00e7\u00e3o legal comprometidos.<\/p>\n<p style=\"text-align:justify;\">O retorno de emigrados, outra decorr\u00eancia da crise, piora o quadro de desemprego em algumas localidades, o que agrava tamb\u00e9m \u00edndices locais de pobreza, considera o autor. A maior disponibilidade de m\u00e3o-de-obra deve fazer com que caia o n\u00edvel dos sal\u00e1rios desses locais.<\/p>\n<p style=\"text-align:justify;\">J\u00e1 a diminui\u00e7\u00e3o do aux\u00edlio internacional aos pa\u00edses em desenvolvimento, exp\u00f5e o artigo, pode fazer com que fam\u00edlias percam renda e, por isso, vendam seus meios de produ\u00e7\u00e3o (como terra e animais) e retirem suas crian\u00e7as da escola para trabalhar.<\/p>\n<p style=\"text-align:justify;\">Por fim, a crise pode tamb\u00e9m piorar a distribui\u00e7\u00e3o de renda, exp\u00f5e o artigo, porque os grupos com maior renda podem usar suas economias para minimizar os impactos que sofrem, enquanto os com menor renda n\u00e3o disp\u00f5em de reservas nem de benef\u00edcios para superar o per\u00edodo, argumenta o pesquisador.<\/p>\n<p style=\"text-align:justify;\"><strong>Recomenda\u00e7\u00f5es<\/strong><\/p>\n<p style=\"text-align:justify;\">As medidas de curto prazo para contornar esses preju\u00edzos, sugere o documento, devem ser dirigidas \u00e0s pessoas mais pobres, afetadas mais fortemente pela recess\u00e3o porque n\u00e3o possuem meios de enfrent\u00e1-la. Segundo o texto, deve-se subsidiar o consumo de itens vitais (como alimentos), manter gastos com infraestrutura e proteger empregos e renda, intensificando programas sociais como os de transfer\u00eancia de renda.<\/p>\n<p style=\"text-align:justify;\">No longo prazo, \u201c\u00e9 preciso \u00e9 uma estrat\u00e9gia para transformar as estruturas econ\u00f4micas e sociais\u201d, recomenda o autor, explicando que \u201cpol\u00edticas nacionais e institui\u00e7\u00f5es determinam o curso do desenvolvimento. Mas a vulnerabilidade das economias \u00e0 crise \u00e9 largamente determinada por sua posi\u00e7\u00e3o na hierarquia da produ\u00e7\u00e3o e distribui\u00e7\u00e3o da economia global\u201d.<\/p>\n<p style=\"text-align:justify;\"><strong>Leia na \u00edntegra<\/strong><\/p>\n<p style=\"text-align:justify;\"><a href=\"http:\/\/www.ipc-undp.org\/pub\/IPCOnePager95.pdf\" target=\"_blank\" rel=\"noopener\">\u201cA crise econ\u00f4mica mundial freia o desenvolvimento humano. Como?\u201d, texto do pesquisador Degol Hailu publicado em setembro de 2009. Dispon\u00edvel em ingl\u00eas.<\/a><\/p>\n<p style=\"text-align:justify;\"><strong>__________________________<\/strong><\/p>\n<p style=\"text-align:justify;\"><strong>Fonte de informa\u00e7\u00e3o:<\/strong> <a href=\"http:\/\/www.pnud.org.br\/pobreza_desigualdade\/reportagens\/index.php?id01=3313&amp;lay=pde\" target=\"_blank\" rel=\"noopener\">PNUD Brasil<\/a><\/p>\n<\/div>\n","protected":false},"excerpt":{"rendered":"<p>Logotipo PNUD Brasil M\u00e1 nutri\u00e7\u00e3o, mais mortes de crian\u00e7as e aumento no trabalho infantil s\u00e3o os impactos da turbul\u00eancia econ\u00f4mica em longo prazo, diz estudo F\u00c1BIO BRANDT da PrimaPagina Diminui\u00e7\u00e3o da renda familiar, aumento do desemprego e da desigualdade de renda em pa\u00edses em desenvolvimento s\u00e3o efeitos da crise econ\u00f4mica que agravam a pobreza e [&hellip;]<\/p>\n","protected":false},"author":2,"featured_media":0,"comment_status":"open","ping_status":"open","sticky":false,"template":"","format":"standard","meta":{"site-container-style":"default","site-container-layout":"default","site-sidebar-layout":"default","disable-article-header":"default","disable-site-header":"default","disable-site-footer":"default","disable-content-area-spacing":"default","footnotes":""},"categories":[11,4],"tags":[],"class_list":["post-11263","post","type-post","status-publish","format-standard","hentry","category-direitos-humanos","category-noticias"],"yoast_head":"<!-- This site is optimized with the Yoast SEO plugin v27.4 - https:\/\/yoast.com\/product\/yoast-seo-wordpress\/ -->\n<title>Crise pode afetar o futuro dos mais pobres -<\/title>\n<meta name=\"robots\" content=\"index, follow, max-snippet:-1, max-image-preview:large, max-video-preview:-1\" \/>\n<link rel=\"canonical\" href=\"https:\/\/inclusivenews.com.br\/?p=11263\" \/>\n<meta property=\"og:locale\" content=\"pt_PT\" \/>\n<meta property=\"og:type\" content=\"article\" \/>\n<meta property=\"og:title\" content=\"Crise pode afetar o futuro dos mais pobres -\" \/>\n<meta property=\"og:description\" content=\"Logotipo PNUD Brasil M\u00e1 nutri\u00e7\u00e3o, mais mortes de crian\u00e7as e aumento no trabalho infantil s\u00e3o os impactos da turbul\u00eancia econ\u00f4mica em longo prazo, diz estudo F\u00c1BIO BRANDT da PrimaPagina Diminui\u00e7\u00e3o da renda familiar, aumento do desemprego e da desigualdade de renda em pa\u00edses em desenvolvimento s\u00e3o efeitos da crise econ\u00f4mica que agravam a pobreza e [&hellip;]\" \/>\n<meta property=\"og:url\" content=\"https:\/\/inclusivenews.com.br\/?p=11263\" \/>\n<meta property=\"article:publisher\" content=\"https:\/\/www.facebook.com\/agenciainclusive\/\" \/>\n<meta property=\"article:published_time\" content=\"2009-09-24T11:54:31+00:00\" \/>\n<meta property=\"og:image\" content=\"http:\/\/agenciainclusive.files.wordpress.com\/2008\/11\/pnudbrasil.gif\" \/>\n<meta name=\"author\" content=\"Inclusive\" \/>\n<meta name=\"twitter:card\" content=\"summary_large_image\" \/>\n<meta name=\"twitter:label1\" content=\"Escrito por\" \/>\n\t<meta name=\"twitter:data1\" content=\"Inclusive\" \/>\n\t<meta name=\"twitter:label2\" content=\"Tempo estimado de leitura\" \/>\n\t<meta name=\"twitter:data2\" content=\"4 minutos\" \/>\n<script type=\"application\/ld+json\" class=\"yoast-schema-graph\">{\"@context\":\"https:\\\/\\\/schema.org\",\"@graph\":[{\"@type\":\"Article\",\"@id\":\"https:\\\/\\\/inclusivenews.com.br\\\/?p=11263#article\",\"isPartOf\":{\"@id\":\"https:\\\/\\\/inclusivenews.com.br\\\/?p=11263\"},\"author\":{\"name\":\"Inclusive\",\"@id\":\"https:\\\/\\\/inclusivenews.com.br\\\/#\\\/schema\\\/person\\\/0dab492019871b94abb65fa8ee7c8c44\"},\"headline\":\"Crise pode afetar o futuro dos mais pobres\",\"datePublished\":\"2009-09-24T11:54:31+00:00\",\"mainEntityOfPage\":{\"@id\":\"https:\\\/\\\/inclusivenews.com.br\\\/?p=11263\"},\"wordCount\":755,\"commentCount\":0,\"publisher\":{\"@id\":\"https:\\\/\\\/inclusivenews.com.br\\\/#organization\"},\"image\":{\"@id\":\"https:\\\/\\\/inclusivenews.com.br\\\/?p=11263#primaryimage\"},\"thumbnailUrl\":\"http:\\\/\\\/agenciainclusive.files.wordpress.com\\\/2008\\\/11\\\/pnudbrasil.gif\",\"articleSection\":[\"DIREITOS HUMANOS\",\"NOT\u00cdCIAS\"],\"inLanguage\":\"pt-PT\",\"potentialAction\":[{\"@type\":\"CommentAction\",\"name\":\"Comment\",\"target\":[\"https:\\\/\\\/inclusivenews.com.br\\\/?p=11263#respond\"]}]},{\"@type\":\"WebPage\",\"@id\":\"https:\\\/\\\/inclusivenews.com.br\\\/?p=11263\",\"url\":\"https:\\\/\\\/inclusivenews.com.br\\\/?p=11263\",\"name\":\"Crise pode afetar o futuro dos mais pobres -\",\"isPartOf\":{\"@id\":\"https:\\\/\\\/inclusivenews.com.br\\\/#website\"},\"primaryImageOfPage\":{\"@id\":\"https:\\\/\\\/inclusivenews.com.br\\\/?p=11263#primaryimage\"},\"image\":{\"@id\":\"https:\\\/\\\/inclusivenews.com.br\\\/?p=11263#primaryimage\"},\"thumbnailUrl\":\"http:\\\/\\\/agenciainclusive.files.wordpress.com\\\/2008\\\/11\\\/pnudbrasil.gif\",\"datePublished\":\"2009-09-24T11:54:31+00:00\",\"breadcrumb\":{\"@id\":\"https:\\\/\\\/inclusivenews.com.br\\\/?p=11263#breadcrumb\"},\"inLanguage\":\"pt-PT\",\"potentialAction\":[{\"@type\":\"ReadAction\",\"target\":[\"https:\\\/\\\/inclusivenews.com.br\\\/?p=11263\"]}]},{\"@type\":\"ImageObject\",\"inLanguage\":\"pt-PT\",\"@id\":\"https:\\\/\\\/inclusivenews.com.br\\\/?p=11263#primaryimage\",\"url\":\"http:\\\/\\\/agenciainclusive.files.wordpress.com\\\/2008\\\/11\\\/pnudbrasil.gif\",\"contentUrl\":\"http:\\\/\\\/agenciainclusive.files.wordpress.com\\\/2008\\\/11\\\/pnudbrasil.gif\"},{\"@type\":\"BreadcrumbList\",\"@id\":\"https:\\\/\\\/inclusivenews.com.br\\\/?p=11263#breadcrumb\",\"itemListElement\":[{\"@type\":\"ListItem\",\"position\":1,\"name\":\"In\u00edcio\",\"item\":\"https:\\\/\\\/inclusivenews.com.br\\\/\"},{\"@type\":\"ListItem\",\"position\":2,\"name\":\"Crise pode afetar o futuro dos mais pobres\"}]},{\"@type\":\"WebSite\",\"@id\":\"https:\\\/\\\/inclusivenews.com.br\\\/#website\",\"url\":\"https:\\\/\\\/inclusivenews.com.br\\\/\",\"name\":\"Inclusive News\",\"description\":\"Inclusive News\",\"publisher\":{\"@id\":\"https:\\\/\\\/inclusivenews.com.br\\\/#organization\"},\"potentialAction\":[{\"@type\":\"SearchAction\",\"target\":{\"@type\":\"EntryPoint\",\"urlTemplate\":\"https:\\\/\\\/inclusivenews.com.br\\\/?s={search_term_string}\"},\"query-input\":{\"@type\":\"PropertyValueSpecification\",\"valueRequired\":true,\"valueName\":\"search_term_string\"}}],\"inLanguage\":\"pt-PT\"},{\"@type\":\"Organization\",\"@id\":\"https:\\\/\\\/inclusivenews.com.br\\\/#organization\",\"name\":\"Inclusive - inclus\u00e3o e cidadania\",\"url\":\"https:\\\/\\\/inclusivenews.com.br\\\/\",\"logo\":{\"@type\":\"ImageObject\",\"inLanguage\":\"pt-PT\",\"@id\":\"https:\\\/\\\/inclusivenews.com.br\\\/#\\\/schema\\\/logo\\\/image\\\/\",\"url\":\"https:\\\/\\\/inclusivenews.com.br\\\/wp-content\\\/uploads\\\/2024\\\/03\\\/@grandesite.png\",\"contentUrl\":\"https:\\\/\\\/inclusivenews.com.br\\\/wp-content\\\/uploads\\\/2024\\\/03\\\/@grandesite.png\",\"width\":1080,\"height\":1080,\"caption\":\"Inclusive - inclus\u00e3o e cidadania\"},\"image\":{\"@id\":\"https:\\\/\\\/inclusivenews.com.br\\\/#\\\/schema\\\/logo\\\/image\\\/\"},\"sameAs\":[\"https:\\\/\\\/www.facebook.com\\\/agenciainclusive\\\/\",\"https:\\\/\\\/www.instagram.com\\\/newsinclusive\\\/\"]},{\"@type\":\"Person\",\"@id\":\"https:\\\/\\\/inclusivenews.com.br\\\/#\\\/schema\\\/person\\\/0dab492019871b94abb65fa8ee7c8c44\",\"name\":\"Inclusive\",\"image\":{\"@type\":\"ImageObject\",\"inLanguage\":\"pt-PT\",\"@id\":\"https:\\\/\\\/secure.gravatar.com\\\/avatar\\\/?s=96&d=mm&r=g\",\"url\":\"https:\\\/\\\/secure.gravatar.com\\\/avatar\\\/?s=96&d=mm&r=g\",\"contentUrl\":\"https:\\\/\\\/secure.gravatar.com\\\/avatar\\\/?s=96&d=mm&r=g\",\"caption\":\"Inclusive\"},\"url\":\"https:\\\/\\\/inclusivenews.com.br\\\/?author=2\"}]}<\/script>\n<!-- \/ Yoast SEO plugin. -->","yoast_head_json":{"title":"Crise pode afetar o futuro dos mais pobres -","robots":{"index":"index","follow":"follow","max-snippet":"max-snippet:-1","max-image-preview":"max-image-preview:large","max-video-preview":"max-video-preview:-1"},"canonical":"https:\/\/inclusivenews.com.br\/?p=11263","og_locale":"pt_PT","og_type":"article","og_title":"Crise pode afetar o futuro dos mais pobres -","og_description":"Logotipo PNUD Brasil M\u00e1 nutri\u00e7\u00e3o, mais mortes de crian\u00e7as e aumento no trabalho infantil s\u00e3o os impactos da turbul\u00eancia econ\u00f4mica em longo prazo, diz estudo F\u00c1BIO BRANDT da PrimaPagina Diminui\u00e7\u00e3o da renda familiar, aumento do desemprego e da desigualdade de renda em pa\u00edses em desenvolvimento s\u00e3o efeitos da crise econ\u00f4mica que agravam a pobreza e [&hellip;]","og_url":"https:\/\/inclusivenews.com.br\/?p=11263","article_publisher":"https:\/\/www.facebook.com\/agenciainclusive\/","article_published_time":"2009-09-24T11:54:31+00:00","og_image":[{"url":"http:\/\/agenciainclusive.files.wordpress.com\/2008\/11\/pnudbrasil.gif","type":"","width":"","height":""}],"author":"Inclusive","twitter_card":"summary_large_image","twitter_misc":{"Escrito por":"Inclusive","Tempo estimado de leitura":"4 minutos"},"schema":{"@context":"https:\/\/schema.org","@graph":[{"@type":"Article","@id":"https:\/\/inclusivenews.com.br\/?p=11263#article","isPartOf":{"@id":"https:\/\/inclusivenews.com.br\/?p=11263"},"author":{"name":"Inclusive","@id":"https:\/\/inclusivenews.com.br\/#\/schema\/person\/0dab492019871b94abb65fa8ee7c8c44"},"headline":"Crise pode afetar o futuro dos mais pobres","datePublished":"2009-09-24T11:54:31+00:00","mainEntityOfPage":{"@id":"https:\/\/inclusivenews.com.br\/?p=11263"},"wordCount":755,"commentCount":0,"publisher":{"@id":"https:\/\/inclusivenews.com.br\/#organization"},"image":{"@id":"https:\/\/inclusivenews.com.br\/?p=11263#primaryimage"},"thumbnailUrl":"http:\/\/agenciainclusive.files.wordpress.com\/2008\/11\/pnudbrasil.gif","articleSection":["DIREITOS HUMANOS","NOT\u00cdCIAS"],"inLanguage":"pt-PT","potentialAction":[{"@type":"CommentAction","name":"Comment","target":["https:\/\/inclusivenews.com.br\/?p=11263#respond"]}]},{"@type":"WebPage","@id":"https:\/\/inclusivenews.com.br\/?p=11263","url":"https:\/\/inclusivenews.com.br\/?p=11263","name":"Crise pode afetar o futuro dos mais pobres -","isPartOf":{"@id":"https:\/\/inclusivenews.com.br\/#website"},"primaryImageOfPage":{"@id":"https:\/\/inclusivenews.com.br\/?p=11263#primaryimage"},"image":{"@id":"https:\/\/inclusivenews.com.br\/?p=11263#primaryimage"},"thumbnailUrl":"http:\/\/agenciainclusive.files.wordpress.com\/2008\/11\/pnudbrasil.gif","datePublished":"2009-09-24T11:54:31+00:00","breadcrumb":{"@id":"https:\/\/inclusivenews.com.br\/?p=11263#breadcrumb"},"inLanguage":"pt-PT","potentialAction":[{"@type":"ReadAction","target":["https:\/\/inclusivenews.com.br\/?p=11263"]}]},{"@type":"ImageObject","inLanguage":"pt-PT","@id":"https:\/\/inclusivenews.com.br\/?p=11263#primaryimage","url":"http:\/\/agenciainclusive.files.wordpress.com\/2008\/11\/pnudbrasil.gif","contentUrl":"http:\/\/agenciainclusive.files.wordpress.com\/2008\/11\/pnudbrasil.gif"},{"@type":"BreadcrumbList","@id":"https:\/\/inclusivenews.com.br\/?p=11263#breadcrumb","itemListElement":[{"@type":"ListItem","position":1,"name":"In\u00edcio","item":"https:\/\/inclusivenews.com.br\/"},{"@type":"ListItem","position":2,"name":"Crise pode afetar o futuro dos mais pobres"}]},{"@type":"WebSite","@id":"https:\/\/inclusivenews.com.br\/#website","url":"https:\/\/inclusivenews.com.br\/","name":"Inclusive News","description":"Inclusive News","publisher":{"@id":"https:\/\/inclusivenews.com.br\/#organization"},"potentialAction":[{"@type":"SearchAction","target":{"@type":"EntryPoint","urlTemplate":"https:\/\/inclusivenews.com.br\/?s={search_term_string}"},"query-input":{"@type":"PropertyValueSpecification","valueRequired":true,"valueName":"search_term_string"}}],"inLanguage":"pt-PT"},{"@type":"Organization","@id":"https:\/\/inclusivenews.com.br\/#organization","name":"Inclusive - inclus\u00e3o e cidadania","url":"https:\/\/inclusivenews.com.br\/","logo":{"@type":"ImageObject","inLanguage":"pt-PT","@id":"https:\/\/inclusivenews.com.br\/#\/schema\/logo\/image\/","url":"https:\/\/inclusivenews.com.br\/wp-content\/uploads\/2024\/03\/@grandesite.png","contentUrl":"https:\/\/inclusivenews.com.br\/wp-content\/uploads\/2024\/03\/@grandesite.png","width":1080,"height":1080,"caption":"Inclusive - inclus\u00e3o e cidadania"},"image":{"@id":"https:\/\/inclusivenews.com.br\/#\/schema\/logo\/image\/"},"sameAs":["https:\/\/www.facebook.com\/agenciainclusive\/","https:\/\/www.instagram.com\/newsinclusive\/"]},{"@type":"Person","@id":"https:\/\/inclusivenews.com.br\/#\/schema\/person\/0dab492019871b94abb65fa8ee7c8c44","name":"Inclusive","image":{"@type":"ImageObject","inLanguage":"pt-PT","@id":"https:\/\/secure.gravatar.com\/avatar\/?s=96&d=mm&r=g","url":"https:\/\/secure.gravatar.com\/avatar\/?s=96&d=mm&r=g","contentUrl":"https:\/\/secure.gravatar.com\/avatar\/?s=96&d=mm&r=g","caption":"Inclusive"},"url":"https:\/\/inclusivenews.com.br\/?author=2"}]}},"_links":{"self":[{"href":"https:\/\/inclusivenews.com.br\/index.php?rest_route=\/wp\/v2\/posts\/11263","targetHints":{"allow":["GET"]}}],"collection":[{"href":"https:\/\/inclusivenews.com.br\/index.php?rest_route=\/wp\/v2\/posts"}],"about":[{"href":"https:\/\/inclusivenews.com.br\/index.php?rest_route=\/wp\/v2\/types\/post"}],"author":[{"embeddable":true,"href":"https:\/\/inclusivenews.com.br\/index.php?rest_route=\/wp\/v2\/users\/2"}],"replies":[{"embeddable":true,"href":"https:\/\/inclusivenews.com.br\/index.php?rest_route=%2Fwp%2Fv2%2Fcomments&post=11263"}],"version-history":[{"count":0,"href":"https:\/\/inclusivenews.com.br\/index.php?rest_route=\/wp\/v2\/posts\/11263\/revisions"}],"wp:attachment":[{"href":"https:\/\/inclusivenews.com.br\/index.php?rest_route=%2Fwp%2Fv2%2Fmedia&parent=11263"}],"wp:term":[{"taxonomy":"category","embeddable":true,"href":"https:\/\/inclusivenews.com.br\/index.php?rest_route=%2Fwp%2Fv2%2Fcategories&post=11263"},{"taxonomy":"post_tag","embeddable":true,"href":"https:\/\/inclusivenews.com.br\/index.php?rest_route=%2Fwp%2Fv2%2Ftags&post=11263"}],"curies":[{"name":"wp","href":"https:\/\/api.w.org\/{rel}","templated":true}]}}