{"id":11271,"date":"2009-09-25T06:58:32","date_gmt":"2009-09-25T09:58:32","guid":{"rendered":"http:\/\/agenciainclusive.wordpress.com\/?p=11271"},"modified":"2009-09-25T06:58:32","modified_gmt":"2009-09-25T09:58:32","slug":"seminario-20-anos-de-direitos-da-crianca-e-do-adolescente-abre-inscricoes","status":"publish","type":"post","link":"https:\/\/inclusivenews.com.br\/?p=11271","title":{"rendered":"Semin\u00e1rio &#039;&#039;20 Anos de Direitos da Crian\u00e7a e do Adolescente&#039;&#039; abre inscri\u00e7\u00f5es"},"content":{"rendered":"<figure id=\"attachment_1950\" aria-describedby=\"caption-attachment-1950\" style=\"width: 159px\" class=\"wp-caption alignnone\"><img loading=\"lazy\" decoding=\"async\" class=\"size-full wp-image-1950\" title=\"inesc\" src=\"http:\/\/agenciainclusive.files.wordpress.com\/2008\/11\/inesc.jpg\" alt=\"inesc\" width=\"159\" height=\"130\" \/><figcaption id=\"caption-attachment-1950\" class=\"wp-caption-text\">Descri\u00e7\u00e3o do logotipo: dois semic\u00edrculos unidos por um tra\u00e7o, numa alus\u00e3o ao Congresso Nacional. INESC -Instituto de Estudos Socioecon\u00f4micos.<\/figcaption><\/figure>\n<p style=\"text-align:justify;\">J\u00e1 est\u00e3o abertas as inscri\u00e7\u00f5es para o semin\u00e1rio \u201c20 Anos de Direitos da Crian\u00e7a e do Adolescente\u201d. O evento, uma das a\u00e7\u00f5es do projeto Crian\u00e7a e Adolescente: Prioridade no Parlamento, acontece nos dias 15 e 16 de outubro. O objetivo \u00e9 pautar a sociedade civil e o Congresso Nacional acerca das pol\u00edticas p\u00fablicas de prote\u00e7\u00e3o a meninos e meninas.<\/p>\n<p style=\"text-align:justify;\">Os debates pretendem avaliar as conquistas e desafios da Conven\u00e7\u00e3o sobre os Direitos da Crian\u00e7a e do Estatuto da Crian\u00e7a e do Adolescente (ECA), bem como as pol\u00edticas sociais, com foco na educa\u00e7\u00e3o, sa\u00fade, assist\u00eancia social, medidas socioeducativas e no Sistema de Garantia de Direitos (SGD).<\/p>\n<p style=\"text-align:justify;\">O evento ainda abordar\u00e1 assuntos que tramitam no Congresso Nacional, como medidas socioeducativas aos adolescentes em conflito com a lei, rebaixamento da idade penal, trabalho infantil \u2013 com foco no esporte e nas atividades art\u00edsticas \u2013 e investimentos na \u00e1rea da educa\u00e7\u00e3o.<\/p>\n<p style=\"text-align:justify;\">Para participar \u00e9 necess\u00e1rio preencher a ficha de inscri\u00e7\u00e3o e encaminh\u00e1-la para o endere\u00e7o eletr\u00f4nico <a href=\"mailto:protocoloinesc@inesc.org.br\">protocoloinesc@inesc.org.br<\/a>.<\/p>\n<p style=\"text-align:justify;\">A programa\u00e7\u00e3o completa e outras informa\u00e7\u00f5es est\u00e3o dispon\u00edveis no site: <a href=\"http:\/\/www.inesc.org.br\/\">http:\/\/www.inesc.org.br\/<\/a><\/p>\n","protected":false},"excerpt":{"rendered":"<p>J\u00e1 est\u00e3o abertas as inscri\u00e7\u00f5es para o semin\u00e1rio \u201c20 Anos de Direitos da Crian\u00e7a e do Adolescente\u201d. O evento, uma das a\u00e7\u00f5es do projeto Crian\u00e7a e Adolescente: Prioridade no Parlamento, acontece nos dias 15 e 16 de outubro. O objetivo \u00e9 pautar a sociedade civil e o Congresso Nacional acerca das pol\u00edticas p\u00fablicas de prote\u00e7\u00e3o [&hellip;]<\/p>\n","protected":false},"author":2,"featured_media":0,"comment_status":"open","ping_status":"open","sticky":false,"template":"","format":"standard","meta":{"site-container-style":"default","site-container-layout":"default","site-sidebar-layout":"default","disable-article-header":"default","disable-site-header":"default","disable-site-footer":"default","disable-content-area-spacing":"default","footnotes":""},"categories":[12,4],"tags":[],"class_list":["post-11271","post","type-post","status-publish","format-standard","hentry","category-cursos-e-eventos","category-noticias"],"yoast_head":"<!-- This site is optimized with the Yoast SEO plugin v27.4 - https:\/\/yoast.com\/product\/yoast-seo-wordpress\/ -->\n<title>Semin\u00e1rio &#039;&#039;20 Anos de Direitos da Crian\u00e7a e do Adolescente&#039;&#039; abre inscri\u00e7\u00f5es -<\/title>\n<meta name=\"robots\" content=\"index, follow, max-snippet:-1, max-image-preview:large, max-video-preview:-1\" \/>\n<link rel=\"canonical\" href=\"https:\/\/inclusivenews.com.br\/?p=11271\" \/>\n<meta property=\"og:locale\" content=\"pt_PT\" \/>\n<meta property=\"og:type\" content=\"article\" \/>\n<meta property=\"og:title\" content=\"Semin\u00e1rio &#039;&#039;20 Anos de Direitos da Crian\u00e7a e do Adolescente&#039;&#039; abre inscri\u00e7\u00f5es -\" \/>\n<meta property=\"og:description\" content=\"J\u00e1 est\u00e3o abertas as inscri\u00e7\u00f5es para o semin\u00e1rio \u201c20 Anos de Direitos da Crian\u00e7a e do Adolescente\u201d. O evento, uma das a\u00e7\u00f5es do projeto Crian\u00e7a e Adolescente: Prioridade no Parlamento, acontece nos dias 15 e 16 de outubro. O objetivo \u00e9 pautar a sociedade civil e o Congresso Nacional acerca das pol\u00edticas p\u00fablicas de prote\u00e7\u00e3o [&hellip;]\" \/>\n<meta property=\"og:url\" content=\"https:\/\/inclusivenews.com.br\/?p=11271\" \/>\n<meta property=\"article:publisher\" content=\"https:\/\/www.facebook.com\/agenciainclusive\/\" \/>\n<meta property=\"article:published_time\" content=\"2009-09-25T09:58:32+00:00\" \/>\n<meta property=\"og:image\" content=\"http:\/\/agenciainclusive.files.wordpress.com\/2008\/11\/inesc.jpg\" \/>\n<meta name=\"author\" content=\"Inclusive\" \/>\n<meta name=\"twitter:card\" content=\"summary_large_image\" \/>\n<meta name=\"twitter:label1\" content=\"Escrito por\" \/>\n\t<meta name=\"twitter:data1\" content=\"Inclusive\" \/>\n\t<meta name=\"twitter:label2\" content=\"Tempo estimado de leitura\" \/>\n\t<meta name=\"twitter:data2\" content=\"1 minuto\" \/>\n<script type=\"application\/ld+json\" class=\"yoast-schema-graph\">{\"@context\":\"https:\\\/\\\/schema.org\",\"@graph\":[{\"@type\":\"Article\",\"@id\":\"https:\\\/\\\/inclusivenews.com.br\\\/?p=11271#article\",\"isPartOf\":{\"@id\":\"https:\\\/\\\/inclusivenews.com.br\\\/?p=11271\"},\"author\":{\"name\":\"Inclusive\",\"@id\":\"https:\\\/\\\/inclusivenews.com.br\\\/#\\\/schema\\\/person\\\/0dab492019871b94abb65fa8ee7c8c44\"},\"headline\":\"Semin\u00e1rio &#039;&#039;20 Anos de Direitos da Crian\u00e7a e do Adolescente&#039;&#039; abre inscri\u00e7\u00f5es\",\"datePublished\":\"2009-09-25T09:58:32+00:00\",\"mainEntityOfPage\":{\"@id\":\"https:\\\/\\\/inclusivenews.com.br\\\/?p=11271\"},\"wordCount\":247,\"commentCount\":0,\"publisher\":{\"@id\":\"https:\\\/\\\/inclusivenews.com.br\\\/#organization\"},\"image\":{\"@id\":\"https:\\\/\\\/inclusivenews.com.br\\\/?p=11271#primaryimage\"},\"thumbnailUrl\":\"http:\\\/\\\/agenciainclusive.files.wordpress.com\\\/2008\\\/11\\\/inesc.jpg\",\"articleSection\":[\"Cursos e eventos\",\"NOT\u00cdCIAS\"],\"inLanguage\":\"pt-PT\",\"potentialAction\":[{\"@type\":\"CommentAction\",\"name\":\"Comment\",\"target\":[\"https:\\\/\\\/inclusivenews.com.br\\\/?p=11271#respond\"]}]},{\"@type\":\"WebPage\",\"@id\":\"https:\\\/\\\/inclusivenews.com.br\\\/?p=11271\",\"url\":\"https:\\\/\\\/inclusivenews.com.br\\\/?p=11271\",\"name\":\"Semin\u00e1rio &#039;&#039;20 Anos de Direitos da Crian\u00e7a e do Adolescente&#039;&#039; abre inscri\u00e7\u00f5es -\",\"isPartOf\":{\"@id\":\"https:\\\/\\\/inclusivenews.com.br\\\/#website\"},\"primaryImageOfPage\":{\"@id\":\"https:\\\/\\\/inclusivenews.com.br\\\/?p=11271#primaryimage\"},\"image\":{\"@id\":\"https:\\\/\\\/inclusivenews.com.br\\\/?p=11271#primaryimage\"},\"thumbnailUrl\":\"http:\\\/\\\/agenciainclusive.files.wordpress.com\\\/2008\\\/11\\\/inesc.jpg\",\"datePublished\":\"2009-09-25T09:58:32+00:00\",\"breadcrumb\":{\"@id\":\"https:\\\/\\\/inclusivenews.com.br\\\/?p=11271#breadcrumb\"},\"inLanguage\":\"pt-PT\",\"potentialAction\":[{\"@type\":\"ReadAction\",\"target\":[\"https:\\\/\\\/inclusivenews.com.br\\\/?p=11271\"]}]},{\"@type\":\"ImageObject\",\"inLanguage\":\"pt-PT\",\"@id\":\"https:\\\/\\\/inclusivenews.com.br\\\/?p=11271#primaryimage\",\"url\":\"http:\\\/\\\/agenciainclusive.files.wordpress.com\\\/2008\\\/11\\\/inesc.jpg\",\"contentUrl\":\"http:\\\/\\\/agenciainclusive.files.wordpress.com\\\/2008\\\/11\\\/inesc.jpg\"},{\"@type\":\"BreadcrumbList\",\"@id\":\"https:\\\/\\\/inclusivenews.com.br\\\/?p=11271#breadcrumb\",\"itemListElement\":[{\"@type\":\"ListItem\",\"position\":1,\"name\":\"In\u00edcio\",\"item\":\"https:\\\/\\\/inclusivenews.com.br\\\/\"},{\"@type\":\"ListItem\",\"position\":2,\"name\":\"Semin\u00e1rio &#039;&#039;20 Anos de Direitos da Crian\u00e7a e do Adolescente&#039;&#039; abre inscri\u00e7\u00f5es\"}]},{\"@type\":\"WebSite\",\"@id\":\"https:\\\/\\\/inclusivenews.com.br\\\/#website\",\"url\":\"https:\\\/\\\/inclusivenews.com.br\\\/\",\"name\":\"Inclusive News\",\"description\":\"Inclusive News\",\"publisher\":{\"@id\":\"https:\\\/\\\/inclusivenews.com.br\\\/#organization\"},\"potentialAction\":[{\"@type\":\"SearchAction\",\"target\":{\"@type\":\"EntryPoint\",\"urlTemplate\":\"https:\\\/\\\/inclusivenews.com.br\\\/?s={search_term_string}\"},\"query-input\":{\"@type\":\"PropertyValueSpecification\",\"valueRequired\":true,\"valueName\":\"search_term_string\"}}],\"inLanguage\":\"pt-PT\"},{\"@type\":\"Organization\",\"@id\":\"https:\\\/\\\/inclusivenews.com.br\\\/#organization\",\"name\":\"Inclusive - inclus\u00e3o e cidadania\",\"url\":\"https:\\\/\\\/inclusivenews.com.br\\\/\",\"logo\":{\"@type\":\"ImageObject\",\"inLanguage\":\"pt-PT\",\"@id\":\"https:\\\/\\\/inclusivenews.com.br\\\/#\\\/schema\\\/logo\\\/image\\\/\",\"url\":\"https:\\\/\\\/inclusivenews.com.br\\\/wp-content\\\/uploads\\\/2024\\\/03\\\/@grandesite.png\",\"contentUrl\":\"https:\\\/\\\/inclusivenews.com.br\\\/wp-content\\\/uploads\\\/2024\\\/03\\\/@grandesite.png\",\"width\":1080,\"height\":1080,\"caption\":\"Inclusive - inclus\u00e3o e cidadania\"},\"image\":{\"@id\":\"https:\\\/\\\/inclusivenews.com.br\\\/#\\\/schema\\\/logo\\\/image\\\/\"},\"sameAs\":[\"https:\\\/\\\/www.facebook.com\\\/agenciainclusive\\\/\",\"https:\\\/\\\/www.instagram.com\\\/newsinclusive\\\/\"]},{\"@type\":\"Person\",\"@id\":\"https:\\\/\\\/inclusivenews.com.br\\\/#\\\/schema\\\/person\\\/0dab492019871b94abb65fa8ee7c8c44\",\"name\":\"Inclusive\",\"image\":{\"@type\":\"ImageObject\",\"inLanguage\":\"pt-PT\",\"@id\":\"https:\\\/\\\/secure.gravatar.com\\\/avatar\\\/?s=96&d=mm&r=g\",\"url\":\"https:\\\/\\\/secure.gravatar.com\\\/avatar\\\/?s=96&d=mm&r=g\",\"contentUrl\":\"https:\\\/\\\/secure.gravatar.com\\\/avatar\\\/?s=96&d=mm&r=g\",\"caption\":\"Inclusive\"},\"url\":\"https:\\\/\\\/inclusivenews.com.br\\\/?author=2\"}]}<\/script>\n<!-- \/ Yoast SEO plugin. -->","yoast_head_json":{"title":"Semin\u00e1rio &#039;&#039;20 Anos de Direitos da Crian\u00e7a e do Adolescente&#039;&#039; abre inscri\u00e7\u00f5es -","robots":{"index":"index","follow":"follow","max-snippet":"max-snippet:-1","max-image-preview":"max-image-preview:large","max-video-preview":"max-video-preview:-1"},"canonical":"https:\/\/inclusivenews.com.br\/?p=11271","og_locale":"pt_PT","og_type":"article","og_title":"Semin\u00e1rio &#039;&#039;20 Anos de Direitos da Crian\u00e7a e do Adolescente&#039;&#039; abre inscri\u00e7\u00f5es -","og_description":"J\u00e1 est\u00e3o abertas as inscri\u00e7\u00f5es para o semin\u00e1rio \u201c20 Anos de Direitos da Crian\u00e7a e do Adolescente\u201d. O evento, uma das a\u00e7\u00f5es do projeto Crian\u00e7a e Adolescente: Prioridade no Parlamento, acontece nos dias 15 e 16 de outubro. O objetivo \u00e9 pautar a sociedade civil e o Congresso Nacional acerca das pol\u00edticas p\u00fablicas de prote\u00e7\u00e3o [&hellip;]","og_url":"https:\/\/inclusivenews.com.br\/?p=11271","article_publisher":"https:\/\/www.facebook.com\/agenciainclusive\/","article_published_time":"2009-09-25T09:58:32+00:00","og_image":[{"url":"http:\/\/agenciainclusive.files.wordpress.com\/2008\/11\/inesc.jpg","type":"","width":"","height":""}],"author":"Inclusive","twitter_card":"summary_large_image","twitter_misc":{"Escrito por":"Inclusive","Tempo estimado de leitura":"1 minuto"},"schema":{"@context":"https:\/\/schema.org","@graph":[{"@type":"Article","@id":"https:\/\/inclusivenews.com.br\/?p=11271#article","isPartOf":{"@id":"https:\/\/inclusivenews.com.br\/?p=11271"},"author":{"name":"Inclusive","@id":"https:\/\/inclusivenews.com.br\/#\/schema\/person\/0dab492019871b94abb65fa8ee7c8c44"},"headline":"Semin\u00e1rio &#039;&#039;20 Anos de Direitos da Crian\u00e7a e do Adolescente&#039;&#039; abre inscri\u00e7\u00f5es","datePublished":"2009-09-25T09:58:32+00:00","mainEntityOfPage":{"@id":"https:\/\/inclusivenews.com.br\/?p=11271"},"wordCount":247,"commentCount":0,"publisher":{"@id":"https:\/\/inclusivenews.com.br\/#organization"},"image":{"@id":"https:\/\/inclusivenews.com.br\/?p=11271#primaryimage"},"thumbnailUrl":"http:\/\/agenciainclusive.files.wordpress.com\/2008\/11\/inesc.jpg","articleSection":["Cursos e eventos","NOT\u00cdCIAS"],"inLanguage":"pt-PT","potentialAction":[{"@type":"CommentAction","name":"Comment","target":["https:\/\/inclusivenews.com.br\/?p=11271#respond"]}]},{"@type":"WebPage","@id":"https:\/\/inclusivenews.com.br\/?p=11271","url":"https:\/\/inclusivenews.com.br\/?p=11271","name":"Semin\u00e1rio &#039;&#039;20 Anos de Direitos da Crian\u00e7a e do Adolescente&#039;&#039; abre inscri\u00e7\u00f5es -","isPartOf":{"@id":"https:\/\/inclusivenews.com.br\/#website"},"primaryImageOfPage":{"@id":"https:\/\/inclusivenews.com.br\/?p=11271#primaryimage"},"image":{"@id":"https:\/\/inclusivenews.com.br\/?p=11271#primaryimage"},"thumbnailUrl":"http:\/\/agenciainclusive.files.wordpress.com\/2008\/11\/inesc.jpg","datePublished":"2009-09-25T09:58:32+00:00","breadcrumb":{"@id":"https:\/\/inclusivenews.com.br\/?p=11271#breadcrumb"},"inLanguage":"pt-PT","potentialAction":[{"@type":"ReadAction","target":["https:\/\/inclusivenews.com.br\/?p=11271"]}]},{"@type":"ImageObject","inLanguage":"pt-PT","@id":"https:\/\/inclusivenews.com.br\/?p=11271#primaryimage","url":"http:\/\/agenciainclusive.files.wordpress.com\/2008\/11\/inesc.jpg","contentUrl":"http:\/\/agenciainclusive.files.wordpress.com\/2008\/11\/inesc.jpg"},{"@type":"BreadcrumbList","@id":"https:\/\/inclusivenews.com.br\/?p=11271#breadcrumb","itemListElement":[{"@type":"ListItem","position":1,"name":"In\u00edcio","item":"https:\/\/inclusivenews.com.br\/"},{"@type":"ListItem","position":2,"name":"Semin\u00e1rio &#039;&#039;20 Anos de Direitos da Crian\u00e7a e do Adolescente&#039;&#039; abre inscri\u00e7\u00f5es"}]},{"@type":"WebSite","@id":"https:\/\/inclusivenews.com.br\/#website","url":"https:\/\/inclusivenews.com.br\/","name":"Inclusive News","description":"Inclusive News","publisher":{"@id":"https:\/\/inclusivenews.com.br\/#organization"},"potentialAction":[{"@type":"SearchAction","target":{"@type":"EntryPoint","urlTemplate":"https:\/\/inclusivenews.com.br\/?s={search_term_string}"},"query-input":{"@type":"PropertyValueSpecification","valueRequired":true,"valueName":"search_term_string"}}],"inLanguage":"pt-PT"},{"@type":"Organization","@id":"https:\/\/inclusivenews.com.br\/#organization","name":"Inclusive - inclus\u00e3o e cidadania","url":"https:\/\/inclusivenews.com.br\/","logo":{"@type":"ImageObject","inLanguage":"pt-PT","@id":"https:\/\/inclusivenews.com.br\/#\/schema\/logo\/image\/","url":"https:\/\/inclusivenews.com.br\/wp-content\/uploads\/2024\/03\/@grandesite.png","contentUrl":"https:\/\/inclusivenews.com.br\/wp-content\/uploads\/2024\/03\/@grandesite.png","width":1080,"height":1080,"caption":"Inclusive - inclus\u00e3o e cidadania"},"image":{"@id":"https:\/\/inclusivenews.com.br\/#\/schema\/logo\/image\/"},"sameAs":["https:\/\/www.facebook.com\/agenciainclusive\/","https:\/\/www.instagram.com\/newsinclusive\/"]},{"@type":"Person","@id":"https:\/\/inclusivenews.com.br\/#\/schema\/person\/0dab492019871b94abb65fa8ee7c8c44","name":"Inclusive","image":{"@type":"ImageObject","inLanguage":"pt-PT","@id":"https:\/\/secure.gravatar.com\/avatar\/?s=96&d=mm&r=g","url":"https:\/\/secure.gravatar.com\/avatar\/?s=96&d=mm&r=g","contentUrl":"https:\/\/secure.gravatar.com\/avatar\/?s=96&d=mm&r=g","caption":"Inclusive"},"url":"https:\/\/inclusivenews.com.br\/?author=2"}]}},"_links":{"self":[{"href":"https:\/\/inclusivenews.com.br\/index.php?rest_route=\/wp\/v2\/posts\/11271","targetHints":{"allow":["GET"]}}],"collection":[{"href":"https:\/\/inclusivenews.com.br\/index.php?rest_route=\/wp\/v2\/posts"}],"about":[{"href":"https:\/\/inclusivenews.com.br\/index.php?rest_route=\/wp\/v2\/types\/post"}],"author":[{"embeddable":true,"href":"https:\/\/inclusivenews.com.br\/index.php?rest_route=\/wp\/v2\/users\/2"}],"replies":[{"embeddable":true,"href":"https:\/\/inclusivenews.com.br\/index.php?rest_route=%2Fwp%2Fv2%2Fcomments&post=11271"}],"version-history":[{"count":0,"href":"https:\/\/inclusivenews.com.br\/index.php?rest_route=\/wp\/v2\/posts\/11271\/revisions"}],"wp:attachment":[{"href":"https:\/\/inclusivenews.com.br\/index.php?rest_route=%2Fwp%2Fv2%2Fmedia&parent=11271"}],"wp:term":[{"taxonomy":"category","embeddable":true,"href":"https:\/\/inclusivenews.com.br\/index.php?rest_route=%2Fwp%2Fv2%2Fcategories&post=11271"},{"taxonomy":"post_tag","embeddable":true,"href":"https:\/\/inclusivenews.com.br\/index.php?rest_route=%2Fwp%2Fv2%2Ftags&post=11271"}],"curies":[{"name":"wp","href":"https:\/\/api.w.org\/{rel}","templated":true}]}}