{"id":11273,"date":"2009-09-25T06:58:33","date_gmt":"2009-09-25T09:58:33","guid":{"rendered":"http:\/\/agenciainclusive.wordpress.com\/?p=11273"},"modified":"2009-09-25T06:58:33","modified_gmt":"2009-09-25T09:58:33","slug":"especialistas-defendem-acoes-integradas-de-educacao-e-saude","status":"publish","type":"post","link":"https:\/\/inclusivenews.com.br\/?p=11273","title":{"rendered":"Especialistas defendem a\u00e7\u00f5es integradas de educa\u00e7\u00e3o e sa\u00fade"},"content":{"rendered":"<p style=\"text-align:justify;\">Durante audi\u00eancia p\u00fablica realizada nesta ter\u00e7a-feira (23) na Comiss\u00e3o de Educa\u00e7\u00e3o, Cultura e Esporte (CE), a coordenadora do N\u00facleo de Participa\u00e7\u00e3o e Controle Social do Conselho Nacional de Secretarias Municipais de Sa\u00fade (Conasems), Denise Rinehart, destacou que o projeto que cria o Programa Nacional de Educa\u00e7\u00e3o Infantil para Expans\u00e3o da Rede F\u00edsica (Pronei) poder\u00e1 contribuir para que o Brasil cumpra as Metas do Mil\u00eanio, propostas pela Organiza\u00e7\u00e3o das Na\u00e7\u00f5es Unidas (ONU), para a educa\u00e7\u00e3o e a sa\u00fade. Ela defendeu a realiza\u00e7\u00e3o de a\u00e7\u00f5es integradas entre as \u00e1reas de sa\u00fade e de educa\u00e7\u00e3o com o objetivo de reduzir a mortalidade infantil pela redu\u00e7\u00e3o da desnutri\u00e7\u00e3o infantil e outros dist\u00farbios alimentares.<\/p>\n<p style=\"text-align:justify;\">O projeto (PLS 698\/07), da senadora Patr\u00edcia Saboya (PDT-CE), observou Denise Rinehart, est\u00e1 de acordo com as pol\u00edticas do Sistema \u00danico de Sa\u00fade (SUS) e as a\u00e7\u00f5es propostas, em sua avalia\u00e7\u00e3o, precisam fazer parte do plano municipal de sa\u00fade. Ela tamb\u00e9m disse que os programas precisam receber apoio da comunidade para que sejam eficientes e estarem integradas com os diversos atores envolvidos, como da sa\u00fade, educa\u00e7\u00e3o, esporte e seguran\u00e7a.<\/p>\n<p style=\"text-align:justify;\">O presidente da CE, senador Fl\u00e1vio Arns (sem partido-PR), sugeriu que o SUS elabore um &#8220;programa pedag\u00f3gico de sa\u00fade&#8221; que permita detectar problemas reais ou potenciais que afetam as crian\u00e7as.<\/p>\n<p style=\"text-align:justify;\">Na opini\u00e3o da especialista em educa\u00e7\u00e3o infantil e professora da Universidade de Bras\u00edlia (UnB), Maria de F\u00e1tima Guerra de Souza, o Pronei pode &#8220;mudar o rumo da hist\u00f3ria da crian\u00e7a&#8221; brasileira. Ela defendeu parcerias entre v\u00e1rios agentes p\u00fablicos com vistas \u00e0 prote\u00e7\u00e3o \u00e0 crian\u00e7a, bem como a participa\u00e7\u00e3o da universidade p\u00fablica na forma\u00e7\u00e3o dos profissionais da educa\u00e7\u00e3o.<\/p>\n<p>________________________________________________<\/p>\n<p><strong>Fonte de informa\u00e7\u00e3o:<\/strong> <a href=\"http:\/\/www.senado.gov.br\/agencia\/verNoticia.aspx?codNoticia=95647&amp;codAplicativo=2\" target=\"_blank\" rel=\"noopener\">Ag\u00eancia Senado<\/a> \/ Iara Farias Borges<\/p>\n","protected":false},"excerpt":{"rendered":"<p>Durante audi\u00eancia p\u00fablica realizada nesta ter\u00e7a-feira (23) na Comiss\u00e3o de Educa\u00e7\u00e3o, Cultura e Esporte (CE), a coordenadora do N\u00facleo de Participa\u00e7\u00e3o e Controle Social do Conselho Nacional de Secretarias Municipais de Sa\u00fade (Conasems), Denise Rinehart, destacou que o projeto que cria o Programa Nacional de Educa\u00e7\u00e3o Infantil para Expans\u00e3o da Rede F\u00edsica (Pronei) poder\u00e1 contribuir [&hellip;]<\/p>\n","protected":false},"author":2,"featured_media":0,"comment_status":"open","ping_status":"open","sticky":false,"template":"","format":"standard","meta":{"site-container-style":"default","site-container-layout":"default","site-sidebar-layout":"default","disable-article-header":"default","disable-site-header":"default","disable-site-footer":"default","disable-content-area-spacing":"default","footnotes":""},"categories":[1],"tags":[],"class_list":["post-11273","post","type-post","status-publish","format-standard","hentry","category-blog"],"yoast_head":"<!-- This site is optimized with the Yoast SEO plugin v27.4 - https:\/\/yoast.com\/product\/yoast-seo-wordpress\/ -->\n<title>Especialistas defendem a\u00e7\u00f5es integradas de educa\u00e7\u00e3o e sa\u00fade -<\/title>\n<meta name=\"robots\" content=\"index, follow, max-snippet:-1, max-image-preview:large, max-video-preview:-1\" \/>\n<link rel=\"canonical\" href=\"https:\/\/inclusivenews.com.br\/?p=11273\" \/>\n<meta property=\"og:locale\" content=\"pt_PT\" \/>\n<meta property=\"og:type\" content=\"article\" \/>\n<meta property=\"og:title\" content=\"Especialistas defendem a\u00e7\u00f5es integradas de educa\u00e7\u00e3o e sa\u00fade -\" \/>\n<meta property=\"og:description\" content=\"Durante audi\u00eancia p\u00fablica realizada nesta ter\u00e7a-feira (23) na Comiss\u00e3o de Educa\u00e7\u00e3o, Cultura e Esporte (CE), a coordenadora do N\u00facleo de Participa\u00e7\u00e3o e Controle Social do Conselho Nacional de Secretarias Municipais de Sa\u00fade (Conasems), Denise Rinehart, destacou que o projeto que cria o Programa Nacional de Educa\u00e7\u00e3o Infantil para Expans\u00e3o da Rede F\u00edsica (Pronei) poder\u00e1 contribuir [&hellip;]\" \/>\n<meta property=\"og:url\" content=\"https:\/\/inclusivenews.com.br\/?p=11273\" \/>\n<meta property=\"article:publisher\" content=\"https:\/\/www.facebook.com\/agenciainclusive\/\" \/>\n<meta property=\"article:published_time\" content=\"2009-09-25T09:58:33+00:00\" \/>\n<meta name=\"author\" content=\"Inclusive\" \/>\n<meta name=\"twitter:card\" content=\"summary_large_image\" \/>\n<meta name=\"twitter:label1\" content=\"Escrito por\" \/>\n\t<meta name=\"twitter:data1\" content=\"Inclusive\" \/>\n\t<meta name=\"twitter:label2\" content=\"Tempo estimado de leitura\" \/>\n\t<meta name=\"twitter:data2\" content=\"2 minutos\" \/>\n<script type=\"application\/ld+json\" class=\"yoast-schema-graph\">{\"@context\":\"https:\\\/\\\/schema.org\",\"@graph\":[{\"@type\":\"Article\",\"@id\":\"https:\\\/\\\/inclusivenews.com.br\\\/?p=11273#article\",\"isPartOf\":{\"@id\":\"https:\\\/\\\/inclusivenews.com.br\\\/?p=11273\"},\"author\":{\"name\":\"Inclusive\",\"@id\":\"https:\\\/\\\/inclusivenews.com.br\\\/#\\\/schema\\\/person\\\/0dab492019871b94abb65fa8ee7c8c44\"},\"headline\":\"Especialistas defendem a\u00e7\u00f5es integradas de educa\u00e7\u00e3o e sa\u00fade\",\"datePublished\":\"2009-09-25T09:58:33+00:00\",\"mainEntityOfPage\":{\"@id\":\"https:\\\/\\\/inclusivenews.com.br\\\/?p=11273\"},\"wordCount\":333,\"commentCount\":0,\"publisher\":{\"@id\":\"https:\\\/\\\/inclusivenews.com.br\\\/#organization\"},\"articleSection\":[\"Blog\"],\"inLanguage\":\"pt-PT\",\"potentialAction\":[{\"@type\":\"CommentAction\",\"name\":\"Comment\",\"target\":[\"https:\\\/\\\/inclusivenews.com.br\\\/?p=11273#respond\"]}]},{\"@type\":\"WebPage\",\"@id\":\"https:\\\/\\\/inclusivenews.com.br\\\/?p=11273\",\"url\":\"https:\\\/\\\/inclusivenews.com.br\\\/?p=11273\",\"name\":\"Especialistas defendem a\u00e7\u00f5es integradas de educa\u00e7\u00e3o e sa\u00fade -\",\"isPartOf\":{\"@id\":\"https:\\\/\\\/inclusivenews.com.br\\\/#website\"},\"datePublished\":\"2009-09-25T09:58:33+00:00\",\"breadcrumb\":{\"@id\":\"https:\\\/\\\/inclusivenews.com.br\\\/?p=11273#breadcrumb\"},\"inLanguage\":\"pt-PT\",\"potentialAction\":[{\"@type\":\"ReadAction\",\"target\":[\"https:\\\/\\\/inclusivenews.com.br\\\/?p=11273\"]}]},{\"@type\":\"BreadcrumbList\",\"@id\":\"https:\\\/\\\/inclusivenews.com.br\\\/?p=11273#breadcrumb\",\"itemListElement\":[{\"@type\":\"ListItem\",\"position\":1,\"name\":\"In\u00edcio\",\"item\":\"https:\\\/\\\/inclusivenews.com.br\\\/\"},{\"@type\":\"ListItem\",\"position\":2,\"name\":\"Especialistas defendem a\u00e7\u00f5es integradas de educa\u00e7\u00e3o e sa\u00fade\"}]},{\"@type\":\"WebSite\",\"@id\":\"https:\\\/\\\/inclusivenews.com.br\\\/#website\",\"url\":\"https:\\\/\\\/inclusivenews.com.br\\\/\",\"name\":\"Inclusive News\",\"description\":\"Inclusive News\",\"publisher\":{\"@id\":\"https:\\\/\\\/inclusivenews.com.br\\\/#organization\"},\"potentialAction\":[{\"@type\":\"SearchAction\",\"target\":{\"@type\":\"EntryPoint\",\"urlTemplate\":\"https:\\\/\\\/inclusivenews.com.br\\\/?s={search_term_string}\"},\"query-input\":{\"@type\":\"PropertyValueSpecification\",\"valueRequired\":true,\"valueName\":\"search_term_string\"}}],\"inLanguage\":\"pt-PT\"},{\"@type\":\"Organization\",\"@id\":\"https:\\\/\\\/inclusivenews.com.br\\\/#organization\",\"name\":\"Inclusive - inclus\u00e3o e cidadania\",\"url\":\"https:\\\/\\\/inclusivenews.com.br\\\/\",\"logo\":{\"@type\":\"ImageObject\",\"inLanguage\":\"pt-PT\",\"@id\":\"https:\\\/\\\/inclusivenews.com.br\\\/#\\\/schema\\\/logo\\\/image\\\/\",\"url\":\"https:\\\/\\\/inclusivenews.com.br\\\/wp-content\\\/uploads\\\/2024\\\/03\\\/@grandesite.png\",\"contentUrl\":\"https:\\\/\\\/inclusivenews.com.br\\\/wp-content\\\/uploads\\\/2024\\\/03\\\/@grandesite.png\",\"width\":1080,\"height\":1080,\"caption\":\"Inclusive - inclus\u00e3o e cidadania\"},\"image\":{\"@id\":\"https:\\\/\\\/inclusivenews.com.br\\\/#\\\/schema\\\/logo\\\/image\\\/\"},\"sameAs\":[\"https:\\\/\\\/www.facebook.com\\\/agenciainclusive\\\/\",\"https:\\\/\\\/www.instagram.com\\\/newsinclusive\\\/\"]},{\"@type\":\"Person\",\"@id\":\"https:\\\/\\\/inclusivenews.com.br\\\/#\\\/schema\\\/person\\\/0dab492019871b94abb65fa8ee7c8c44\",\"name\":\"Inclusive\",\"image\":{\"@type\":\"ImageObject\",\"inLanguage\":\"pt-PT\",\"@id\":\"https:\\\/\\\/secure.gravatar.com\\\/avatar\\\/?s=96&d=mm&r=g\",\"url\":\"https:\\\/\\\/secure.gravatar.com\\\/avatar\\\/?s=96&d=mm&r=g\",\"contentUrl\":\"https:\\\/\\\/secure.gravatar.com\\\/avatar\\\/?s=96&d=mm&r=g\",\"caption\":\"Inclusive\"},\"url\":\"https:\\\/\\\/inclusivenews.com.br\\\/?author=2\"}]}<\/script>\n<!-- \/ Yoast SEO plugin. -->","yoast_head_json":{"title":"Especialistas defendem a\u00e7\u00f5es integradas de educa\u00e7\u00e3o e sa\u00fade -","robots":{"index":"index","follow":"follow","max-snippet":"max-snippet:-1","max-image-preview":"max-image-preview:large","max-video-preview":"max-video-preview:-1"},"canonical":"https:\/\/inclusivenews.com.br\/?p=11273","og_locale":"pt_PT","og_type":"article","og_title":"Especialistas defendem a\u00e7\u00f5es integradas de educa\u00e7\u00e3o e sa\u00fade -","og_description":"Durante audi\u00eancia p\u00fablica realizada nesta ter\u00e7a-feira (23) na Comiss\u00e3o de Educa\u00e7\u00e3o, Cultura e Esporte (CE), a coordenadora do N\u00facleo de Participa\u00e7\u00e3o e Controle Social do Conselho Nacional de Secretarias Municipais de Sa\u00fade (Conasems), Denise Rinehart, destacou que o projeto que cria o Programa Nacional de Educa\u00e7\u00e3o Infantil para Expans\u00e3o da Rede F\u00edsica (Pronei) poder\u00e1 contribuir [&hellip;]","og_url":"https:\/\/inclusivenews.com.br\/?p=11273","article_publisher":"https:\/\/www.facebook.com\/agenciainclusive\/","article_published_time":"2009-09-25T09:58:33+00:00","author":"Inclusive","twitter_card":"summary_large_image","twitter_misc":{"Escrito por":"Inclusive","Tempo estimado de leitura":"2 minutos"},"schema":{"@context":"https:\/\/schema.org","@graph":[{"@type":"Article","@id":"https:\/\/inclusivenews.com.br\/?p=11273#article","isPartOf":{"@id":"https:\/\/inclusivenews.com.br\/?p=11273"},"author":{"name":"Inclusive","@id":"https:\/\/inclusivenews.com.br\/#\/schema\/person\/0dab492019871b94abb65fa8ee7c8c44"},"headline":"Especialistas defendem a\u00e7\u00f5es integradas de educa\u00e7\u00e3o e sa\u00fade","datePublished":"2009-09-25T09:58:33+00:00","mainEntityOfPage":{"@id":"https:\/\/inclusivenews.com.br\/?p=11273"},"wordCount":333,"commentCount":0,"publisher":{"@id":"https:\/\/inclusivenews.com.br\/#organization"},"articleSection":["Blog"],"inLanguage":"pt-PT","potentialAction":[{"@type":"CommentAction","name":"Comment","target":["https:\/\/inclusivenews.com.br\/?p=11273#respond"]}]},{"@type":"WebPage","@id":"https:\/\/inclusivenews.com.br\/?p=11273","url":"https:\/\/inclusivenews.com.br\/?p=11273","name":"Especialistas defendem a\u00e7\u00f5es integradas de educa\u00e7\u00e3o e sa\u00fade -","isPartOf":{"@id":"https:\/\/inclusivenews.com.br\/#website"},"datePublished":"2009-09-25T09:58:33+00:00","breadcrumb":{"@id":"https:\/\/inclusivenews.com.br\/?p=11273#breadcrumb"},"inLanguage":"pt-PT","potentialAction":[{"@type":"ReadAction","target":["https:\/\/inclusivenews.com.br\/?p=11273"]}]},{"@type":"BreadcrumbList","@id":"https:\/\/inclusivenews.com.br\/?p=11273#breadcrumb","itemListElement":[{"@type":"ListItem","position":1,"name":"In\u00edcio","item":"https:\/\/inclusivenews.com.br\/"},{"@type":"ListItem","position":2,"name":"Especialistas defendem a\u00e7\u00f5es integradas de educa\u00e7\u00e3o e sa\u00fade"}]},{"@type":"WebSite","@id":"https:\/\/inclusivenews.com.br\/#website","url":"https:\/\/inclusivenews.com.br\/","name":"Inclusive News","description":"Inclusive News","publisher":{"@id":"https:\/\/inclusivenews.com.br\/#organization"},"potentialAction":[{"@type":"SearchAction","target":{"@type":"EntryPoint","urlTemplate":"https:\/\/inclusivenews.com.br\/?s={search_term_string}"},"query-input":{"@type":"PropertyValueSpecification","valueRequired":true,"valueName":"search_term_string"}}],"inLanguage":"pt-PT"},{"@type":"Organization","@id":"https:\/\/inclusivenews.com.br\/#organization","name":"Inclusive - inclus\u00e3o e cidadania","url":"https:\/\/inclusivenews.com.br\/","logo":{"@type":"ImageObject","inLanguage":"pt-PT","@id":"https:\/\/inclusivenews.com.br\/#\/schema\/logo\/image\/","url":"https:\/\/inclusivenews.com.br\/wp-content\/uploads\/2024\/03\/@grandesite.png","contentUrl":"https:\/\/inclusivenews.com.br\/wp-content\/uploads\/2024\/03\/@grandesite.png","width":1080,"height":1080,"caption":"Inclusive - inclus\u00e3o e cidadania"},"image":{"@id":"https:\/\/inclusivenews.com.br\/#\/schema\/logo\/image\/"},"sameAs":["https:\/\/www.facebook.com\/agenciainclusive\/","https:\/\/www.instagram.com\/newsinclusive\/"]},{"@type":"Person","@id":"https:\/\/inclusivenews.com.br\/#\/schema\/person\/0dab492019871b94abb65fa8ee7c8c44","name":"Inclusive","image":{"@type":"ImageObject","inLanguage":"pt-PT","@id":"https:\/\/secure.gravatar.com\/avatar\/?s=96&d=mm&r=g","url":"https:\/\/secure.gravatar.com\/avatar\/?s=96&d=mm&r=g","contentUrl":"https:\/\/secure.gravatar.com\/avatar\/?s=96&d=mm&r=g","caption":"Inclusive"},"url":"https:\/\/inclusivenews.com.br\/?author=2"}]}},"_links":{"self":[{"href":"https:\/\/inclusivenews.com.br\/index.php?rest_route=\/wp\/v2\/posts\/11273","targetHints":{"allow":["GET"]}}],"collection":[{"href":"https:\/\/inclusivenews.com.br\/index.php?rest_route=\/wp\/v2\/posts"}],"about":[{"href":"https:\/\/inclusivenews.com.br\/index.php?rest_route=\/wp\/v2\/types\/post"}],"author":[{"embeddable":true,"href":"https:\/\/inclusivenews.com.br\/index.php?rest_route=\/wp\/v2\/users\/2"}],"replies":[{"embeddable":true,"href":"https:\/\/inclusivenews.com.br\/index.php?rest_route=%2Fwp%2Fv2%2Fcomments&post=11273"}],"version-history":[{"count":0,"href":"https:\/\/inclusivenews.com.br\/index.php?rest_route=\/wp\/v2\/posts\/11273\/revisions"}],"wp:attachment":[{"href":"https:\/\/inclusivenews.com.br\/index.php?rest_route=%2Fwp%2Fv2%2Fmedia&parent=11273"}],"wp:term":[{"taxonomy":"category","embeddable":true,"href":"https:\/\/inclusivenews.com.br\/index.php?rest_route=%2Fwp%2Fv2%2Fcategories&post=11273"},{"taxonomy":"post_tag","embeddable":true,"href":"https:\/\/inclusivenews.com.br\/index.php?rest_route=%2Fwp%2Fv2%2Ftags&post=11273"}],"curies":[{"name":"wp","href":"https:\/\/api.w.org\/{rel}","templated":true}]}}