{"id":11275,"date":"2009-09-25T07:03:36","date_gmt":"2009-09-25T10:03:36","guid":{"rendered":"http:\/\/agenciainclusive.wordpress.com\/?p=11275"},"modified":"2009-09-25T07:03:36","modified_gmt":"2009-09-25T10:03:36","slug":"as-comunidades-de-aprendizagem-e-o-novo-papel-do-professor","status":"publish","type":"post","link":"https:\/\/inclusivenews.com.br\/?p=11275","title":{"rendered":"As comunidades de aprendizagem e o novo papel do professor"},"content":{"rendered":"<p style=\"text-align:justify;\"><strong>Francisco Imbern\u00f3n<\/strong><\/p>\n<p style=\"text-align:justify;\">O projeto de inova\u00e7\u00e3o das comunidades de aprendizagem \u00e9 uma alternativa poss\u00edvel \u00e0 institui\u00e7\u00e3o escolar que pretende alcan\u00e7ar uma melhor e maior aprendizagem dos alunos e evitar que em uma sociedade democr\u00e1tica muitas crian\u00e7as sejam exclu\u00eddas socialmente<\/p>\n<p style=\"text-align:justify;\">Os acontecimentos sociais do final do \u00faltimo quarto de s\u00e9culo levaram a institui\u00e7\u00e3o educativa a uma crise. Se a escola padece de uma crise, os profissionais que nela trabalham tamb\u00e9m a compartilham. Por isso, muitos professores hoje est\u00e3o desorientados sobre o seu papel. A escola n\u00e3o \u00e9 mais o que era h\u00e1 alguns anos (nem pode ser), nem os professores t\u00eam o mesmo papel. Suas fun\u00e7\u00f5es mudaram; portanto, \u00e9 preciso mudar sua forma de trabalhar.<\/p>\n<p style=\"text-align:justify;\">Tudo isso e muito mais suscita a busca de alternativas \u00e0 escolariza\u00e7\u00e3o democr\u00e1tica de toda popula\u00e7\u00e3o. A escola, tal como a conhecemos, criada na modernidade do s\u00e9culo XVIII, consolidada em suas fun\u00e7\u00f5es de educa\u00e7\u00e3o da cidadania no s\u00e9culo XIX e renovada pelos movimentos da escola nova durante o s\u00e9culo XX, tenta educar crian\u00e7as do s\u00e9culo XXI com professores formados em procedimentos educativos do s\u00e9culo XX.<\/p>\n<p style=\"text-align:justify;\">N\u00e3o \u00e9 nada estranho que, a partir dos movimentos mais preocupados com uma melhor educa\u00e7\u00e3o da inf\u00e2ncia, sejam buscadas alternativas de mudan\u00e7a. E uma das poss\u00edveis alternativas que surgiu nos \u00faltimos anos foi a de converter a escola em uma comunidade de aprendizagem, ou seja, visto que a escola mostra-se impotente para educar sozinha todas as crian\u00e7as em uma sociedade democr\u00e1tica, ela necessita da interven\u00e7\u00e3o, de pleno direito, de todas as inst\u00e2ncias de socializa\u00e7\u00e3o que interv\u00eam na educa\u00e7\u00e3o das crian\u00e7as em um determinado contexto (fam\u00edlia, associa\u00e7\u00f5es, empresas, organismos oficiais, volunt\u00e1rios, administra\u00e7\u00f5es, etc.). \u00c9 uma alternativa para que todos adquiram as aprendizagens que lhes permitam desenvolver-se na sociedade do futuro, evitar o fracasso escolar, a desigualdade de aprendizagens e a exclus\u00e3o social de muitas crian\u00e7as.<\/p>\n<p style=\"text-align:justify;\">(&#8230;)<\/p>\n<p><a href=\"http:\/\/www.revistapatio.com.br\/sumario_conteudo.aspx?id=711\" target=\"_blank\" rel=\"noopener\"><strong>Leia a \u00edntegra do artigo na Revista P\u00e1tio Online.<\/strong><\/a><\/p>\n","protected":false},"excerpt":{"rendered":"<p>Francisco Imbern\u00f3n O projeto de inova\u00e7\u00e3o das comunidades de aprendizagem \u00e9 uma alternativa poss\u00edvel \u00e0 institui\u00e7\u00e3o escolar que pretende alcan\u00e7ar uma melhor e maior aprendizagem dos alunos e evitar que em uma sociedade democr\u00e1tica muitas crian\u00e7as sejam exclu\u00eddas socialmente Os acontecimentos sociais do final do \u00faltimo quarto de s\u00e9culo levaram a institui\u00e7\u00e3o educativa a uma [&hellip;]<\/p>\n","protected":false},"author":2,"featured_media":0,"comment_status":"open","ping_status":"open","sticky":false,"template":"","format":"standard","meta":{"site-container-style":"default","site-container-layout":"default","site-sidebar-layout":"default","disable-article-header":"default","disable-site-header":"default","disable-site-footer":"default","disable-content-area-spacing":"default","footnotes":""},"categories":[6,48,8],"tags":[],"class_list":["post-11275","post","type-post","status-publish","format-standard","hentry","category-educacao","category-inclusao","category-textos-e-artigos"],"yoast_head":"<!-- This site is optimized with the Yoast SEO plugin v27.4 - https:\/\/yoast.com\/product\/yoast-seo-wordpress\/ -->\n<title>As comunidades de aprendizagem e o novo papel do professor -<\/title>\n<meta name=\"robots\" content=\"index, follow, max-snippet:-1, max-image-preview:large, max-video-preview:-1\" \/>\n<link rel=\"canonical\" href=\"https:\/\/inclusivenews.com.br\/?p=11275\" \/>\n<meta property=\"og:locale\" content=\"pt_PT\" \/>\n<meta property=\"og:type\" content=\"article\" \/>\n<meta property=\"og:title\" content=\"As comunidades de aprendizagem e o novo papel do professor -\" \/>\n<meta property=\"og:description\" content=\"Francisco Imbern\u00f3n O projeto de inova\u00e7\u00e3o das comunidades de aprendizagem \u00e9 uma alternativa poss\u00edvel \u00e0 institui\u00e7\u00e3o escolar que pretende alcan\u00e7ar uma melhor e maior aprendizagem dos alunos e evitar que em uma sociedade democr\u00e1tica muitas crian\u00e7as sejam exclu\u00eddas socialmente Os acontecimentos sociais do final do \u00faltimo quarto de s\u00e9culo levaram a institui\u00e7\u00e3o educativa a uma [&hellip;]\" \/>\n<meta property=\"og:url\" content=\"https:\/\/inclusivenews.com.br\/?p=11275\" \/>\n<meta property=\"article:publisher\" content=\"https:\/\/www.facebook.com\/agenciainclusive\/\" \/>\n<meta property=\"article:published_time\" content=\"2009-09-25T10:03:36+00:00\" \/>\n<meta name=\"author\" content=\"Inclusive\" \/>\n<meta name=\"twitter:card\" content=\"summary_large_image\" \/>\n<meta name=\"twitter:label1\" content=\"Escrito por\" \/>\n\t<meta name=\"twitter:data1\" content=\"Inclusive\" \/>\n\t<meta name=\"twitter:label2\" content=\"Tempo estimado de leitura\" \/>\n\t<meta name=\"twitter:data2\" content=\"2 minutos\" \/>\n<script type=\"application\/ld+json\" class=\"yoast-schema-graph\">{\"@context\":\"https:\\\/\\\/schema.org\",\"@graph\":[{\"@type\":\"Article\",\"@id\":\"https:\\\/\\\/inclusivenews.com.br\\\/?p=11275#article\",\"isPartOf\":{\"@id\":\"https:\\\/\\\/inclusivenews.com.br\\\/?p=11275\"},\"author\":{\"name\":\"Inclusive\",\"@id\":\"https:\\\/\\\/inclusivenews.com.br\\\/#\\\/schema\\\/person\\\/0dab492019871b94abb65fa8ee7c8c44\"},\"headline\":\"As comunidades de aprendizagem e o novo papel do professor\",\"datePublished\":\"2009-09-25T10:03:36+00:00\",\"mainEntityOfPage\":{\"@id\":\"https:\\\/\\\/inclusivenews.com.br\\\/?p=11275\"},\"wordCount\":361,\"commentCount\":0,\"publisher\":{\"@id\":\"https:\\\/\\\/inclusivenews.com.br\\\/#organization\"},\"articleSection\":[\"EDUCA\u00c7\u00c3O\",\"INCLUS\u00c3O SOCIAL\",\"OPINI\u00c3O\"],\"inLanguage\":\"pt-PT\",\"potentialAction\":[{\"@type\":\"CommentAction\",\"name\":\"Comment\",\"target\":[\"https:\\\/\\\/inclusivenews.com.br\\\/?p=11275#respond\"]}]},{\"@type\":\"WebPage\",\"@id\":\"https:\\\/\\\/inclusivenews.com.br\\\/?p=11275\",\"url\":\"https:\\\/\\\/inclusivenews.com.br\\\/?p=11275\",\"name\":\"As comunidades de aprendizagem e o novo papel do professor -\",\"isPartOf\":{\"@id\":\"https:\\\/\\\/inclusivenews.com.br\\\/#website\"},\"datePublished\":\"2009-09-25T10:03:36+00:00\",\"breadcrumb\":{\"@id\":\"https:\\\/\\\/inclusivenews.com.br\\\/?p=11275#breadcrumb\"},\"inLanguage\":\"pt-PT\",\"potentialAction\":[{\"@type\":\"ReadAction\",\"target\":[\"https:\\\/\\\/inclusivenews.com.br\\\/?p=11275\"]}]},{\"@type\":\"BreadcrumbList\",\"@id\":\"https:\\\/\\\/inclusivenews.com.br\\\/?p=11275#breadcrumb\",\"itemListElement\":[{\"@type\":\"ListItem\",\"position\":1,\"name\":\"In\u00edcio\",\"item\":\"https:\\\/\\\/inclusivenews.com.br\\\/\"},{\"@type\":\"ListItem\",\"position\":2,\"name\":\"As comunidades de aprendizagem e o novo papel do professor\"}]},{\"@type\":\"WebSite\",\"@id\":\"https:\\\/\\\/inclusivenews.com.br\\\/#website\",\"url\":\"https:\\\/\\\/inclusivenews.com.br\\\/\",\"name\":\"Inclusive News\",\"description\":\"Inclusive News\",\"publisher\":{\"@id\":\"https:\\\/\\\/inclusivenews.com.br\\\/#organization\"},\"potentialAction\":[{\"@type\":\"SearchAction\",\"target\":{\"@type\":\"EntryPoint\",\"urlTemplate\":\"https:\\\/\\\/inclusivenews.com.br\\\/?s={search_term_string}\"},\"query-input\":{\"@type\":\"PropertyValueSpecification\",\"valueRequired\":true,\"valueName\":\"search_term_string\"}}],\"inLanguage\":\"pt-PT\"},{\"@type\":\"Organization\",\"@id\":\"https:\\\/\\\/inclusivenews.com.br\\\/#organization\",\"name\":\"Inclusive - inclus\u00e3o e cidadania\",\"url\":\"https:\\\/\\\/inclusivenews.com.br\\\/\",\"logo\":{\"@type\":\"ImageObject\",\"inLanguage\":\"pt-PT\",\"@id\":\"https:\\\/\\\/inclusivenews.com.br\\\/#\\\/schema\\\/logo\\\/image\\\/\",\"url\":\"https:\\\/\\\/inclusivenews.com.br\\\/wp-content\\\/uploads\\\/2024\\\/03\\\/@grandesite.png\",\"contentUrl\":\"https:\\\/\\\/inclusivenews.com.br\\\/wp-content\\\/uploads\\\/2024\\\/03\\\/@grandesite.png\",\"width\":1080,\"height\":1080,\"caption\":\"Inclusive - inclus\u00e3o e cidadania\"},\"image\":{\"@id\":\"https:\\\/\\\/inclusivenews.com.br\\\/#\\\/schema\\\/logo\\\/image\\\/\"},\"sameAs\":[\"https:\\\/\\\/www.facebook.com\\\/agenciainclusive\\\/\",\"https:\\\/\\\/www.instagram.com\\\/newsinclusive\\\/\"]},{\"@type\":\"Person\",\"@id\":\"https:\\\/\\\/inclusivenews.com.br\\\/#\\\/schema\\\/person\\\/0dab492019871b94abb65fa8ee7c8c44\",\"name\":\"Inclusive\",\"image\":{\"@type\":\"ImageObject\",\"inLanguage\":\"pt-PT\",\"@id\":\"https:\\\/\\\/secure.gravatar.com\\\/avatar\\\/?s=96&d=mm&r=g\",\"url\":\"https:\\\/\\\/secure.gravatar.com\\\/avatar\\\/?s=96&d=mm&r=g\",\"contentUrl\":\"https:\\\/\\\/secure.gravatar.com\\\/avatar\\\/?s=96&d=mm&r=g\",\"caption\":\"Inclusive\"},\"url\":\"https:\\\/\\\/inclusivenews.com.br\\\/?author=2\"}]}<\/script>\n<!-- \/ Yoast SEO plugin. -->","yoast_head_json":{"title":"As comunidades de aprendizagem e o novo papel do professor -","robots":{"index":"index","follow":"follow","max-snippet":"max-snippet:-1","max-image-preview":"max-image-preview:large","max-video-preview":"max-video-preview:-1"},"canonical":"https:\/\/inclusivenews.com.br\/?p=11275","og_locale":"pt_PT","og_type":"article","og_title":"As comunidades de aprendizagem e o novo papel do professor -","og_description":"Francisco Imbern\u00f3n O projeto de inova\u00e7\u00e3o das comunidades de aprendizagem \u00e9 uma alternativa poss\u00edvel \u00e0 institui\u00e7\u00e3o escolar que pretende alcan\u00e7ar uma melhor e maior aprendizagem dos alunos e evitar que em uma sociedade democr\u00e1tica muitas crian\u00e7as sejam exclu\u00eddas socialmente Os acontecimentos sociais do final do \u00faltimo quarto de s\u00e9culo levaram a institui\u00e7\u00e3o educativa a uma [&hellip;]","og_url":"https:\/\/inclusivenews.com.br\/?p=11275","article_publisher":"https:\/\/www.facebook.com\/agenciainclusive\/","article_published_time":"2009-09-25T10:03:36+00:00","author":"Inclusive","twitter_card":"summary_large_image","twitter_misc":{"Escrito por":"Inclusive","Tempo estimado de leitura":"2 minutos"},"schema":{"@context":"https:\/\/schema.org","@graph":[{"@type":"Article","@id":"https:\/\/inclusivenews.com.br\/?p=11275#article","isPartOf":{"@id":"https:\/\/inclusivenews.com.br\/?p=11275"},"author":{"name":"Inclusive","@id":"https:\/\/inclusivenews.com.br\/#\/schema\/person\/0dab492019871b94abb65fa8ee7c8c44"},"headline":"As comunidades de aprendizagem e o novo papel do professor","datePublished":"2009-09-25T10:03:36+00:00","mainEntityOfPage":{"@id":"https:\/\/inclusivenews.com.br\/?p=11275"},"wordCount":361,"commentCount":0,"publisher":{"@id":"https:\/\/inclusivenews.com.br\/#organization"},"articleSection":["EDUCA\u00c7\u00c3O","INCLUS\u00c3O SOCIAL","OPINI\u00c3O"],"inLanguage":"pt-PT","potentialAction":[{"@type":"CommentAction","name":"Comment","target":["https:\/\/inclusivenews.com.br\/?p=11275#respond"]}]},{"@type":"WebPage","@id":"https:\/\/inclusivenews.com.br\/?p=11275","url":"https:\/\/inclusivenews.com.br\/?p=11275","name":"As comunidades de aprendizagem e o novo papel do professor -","isPartOf":{"@id":"https:\/\/inclusivenews.com.br\/#website"},"datePublished":"2009-09-25T10:03:36+00:00","breadcrumb":{"@id":"https:\/\/inclusivenews.com.br\/?p=11275#breadcrumb"},"inLanguage":"pt-PT","potentialAction":[{"@type":"ReadAction","target":["https:\/\/inclusivenews.com.br\/?p=11275"]}]},{"@type":"BreadcrumbList","@id":"https:\/\/inclusivenews.com.br\/?p=11275#breadcrumb","itemListElement":[{"@type":"ListItem","position":1,"name":"In\u00edcio","item":"https:\/\/inclusivenews.com.br\/"},{"@type":"ListItem","position":2,"name":"As comunidades de aprendizagem e o novo papel do professor"}]},{"@type":"WebSite","@id":"https:\/\/inclusivenews.com.br\/#website","url":"https:\/\/inclusivenews.com.br\/","name":"Inclusive News","description":"Inclusive News","publisher":{"@id":"https:\/\/inclusivenews.com.br\/#organization"},"potentialAction":[{"@type":"SearchAction","target":{"@type":"EntryPoint","urlTemplate":"https:\/\/inclusivenews.com.br\/?s={search_term_string}"},"query-input":{"@type":"PropertyValueSpecification","valueRequired":true,"valueName":"search_term_string"}}],"inLanguage":"pt-PT"},{"@type":"Organization","@id":"https:\/\/inclusivenews.com.br\/#organization","name":"Inclusive - inclus\u00e3o e cidadania","url":"https:\/\/inclusivenews.com.br\/","logo":{"@type":"ImageObject","inLanguage":"pt-PT","@id":"https:\/\/inclusivenews.com.br\/#\/schema\/logo\/image\/","url":"https:\/\/inclusivenews.com.br\/wp-content\/uploads\/2024\/03\/@grandesite.png","contentUrl":"https:\/\/inclusivenews.com.br\/wp-content\/uploads\/2024\/03\/@grandesite.png","width":1080,"height":1080,"caption":"Inclusive - inclus\u00e3o e cidadania"},"image":{"@id":"https:\/\/inclusivenews.com.br\/#\/schema\/logo\/image\/"},"sameAs":["https:\/\/www.facebook.com\/agenciainclusive\/","https:\/\/www.instagram.com\/newsinclusive\/"]},{"@type":"Person","@id":"https:\/\/inclusivenews.com.br\/#\/schema\/person\/0dab492019871b94abb65fa8ee7c8c44","name":"Inclusive","image":{"@type":"ImageObject","inLanguage":"pt-PT","@id":"https:\/\/secure.gravatar.com\/avatar\/?s=96&d=mm&r=g","url":"https:\/\/secure.gravatar.com\/avatar\/?s=96&d=mm&r=g","contentUrl":"https:\/\/secure.gravatar.com\/avatar\/?s=96&d=mm&r=g","caption":"Inclusive"},"url":"https:\/\/inclusivenews.com.br\/?author=2"}]}},"_links":{"self":[{"href":"https:\/\/inclusivenews.com.br\/index.php?rest_route=\/wp\/v2\/posts\/11275","targetHints":{"allow":["GET"]}}],"collection":[{"href":"https:\/\/inclusivenews.com.br\/index.php?rest_route=\/wp\/v2\/posts"}],"about":[{"href":"https:\/\/inclusivenews.com.br\/index.php?rest_route=\/wp\/v2\/types\/post"}],"author":[{"embeddable":true,"href":"https:\/\/inclusivenews.com.br\/index.php?rest_route=\/wp\/v2\/users\/2"}],"replies":[{"embeddable":true,"href":"https:\/\/inclusivenews.com.br\/index.php?rest_route=%2Fwp%2Fv2%2Fcomments&post=11275"}],"version-history":[{"count":0,"href":"https:\/\/inclusivenews.com.br\/index.php?rest_route=\/wp\/v2\/posts\/11275\/revisions"}],"wp:attachment":[{"href":"https:\/\/inclusivenews.com.br\/index.php?rest_route=%2Fwp%2Fv2%2Fmedia&parent=11275"}],"wp:term":[{"taxonomy":"category","embeddable":true,"href":"https:\/\/inclusivenews.com.br\/index.php?rest_route=%2Fwp%2Fv2%2Fcategories&post=11275"},{"taxonomy":"post_tag","embeddable":true,"href":"https:\/\/inclusivenews.com.br\/index.php?rest_route=%2Fwp%2Fv2%2Ftags&post=11275"}],"curies":[{"name":"wp","href":"https:\/\/api.w.org\/{rel}","templated":true}]}}