{"id":11279,"date":"2009-09-25T07:11:13","date_gmt":"2009-09-25T10:11:13","guid":{"rendered":"http:\/\/agenciainclusive.wordpress.com\/?p=11279"},"modified":"2009-09-25T07:11:13","modified_gmt":"2009-09-25T10:11:13","slug":"volta-por-cima","status":"publish","type":"post","link":"https:\/\/inclusivenews.com.br\/?p=11279","title":{"rendered":"Volta por cima"},"content":{"rendered":"<p style=\"text-align:center;\"><em>Ela nasceu na favela, perdeu os pais aos 14 anos, foi abusada e teve o marido assassinado. Separada de seu filho, foi parar na Febem por um crime que n\u00e3o cometeu. E foi na responsabilidade de ser m\u00e3e que Andrelina Am\u00e9lia Ferreira &#8211; mais conhecida como Andr\u00e9ia &#8211; teve for\u00e7as para mudar a sua vida e dar a &#8230;<\/em><\/p>\n<figure id=\"attachment_11286\" aria-describedby=\"caption-attachment-11286\" style=\"width: 300px\" class=\"wp-caption alignleft\"><a href=\"http:\/\/agenciainclusive.files.wordpress.com\/2009\/09\/i1268481.jpg\"><img loading=\"lazy\" decoding=\"async\" class=\"size-medium wp-image-11286\" title=\"i126848\" src=\"http:\/\/agenciainclusive.files.wordpress.com\/2009\/09\/i1268481.jpg?w=300\" alt=\"i126848\" width=\"300\" height=\"168\" \/><\/a><figcaption id=\"caption-attachment-11286\" class=\"wp-caption-text\">Na foto, Andr\u00e9a, seus filhos e crian\u00e7as atendidas pelo Projeto Social Anjos do Gueto.<\/figcaption><\/figure>\n<p style=\"text-align:justify;\">Com os filhos, ela criou o grupo de rap M\u00e3e &amp; Filhos e desenvolve o projeto Anjos do Gueto, que atende, sem a ajuda do Estado, mais de 32 crian\u00e7as e 43 fam\u00edlias. Andr\u00e9ia, 38 anos, nasceu na periferia da zona sul de S\u00e3o Paulo e, como muitas adolescentes, foi criada sem a presen\u00e7a da m\u00e3e. &#8220;Eu n\u00e3o tenho muito que lembrar da minha m\u00e3e, a n\u00e3o ser que ela era uma mulher que sa\u00eda de manh\u00e3 e voltava \u00e0 noite&#8221;.<\/p>\n<p style=\"text-align:justify;\">E essa li\u00e7\u00e3o do passado ela n\u00e3o repete. &#8220;O trabalho n\u00e3o \u00e9 tudo, eu acho que a m\u00e3e deve dar uma aten\u00e7\u00e3o para os filhos, porque isso sim \u00e9 investimento de verdade&#8221;, diz. Andr\u00e9ia perdeu o pai aos 14 anos. A m\u00e3e, pouco tempo depois. &#8220;Depois disso o mundo caiu sobre a minha cabe\u00e7a!&#8221;, relembra. Mas o pesadelo estava apenas come\u00e7ando. No mesmo ano da morte dos pais e morando sozinha com o \u00fanico irm\u00e3o solteiro, Andr\u00e9ia foi abusada sexualmente por ele. Assustada, fugiu de casa. &#8220;A rua foi a minha seguran\u00e7a.<\/p>\n<p style=\"text-align:justify;\">Dormi at\u00e9 em casa de cachorro e em cima lajes&#8221;, conta. E quando ela pensava que tudo de ruim j\u00e1 tinha acontecido em pouqu\u00edssimo tempo, uma nova surpresa: a gravidez precoce. Sem sa\u00edda, a ent\u00e3o adolescente foi morar com o pai da crian\u00e7a e a sogra. Um m\u00eas depois, o &#8220;marido&#8221; foi assassinado, a sogra abandonou o barraco em que viviam e ela se viu gr\u00e1vida e outra vez na rua&#8230;<\/p>\n<p style=\"text-align:justify;\">(&#8230;)<\/p>\n<p style=\"text-align:justify;\"><strong><a href=\"http:\/\/racabrasil.uol.com.br\/cultura-gente\/133\/artigo143464-1.asp\" target=\"_blank\" rel=\"noopener\">Mas isso n\u00e3o ficou assim, conhe\u00e7a toda a volta por cima da Andr\u00e9a na Revista Ra\u00e7a Brasil.<\/a><\/strong><\/p>\n","protected":false},"excerpt":{"rendered":"<p>Ela nasceu na favela, perdeu os pais aos 14 anos, foi abusada e teve o marido assassinado. Separada de seu filho, foi parar na Febem por um crime que n\u00e3o cometeu. E foi na responsabilidade de ser m\u00e3e que Andrelina Am\u00e9lia Ferreira &#8211; mais conhecida como Andr\u00e9ia &#8211; teve for\u00e7as para mudar a sua vida [&hellip;]<\/p>\n","protected":false},"author":2,"featured_media":0,"comment_status":"open","ping_status":"open","sticky":false,"template":"","format":"standard","meta":{"site-container-style":"default","site-container-layout":"default","site-sidebar-layout":"default","disable-article-header":"default","disable-site-header":"default","disable-site-footer":"default","disable-content-area-spacing":"default","footnotes":""},"categories":[48,33],"tags":[],"class_list":["post-11279","post","type-post","status-publish","format-standard","hentry","category-inclusao","category-reportagem"],"yoast_head":"<!-- This site is optimized with the Yoast SEO plugin v27.4 - https:\/\/yoast.com\/product\/yoast-seo-wordpress\/ -->\n<title>Volta por cima -<\/title>\n<meta name=\"robots\" content=\"index, follow, max-snippet:-1, max-image-preview:large, max-video-preview:-1\" \/>\n<link rel=\"canonical\" href=\"https:\/\/inclusivenews.com.br\/?p=11279\" \/>\n<meta property=\"og:locale\" content=\"pt_PT\" \/>\n<meta property=\"og:type\" content=\"article\" \/>\n<meta property=\"og:title\" content=\"Volta por cima -\" \/>\n<meta property=\"og:description\" content=\"Ela nasceu na favela, perdeu os pais aos 14 anos, foi abusada e teve o marido assassinado. Separada de seu filho, foi parar na Febem por um crime que n\u00e3o cometeu. E foi na responsabilidade de ser m\u00e3e que Andrelina Am\u00e9lia Ferreira &#8211; mais conhecida como Andr\u00e9ia &#8211; teve for\u00e7as para mudar a sua vida [&hellip;]\" \/>\n<meta property=\"og:url\" content=\"https:\/\/inclusivenews.com.br\/?p=11279\" \/>\n<meta property=\"article:publisher\" content=\"https:\/\/www.facebook.com\/agenciainclusive\/\" \/>\n<meta property=\"article:published_time\" content=\"2009-09-25T10:11:13+00:00\" \/>\n<meta property=\"og:image\" content=\"http:\/\/agenciainclusive.files.wordpress.com\/2009\/09\/i1268481.jpg?w=300\" \/>\n<meta name=\"author\" content=\"Inclusive\" \/>\n<meta name=\"twitter:card\" content=\"summary_large_image\" \/>\n<meta name=\"twitter:label1\" content=\"Escrito por\" \/>\n\t<meta name=\"twitter:data1\" content=\"Inclusive\" \/>\n\t<meta name=\"twitter:label2\" content=\"Tempo estimado de leitura\" \/>\n\t<meta name=\"twitter:data2\" content=\"2 minutos\" \/>\n<script type=\"application\/ld+json\" class=\"yoast-schema-graph\">{\"@context\":\"https:\\\/\\\/schema.org\",\"@graph\":[{\"@type\":\"Article\",\"@id\":\"https:\\\/\\\/inclusivenews.com.br\\\/?p=11279#article\",\"isPartOf\":{\"@id\":\"https:\\\/\\\/inclusivenews.com.br\\\/?p=11279\"},\"author\":{\"name\":\"Inclusive\",\"@id\":\"https:\\\/\\\/inclusivenews.com.br\\\/#\\\/schema\\\/person\\\/0dab492019871b94abb65fa8ee7c8c44\"},\"headline\":\"Volta por cima\",\"datePublished\":\"2009-09-25T10:11:13+00:00\",\"mainEntityOfPage\":{\"@id\":\"https:\\\/\\\/inclusivenews.com.br\\\/?p=11279\"},\"wordCount\":376,\"commentCount\":0,\"publisher\":{\"@id\":\"https:\\\/\\\/inclusivenews.com.br\\\/#organization\"},\"image\":{\"@id\":\"https:\\\/\\\/inclusivenews.com.br\\\/?p=11279#primaryimage\"},\"thumbnailUrl\":\"http:\\\/\\\/agenciainclusive.files.wordpress.com\\\/2009\\\/09\\\/i1268481.jpg?w=300\",\"articleSection\":[\"INCLUS\u00c3O SOCIAL\",\"Reportagem\"],\"inLanguage\":\"pt-PT\",\"potentialAction\":[{\"@type\":\"CommentAction\",\"name\":\"Comment\",\"target\":[\"https:\\\/\\\/inclusivenews.com.br\\\/?p=11279#respond\"]}]},{\"@type\":\"WebPage\",\"@id\":\"https:\\\/\\\/inclusivenews.com.br\\\/?p=11279\",\"url\":\"https:\\\/\\\/inclusivenews.com.br\\\/?p=11279\",\"name\":\"Volta por cima -\",\"isPartOf\":{\"@id\":\"https:\\\/\\\/inclusivenews.com.br\\\/#website\"},\"primaryImageOfPage\":{\"@id\":\"https:\\\/\\\/inclusivenews.com.br\\\/?p=11279#primaryimage\"},\"image\":{\"@id\":\"https:\\\/\\\/inclusivenews.com.br\\\/?p=11279#primaryimage\"},\"thumbnailUrl\":\"http:\\\/\\\/agenciainclusive.files.wordpress.com\\\/2009\\\/09\\\/i1268481.jpg?w=300\",\"datePublished\":\"2009-09-25T10:11:13+00:00\",\"breadcrumb\":{\"@id\":\"https:\\\/\\\/inclusivenews.com.br\\\/?p=11279#breadcrumb\"},\"inLanguage\":\"pt-PT\",\"potentialAction\":[{\"@type\":\"ReadAction\",\"target\":[\"https:\\\/\\\/inclusivenews.com.br\\\/?p=11279\"]}]},{\"@type\":\"ImageObject\",\"inLanguage\":\"pt-PT\",\"@id\":\"https:\\\/\\\/inclusivenews.com.br\\\/?p=11279#primaryimage\",\"url\":\"http:\\\/\\\/agenciainclusive.files.wordpress.com\\\/2009\\\/09\\\/i1268481.jpg?w=300\",\"contentUrl\":\"http:\\\/\\\/agenciainclusive.files.wordpress.com\\\/2009\\\/09\\\/i1268481.jpg?w=300\"},{\"@type\":\"BreadcrumbList\",\"@id\":\"https:\\\/\\\/inclusivenews.com.br\\\/?p=11279#breadcrumb\",\"itemListElement\":[{\"@type\":\"ListItem\",\"position\":1,\"name\":\"In\u00edcio\",\"item\":\"https:\\\/\\\/inclusivenews.com.br\\\/\"},{\"@type\":\"ListItem\",\"position\":2,\"name\":\"Volta por cima\"}]},{\"@type\":\"WebSite\",\"@id\":\"https:\\\/\\\/inclusivenews.com.br\\\/#website\",\"url\":\"https:\\\/\\\/inclusivenews.com.br\\\/\",\"name\":\"Inclusive News\",\"description\":\"Inclusive News\",\"publisher\":{\"@id\":\"https:\\\/\\\/inclusivenews.com.br\\\/#organization\"},\"potentialAction\":[{\"@type\":\"SearchAction\",\"target\":{\"@type\":\"EntryPoint\",\"urlTemplate\":\"https:\\\/\\\/inclusivenews.com.br\\\/?s={search_term_string}\"},\"query-input\":{\"@type\":\"PropertyValueSpecification\",\"valueRequired\":true,\"valueName\":\"search_term_string\"}}],\"inLanguage\":\"pt-PT\"},{\"@type\":\"Organization\",\"@id\":\"https:\\\/\\\/inclusivenews.com.br\\\/#organization\",\"name\":\"Inclusive - inclus\u00e3o e cidadania\",\"url\":\"https:\\\/\\\/inclusivenews.com.br\\\/\",\"logo\":{\"@type\":\"ImageObject\",\"inLanguage\":\"pt-PT\",\"@id\":\"https:\\\/\\\/inclusivenews.com.br\\\/#\\\/schema\\\/logo\\\/image\\\/\",\"url\":\"https:\\\/\\\/inclusivenews.com.br\\\/wp-content\\\/uploads\\\/2024\\\/03\\\/@grandesite.png\",\"contentUrl\":\"https:\\\/\\\/inclusivenews.com.br\\\/wp-content\\\/uploads\\\/2024\\\/03\\\/@grandesite.png\",\"width\":1080,\"height\":1080,\"caption\":\"Inclusive - inclus\u00e3o e cidadania\"},\"image\":{\"@id\":\"https:\\\/\\\/inclusivenews.com.br\\\/#\\\/schema\\\/logo\\\/image\\\/\"},\"sameAs\":[\"https:\\\/\\\/www.facebook.com\\\/agenciainclusive\\\/\",\"https:\\\/\\\/www.instagram.com\\\/newsinclusive\\\/\"]},{\"@type\":\"Person\",\"@id\":\"https:\\\/\\\/inclusivenews.com.br\\\/#\\\/schema\\\/person\\\/0dab492019871b94abb65fa8ee7c8c44\",\"name\":\"Inclusive\",\"image\":{\"@type\":\"ImageObject\",\"inLanguage\":\"pt-PT\",\"@id\":\"https:\\\/\\\/secure.gravatar.com\\\/avatar\\\/?s=96&d=mm&r=g\",\"url\":\"https:\\\/\\\/secure.gravatar.com\\\/avatar\\\/?s=96&d=mm&r=g\",\"contentUrl\":\"https:\\\/\\\/secure.gravatar.com\\\/avatar\\\/?s=96&d=mm&r=g\",\"caption\":\"Inclusive\"},\"url\":\"https:\\\/\\\/inclusivenews.com.br\\\/?author=2\"}]}<\/script>\n<!-- \/ Yoast SEO plugin. -->","yoast_head_json":{"title":"Volta por cima -","robots":{"index":"index","follow":"follow","max-snippet":"max-snippet:-1","max-image-preview":"max-image-preview:large","max-video-preview":"max-video-preview:-1"},"canonical":"https:\/\/inclusivenews.com.br\/?p=11279","og_locale":"pt_PT","og_type":"article","og_title":"Volta por cima -","og_description":"Ela nasceu na favela, perdeu os pais aos 14 anos, foi abusada e teve o marido assassinado. Separada de seu filho, foi parar na Febem por um crime que n\u00e3o cometeu. E foi na responsabilidade de ser m\u00e3e que Andrelina Am\u00e9lia Ferreira &#8211; mais conhecida como Andr\u00e9ia &#8211; teve for\u00e7as para mudar a sua vida [&hellip;]","og_url":"https:\/\/inclusivenews.com.br\/?p=11279","article_publisher":"https:\/\/www.facebook.com\/agenciainclusive\/","article_published_time":"2009-09-25T10:11:13+00:00","og_image":[{"url":"http:\/\/agenciainclusive.files.wordpress.com\/2009\/09\/i1268481.jpg?w=300","type":"","width":"","height":""}],"author":"Inclusive","twitter_card":"summary_large_image","twitter_misc":{"Escrito por":"Inclusive","Tempo estimado de leitura":"2 minutos"},"schema":{"@context":"https:\/\/schema.org","@graph":[{"@type":"Article","@id":"https:\/\/inclusivenews.com.br\/?p=11279#article","isPartOf":{"@id":"https:\/\/inclusivenews.com.br\/?p=11279"},"author":{"name":"Inclusive","@id":"https:\/\/inclusivenews.com.br\/#\/schema\/person\/0dab492019871b94abb65fa8ee7c8c44"},"headline":"Volta por cima","datePublished":"2009-09-25T10:11:13+00:00","mainEntityOfPage":{"@id":"https:\/\/inclusivenews.com.br\/?p=11279"},"wordCount":376,"commentCount":0,"publisher":{"@id":"https:\/\/inclusivenews.com.br\/#organization"},"image":{"@id":"https:\/\/inclusivenews.com.br\/?p=11279#primaryimage"},"thumbnailUrl":"http:\/\/agenciainclusive.files.wordpress.com\/2009\/09\/i1268481.jpg?w=300","articleSection":["INCLUS\u00c3O SOCIAL","Reportagem"],"inLanguage":"pt-PT","potentialAction":[{"@type":"CommentAction","name":"Comment","target":["https:\/\/inclusivenews.com.br\/?p=11279#respond"]}]},{"@type":"WebPage","@id":"https:\/\/inclusivenews.com.br\/?p=11279","url":"https:\/\/inclusivenews.com.br\/?p=11279","name":"Volta por cima -","isPartOf":{"@id":"https:\/\/inclusivenews.com.br\/#website"},"primaryImageOfPage":{"@id":"https:\/\/inclusivenews.com.br\/?p=11279#primaryimage"},"image":{"@id":"https:\/\/inclusivenews.com.br\/?p=11279#primaryimage"},"thumbnailUrl":"http:\/\/agenciainclusive.files.wordpress.com\/2009\/09\/i1268481.jpg?w=300","datePublished":"2009-09-25T10:11:13+00:00","breadcrumb":{"@id":"https:\/\/inclusivenews.com.br\/?p=11279#breadcrumb"},"inLanguage":"pt-PT","potentialAction":[{"@type":"ReadAction","target":["https:\/\/inclusivenews.com.br\/?p=11279"]}]},{"@type":"ImageObject","inLanguage":"pt-PT","@id":"https:\/\/inclusivenews.com.br\/?p=11279#primaryimage","url":"http:\/\/agenciainclusive.files.wordpress.com\/2009\/09\/i1268481.jpg?w=300","contentUrl":"http:\/\/agenciainclusive.files.wordpress.com\/2009\/09\/i1268481.jpg?w=300"},{"@type":"BreadcrumbList","@id":"https:\/\/inclusivenews.com.br\/?p=11279#breadcrumb","itemListElement":[{"@type":"ListItem","position":1,"name":"In\u00edcio","item":"https:\/\/inclusivenews.com.br\/"},{"@type":"ListItem","position":2,"name":"Volta por cima"}]},{"@type":"WebSite","@id":"https:\/\/inclusivenews.com.br\/#website","url":"https:\/\/inclusivenews.com.br\/","name":"Inclusive News","description":"Inclusive News","publisher":{"@id":"https:\/\/inclusivenews.com.br\/#organization"},"potentialAction":[{"@type":"SearchAction","target":{"@type":"EntryPoint","urlTemplate":"https:\/\/inclusivenews.com.br\/?s={search_term_string}"},"query-input":{"@type":"PropertyValueSpecification","valueRequired":true,"valueName":"search_term_string"}}],"inLanguage":"pt-PT"},{"@type":"Organization","@id":"https:\/\/inclusivenews.com.br\/#organization","name":"Inclusive - inclus\u00e3o e cidadania","url":"https:\/\/inclusivenews.com.br\/","logo":{"@type":"ImageObject","inLanguage":"pt-PT","@id":"https:\/\/inclusivenews.com.br\/#\/schema\/logo\/image\/","url":"https:\/\/inclusivenews.com.br\/wp-content\/uploads\/2024\/03\/@grandesite.png","contentUrl":"https:\/\/inclusivenews.com.br\/wp-content\/uploads\/2024\/03\/@grandesite.png","width":1080,"height":1080,"caption":"Inclusive - inclus\u00e3o e cidadania"},"image":{"@id":"https:\/\/inclusivenews.com.br\/#\/schema\/logo\/image\/"},"sameAs":["https:\/\/www.facebook.com\/agenciainclusive\/","https:\/\/www.instagram.com\/newsinclusive\/"]},{"@type":"Person","@id":"https:\/\/inclusivenews.com.br\/#\/schema\/person\/0dab492019871b94abb65fa8ee7c8c44","name":"Inclusive","image":{"@type":"ImageObject","inLanguage":"pt-PT","@id":"https:\/\/secure.gravatar.com\/avatar\/?s=96&d=mm&r=g","url":"https:\/\/secure.gravatar.com\/avatar\/?s=96&d=mm&r=g","contentUrl":"https:\/\/secure.gravatar.com\/avatar\/?s=96&d=mm&r=g","caption":"Inclusive"},"url":"https:\/\/inclusivenews.com.br\/?author=2"}]}},"_links":{"self":[{"href":"https:\/\/inclusivenews.com.br\/index.php?rest_route=\/wp\/v2\/posts\/11279","targetHints":{"allow":["GET"]}}],"collection":[{"href":"https:\/\/inclusivenews.com.br\/index.php?rest_route=\/wp\/v2\/posts"}],"about":[{"href":"https:\/\/inclusivenews.com.br\/index.php?rest_route=\/wp\/v2\/types\/post"}],"author":[{"embeddable":true,"href":"https:\/\/inclusivenews.com.br\/index.php?rest_route=\/wp\/v2\/users\/2"}],"replies":[{"embeddable":true,"href":"https:\/\/inclusivenews.com.br\/index.php?rest_route=%2Fwp%2Fv2%2Fcomments&post=11279"}],"version-history":[{"count":0,"href":"https:\/\/inclusivenews.com.br\/index.php?rest_route=\/wp\/v2\/posts\/11279\/revisions"}],"wp:attachment":[{"href":"https:\/\/inclusivenews.com.br\/index.php?rest_route=%2Fwp%2Fv2%2Fmedia&parent=11279"}],"wp:term":[{"taxonomy":"category","embeddable":true,"href":"https:\/\/inclusivenews.com.br\/index.php?rest_route=%2Fwp%2Fv2%2Fcategories&post=11279"},{"taxonomy":"post_tag","embeddable":true,"href":"https:\/\/inclusivenews.com.br\/index.php?rest_route=%2Fwp%2Fv2%2Ftags&post=11279"}],"curies":[{"name":"wp","href":"https:\/\/api.w.org\/{rel}","templated":true}]}}