{"id":11448,"date":"2009-10-05T07:10:16","date_gmt":"2009-10-05T10:10:16","guid":{"rendered":"http:\/\/agenciainclusive.wordpress.com\/?p=11448"},"modified":"2009-10-05T07:10:16","modified_gmt":"2009-10-05T10:10:16","slug":"caminhos-da-reportagem-mostra-a-realidade-de-criancas-e-jovens-no-mundo","status":"publish","type":"post","link":"https:\/\/inclusivenews.com.br\/?p=11448","title":{"rendered":"Caminhos da Reportagem mostra a realidade de crian\u00e7as e jovens no mundo"},"content":{"rendered":"<figure id=\"attachment_11449\" aria-describedby=\"caption-attachment-11449\" style=\"width: 450px\" class=\"wp-caption alignleft\"><a href=\"http:\/\/agenciainclusive.files.wordpress.com\/2009\/10\/topo_boletim_extra_tv.jpg\"><img loading=\"lazy\" decoding=\"async\" class=\"size-full wp-image-11449\" title=\"topo_boletim_extra_tv\" src=\"http:\/\/agenciainclusive.files.wordpress.com\/2009\/10\/topo_boletim_extra_tv.jpg\" alt=\"topo_boletim_extra_tv\" width=\"450\" height=\"60\" \/><\/a><figcaption id=\"caption-attachment-11449\" class=\"wp-caption-text\">Banner onde l\u00ea-se &quot;TV Brasil - Extra&quot;<\/figcaption><\/figure>\n<p style=\"text-align:justify;\">Com a proximidade do Dia das Crian\u00e7as, a discuss\u00e3o sobre a educa\u00e7\u00e3o e qualidade de vida infanto-juvenil volta \u00e0 tona. O Caminhos da Reportagem desta quinta, 8 de outubro, \u00e0s 22h, aborda este tema a partir da exibi\u00e7\u00e3o de cinco document\u00e1rios da S\u00e9rie 21st Century, produzidos pela Organiza\u00e7\u00e3o das Na\u00e7\u00f5es Unidas (ONU).<\/p>\n<p style=\"text-align:justify;\">As reportagens, feitas especialmente para os filmes, mostram a realidade de crian\u00e7as e jovens em diversos lugares do mundo. Na Mong\u00f3lia, por exemplo, o programa revela como as mudan\u00e7as globais est\u00e3o afetando a tribo Tsaatan, formada por aproximadamente 40 fam\u00edlias. A tribo sobrevive da cria\u00e7\u00e3o de renas com a produ\u00e7\u00e3o de leite, carne, peles e ossos usados como materiais de constru\u00e7\u00e3o e ferramentas, al\u00e9m da utiliza\u00e7\u00e3o dos animais para o transporte. Sendo assim, qualquer altera\u00e7\u00e3o clim\u00e1tica afeta diretamente o modo de sobreviv\u00eancia desse povo.<\/p>\n<p style=\"text-align:justify;\">Outro problema \u00e9 o ensino das tradi\u00e7\u00f5es aos jovens. As novas gera\u00e7\u00f5es j\u00e1 n\u00e3o se interessam em aprender os costumes antigos como a l\u00edngua e os h\u00e1bitos da tribo, e esses elementos culturais correm o risco de desaparecer. J\u00e1 na capital do pa\u00eds, Ulaanbaatar, o Caminhos da Reportagem mostra os jovens que moram nas ruas, cometem crimes e podem ser condenados a longas senten\u00e7as de pris\u00e3o.<\/p>\n<p style=\"text-align:justify;\">Na Rep\u00fablica Centro Africana, uma fam\u00edlia sofre com a viol\u00eancia praticada por grupos armados que disputam o poder na regi\u00e3o de pa\u00edses como Chade, o Sud\u00e3o e a Rep\u00fablica Democr\u00e1tica do Congo.<\/p>\n<p style=\"text-align:justify;\">O programa tamb\u00e9m apresenta a hist\u00f3ria de dois africanos que presenciaram um dos piores massacres raciais do s\u00e9culo XX. Um deles, p\u00f4s a pr\u00f3pria vida em risco na tentativa de proteger crian\u00e7as Tutsis dos violentos ataques das mil\u00edcias Hutus durante o genoc\u00eddio em Ruanda, no ano de 1994. O outro africano uniu dois jovens que nasceram em lados opostos, dominadas por mil\u00edcias rivais. No conflito \u00e9tnico em Burundi, um dos pa\u00edses mais pobres do mundo, a maioria dos soldados eram crian\u00e7as.<\/p>\n<p style=\"text-align:justify;\">O Caminhos da Reportagem vai ao ar toda quinta, \u00e0s 22h.<\/p>\n","protected":false},"excerpt":{"rendered":"<p>Com a proximidade do Dia das Crian\u00e7as, a discuss\u00e3o sobre a educa\u00e7\u00e3o e qualidade de vida infanto-juvenil volta \u00e0 tona. O Caminhos da Reportagem desta quinta, 8 de outubro, \u00e0s 22h, aborda este tema a partir da exibi\u00e7\u00e3o de cinco document\u00e1rios da S\u00e9rie 21st Century, produzidos pela Organiza\u00e7\u00e3o das Na\u00e7\u00f5es Unidas (ONU). As reportagens, feitas [&hellip;]<\/p>\n","protected":false},"author":2,"featured_media":0,"comment_status":"open","ping_status":"open","sticky":false,"template":"","format":"standard","meta":{"site-container-style":"default","site-container-layout":"default","site-sidebar-layout":"default","disable-article-header":"default","disable-site-header":"default","disable-site-footer":"default","disable-content-area-spacing":"default","footnotes":""},"categories":[11,4,33],"tags":[],"class_list":["post-11448","post","type-post","status-publish","format-standard","hentry","category-direitos-humanos","category-noticias","category-reportagem"],"yoast_head":"<!-- This site is optimized with the Yoast SEO plugin v27.4 - https:\/\/yoast.com\/product\/yoast-seo-wordpress\/ -->\n<title>Caminhos da Reportagem mostra a realidade de crian\u00e7as e jovens no mundo -<\/title>\n<meta name=\"robots\" content=\"index, follow, max-snippet:-1, max-image-preview:large, max-video-preview:-1\" \/>\n<link rel=\"canonical\" href=\"https:\/\/inclusivenews.com.br\/?p=11448\" \/>\n<meta property=\"og:locale\" content=\"pt_PT\" \/>\n<meta property=\"og:type\" content=\"article\" \/>\n<meta property=\"og:title\" content=\"Caminhos da Reportagem mostra a realidade de crian\u00e7as e jovens no mundo -\" \/>\n<meta property=\"og:description\" content=\"Com a proximidade do Dia das Crian\u00e7as, a discuss\u00e3o sobre a educa\u00e7\u00e3o e qualidade de vida infanto-juvenil volta \u00e0 tona. O Caminhos da Reportagem desta quinta, 8 de outubro, \u00e0s 22h, aborda este tema a partir da exibi\u00e7\u00e3o de cinco document\u00e1rios da S\u00e9rie 21st Century, produzidos pela Organiza\u00e7\u00e3o das Na\u00e7\u00f5es Unidas (ONU). As reportagens, feitas [&hellip;]\" \/>\n<meta property=\"og:url\" content=\"https:\/\/inclusivenews.com.br\/?p=11448\" \/>\n<meta property=\"article:publisher\" content=\"https:\/\/www.facebook.com\/agenciainclusive\/\" \/>\n<meta property=\"article:published_time\" content=\"2009-10-05T10:10:16+00:00\" \/>\n<meta property=\"og:image\" content=\"http:\/\/agenciainclusive.files.wordpress.com\/2009\/10\/topo_boletim_extra_tv.jpg\" \/>\n<meta name=\"author\" content=\"Inclusive\" \/>\n<meta name=\"twitter:card\" content=\"summary_large_image\" \/>\n<meta name=\"twitter:label1\" content=\"Escrito por\" \/>\n\t<meta name=\"twitter:data1\" content=\"Inclusive\" \/>\n\t<meta name=\"twitter:label2\" content=\"Tempo estimado de leitura\" \/>\n\t<meta name=\"twitter:data2\" content=\"2 minutos\" \/>\n<script type=\"application\/ld+json\" class=\"yoast-schema-graph\">{\"@context\":\"https:\\\/\\\/schema.org\",\"@graph\":[{\"@type\":\"Article\",\"@id\":\"https:\\\/\\\/inclusivenews.com.br\\\/?p=11448#article\",\"isPartOf\":{\"@id\":\"https:\\\/\\\/inclusivenews.com.br\\\/?p=11448\"},\"author\":{\"name\":\"Inclusive\",\"@id\":\"https:\\\/\\\/inclusivenews.com.br\\\/#\\\/schema\\\/person\\\/0dab492019871b94abb65fa8ee7c8c44\"},\"headline\":\"Caminhos da Reportagem mostra a realidade de crian\u00e7as e jovens no mundo\",\"datePublished\":\"2009-10-05T10:10:16+00:00\",\"mainEntityOfPage\":{\"@id\":\"https:\\\/\\\/inclusivenews.com.br\\\/?p=11448\"},\"wordCount\":400,\"commentCount\":1,\"publisher\":{\"@id\":\"https:\\\/\\\/inclusivenews.com.br\\\/#organization\"},\"image\":{\"@id\":\"https:\\\/\\\/inclusivenews.com.br\\\/?p=11448#primaryimage\"},\"thumbnailUrl\":\"http:\\\/\\\/agenciainclusive.files.wordpress.com\\\/2009\\\/10\\\/topo_boletim_extra_tv.jpg\",\"articleSection\":[\"DIREITOS HUMANOS\",\"NOT\u00cdCIAS\",\"Reportagem\"],\"inLanguage\":\"pt-PT\",\"potentialAction\":[{\"@type\":\"CommentAction\",\"name\":\"Comment\",\"target\":[\"https:\\\/\\\/inclusivenews.com.br\\\/?p=11448#respond\"]}]},{\"@type\":\"WebPage\",\"@id\":\"https:\\\/\\\/inclusivenews.com.br\\\/?p=11448\",\"url\":\"https:\\\/\\\/inclusivenews.com.br\\\/?p=11448\",\"name\":\"Caminhos da Reportagem mostra a realidade de crian\u00e7as e jovens no mundo -\",\"isPartOf\":{\"@id\":\"https:\\\/\\\/inclusivenews.com.br\\\/#website\"},\"primaryImageOfPage\":{\"@id\":\"https:\\\/\\\/inclusivenews.com.br\\\/?p=11448#primaryimage\"},\"image\":{\"@id\":\"https:\\\/\\\/inclusivenews.com.br\\\/?p=11448#primaryimage\"},\"thumbnailUrl\":\"http:\\\/\\\/agenciainclusive.files.wordpress.com\\\/2009\\\/10\\\/topo_boletim_extra_tv.jpg\",\"datePublished\":\"2009-10-05T10:10:16+00:00\",\"breadcrumb\":{\"@id\":\"https:\\\/\\\/inclusivenews.com.br\\\/?p=11448#breadcrumb\"},\"inLanguage\":\"pt-PT\",\"potentialAction\":[{\"@type\":\"ReadAction\",\"target\":[\"https:\\\/\\\/inclusivenews.com.br\\\/?p=11448\"]}]},{\"@type\":\"ImageObject\",\"inLanguage\":\"pt-PT\",\"@id\":\"https:\\\/\\\/inclusivenews.com.br\\\/?p=11448#primaryimage\",\"url\":\"http:\\\/\\\/agenciainclusive.files.wordpress.com\\\/2009\\\/10\\\/topo_boletim_extra_tv.jpg\",\"contentUrl\":\"http:\\\/\\\/agenciainclusive.files.wordpress.com\\\/2009\\\/10\\\/topo_boletim_extra_tv.jpg\"},{\"@type\":\"BreadcrumbList\",\"@id\":\"https:\\\/\\\/inclusivenews.com.br\\\/?p=11448#breadcrumb\",\"itemListElement\":[{\"@type\":\"ListItem\",\"position\":1,\"name\":\"In\u00edcio\",\"item\":\"https:\\\/\\\/inclusivenews.com.br\\\/\"},{\"@type\":\"ListItem\",\"position\":2,\"name\":\"Caminhos da Reportagem mostra a realidade de crian\u00e7as e jovens no mundo\"}]},{\"@type\":\"WebSite\",\"@id\":\"https:\\\/\\\/inclusivenews.com.br\\\/#website\",\"url\":\"https:\\\/\\\/inclusivenews.com.br\\\/\",\"name\":\"Inclusive News\",\"description\":\"Inclusive News\",\"publisher\":{\"@id\":\"https:\\\/\\\/inclusivenews.com.br\\\/#organization\"},\"potentialAction\":[{\"@type\":\"SearchAction\",\"target\":{\"@type\":\"EntryPoint\",\"urlTemplate\":\"https:\\\/\\\/inclusivenews.com.br\\\/?s={search_term_string}\"},\"query-input\":{\"@type\":\"PropertyValueSpecification\",\"valueRequired\":true,\"valueName\":\"search_term_string\"}}],\"inLanguage\":\"pt-PT\"},{\"@type\":\"Organization\",\"@id\":\"https:\\\/\\\/inclusivenews.com.br\\\/#organization\",\"name\":\"Inclusive - inclus\u00e3o e cidadania\",\"url\":\"https:\\\/\\\/inclusivenews.com.br\\\/\",\"logo\":{\"@type\":\"ImageObject\",\"inLanguage\":\"pt-PT\",\"@id\":\"https:\\\/\\\/inclusivenews.com.br\\\/#\\\/schema\\\/logo\\\/image\\\/\",\"url\":\"https:\\\/\\\/inclusivenews.com.br\\\/wp-content\\\/uploads\\\/2024\\\/03\\\/@grandesite.png\",\"contentUrl\":\"https:\\\/\\\/inclusivenews.com.br\\\/wp-content\\\/uploads\\\/2024\\\/03\\\/@grandesite.png\",\"width\":1080,\"height\":1080,\"caption\":\"Inclusive - inclus\u00e3o e cidadania\"},\"image\":{\"@id\":\"https:\\\/\\\/inclusivenews.com.br\\\/#\\\/schema\\\/logo\\\/image\\\/\"},\"sameAs\":[\"https:\\\/\\\/www.facebook.com\\\/agenciainclusive\\\/\",\"https:\\\/\\\/www.instagram.com\\\/newsinclusive\\\/\"]},{\"@type\":\"Person\",\"@id\":\"https:\\\/\\\/inclusivenews.com.br\\\/#\\\/schema\\\/person\\\/0dab492019871b94abb65fa8ee7c8c44\",\"name\":\"Inclusive\",\"image\":{\"@type\":\"ImageObject\",\"inLanguage\":\"pt-PT\",\"@id\":\"https:\\\/\\\/secure.gravatar.com\\\/avatar\\\/?s=96&d=mm&r=g\",\"url\":\"https:\\\/\\\/secure.gravatar.com\\\/avatar\\\/?s=96&d=mm&r=g\",\"contentUrl\":\"https:\\\/\\\/secure.gravatar.com\\\/avatar\\\/?s=96&d=mm&r=g\",\"caption\":\"Inclusive\"},\"url\":\"https:\\\/\\\/inclusivenews.com.br\\\/?author=2\"}]}<\/script>\n<!-- \/ Yoast SEO plugin. -->","yoast_head_json":{"title":"Caminhos da Reportagem mostra a realidade de crian\u00e7as e jovens no mundo -","robots":{"index":"index","follow":"follow","max-snippet":"max-snippet:-1","max-image-preview":"max-image-preview:large","max-video-preview":"max-video-preview:-1"},"canonical":"https:\/\/inclusivenews.com.br\/?p=11448","og_locale":"pt_PT","og_type":"article","og_title":"Caminhos da Reportagem mostra a realidade de crian\u00e7as e jovens no mundo -","og_description":"Com a proximidade do Dia das Crian\u00e7as, a discuss\u00e3o sobre a educa\u00e7\u00e3o e qualidade de vida infanto-juvenil volta \u00e0 tona. O Caminhos da Reportagem desta quinta, 8 de outubro, \u00e0s 22h, aborda este tema a partir da exibi\u00e7\u00e3o de cinco document\u00e1rios da S\u00e9rie 21st Century, produzidos pela Organiza\u00e7\u00e3o das Na\u00e7\u00f5es Unidas (ONU). As reportagens, feitas [&hellip;]","og_url":"https:\/\/inclusivenews.com.br\/?p=11448","article_publisher":"https:\/\/www.facebook.com\/agenciainclusive\/","article_published_time":"2009-10-05T10:10:16+00:00","og_image":[{"url":"http:\/\/agenciainclusive.files.wordpress.com\/2009\/10\/topo_boletim_extra_tv.jpg","type":"","width":"","height":""}],"author":"Inclusive","twitter_card":"summary_large_image","twitter_misc":{"Escrito por":"Inclusive","Tempo estimado de leitura":"2 minutos"},"schema":{"@context":"https:\/\/schema.org","@graph":[{"@type":"Article","@id":"https:\/\/inclusivenews.com.br\/?p=11448#article","isPartOf":{"@id":"https:\/\/inclusivenews.com.br\/?p=11448"},"author":{"name":"Inclusive","@id":"https:\/\/inclusivenews.com.br\/#\/schema\/person\/0dab492019871b94abb65fa8ee7c8c44"},"headline":"Caminhos da Reportagem mostra a realidade de crian\u00e7as e jovens no mundo","datePublished":"2009-10-05T10:10:16+00:00","mainEntityOfPage":{"@id":"https:\/\/inclusivenews.com.br\/?p=11448"},"wordCount":400,"commentCount":1,"publisher":{"@id":"https:\/\/inclusivenews.com.br\/#organization"},"image":{"@id":"https:\/\/inclusivenews.com.br\/?p=11448#primaryimage"},"thumbnailUrl":"http:\/\/agenciainclusive.files.wordpress.com\/2009\/10\/topo_boletim_extra_tv.jpg","articleSection":["DIREITOS HUMANOS","NOT\u00cdCIAS","Reportagem"],"inLanguage":"pt-PT","potentialAction":[{"@type":"CommentAction","name":"Comment","target":["https:\/\/inclusivenews.com.br\/?p=11448#respond"]}]},{"@type":"WebPage","@id":"https:\/\/inclusivenews.com.br\/?p=11448","url":"https:\/\/inclusivenews.com.br\/?p=11448","name":"Caminhos da Reportagem mostra a realidade de crian\u00e7as e jovens no mundo -","isPartOf":{"@id":"https:\/\/inclusivenews.com.br\/#website"},"primaryImageOfPage":{"@id":"https:\/\/inclusivenews.com.br\/?p=11448#primaryimage"},"image":{"@id":"https:\/\/inclusivenews.com.br\/?p=11448#primaryimage"},"thumbnailUrl":"http:\/\/agenciainclusive.files.wordpress.com\/2009\/10\/topo_boletim_extra_tv.jpg","datePublished":"2009-10-05T10:10:16+00:00","breadcrumb":{"@id":"https:\/\/inclusivenews.com.br\/?p=11448#breadcrumb"},"inLanguage":"pt-PT","potentialAction":[{"@type":"ReadAction","target":["https:\/\/inclusivenews.com.br\/?p=11448"]}]},{"@type":"ImageObject","inLanguage":"pt-PT","@id":"https:\/\/inclusivenews.com.br\/?p=11448#primaryimage","url":"http:\/\/agenciainclusive.files.wordpress.com\/2009\/10\/topo_boletim_extra_tv.jpg","contentUrl":"http:\/\/agenciainclusive.files.wordpress.com\/2009\/10\/topo_boletim_extra_tv.jpg"},{"@type":"BreadcrumbList","@id":"https:\/\/inclusivenews.com.br\/?p=11448#breadcrumb","itemListElement":[{"@type":"ListItem","position":1,"name":"In\u00edcio","item":"https:\/\/inclusivenews.com.br\/"},{"@type":"ListItem","position":2,"name":"Caminhos da Reportagem mostra a realidade de crian\u00e7as e jovens no mundo"}]},{"@type":"WebSite","@id":"https:\/\/inclusivenews.com.br\/#website","url":"https:\/\/inclusivenews.com.br\/","name":"Inclusive News","description":"Inclusive News","publisher":{"@id":"https:\/\/inclusivenews.com.br\/#organization"},"potentialAction":[{"@type":"SearchAction","target":{"@type":"EntryPoint","urlTemplate":"https:\/\/inclusivenews.com.br\/?s={search_term_string}"},"query-input":{"@type":"PropertyValueSpecification","valueRequired":true,"valueName":"search_term_string"}}],"inLanguage":"pt-PT"},{"@type":"Organization","@id":"https:\/\/inclusivenews.com.br\/#organization","name":"Inclusive - inclus\u00e3o e cidadania","url":"https:\/\/inclusivenews.com.br\/","logo":{"@type":"ImageObject","inLanguage":"pt-PT","@id":"https:\/\/inclusivenews.com.br\/#\/schema\/logo\/image\/","url":"https:\/\/inclusivenews.com.br\/wp-content\/uploads\/2024\/03\/@grandesite.png","contentUrl":"https:\/\/inclusivenews.com.br\/wp-content\/uploads\/2024\/03\/@grandesite.png","width":1080,"height":1080,"caption":"Inclusive - inclus\u00e3o e cidadania"},"image":{"@id":"https:\/\/inclusivenews.com.br\/#\/schema\/logo\/image\/"},"sameAs":["https:\/\/www.facebook.com\/agenciainclusive\/","https:\/\/www.instagram.com\/newsinclusive\/"]},{"@type":"Person","@id":"https:\/\/inclusivenews.com.br\/#\/schema\/person\/0dab492019871b94abb65fa8ee7c8c44","name":"Inclusive","image":{"@type":"ImageObject","inLanguage":"pt-PT","@id":"https:\/\/secure.gravatar.com\/avatar\/?s=96&d=mm&r=g","url":"https:\/\/secure.gravatar.com\/avatar\/?s=96&d=mm&r=g","contentUrl":"https:\/\/secure.gravatar.com\/avatar\/?s=96&d=mm&r=g","caption":"Inclusive"},"url":"https:\/\/inclusivenews.com.br\/?author=2"}]}},"_links":{"self":[{"href":"https:\/\/inclusivenews.com.br\/index.php?rest_route=\/wp\/v2\/posts\/11448","targetHints":{"allow":["GET"]}}],"collection":[{"href":"https:\/\/inclusivenews.com.br\/index.php?rest_route=\/wp\/v2\/posts"}],"about":[{"href":"https:\/\/inclusivenews.com.br\/index.php?rest_route=\/wp\/v2\/types\/post"}],"author":[{"embeddable":true,"href":"https:\/\/inclusivenews.com.br\/index.php?rest_route=\/wp\/v2\/users\/2"}],"replies":[{"embeddable":true,"href":"https:\/\/inclusivenews.com.br\/index.php?rest_route=%2Fwp%2Fv2%2Fcomments&post=11448"}],"version-history":[{"count":0,"href":"https:\/\/inclusivenews.com.br\/index.php?rest_route=\/wp\/v2\/posts\/11448\/revisions"}],"wp:attachment":[{"href":"https:\/\/inclusivenews.com.br\/index.php?rest_route=%2Fwp%2Fv2%2Fmedia&parent=11448"}],"wp:term":[{"taxonomy":"category","embeddable":true,"href":"https:\/\/inclusivenews.com.br\/index.php?rest_route=%2Fwp%2Fv2%2Fcategories&post=11448"},{"taxonomy":"post_tag","embeddable":true,"href":"https:\/\/inclusivenews.com.br\/index.php?rest_route=%2Fwp%2Fv2%2Ftags&post=11448"}],"curies":[{"name":"wp","href":"https:\/\/api.w.org\/{rel}","templated":true}]}}