{"id":11500,"date":"2009-10-07T07:14:47","date_gmt":"2009-10-07T10:14:47","guid":{"rendered":"http:\/\/agenciainclusive.wordpress.com\/?p=11500"},"modified":"2009-10-07T07:14:47","modified_gmt":"2009-10-07T10:14:47","slug":"ii-seminario-de-educacao-inclusiva","status":"publish","type":"post","link":"https:\/\/inclusivenews.com.br\/?p=11500","title":{"rendered":"II Semin\u00e1rio de Educa\u00e7\u00e3o Inclusiva"},"content":{"rendered":"<figure id=\"attachment_11507\" aria-describedby=\"caption-attachment-11507\" style=\"width: 176px\" class=\"wp-caption aligncenter\"><a href=\"http:\/\/agenciainclusive.files.wordpress.com\/2009\/10\/joinvile.jpg\"><img loading=\"lazy\" decoding=\"async\" class=\"size-full wp-image-11507\" title=\"joinvile\" src=\"http:\/\/agenciainclusive.files.wordpress.com\/2009\/10\/joinvile.jpg\" alt=\"joinvile\" width=\"176\" height=\"84\" \/><\/a><figcaption id=\"caption-attachment-11507\" class=\"wp-caption-text\">Logotipo do evento, onde l\u00ea-se &quot;Semin\u00e1rio de Educa\u00e7\u00e3o Inclusiva&quot; e um c\u00edrculo formado por l\u00e1pis coloridos.<\/figcaption><\/figure>\n<p style=\"text-align:center;\">\n<p><strong>13 e 14 de outubro de 2009<\/strong><br \/>\n<strong>Local: Centreventos Cau Hansen<br \/>\nAV. Jos\u00e9 Vieira, 315 \u2013 Centro \u2013 Joinville<\/strong><\/p>\n<p>______________________________<\/p>\n<p>PROGRAMA\u00c7\u00c3O 13\/10\u00a0\u00a0 \u00a0HOR\u00c1RIOS<br \/>\nAbertura\u00a0\u00a0 \u00a019h<br \/>\nApresenta\u00e7\u00e3o Cultural\u00a0\u00a0 \u00a019h30min \u00e0s 20h<br \/>\nPalestrante: Mario C\u00e9sar da Silveira\u00a0\u00a0 \u00a020h \u00e0s 21h<br \/>\n1\u00aa Palestra: \u201cAcessibilidade Quebra de Paradigmas\u201d<br \/>\nPalestrante: Janilton Lima\u00a0\u00a0 \u00a021h \u00e0s 22h<br \/>\n2\u00aa Palestra: &#8220;A Lei e o Direito da Pessoa com Defici\u00eancia a Educa\u00e7\u00e3o\u201d<\/p>\n<p>PROGRAMA\u00c7\u00c3O 14\/10\u00a0\u00a0 \u00a0HOR\u00c1RIOS<\/p>\n<p>Palestrante: Rosangela Machado\u00a0\u00a0 \u00a008h30min \u00e0s 09h30min<br \/>\n1\u00aa Palestra: \u201cA Defici\u00eancia Mental\/Intelectual na Educa\u00e7\u00e3o Inclusiva\u201d.<br \/>\nIntervalo\u00a0\u00a0 \u00a009h30min \u00e0s 10h<br \/>\nPalestrante: Shirley Vilhalva\u00a0\u00a0 \u00a010h \u00e0s 11h<br \/>\n2\u00aa Palestra: &#8220;O direito linguistico do Surdo e do Deficiente auditivo no contexto familiar, social e escolar\u201d<br \/>\nDebate\u00a0\u00a0 \u00a011h \u00e0s 12h<br \/>\nPalestrantes: Rita Bersch e Daianne Serafim Martins\u00a0\u00a0 \u00a014h \u00e0s 15h<br \/>\n3\u00aa Palestra: \u201cTecnologia Assistiva na Perspectiva da Educa\u00e7\u00e3o Inclusiva\u201d<br \/>\nIntervalo\u00a0\u00a0 \u00a015h \u00e0s 15h30min<br \/>\nPalestrante: Elizabet Dias de S\u00e1\u00a0\u00a0 \u00a015h30min \u00e0s 16h30min.<br \/>\n4\u00aa Palestra: \u201cAtendimento Educacional Especializado da Pessoa com Defici\u00eancia Visual\u201d<br \/>\nDebate e encerramento\u00a0\u00a0 \u00a016h30min \u00e0s 17h30min.<\/p>\n","protected":false},"excerpt":{"rendered":"<p>13 e 14 de outubro de 2009 Local: Centreventos Cau Hansen AV. Jos\u00e9 Vieira, 315 \u2013 Centro \u2013 Joinville ______________________________ PROGRAMA\u00c7\u00c3O 13\/10\u00a0\u00a0 \u00a0HOR\u00c1RIOS Abertura\u00a0\u00a0 \u00a019h Apresenta\u00e7\u00e3o Cultural\u00a0\u00a0 \u00a019h30min \u00e0s 20h Palestrante: Mario C\u00e9sar da Silveira\u00a0\u00a0 \u00a020h \u00e0s 21h 1\u00aa Palestra: \u201cAcessibilidade Quebra de Paradigmas\u201d Palestrante: Janilton Lima\u00a0\u00a0 \u00a021h \u00e0s 22h 2\u00aa Palestra: &#8220;A Lei e [&hellip;]<\/p>\n","protected":false},"author":2,"featured_media":0,"comment_status":"open","ping_status":"open","sticky":false,"template":"","format":"standard","meta":{"site-container-style":"default","site-container-layout":"default","site-sidebar-layout":"default","disable-article-header":"default","disable-site-header":"default","disable-site-footer":"default","disable-content-area-spacing":"default","footnotes":""},"categories":[12,6,48],"tags":[],"class_list":["post-11500","post","type-post","status-publish","format-standard","hentry","category-cursos-e-eventos","category-educacao","category-inclusao"],"yoast_head":"<!-- This site is optimized with the Yoast SEO plugin v27.5 - https:\/\/yoast.com\/product\/yoast-seo-wordpress\/ -->\n<title>II Semin\u00e1rio de Educa\u00e7\u00e3o Inclusiva -<\/title>\n<meta name=\"robots\" content=\"index, follow, max-snippet:-1, max-image-preview:large, max-video-preview:-1\" \/>\n<link rel=\"canonical\" href=\"https:\/\/inclusivenews.com.br\/?p=11500\" \/>\n<meta property=\"og:locale\" content=\"pt_PT\" \/>\n<meta property=\"og:type\" content=\"article\" \/>\n<meta property=\"og:title\" content=\"II Semin\u00e1rio de Educa\u00e7\u00e3o Inclusiva -\" \/>\n<meta property=\"og:description\" content=\"13 e 14 de outubro de 2009 Local: Centreventos Cau Hansen AV. Jos\u00e9 Vieira, 315 \u2013 Centro \u2013 Joinville ______________________________ PROGRAMA\u00c7\u00c3O 13\/10\u00a0\u00a0 \u00a0HOR\u00c1RIOS Abertura\u00a0\u00a0 \u00a019h Apresenta\u00e7\u00e3o Cultural\u00a0\u00a0 \u00a019h30min \u00e0s 20h Palestrante: Mario C\u00e9sar da Silveira\u00a0\u00a0 \u00a020h \u00e0s 21h 1\u00aa Palestra: \u201cAcessibilidade Quebra de Paradigmas\u201d Palestrante: Janilton Lima\u00a0\u00a0 \u00a021h \u00e0s 22h 2\u00aa Palestra: &#8220;A Lei e [&hellip;]\" \/>\n<meta property=\"og:url\" content=\"https:\/\/inclusivenews.com.br\/?p=11500\" \/>\n<meta property=\"article:publisher\" content=\"https:\/\/www.facebook.com\/agenciainclusive\/\" \/>\n<meta property=\"article:published_time\" content=\"2009-10-07T10:14:47+00:00\" \/>\n<meta property=\"og:image\" content=\"http:\/\/agenciainclusive.files.wordpress.com\/2009\/10\/joinvile.jpg\" \/>\n<meta name=\"author\" content=\"Inclusive\" \/>\n<meta name=\"twitter:card\" content=\"summary_large_image\" \/>\n<meta name=\"twitter:label1\" content=\"Escrito por\" \/>\n\t<meta name=\"twitter:data1\" content=\"Inclusive\" \/>\n\t<meta name=\"twitter:label2\" content=\"Tempo estimado de leitura\" \/>\n\t<meta name=\"twitter:data2\" content=\"1 minuto\" \/>\n<script type=\"application\/ld+json\" class=\"yoast-schema-graph\">{\"@context\":\"https:\\\/\\\/schema.org\",\"@graph\":[{\"@type\":\"Article\",\"@id\":\"https:\\\/\\\/inclusivenews.com.br\\\/?p=11500#article\",\"isPartOf\":{\"@id\":\"https:\\\/\\\/inclusivenews.com.br\\\/?p=11500\"},\"author\":{\"name\":\"Inclusive\",\"@id\":\"https:\\\/\\\/inclusivenews.com.br\\\/#\\\/schema\\\/person\\\/0dab492019871b94abb65fa8ee7c8c44\"},\"headline\":\"II Semin\u00e1rio de Educa\u00e7\u00e3o Inclusiva\",\"datePublished\":\"2009-10-07T10:14:47+00:00\",\"mainEntityOfPage\":{\"@id\":\"https:\\\/\\\/inclusivenews.com.br\\\/?p=11500\"},\"wordCount\":203,\"commentCount\":2,\"publisher\":{\"@id\":\"https:\\\/\\\/inclusivenews.com.br\\\/#organization\"},\"image\":{\"@id\":\"https:\\\/\\\/inclusivenews.com.br\\\/?p=11500#primaryimage\"},\"thumbnailUrl\":\"http:\\\/\\\/agenciainclusive.files.wordpress.com\\\/2009\\\/10\\\/joinvile.jpg\",\"articleSection\":[\"Cursos e eventos\",\"EDUCA\u00c7\u00c3O\",\"INCLUS\u00c3O SOCIAL\"],\"inLanguage\":\"pt-PT\",\"potentialAction\":[{\"@type\":\"CommentAction\",\"name\":\"Comment\",\"target\":[\"https:\\\/\\\/inclusivenews.com.br\\\/?p=11500#respond\"]}]},{\"@type\":\"WebPage\",\"@id\":\"https:\\\/\\\/inclusivenews.com.br\\\/?p=11500\",\"url\":\"https:\\\/\\\/inclusivenews.com.br\\\/?p=11500\",\"name\":\"II Semin\u00e1rio de Educa\u00e7\u00e3o Inclusiva -\",\"isPartOf\":{\"@id\":\"https:\\\/\\\/inclusivenews.com.br\\\/#website\"},\"primaryImageOfPage\":{\"@id\":\"https:\\\/\\\/inclusivenews.com.br\\\/?p=11500#primaryimage\"},\"image\":{\"@id\":\"https:\\\/\\\/inclusivenews.com.br\\\/?p=11500#primaryimage\"},\"thumbnailUrl\":\"http:\\\/\\\/agenciainclusive.files.wordpress.com\\\/2009\\\/10\\\/joinvile.jpg\",\"datePublished\":\"2009-10-07T10:14:47+00:00\",\"breadcrumb\":{\"@id\":\"https:\\\/\\\/inclusivenews.com.br\\\/?p=11500#breadcrumb\"},\"inLanguage\":\"pt-PT\",\"potentialAction\":[{\"@type\":\"ReadAction\",\"target\":[\"https:\\\/\\\/inclusivenews.com.br\\\/?p=11500\"]}]},{\"@type\":\"ImageObject\",\"inLanguage\":\"pt-PT\",\"@id\":\"https:\\\/\\\/inclusivenews.com.br\\\/?p=11500#primaryimage\",\"url\":\"http:\\\/\\\/agenciainclusive.files.wordpress.com\\\/2009\\\/10\\\/joinvile.jpg\",\"contentUrl\":\"http:\\\/\\\/agenciainclusive.files.wordpress.com\\\/2009\\\/10\\\/joinvile.jpg\"},{\"@type\":\"BreadcrumbList\",\"@id\":\"https:\\\/\\\/inclusivenews.com.br\\\/?p=11500#breadcrumb\",\"itemListElement\":[{\"@type\":\"ListItem\",\"position\":1,\"name\":\"In\u00edcio\",\"item\":\"https:\\\/\\\/inclusivenews.com.br\\\/\"},{\"@type\":\"ListItem\",\"position\":2,\"name\":\"II Semin\u00e1rio de Educa\u00e7\u00e3o Inclusiva\"}]},{\"@type\":\"WebSite\",\"@id\":\"https:\\\/\\\/inclusivenews.com.br\\\/#website\",\"url\":\"https:\\\/\\\/inclusivenews.com.br\\\/\",\"name\":\"Inclusive News\",\"description\":\"Inclusive News\",\"publisher\":{\"@id\":\"https:\\\/\\\/inclusivenews.com.br\\\/#organization\"},\"potentialAction\":[{\"@type\":\"SearchAction\",\"target\":{\"@type\":\"EntryPoint\",\"urlTemplate\":\"https:\\\/\\\/inclusivenews.com.br\\\/?s={search_term_string}\"},\"query-input\":{\"@type\":\"PropertyValueSpecification\",\"valueRequired\":true,\"valueName\":\"search_term_string\"}}],\"inLanguage\":\"pt-PT\"},{\"@type\":\"Organization\",\"@id\":\"https:\\\/\\\/inclusivenews.com.br\\\/#organization\",\"name\":\"Inclusive - inclus\u00e3o e cidadania\",\"url\":\"https:\\\/\\\/inclusivenews.com.br\\\/\",\"logo\":{\"@type\":\"ImageObject\",\"inLanguage\":\"pt-PT\",\"@id\":\"https:\\\/\\\/inclusivenews.com.br\\\/#\\\/schema\\\/logo\\\/image\\\/\",\"url\":\"https:\\\/\\\/inclusivenews.com.br\\\/wp-content\\\/uploads\\\/2024\\\/03\\\/@grandesite.png\",\"contentUrl\":\"https:\\\/\\\/inclusivenews.com.br\\\/wp-content\\\/uploads\\\/2024\\\/03\\\/@grandesite.png\",\"width\":1080,\"height\":1080,\"caption\":\"Inclusive - inclus\u00e3o e cidadania\"},\"image\":{\"@id\":\"https:\\\/\\\/inclusivenews.com.br\\\/#\\\/schema\\\/logo\\\/image\\\/\"},\"sameAs\":[\"https:\\\/\\\/www.facebook.com\\\/agenciainclusive\\\/\",\"https:\\\/\\\/www.instagram.com\\\/newsinclusive\\\/\"]},{\"@type\":\"Person\",\"@id\":\"https:\\\/\\\/inclusivenews.com.br\\\/#\\\/schema\\\/person\\\/0dab492019871b94abb65fa8ee7c8c44\",\"name\":\"Inclusive\",\"image\":{\"@type\":\"ImageObject\",\"inLanguage\":\"pt-PT\",\"@id\":\"https:\\\/\\\/secure.gravatar.com\\\/avatar\\\/?s=96&d=mm&r=g\",\"url\":\"https:\\\/\\\/secure.gravatar.com\\\/avatar\\\/?s=96&d=mm&r=g\",\"contentUrl\":\"https:\\\/\\\/secure.gravatar.com\\\/avatar\\\/?s=96&d=mm&r=g\",\"caption\":\"Inclusive\"},\"url\":\"https:\\\/\\\/inclusivenews.com.br\\\/?author=2\"}]}<\/script>\n<!-- \/ Yoast SEO plugin. -->","yoast_head_json":{"title":"II Semin\u00e1rio de Educa\u00e7\u00e3o Inclusiva -","robots":{"index":"index","follow":"follow","max-snippet":"max-snippet:-1","max-image-preview":"max-image-preview:large","max-video-preview":"max-video-preview:-1"},"canonical":"https:\/\/inclusivenews.com.br\/?p=11500","og_locale":"pt_PT","og_type":"article","og_title":"II Semin\u00e1rio de Educa\u00e7\u00e3o Inclusiva -","og_description":"13 e 14 de outubro de 2009 Local: Centreventos Cau Hansen AV. Jos\u00e9 Vieira, 315 \u2013 Centro \u2013 Joinville ______________________________ PROGRAMA\u00c7\u00c3O 13\/10\u00a0\u00a0 \u00a0HOR\u00c1RIOS Abertura\u00a0\u00a0 \u00a019h Apresenta\u00e7\u00e3o Cultural\u00a0\u00a0 \u00a019h30min \u00e0s 20h Palestrante: Mario C\u00e9sar da Silveira\u00a0\u00a0 \u00a020h \u00e0s 21h 1\u00aa Palestra: \u201cAcessibilidade Quebra de Paradigmas\u201d Palestrante: Janilton Lima\u00a0\u00a0 \u00a021h \u00e0s 22h 2\u00aa Palestra: &#8220;A Lei e [&hellip;]","og_url":"https:\/\/inclusivenews.com.br\/?p=11500","article_publisher":"https:\/\/www.facebook.com\/agenciainclusive\/","article_published_time":"2009-10-07T10:14:47+00:00","og_image":[{"url":"http:\/\/agenciainclusive.files.wordpress.com\/2009\/10\/joinvile.jpg","type":"","width":"","height":""}],"author":"Inclusive","twitter_card":"summary_large_image","twitter_misc":{"Escrito por":"Inclusive","Tempo estimado de leitura":"1 minuto"},"schema":{"@context":"https:\/\/schema.org","@graph":[{"@type":"Article","@id":"https:\/\/inclusivenews.com.br\/?p=11500#article","isPartOf":{"@id":"https:\/\/inclusivenews.com.br\/?p=11500"},"author":{"name":"Inclusive","@id":"https:\/\/inclusivenews.com.br\/#\/schema\/person\/0dab492019871b94abb65fa8ee7c8c44"},"headline":"II Semin\u00e1rio de Educa\u00e7\u00e3o Inclusiva","datePublished":"2009-10-07T10:14:47+00:00","mainEntityOfPage":{"@id":"https:\/\/inclusivenews.com.br\/?p=11500"},"wordCount":203,"commentCount":2,"publisher":{"@id":"https:\/\/inclusivenews.com.br\/#organization"},"image":{"@id":"https:\/\/inclusivenews.com.br\/?p=11500#primaryimage"},"thumbnailUrl":"http:\/\/agenciainclusive.files.wordpress.com\/2009\/10\/joinvile.jpg","articleSection":["Cursos e eventos","EDUCA\u00c7\u00c3O","INCLUS\u00c3O SOCIAL"],"inLanguage":"pt-PT","potentialAction":[{"@type":"CommentAction","name":"Comment","target":["https:\/\/inclusivenews.com.br\/?p=11500#respond"]}]},{"@type":"WebPage","@id":"https:\/\/inclusivenews.com.br\/?p=11500","url":"https:\/\/inclusivenews.com.br\/?p=11500","name":"II Semin\u00e1rio de Educa\u00e7\u00e3o Inclusiva -","isPartOf":{"@id":"https:\/\/inclusivenews.com.br\/#website"},"primaryImageOfPage":{"@id":"https:\/\/inclusivenews.com.br\/?p=11500#primaryimage"},"image":{"@id":"https:\/\/inclusivenews.com.br\/?p=11500#primaryimage"},"thumbnailUrl":"http:\/\/agenciainclusive.files.wordpress.com\/2009\/10\/joinvile.jpg","datePublished":"2009-10-07T10:14:47+00:00","breadcrumb":{"@id":"https:\/\/inclusivenews.com.br\/?p=11500#breadcrumb"},"inLanguage":"pt-PT","potentialAction":[{"@type":"ReadAction","target":["https:\/\/inclusivenews.com.br\/?p=11500"]}]},{"@type":"ImageObject","inLanguage":"pt-PT","@id":"https:\/\/inclusivenews.com.br\/?p=11500#primaryimage","url":"http:\/\/agenciainclusive.files.wordpress.com\/2009\/10\/joinvile.jpg","contentUrl":"http:\/\/agenciainclusive.files.wordpress.com\/2009\/10\/joinvile.jpg"},{"@type":"BreadcrumbList","@id":"https:\/\/inclusivenews.com.br\/?p=11500#breadcrumb","itemListElement":[{"@type":"ListItem","position":1,"name":"In\u00edcio","item":"https:\/\/inclusivenews.com.br\/"},{"@type":"ListItem","position":2,"name":"II Semin\u00e1rio de Educa\u00e7\u00e3o Inclusiva"}]},{"@type":"WebSite","@id":"https:\/\/inclusivenews.com.br\/#website","url":"https:\/\/inclusivenews.com.br\/","name":"Inclusive News","description":"Inclusive News","publisher":{"@id":"https:\/\/inclusivenews.com.br\/#organization"},"potentialAction":[{"@type":"SearchAction","target":{"@type":"EntryPoint","urlTemplate":"https:\/\/inclusivenews.com.br\/?s={search_term_string}"},"query-input":{"@type":"PropertyValueSpecification","valueRequired":true,"valueName":"search_term_string"}}],"inLanguage":"pt-PT"},{"@type":"Organization","@id":"https:\/\/inclusivenews.com.br\/#organization","name":"Inclusive - inclus\u00e3o e cidadania","url":"https:\/\/inclusivenews.com.br\/","logo":{"@type":"ImageObject","inLanguage":"pt-PT","@id":"https:\/\/inclusivenews.com.br\/#\/schema\/logo\/image\/","url":"https:\/\/inclusivenews.com.br\/wp-content\/uploads\/2024\/03\/@grandesite.png","contentUrl":"https:\/\/inclusivenews.com.br\/wp-content\/uploads\/2024\/03\/@grandesite.png","width":1080,"height":1080,"caption":"Inclusive - inclus\u00e3o e cidadania"},"image":{"@id":"https:\/\/inclusivenews.com.br\/#\/schema\/logo\/image\/"},"sameAs":["https:\/\/www.facebook.com\/agenciainclusive\/","https:\/\/www.instagram.com\/newsinclusive\/"]},{"@type":"Person","@id":"https:\/\/inclusivenews.com.br\/#\/schema\/person\/0dab492019871b94abb65fa8ee7c8c44","name":"Inclusive","image":{"@type":"ImageObject","inLanguage":"pt-PT","@id":"https:\/\/secure.gravatar.com\/avatar\/?s=96&d=mm&r=g","url":"https:\/\/secure.gravatar.com\/avatar\/?s=96&d=mm&r=g","contentUrl":"https:\/\/secure.gravatar.com\/avatar\/?s=96&d=mm&r=g","caption":"Inclusive"},"url":"https:\/\/inclusivenews.com.br\/?author=2"}]}},"_links":{"self":[{"href":"https:\/\/inclusivenews.com.br\/index.php?rest_route=\/wp\/v2\/posts\/11500","targetHints":{"allow":["GET"]}}],"collection":[{"href":"https:\/\/inclusivenews.com.br\/index.php?rest_route=\/wp\/v2\/posts"}],"about":[{"href":"https:\/\/inclusivenews.com.br\/index.php?rest_route=\/wp\/v2\/types\/post"}],"author":[{"embeddable":true,"href":"https:\/\/inclusivenews.com.br\/index.php?rest_route=\/wp\/v2\/users\/2"}],"replies":[{"embeddable":true,"href":"https:\/\/inclusivenews.com.br\/index.php?rest_route=%2Fwp%2Fv2%2Fcomments&post=11500"}],"version-history":[{"count":0,"href":"https:\/\/inclusivenews.com.br\/index.php?rest_route=\/wp\/v2\/posts\/11500\/revisions"}],"wp:attachment":[{"href":"https:\/\/inclusivenews.com.br\/index.php?rest_route=%2Fwp%2Fv2%2Fmedia&parent=11500"}],"wp:term":[{"taxonomy":"category","embeddable":true,"href":"https:\/\/inclusivenews.com.br\/index.php?rest_route=%2Fwp%2Fv2%2Fcategories&post=11500"},{"taxonomy":"post_tag","embeddable":true,"href":"https:\/\/inclusivenews.com.br\/index.php?rest_route=%2Fwp%2Fv2%2Ftags&post=11500"}],"curies":[{"name":"wp","href":"https:\/\/api.w.org\/{rel}","templated":true}]}}