{"id":11512,"date":"2009-06-09T11:37:06","date_gmt":"2009-06-09T11:37:06","guid":{"rendered":"http:\/\/agenciainclusive.wordpress.com\/?p=8127"},"modified":"2009-06-09T11:37:06","modified_gmt":"2009-06-09T11:37:06","slug":"educacao-para-a-paz-2","status":"publish","type":"post","link":"https:\/\/inclusivenews.com.br\/?p=11512","title":{"rendered":"Educa\u00e7\u00e3o para a paz"},"content":{"rendered":"<p><img loading=\"lazy\" decoding=\"async\" class=\"size-full wp-image-5468 alignleft\" title=\"blogosfera\" src=\"http:\/\/agenciainclusive.files.wordpress.com\/2009\/02\/blogosfera.jpg\" alt=\"Descri\u00e7\u00e3o da imagem: globo formado por teclado de computador.\" width=\"90\" height=\"86\" \/><strong>Claudia Grabois<\/strong><\/p>\n<p><a href=\"http:\/\/rede-inclusiva.blogspot.com\/2009\/06\/educacao-para-paz_08.html\">http:\/\/rede-inclusiva.blogspot.com\/2009\/06\/educacao-para-paz_08.html<\/a><\/p>\n<p>Durante a Confer\u00eancia Nacional dos Direitos Humanos uma coisa ficou clara;Educa\u00e7\u00e3o Em e Para os Direitos Humanos deve come\u00e7ar ainda na creche e no m\u00e1ximo na educa\u00e7\u00e3o infantil. Educa\u00e7\u00e3o em direitos humanos deve considerar a pessoa com defici\u00eancia que pertence e perpassa por todas as classes, segmentos e setores da sociedade.<\/p>\n<p>A exclus\u00e3o social vem sendo combatida pelo atual Governo, mas mesmo assim as viola\u00e7\u00f5es s\u00e3o t\u00e3o intensas que o problema n\u00e3o se resolve de uma hora para outra. Cada um tem seu papel e o da sociedade civil \u00e9 o de cobrar por solu\u00e7\u00f5es e mudan\u00e7as imediatas e atuar como parceiro nesse processo. Pela mis\u00e9ria somos todos respons\u00e1veis, e nela incluo o preconceito, a discrimina\u00e7\u00e3o, a fome e todas as manifesta\u00e7\u00f5es de viol\u00eancia, e em destaque aquelas cometidas contra as crian\u00e7as e os adolescentes.<\/p>\n<p>Educa\u00e7\u00e3o come\u00e7a logo ap\u00f3s o nascimento, com a possibilidade,o sentimento e o direito de pertencer, conferidos pelo acolhimento.Educa\u00e7\u00e3o continua na creche, quando a crian\u00e7a d\u00e1 os seus primeiros passos para a conviv\u00eancia em sociedade,entra na educa\u00e7\u00e3o infantil e segue em frente em todas as etapas at\u00e9 chegar na fase adulta, preparado para ser cidad\u00e3o produtivo e pleno.<\/p>\n<p>Educa\u00e7\u00e3o \u00e9 para Todos, e a maneira de efetiva-l\u00e1 \u00e9 ensinar as crian\u00e7as desde a idade mais tenra a conviver com as diferen\u00e7as,que fazem parte da complexidade e condi\u00e7\u00e3o do ser humano e isso inclui aceitar as pr\u00f3prias diferen\u00e7as e as das outras pessoas.Al\u00e9m disso ensinar que elas tem direitos adquiridos e ao longo da vida dever\u00e3o lutar por eles.<\/p>\n<p>Empoderar as crian\u00e7as pode ser uma id\u00e9ia arrojada, mas completamente poss\u00edvel. Se crian\u00e7as foram usadas durante per\u00edodos da hist\u00f3ria, inclusive induzidas a colaborar para que atrocidades acontecessem, podem muito bem ser ensinadas a aprender a PAZ, uma palavra que condensa o que precisamos.Pois n\u00e3o existe paz com viola\u00e7\u00e3o de direitos, como por exemplo a explora\u00e7\u00e3o sexual,racismo,trabalho escravo,discrimina\u00e7\u00e3o religiosa,de classe, por motivo de defici\u00eancia ou orienta\u00e7\u00e3o sexual, e principalmente com total desrespeito \u00e0 inf\u00e2ncia. Lembrando que a mis\u00e9ria manifestada pela falta de seguran\u00e7a alimentar e de trabalho digno,atendimento inadequado na \u00e0rea de sa\u00fade e o desrespeito as necesssidades b\u00e1sicas de crian\u00e7as e idosos, tira a vida de milhares de brasileiros todos os anos.<\/p>\n<p>Acredito que as mudan\u00e7as s\u00e3o poss\u00edveis e para isso precisamos de vontade pol\u00edtica do Governo Federal e dos Governos Municipais e Estaduais.No entanto \u00e9 responsabilidade de todos colaborar para que as mudan\u00e7as aconte\u00e7am, e n\u00e3o apenas no momento do voto, que \u00e9 de fato importante, mas principalmente no dia a dia, por que \u00e9 quando a vida acontece.<\/p>\n<p>Educar as crian\u00e7as em casa e na escola deve acontecer em forma de parceria, pois assim como a pra\u00e7a \u00e9 do povo as escolas tamb\u00e9m s\u00e3o, e para isso a educa\u00e7\u00e3o deve ser garantida tamb\u00e9m para todos e desde a cheche, em concord\u00e2ncia com a nossa legisla\u00e7\u00e3o. Se no ensino fundamental \u00e9 direito da crian\u00e7a e obriga\u00e7\u00e3o da fam\u00edlia,Estado e Sociedade, creche e educa\u00e7\u00e3o infantil s\u00e3o direitos que devem ser assegurados pelo Estado, e quando isso n\u00e3o acontece, o melhor caminho \u00e9 lutar pela sua garantia mesmo que atrav\u00e9s da justi\u00e7a.<\/p>\n<p>Depois que os direitos saem do papel,faz a diferen\u00e7a participar da escola e exigir que a educa\u00e7\u00e3o seja de qualidade e Em e Para os Direitos Humanos. Por que isso poder\u00e1 trazer a m\u00e9dio prazo a paz que tanto precisamos e que precisa ser ofertada para as crian\u00e7as e usufruida por elas.<\/p>\n<p>Vamos em frente consolidando uma for\u00e7a tarefa, empoderando as crian\u00e7as e suas fam\u00edlias para que aprendam e lutem pelo direito \u00e0 cidadania, t\u00e3o presente na nossa Lei Maior, que \u00e9 por sinal inclusiva. Mas \u00e9 preciso que saia do papel pelo bem dos brasileiros de todas as idades.<br \/>\nVamos em frente incluindo fam\u00edlias, profissionais e crian\u00e7as dos lares e abrigos, e\/ou em situa\u00e7\u00e3o de risco e vulnerabilidade, que certamente precisam de uma aten\u00e7\u00e3o ainda maior.<\/p>\n<p>Lutamos pela Educa\u00e7\u00e3o Inclusiva, mas para que um dia seja apenas EDUCA\u00c7\u00c3O as crian\u00e7as precisam ser ensinadas, e para isso a educa\u00e7\u00e3o em direitos humanos \u00e9 fundamental.Assim como \u00e9 fundamental a parceria com o Governo Federal para transformar essa situa\u00e7\u00e3o hist\u00f3rica,que hoje, mesmo com todas as dificuldades, devido ao empenho de membros do Governo e da sociedade civil,pode ser apresentada com uma luz de esperan\u00e7a.<\/p>\n","protected":false},"excerpt":{"rendered":"<p>Claudia Grabois http:\/\/rede-inclusiva.blogspot.com\/2009\/06\/educacao-para-paz_08.html Durante a Confer\u00eancia Nacional dos Direitos Humanos uma coisa ficou clara;Educa\u00e7\u00e3o Em e Para os Direitos Humanos deve come\u00e7ar ainda na creche e no m\u00e1ximo na educa\u00e7\u00e3o infantil. Educa\u00e7\u00e3o em direitos humanos deve considerar a pessoa com defici\u00eancia que pertence e perpassa por todas as classes, segmentos e setores da sociedade. A [&hellip;]<\/p>\n","protected":false},"author":2,"featured_media":0,"comment_status":"open","ping_status":"open","sticky":false,"template":"","format":"standard","meta":{"site-container-style":"default","site-container-layout":"default","site-sidebar-layout":"default","disable-article-header":"default","disable-site-header":"default","disable-site-footer":"default","disable-content-area-spacing":"default","footnotes":""},"categories":[8],"tags":[],"class_list":["post-11512","post","type-post","status-publish","format-standard","hentry","category-textos-e-artigos"],"yoast_head":"<!-- This site is optimized with the Yoast SEO plugin v27.5 - https:\/\/yoast.com\/product\/yoast-seo-wordpress\/ -->\n<title>Educa\u00e7\u00e3o para a paz -<\/title>\n<meta name=\"robots\" content=\"index, follow, max-snippet:-1, max-image-preview:large, max-video-preview:-1\" \/>\n<link rel=\"canonical\" href=\"https:\/\/inclusivenews.com.br\/?p=11512\" \/>\n<meta property=\"og:locale\" content=\"pt_PT\" \/>\n<meta property=\"og:type\" content=\"article\" \/>\n<meta property=\"og:title\" content=\"Educa\u00e7\u00e3o para a paz -\" \/>\n<meta property=\"og:description\" content=\"Claudia Grabois http:\/\/rede-inclusiva.blogspot.com\/2009\/06\/educacao-para-paz_08.html Durante a Confer\u00eancia Nacional dos Direitos Humanos uma coisa ficou clara;Educa\u00e7\u00e3o Em e Para os Direitos Humanos deve come\u00e7ar ainda na creche e no m\u00e1ximo na educa\u00e7\u00e3o infantil. Educa\u00e7\u00e3o em direitos humanos deve considerar a pessoa com defici\u00eancia que pertence e perpassa por todas as classes, segmentos e setores da sociedade. A [&hellip;]\" \/>\n<meta property=\"og:url\" content=\"https:\/\/inclusivenews.com.br\/?p=11512\" \/>\n<meta property=\"article:publisher\" content=\"https:\/\/www.facebook.com\/agenciainclusive\/\" \/>\n<meta property=\"article:published_time\" content=\"2009-06-09T11:37:06+00:00\" \/>\n<meta property=\"og:image\" content=\"http:\/\/agenciainclusive.files.wordpress.com\/2009\/02\/blogosfera.jpg\" \/>\n<meta name=\"author\" content=\"Inclusive\" \/>\n<meta name=\"twitter:card\" content=\"summary_large_image\" \/>\n<meta name=\"twitter:label1\" content=\"Escrito por\" \/>\n\t<meta name=\"twitter:data1\" content=\"Inclusive\" \/>\n\t<meta name=\"twitter:label2\" content=\"Tempo estimado de leitura\" \/>\n\t<meta name=\"twitter:data2\" content=\"4 minutos\" \/>\n<script type=\"application\/ld+json\" class=\"yoast-schema-graph\">{\"@context\":\"https:\\\/\\\/schema.org\",\"@graph\":[{\"@type\":\"Article\",\"@id\":\"https:\\\/\\\/inclusivenews.com.br\\\/?p=11512#article\",\"isPartOf\":{\"@id\":\"https:\\\/\\\/inclusivenews.com.br\\\/?p=11512\"},\"author\":{\"name\":\"Inclusive\",\"@id\":\"https:\\\/\\\/inclusivenews.com.br\\\/#\\\/schema\\\/person\\\/0dab492019871b94abb65fa8ee7c8c44\"},\"headline\":\"Educa\u00e7\u00e3o para a paz\",\"datePublished\":\"2009-06-09T11:37:06+00:00\",\"mainEntityOfPage\":{\"@id\":\"https:\\\/\\\/inclusivenews.com.br\\\/?p=11512\"},\"wordCount\":818,\"commentCount\":0,\"publisher\":{\"@id\":\"https:\\\/\\\/inclusivenews.com.br\\\/#organization\"},\"image\":{\"@id\":\"https:\\\/\\\/inclusivenews.com.br\\\/?p=11512#primaryimage\"},\"thumbnailUrl\":\"http:\\\/\\\/agenciainclusive.files.wordpress.com\\\/2009\\\/02\\\/blogosfera.jpg\",\"articleSection\":[\"OPINI\u00c3O\"],\"inLanguage\":\"pt-PT\",\"potentialAction\":[{\"@type\":\"CommentAction\",\"name\":\"Comment\",\"target\":[\"https:\\\/\\\/inclusivenews.com.br\\\/?p=11512#respond\"]}]},{\"@type\":\"WebPage\",\"@id\":\"https:\\\/\\\/inclusivenews.com.br\\\/?p=11512\",\"url\":\"https:\\\/\\\/inclusivenews.com.br\\\/?p=11512\",\"name\":\"Educa\u00e7\u00e3o para a paz -\",\"isPartOf\":{\"@id\":\"https:\\\/\\\/inclusivenews.com.br\\\/#website\"},\"primaryImageOfPage\":{\"@id\":\"https:\\\/\\\/inclusivenews.com.br\\\/?p=11512#primaryimage\"},\"image\":{\"@id\":\"https:\\\/\\\/inclusivenews.com.br\\\/?p=11512#primaryimage\"},\"thumbnailUrl\":\"http:\\\/\\\/agenciainclusive.files.wordpress.com\\\/2009\\\/02\\\/blogosfera.jpg\",\"datePublished\":\"2009-06-09T11:37:06+00:00\",\"breadcrumb\":{\"@id\":\"https:\\\/\\\/inclusivenews.com.br\\\/?p=11512#breadcrumb\"},\"inLanguage\":\"pt-PT\",\"potentialAction\":[{\"@type\":\"ReadAction\",\"target\":[\"https:\\\/\\\/inclusivenews.com.br\\\/?p=11512\"]}]},{\"@type\":\"ImageObject\",\"inLanguage\":\"pt-PT\",\"@id\":\"https:\\\/\\\/inclusivenews.com.br\\\/?p=11512#primaryimage\",\"url\":\"http:\\\/\\\/agenciainclusive.files.wordpress.com\\\/2009\\\/02\\\/blogosfera.jpg\",\"contentUrl\":\"http:\\\/\\\/agenciainclusive.files.wordpress.com\\\/2009\\\/02\\\/blogosfera.jpg\"},{\"@type\":\"BreadcrumbList\",\"@id\":\"https:\\\/\\\/inclusivenews.com.br\\\/?p=11512#breadcrumb\",\"itemListElement\":[{\"@type\":\"ListItem\",\"position\":1,\"name\":\"In\u00edcio\",\"item\":\"https:\\\/\\\/inclusivenews.com.br\\\/\"},{\"@type\":\"ListItem\",\"position\":2,\"name\":\"Educa\u00e7\u00e3o para a paz\"}]},{\"@type\":\"WebSite\",\"@id\":\"https:\\\/\\\/inclusivenews.com.br\\\/#website\",\"url\":\"https:\\\/\\\/inclusivenews.com.br\\\/\",\"name\":\"Inclusive News\",\"description\":\"Inclusive News\",\"publisher\":{\"@id\":\"https:\\\/\\\/inclusivenews.com.br\\\/#organization\"},\"potentialAction\":[{\"@type\":\"SearchAction\",\"target\":{\"@type\":\"EntryPoint\",\"urlTemplate\":\"https:\\\/\\\/inclusivenews.com.br\\\/?s={search_term_string}\"},\"query-input\":{\"@type\":\"PropertyValueSpecification\",\"valueRequired\":true,\"valueName\":\"search_term_string\"}}],\"inLanguage\":\"pt-PT\"},{\"@type\":\"Organization\",\"@id\":\"https:\\\/\\\/inclusivenews.com.br\\\/#organization\",\"name\":\"Inclusive - inclus\u00e3o e cidadania\",\"url\":\"https:\\\/\\\/inclusivenews.com.br\\\/\",\"logo\":{\"@type\":\"ImageObject\",\"inLanguage\":\"pt-PT\",\"@id\":\"https:\\\/\\\/inclusivenews.com.br\\\/#\\\/schema\\\/logo\\\/image\\\/\",\"url\":\"https:\\\/\\\/inclusivenews.com.br\\\/wp-content\\\/uploads\\\/2024\\\/03\\\/@grandesite.png\",\"contentUrl\":\"https:\\\/\\\/inclusivenews.com.br\\\/wp-content\\\/uploads\\\/2024\\\/03\\\/@grandesite.png\",\"width\":1080,\"height\":1080,\"caption\":\"Inclusive - inclus\u00e3o e cidadania\"},\"image\":{\"@id\":\"https:\\\/\\\/inclusivenews.com.br\\\/#\\\/schema\\\/logo\\\/image\\\/\"},\"sameAs\":[\"https:\\\/\\\/www.facebook.com\\\/agenciainclusive\\\/\",\"https:\\\/\\\/www.instagram.com\\\/newsinclusive\\\/\"]},{\"@type\":\"Person\",\"@id\":\"https:\\\/\\\/inclusivenews.com.br\\\/#\\\/schema\\\/person\\\/0dab492019871b94abb65fa8ee7c8c44\",\"name\":\"Inclusive\",\"image\":{\"@type\":\"ImageObject\",\"inLanguage\":\"pt-PT\",\"@id\":\"https:\\\/\\\/secure.gravatar.com\\\/avatar\\\/?s=96&d=mm&r=g\",\"url\":\"https:\\\/\\\/secure.gravatar.com\\\/avatar\\\/?s=96&d=mm&r=g\",\"contentUrl\":\"https:\\\/\\\/secure.gravatar.com\\\/avatar\\\/?s=96&d=mm&r=g\",\"caption\":\"Inclusive\"},\"url\":\"https:\\\/\\\/inclusivenews.com.br\\\/?author=2\"}]}<\/script>\n<!-- \/ Yoast SEO plugin. -->","yoast_head_json":{"title":"Educa\u00e7\u00e3o para a paz -","robots":{"index":"index","follow":"follow","max-snippet":"max-snippet:-1","max-image-preview":"max-image-preview:large","max-video-preview":"max-video-preview:-1"},"canonical":"https:\/\/inclusivenews.com.br\/?p=11512","og_locale":"pt_PT","og_type":"article","og_title":"Educa\u00e7\u00e3o para a paz -","og_description":"Claudia Grabois http:\/\/rede-inclusiva.blogspot.com\/2009\/06\/educacao-para-paz_08.html Durante a Confer\u00eancia Nacional dos Direitos Humanos uma coisa ficou clara;Educa\u00e7\u00e3o Em e Para os Direitos Humanos deve come\u00e7ar ainda na creche e no m\u00e1ximo na educa\u00e7\u00e3o infantil. Educa\u00e7\u00e3o em direitos humanos deve considerar a pessoa com defici\u00eancia que pertence e perpassa por todas as classes, segmentos e setores da sociedade. A [&hellip;]","og_url":"https:\/\/inclusivenews.com.br\/?p=11512","article_publisher":"https:\/\/www.facebook.com\/agenciainclusive\/","article_published_time":"2009-06-09T11:37:06+00:00","og_image":[{"url":"http:\/\/agenciainclusive.files.wordpress.com\/2009\/02\/blogosfera.jpg","type":"","width":"","height":""}],"author":"Inclusive","twitter_card":"summary_large_image","twitter_misc":{"Escrito por":"Inclusive","Tempo estimado de leitura":"4 minutos"},"schema":{"@context":"https:\/\/schema.org","@graph":[{"@type":"Article","@id":"https:\/\/inclusivenews.com.br\/?p=11512#article","isPartOf":{"@id":"https:\/\/inclusivenews.com.br\/?p=11512"},"author":{"name":"Inclusive","@id":"https:\/\/inclusivenews.com.br\/#\/schema\/person\/0dab492019871b94abb65fa8ee7c8c44"},"headline":"Educa\u00e7\u00e3o para a paz","datePublished":"2009-06-09T11:37:06+00:00","mainEntityOfPage":{"@id":"https:\/\/inclusivenews.com.br\/?p=11512"},"wordCount":818,"commentCount":0,"publisher":{"@id":"https:\/\/inclusivenews.com.br\/#organization"},"image":{"@id":"https:\/\/inclusivenews.com.br\/?p=11512#primaryimage"},"thumbnailUrl":"http:\/\/agenciainclusive.files.wordpress.com\/2009\/02\/blogosfera.jpg","articleSection":["OPINI\u00c3O"],"inLanguage":"pt-PT","potentialAction":[{"@type":"CommentAction","name":"Comment","target":["https:\/\/inclusivenews.com.br\/?p=11512#respond"]}]},{"@type":"WebPage","@id":"https:\/\/inclusivenews.com.br\/?p=11512","url":"https:\/\/inclusivenews.com.br\/?p=11512","name":"Educa\u00e7\u00e3o para a paz -","isPartOf":{"@id":"https:\/\/inclusivenews.com.br\/#website"},"primaryImageOfPage":{"@id":"https:\/\/inclusivenews.com.br\/?p=11512#primaryimage"},"image":{"@id":"https:\/\/inclusivenews.com.br\/?p=11512#primaryimage"},"thumbnailUrl":"http:\/\/agenciainclusive.files.wordpress.com\/2009\/02\/blogosfera.jpg","datePublished":"2009-06-09T11:37:06+00:00","breadcrumb":{"@id":"https:\/\/inclusivenews.com.br\/?p=11512#breadcrumb"},"inLanguage":"pt-PT","potentialAction":[{"@type":"ReadAction","target":["https:\/\/inclusivenews.com.br\/?p=11512"]}]},{"@type":"ImageObject","inLanguage":"pt-PT","@id":"https:\/\/inclusivenews.com.br\/?p=11512#primaryimage","url":"http:\/\/agenciainclusive.files.wordpress.com\/2009\/02\/blogosfera.jpg","contentUrl":"http:\/\/agenciainclusive.files.wordpress.com\/2009\/02\/blogosfera.jpg"},{"@type":"BreadcrumbList","@id":"https:\/\/inclusivenews.com.br\/?p=11512#breadcrumb","itemListElement":[{"@type":"ListItem","position":1,"name":"In\u00edcio","item":"https:\/\/inclusivenews.com.br\/"},{"@type":"ListItem","position":2,"name":"Educa\u00e7\u00e3o para a paz"}]},{"@type":"WebSite","@id":"https:\/\/inclusivenews.com.br\/#website","url":"https:\/\/inclusivenews.com.br\/","name":"Inclusive News","description":"Inclusive News","publisher":{"@id":"https:\/\/inclusivenews.com.br\/#organization"},"potentialAction":[{"@type":"SearchAction","target":{"@type":"EntryPoint","urlTemplate":"https:\/\/inclusivenews.com.br\/?s={search_term_string}"},"query-input":{"@type":"PropertyValueSpecification","valueRequired":true,"valueName":"search_term_string"}}],"inLanguage":"pt-PT"},{"@type":"Organization","@id":"https:\/\/inclusivenews.com.br\/#organization","name":"Inclusive - inclus\u00e3o e cidadania","url":"https:\/\/inclusivenews.com.br\/","logo":{"@type":"ImageObject","inLanguage":"pt-PT","@id":"https:\/\/inclusivenews.com.br\/#\/schema\/logo\/image\/","url":"https:\/\/inclusivenews.com.br\/wp-content\/uploads\/2024\/03\/@grandesite.png","contentUrl":"https:\/\/inclusivenews.com.br\/wp-content\/uploads\/2024\/03\/@grandesite.png","width":1080,"height":1080,"caption":"Inclusive - inclus\u00e3o e cidadania"},"image":{"@id":"https:\/\/inclusivenews.com.br\/#\/schema\/logo\/image\/"},"sameAs":["https:\/\/www.facebook.com\/agenciainclusive\/","https:\/\/www.instagram.com\/newsinclusive\/"]},{"@type":"Person","@id":"https:\/\/inclusivenews.com.br\/#\/schema\/person\/0dab492019871b94abb65fa8ee7c8c44","name":"Inclusive","image":{"@type":"ImageObject","inLanguage":"pt-PT","@id":"https:\/\/secure.gravatar.com\/avatar\/?s=96&d=mm&r=g","url":"https:\/\/secure.gravatar.com\/avatar\/?s=96&d=mm&r=g","contentUrl":"https:\/\/secure.gravatar.com\/avatar\/?s=96&d=mm&r=g","caption":"Inclusive"},"url":"https:\/\/inclusivenews.com.br\/?author=2"}]}},"_links":{"self":[{"href":"https:\/\/inclusivenews.com.br\/index.php?rest_route=\/wp\/v2\/posts\/11512","targetHints":{"allow":["GET"]}}],"collection":[{"href":"https:\/\/inclusivenews.com.br\/index.php?rest_route=\/wp\/v2\/posts"}],"about":[{"href":"https:\/\/inclusivenews.com.br\/index.php?rest_route=\/wp\/v2\/types\/post"}],"author":[{"embeddable":true,"href":"https:\/\/inclusivenews.com.br\/index.php?rest_route=\/wp\/v2\/users\/2"}],"replies":[{"embeddable":true,"href":"https:\/\/inclusivenews.com.br\/index.php?rest_route=%2Fwp%2Fv2%2Fcomments&post=11512"}],"version-history":[{"count":0,"href":"https:\/\/inclusivenews.com.br\/index.php?rest_route=\/wp\/v2\/posts\/11512\/revisions"}],"wp:attachment":[{"href":"https:\/\/inclusivenews.com.br\/index.php?rest_route=%2Fwp%2Fv2%2Fmedia&parent=11512"}],"wp:term":[{"taxonomy":"category","embeddable":true,"href":"https:\/\/inclusivenews.com.br\/index.php?rest_route=%2Fwp%2Fv2%2Fcategories&post=11512"},{"taxonomy":"post_tag","embeddable":true,"href":"https:\/\/inclusivenews.com.br\/index.php?rest_route=%2Fwp%2Fv2%2Ftags&post=11512"}],"curies":[{"name":"wp","href":"https:\/\/api.w.org\/{rel}","templated":true}]}}