{"id":11513,"date":"2009-06-09T11:38:29","date_gmt":"2009-06-09T11:38:29","guid":{"rendered":"http:\/\/agenciainclusive.wordpress.com\/?p=8129"},"modified":"2009-06-09T11:38:29","modified_gmt":"2009-06-09T11:38:29","slug":"pequeno-dicionario-de-absurdos-em-educacao-2","status":"publish","type":"post","link":"https:\/\/inclusivenews.com.br\/?p=11513","title":{"rendered":"Pequeno dicion\u00e1rio de absurdos em educa\u00e7\u00e3o"},"content":{"rendered":"<figure id=\"attachment_8130\" aria-describedby=\"caption-attachment-8130\" style=\"width: 111px\" class=\"wp-caption alignleft\"><a href=\"http:\/\/agenciainclusive.files.wordpress.com\/2009\/06\/capa_pacheco.jpg\"><img loading=\"lazy\" decoding=\"async\" class=\"size-thumbnail wp-image-8130\" title=\"capa_pacheco\" src=\"http:\/\/agenciainclusive.files.wordpress.com\/2009\/06\/capa_pacheco.jpg?w=111\" alt=\"capa_pacheco\" width=\"111\" height=\"150\" \/><\/a><figcaption id=\"caption-attachment-8130\" class=\"wp-caption-text\">Na imagem, a capa do livro, onde um dedo segura a miniatura de um livro.<\/figcaption><\/figure>\n<p>\u201cEscrever para adultos \u00e9 f\u00e1cil. Dif\u00edcil \u00e9 explicar a uma crian\u00e7a a escola sem sentido que tivemos at\u00e9 o princ\u00edpio deste s\u00e9culo.\u201d<\/p>\n<p>Ao reler algumas cartas antigas com sua neta Alice, o educador portugu\u00eas Jos\u00e9 Pacheco reuniu algumas d\u00favidas e criou um bloco de notas \u201cpretensamente clarificadoras\u201d.<\/p>\n<p>Tantas foram as anota\u00e7\u00f5es e t\u00e3o d\u00edspares as explica\u00e7\u00f5es que o autor aceitou o desafio de um amigo: elaborar um Pequeno dicion\u00e1rio de absurdos em educa\u00e7\u00e3o.<\/p>\n<p>C\u00f3digo:<br \/>\nFormato: 12&#215;16<br \/>\nISBN: 9788536319926<br \/>\nAno: 2009<br \/>\nN. de p\u00e1ginas: 264<\/p>\n","protected":false},"excerpt":{"rendered":"<p>\u201cEscrever para adultos \u00e9 f\u00e1cil. Dif\u00edcil \u00e9 explicar a uma crian\u00e7a a escola sem sentido que tivemos at\u00e9 o princ\u00edpio deste s\u00e9culo.\u201d Ao reler algumas cartas antigas com sua neta Alice, o educador portugu\u00eas Jos\u00e9 Pacheco reuniu algumas d\u00favidas e criou um bloco de notas \u201cpretensamente clarificadoras\u201d. Tantas foram as anota\u00e7\u00f5es e t\u00e3o d\u00edspares as [&hellip;]<\/p>\n","protected":false},"author":2,"featured_media":0,"comment_status":"open","ping_status":"open","sticky":false,"template":"","format":"standard","meta":{"site-container-style":"default","site-container-layout":"default","site-sidebar-layout":"default","disable-article-header":"default","disable-site-header":"default","disable-site-footer":"default","disable-content-area-spacing":"default","footnotes":""},"categories":[10],"tags":[],"class_list":["post-11513","post","type-post","status-publish","format-standard","hentry","category-publicacoes"],"yoast_head":"<!-- This site is optimized with the Yoast SEO plugin v27.5 - https:\/\/yoast.com\/product\/yoast-seo-wordpress\/ -->\n<title>Pequeno dicion\u00e1rio de absurdos em educa\u00e7\u00e3o -<\/title>\n<meta name=\"robots\" content=\"index, follow, max-snippet:-1, max-image-preview:large, max-video-preview:-1\" \/>\n<link rel=\"canonical\" href=\"https:\/\/inclusivenews.com.br\/?p=11513\" \/>\n<meta property=\"og:locale\" content=\"pt_PT\" \/>\n<meta property=\"og:type\" content=\"article\" \/>\n<meta property=\"og:title\" content=\"Pequeno dicion\u00e1rio de absurdos em educa\u00e7\u00e3o -\" \/>\n<meta property=\"og:description\" content=\"\u201cEscrever para adultos \u00e9 f\u00e1cil. Dif\u00edcil \u00e9 explicar a uma crian\u00e7a a escola sem sentido que tivemos at\u00e9 o princ\u00edpio deste s\u00e9culo.\u201d Ao reler algumas cartas antigas com sua neta Alice, o educador portugu\u00eas Jos\u00e9 Pacheco reuniu algumas d\u00favidas e criou um bloco de notas \u201cpretensamente clarificadoras\u201d. Tantas foram as anota\u00e7\u00f5es e t\u00e3o d\u00edspares as [&hellip;]\" \/>\n<meta property=\"og:url\" content=\"https:\/\/inclusivenews.com.br\/?p=11513\" \/>\n<meta property=\"article:publisher\" content=\"https:\/\/www.facebook.com\/agenciainclusive\/\" \/>\n<meta property=\"article:published_time\" content=\"2009-06-09T11:38:29+00:00\" \/>\n<meta property=\"og:image\" content=\"http:\/\/agenciainclusive.files.wordpress.com\/2009\/06\/capa_pacheco.jpg?w=111\" \/>\n<meta name=\"author\" content=\"Inclusive\" \/>\n<meta name=\"twitter:card\" content=\"summary_large_image\" \/>\n<meta name=\"twitter:label1\" content=\"Escrito por\" \/>\n\t<meta name=\"twitter:data1\" content=\"Inclusive\" \/>\n\t<meta name=\"twitter:label2\" content=\"Tempo estimado de leitura\" \/>\n\t<meta name=\"twitter:data2\" content=\"1 minuto\" \/>\n<script type=\"application\/ld+json\" class=\"yoast-schema-graph\">{\"@context\":\"https:\\\/\\\/schema.org\",\"@graph\":[{\"@type\":\"Article\",\"@id\":\"https:\\\/\\\/inclusivenews.com.br\\\/?p=11513#article\",\"isPartOf\":{\"@id\":\"https:\\\/\\\/inclusivenews.com.br\\\/?p=11513\"},\"author\":{\"name\":\"Inclusive\",\"@id\":\"https:\\\/\\\/inclusivenews.com.br\\\/#\\\/schema\\\/person\\\/0dab492019871b94abb65fa8ee7c8c44\"},\"headline\":\"Pequeno dicion\u00e1rio de absurdos em educa\u00e7\u00e3o\",\"datePublished\":\"2009-06-09T11:38:29+00:00\",\"mainEntityOfPage\":{\"@id\":\"https:\\\/\\\/inclusivenews.com.br\\\/?p=11513\"},\"wordCount\":125,\"commentCount\":0,\"publisher\":{\"@id\":\"https:\\\/\\\/inclusivenews.com.br\\\/#organization\"},\"image\":{\"@id\":\"https:\\\/\\\/inclusivenews.com.br\\\/?p=11513#primaryimage\"},\"thumbnailUrl\":\"http:\\\/\\\/agenciainclusive.files.wordpress.com\\\/2009\\\/06\\\/capa_pacheco.jpg?w=111\",\"articleSection\":[\"PUBLICA\u00c7\u00d5ES\"],\"inLanguage\":\"pt-PT\",\"potentialAction\":[{\"@type\":\"CommentAction\",\"name\":\"Comment\",\"target\":[\"https:\\\/\\\/inclusivenews.com.br\\\/?p=11513#respond\"]}]},{\"@type\":\"WebPage\",\"@id\":\"https:\\\/\\\/inclusivenews.com.br\\\/?p=11513\",\"url\":\"https:\\\/\\\/inclusivenews.com.br\\\/?p=11513\",\"name\":\"Pequeno dicion\u00e1rio de absurdos em educa\u00e7\u00e3o -\",\"isPartOf\":{\"@id\":\"https:\\\/\\\/inclusivenews.com.br\\\/#website\"},\"primaryImageOfPage\":{\"@id\":\"https:\\\/\\\/inclusivenews.com.br\\\/?p=11513#primaryimage\"},\"image\":{\"@id\":\"https:\\\/\\\/inclusivenews.com.br\\\/?p=11513#primaryimage\"},\"thumbnailUrl\":\"http:\\\/\\\/agenciainclusive.files.wordpress.com\\\/2009\\\/06\\\/capa_pacheco.jpg?w=111\",\"datePublished\":\"2009-06-09T11:38:29+00:00\",\"breadcrumb\":{\"@id\":\"https:\\\/\\\/inclusivenews.com.br\\\/?p=11513#breadcrumb\"},\"inLanguage\":\"pt-PT\",\"potentialAction\":[{\"@type\":\"ReadAction\",\"target\":[\"https:\\\/\\\/inclusivenews.com.br\\\/?p=11513\"]}]},{\"@type\":\"ImageObject\",\"inLanguage\":\"pt-PT\",\"@id\":\"https:\\\/\\\/inclusivenews.com.br\\\/?p=11513#primaryimage\",\"url\":\"http:\\\/\\\/agenciainclusive.files.wordpress.com\\\/2009\\\/06\\\/capa_pacheco.jpg?w=111\",\"contentUrl\":\"http:\\\/\\\/agenciainclusive.files.wordpress.com\\\/2009\\\/06\\\/capa_pacheco.jpg?w=111\"},{\"@type\":\"BreadcrumbList\",\"@id\":\"https:\\\/\\\/inclusivenews.com.br\\\/?p=11513#breadcrumb\",\"itemListElement\":[{\"@type\":\"ListItem\",\"position\":1,\"name\":\"In\u00edcio\",\"item\":\"https:\\\/\\\/inclusivenews.com.br\\\/\"},{\"@type\":\"ListItem\",\"position\":2,\"name\":\"Pequeno dicion\u00e1rio de absurdos em educa\u00e7\u00e3o\"}]},{\"@type\":\"WebSite\",\"@id\":\"https:\\\/\\\/inclusivenews.com.br\\\/#website\",\"url\":\"https:\\\/\\\/inclusivenews.com.br\\\/\",\"name\":\"Inclusive News\",\"description\":\"Inclusive News\",\"publisher\":{\"@id\":\"https:\\\/\\\/inclusivenews.com.br\\\/#organization\"},\"potentialAction\":[{\"@type\":\"SearchAction\",\"target\":{\"@type\":\"EntryPoint\",\"urlTemplate\":\"https:\\\/\\\/inclusivenews.com.br\\\/?s={search_term_string}\"},\"query-input\":{\"@type\":\"PropertyValueSpecification\",\"valueRequired\":true,\"valueName\":\"search_term_string\"}}],\"inLanguage\":\"pt-PT\"},{\"@type\":\"Organization\",\"@id\":\"https:\\\/\\\/inclusivenews.com.br\\\/#organization\",\"name\":\"Inclusive - inclus\u00e3o e cidadania\",\"url\":\"https:\\\/\\\/inclusivenews.com.br\\\/\",\"logo\":{\"@type\":\"ImageObject\",\"inLanguage\":\"pt-PT\",\"@id\":\"https:\\\/\\\/inclusivenews.com.br\\\/#\\\/schema\\\/logo\\\/image\\\/\",\"url\":\"https:\\\/\\\/inclusivenews.com.br\\\/wp-content\\\/uploads\\\/2024\\\/03\\\/@grandesite.png\",\"contentUrl\":\"https:\\\/\\\/inclusivenews.com.br\\\/wp-content\\\/uploads\\\/2024\\\/03\\\/@grandesite.png\",\"width\":1080,\"height\":1080,\"caption\":\"Inclusive - inclus\u00e3o e cidadania\"},\"image\":{\"@id\":\"https:\\\/\\\/inclusivenews.com.br\\\/#\\\/schema\\\/logo\\\/image\\\/\"},\"sameAs\":[\"https:\\\/\\\/www.facebook.com\\\/agenciainclusive\\\/\",\"https:\\\/\\\/www.instagram.com\\\/newsinclusive\\\/\"]},{\"@type\":\"Person\",\"@id\":\"https:\\\/\\\/inclusivenews.com.br\\\/#\\\/schema\\\/person\\\/0dab492019871b94abb65fa8ee7c8c44\",\"name\":\"Inclusive\",\"image\":{\"@type\":\"ImageObject\",\"inLanguage\":\"pt-PT\",\"@id\":\"https:\\\/\\\/secure.gravatar.com\\\/avatar\\\/?s=96&d=mm&r=g\",\"url\":\"https:\\\/\\\/secure.gravatar.com\\\/avatar\\\/?s=96&d=mm&r=g\",\"contentUrl\":\"https:\\\/\\\/secure.gravatar.com\\\/avatar\\\/?s=96&d=mm&r=g\",\"caption\":\"Inclusive\"},\"url\":\"https:\\\/\\\/inclusivenews.com.br\\\/?author=2\"}]}<\/script>\n<!-- \/ Yoast SEO plugin. -->","yoast_head_json":{"title":"Pequeno dicion\u00e1rio de absurdos em educa\u00e7\u00e3o -","robots":{"index":"index","follow":"follow","max-snippet":"max-snippet:-1","max-image-preview":"max-image-preview:large","max-video-preview":"max-video-preview:-1"},"canonical":"https:\/\/inclusivenews.com.br\/?p=11513","og_locale":"pt_PT","og_type":"article","og_title":"Pequeno dicion\u00e1rio de absurdos em educa\u00e7\u00e3o -","og_description":"\u201cEscrever para adultos \u00e9 f\u00e1cil. Dif\u00edcil \u00e9 explicar a uma crian\u00e7a a escola sem sentido que tivemos at\u00e9 o princ\u00edpio deste s\u00e9culo.\u201d Ao reler algumas cartas antigas com sua neta Alice, o educador portugu\u00eas Jos\u00e9 Pacheco reuniu algumas d\u00favidas e criou um bloco de notas \u201cpretensamente clarificadoras\u201d. Tantas foram as anota\u00e7\u00f5es e t\u00e3o d\u00edspares as [&hellip;]","og_url":"https:\/\/inclusivenews.com.br\/?p=11513","article_publisher":"https:\/\/www.facebook.com\/agenciainclusive\/","article_published_time":"2009-06-09T11:38:29+00:00","og_image":[{"url":"http:\/\/agenciainclusive.files.wordpress.com\/2009\/06\/capa_pacheco.jpg?w=111","type":"","width":"","height":""}],"author":"Inclusive","twitter_card":"summary_large_image","twitter_misc":{"Escrito por":"Inclusive","Tempo estimado de leitura":"1 minuto"},"schema":{"@context":"https:\/\/schema.org","@graph":[{"@type":"Article","@id":"https:\/\/inclusivenews.com.br\/?p=11513#article","isPartOf":{"@id":"https:\/\/inclusivenews.com.br\/?p=11513"},"author":{"name":"Inclusive","@id":"https:\/\/inclusivenews.com.br\/#\/schema\/person\/0dab492019871b94abb65fa8ee7c8c44"},"headline":"Pequeno dicion\u00e1rio de absurdos em educa\u00e7\u00e3o","datePublished":"2009-06-09T11:38:29+00:00","mainEntityOfPage":{"@id":"https:\/\/inclusivenews.com.br\/?p=11513"},"wordCount":125,"commentCount":0,"publisher":{"@id":"https:\/\/inclusivenews.com.br\/#organization"},"image":{"@id":"https:\/\/inclusivenews.com.br\/?p=11513#primaryimage"},"thumbnailUrl":"http:\/\/agenciainclusive.files.wordpress.com\/2009\/06\/capa_pacheco.jpg?w=111","articleSection":["PUBLICA\u00c7\u00d5ES"],"inLanguage":"pt-PT","potentialAction":[{"@type":"CommentAction","name":"Comment","target":["https:\/\/inclusivenews.com.br\/?p=11513#respond"]}]},{"@type":"WebPage","@id":"https:\/\/inclusivenews.com.br\/?p=11513","url":"https:\/\/inclusivenews.com.br\/?p=11513","name":"Pequeno dicion\u00e1rio de absurdos em educa\u00e7\u00e3o -","isPartOf":{"@id":"https:\/\/inclusivenews.com.br\/#website"},"primaryImageOfPage":{"@id":"https:\/\/inclusivenews.com.br\/?p=11513#primaryimage"},"image":{"@id":"https:\/\/inclusivenews.com.br\/?p=11513#primaryimage"},"thumbnailUrl":"http:\/\/agenciainclusive.files.wordpress.com\/2009\/06\/capa_pacheco.jpg?w=111","datePublished":"2009-06-09T11:38:29+00:00","breadcrumb":{"@id":"https:\/\/inclusivenews.com.br\/?p=11513#breadcrumb"},"inLanguage":"pt-PT","potentialAction":[{"@type":"ReadAction","target":["https:\/\/inclusivenews.com.br\/?p=11513"]}]},{"@type":"ImageObject","inLanguage":"pt-PT","@id":"https:\/\/inclusivenews.com.br\/?p=11513#primaryimage","url":"http:\/\/agenciainclusive.files.wordpress.com\/2009\/06\/capa_pacheco.jpg?w=111","contentUrl":"http:\/\/agenciainclusive.files.wordpress.com\/2009\/06\/capa_pacheco.jpg?w=111"},{"@type":"BreadcrumbList","@id":"https:\/\/inclusivenews.com.br\/?p=11513#breadcrumb","itemListElement":[{"@type":"ListItem","position":1,"name":"In\u00edcio","item":"https:\/\/inclusivenews.com.br\/"},{"@type":"ListItem","position":2,"name":"Pequeno dicion\u00e1rio de absurdos em educa\u00e7\u00e3o"}]},{"@type":"WebSite","@id":"https:\/\/inclusivenews.com.br\/#website","url":"https:\/\/inclusivenews.com.br\/","name":"Inclusive News","description":"Inclusive News","publisher":{"@id":"https:\/\/inclusivenews.com.br\/#organization"},"potentialAction":[{"@type":"SearchAction","target":{"@type":"EntryPoint","urlTemplate":"https:\/\/inclusivenews.com.br\/?s={search_term_string}"},"query-input":{"@type":"PropertyValueSpecification","valueRequired":true,"valueName":"search_term_string"}}],"inLanguage":"pt-PT"},{"@type":"Organization","@id":"https:\/\/inclusivenews.com.br\/#organization","name":"Inclusive - inclus\u00e3o e cidadania","url":"https:\/\/inclusivenews.com.br\/","logo":{"@type":"ImageObject","inLanguage":"pt-PT","@id":"https:\/\/inclusivenews.com.br\/#\/schema\/logo\/image\/","url":"https:\/\/inclusivenews.com.br\/wp-content\/uploads\/2024\/03\/@grandesite.png","contentUrl":"https:\/\/inclusivenews.com.br\/wp-content\/uploads\/2024\/03\/@grandesite.png","width":1080,"height":1080,"caption":"Inclusive - inclus\u00e3o e cidadania"},"image":{"@id":"https:\/\/inclusivenews.com.br\/#\/schema\/logo\/image\/"},"sameAs":["https:\/\/www.facebook.com\/agenciainclusive\/","https:\/\/www.instagram.com\/newsinclusive\/"]},{"@type":"Person","@id":"https:\/\/inclusivenews.com.br\/#\/schema\/person\/0dab492019871b94abb65fa8ee7c8c44","name":"Inclusive","image":{"@type":"ImageObject","inLanguage":"pt-PT","@id":"https:\/\/secure.gravatar.com\/avatar\/?s=96&d=mm&r=g","url":"https:\/\/secure.gravatar.com\/avatar\/?s=96&d=mm&r=g","contentUrl":"https:\/\/secure.gravatar.com\/avatar\/?s=96&d=mm&r=g","caption":"Inclusive"},"url":"https:\/\/inclusivenews.com.br\/?author=2"}]}},"_links":{"self":[{"href":"https:\/\/inclusivenews.com.br\/index.php?rest_route=\/wp\/v2\/posts\/11513","targetHints":{"allow":["GET"]}}],"collection":[{"href":"https:\/\/inclusivenews.com.br\/index.php?rest_route=\/wp\/v2\/posts"}],"about":[{"href":"https:\/\/inclusivenews.com.br\/index.php?rest_route=\/wp\/v2\/types\/post"}],"author":[{"embeddable":true,"href":"https:\/\/inclusivenews.com.br\/index.php?rest_route=\/wp\/v2\/users\/2"}],"replies":[{"embeddable":true,"href":"https:\/\/inclusivenews.com.br\/index.php?rest_route=%2Fwp%2Fv2%2Fcomments&post=11513"}],"version-history":[{"count":0,"href":"https:\/\/inclusivenews.com.br\/index.php?rest_route=\/wp\/v2\/posts\/11513\/revisions"}],"wp:attachment":[{"href":"https:\/\/inclusivenews.com.br\/index.php?rest_route=%2Fwp%2Fv2%2Fmedia&parent=11513"}],"wp:term":[{"taxonomy":"category","embeddable":true,"href":"https:\/\/inclusivenews.com.br\/index.php?rest_route=%2Fwp%2Fv2%2Fcategories&post=11513"},{"taxonomy":"post_tag","embeddable":true,"href":"https:\/\/inclusivenews.com.br\/index.php?rest_route=%2Fwp%2Fv2%2Ftags&post=11513"}],"curies":[{"name":"wp","href":"https:\/\/api.w.org\/{rel}","templated":true}]}}