{"id":11539,"date":"2009-10-08T06:55:18","date_gmt":"2009-10-08T09:55:18","guid":{"rendered":"http:\/\/agenciainclusive.wordpress.com\/?p=11539"},"modified":"2009-10-08T06:55:18","modified_gmt":"2009-10-08T09:55:18","slug":"comunicado-urgente-corde-sedh","status":"publish","type":"post","link":"https:\/\/inclusivenews.com.br\/?p=11539","title":{"rendered":"Comunicado urgente CORDE &#8211; SEDH"},"content":{"rendered":"<p style=\"text-align:justify;margin-bottom:0;\">Caros delegados e amigos que participaram ou t\u00eam contato com outras pessoas que participaram do evento I CONFER\u00caNCIA NACIONAL DOS DIREITOS DA PESSOA COM DEFICI\u00caNCIA &#8211; ACESSIBILIDADE \u2013 Voc\u00ea tamb\u00e9m tem compromisso! em Maio de 2006, realizada em Bras\u00edlia.<\/p>\n<p style=\"text-align:justify;margin-bottom:0;\">Em nome da Comiss\u00e3o Organizadora, da CORDE e da SEDH solicitamos o aux\u00edlio e a contribui\u00e7\u00e3o de todos, o mais imediato poss\u00edvel, com vistas a alguns questionamentos por parte do TCU, para restaurar os fatos ocorridos durante a I Confer\u00eancia e apresent\u00e1-los ao TCU, por meio da elabora\u00e7\u00e3o do relat\u00f3rio da Secretaria Especial dos Direitos Humanos.<\/p>\n<p style=\"text-align:justify;margin-bottom:0;\"><span style=\"text-decoration:underline;\"><strong>Para tanto, precisamos de comprovantes da exist\u00eancia da I Confer\u00eancia, por meio de v\u00eddeos, fotos, grava\u00e7\u00f5es sonoras, not\u00edcias publicadas na m\u00eddia, t\u00edquetes de passagens, fichas de credenciamento, etc. Temos interesse especial em;<\/strong><\/span><\/p>\n<p style=\"text-align:justify;margin-bottom:0;\">&#8211; imagens do dia 11\/5\/06, a v\u00e9spera, com a montagem da \u00e1rea do Park Fair, na beira do lago, onde estavam o credenciamento, as salas de grupo, estandes, restaurante grande e todas as salas de log\u00edstica;<\/p>\n<p style=\"text-align:justify;margin-bottom:0;\">&#8211; tudo que houver sobre o almo\u00e7o e o jantar do mesmo dia 11\/5, a v\u00e9spera, no restaurante montado para atender \u00e0s delega\u00e7\u00f5es, ao lado do elevador\/cinemas<\/p>\n<p style=\"text-align:justify;margin-bottom:0;\">&#8211; imagens da chegada no aeroporto ou rodovi\u00e1ria, o translado nos \u00f4nibus executivos e vans, chegada nos hot\u00e9is e na Academia de T\u00eanis;<\/p>\n<p style=\"text-align:justify;margin-bottom:0;\">&#8211; imagens, v\u00eddeos, grava\u00e7\u00f5es sonoras dos dias 12, 13, 14, em todas as atividades; plen\u00e1ria, trabalhos em grupo, pain\u00e9is espec\u00edficos, reuni\u00e3o das delega\u00e7\u00f5es no sal\u00e3o Murano;<\/p>\n<p style=\"text-align:justify;margin-bottom:0;\">&#8211; escoteiros e pessoal de apoio conduzindo as pessoas com defici\u00eancia, a rampa para o Park Fair;<\/p>\n<p style=\"text-align:justify;margin-bottom:0;\">&#8211; camarins onde estiveram a Turma da M\u00f4nica e a cantora Faf\u00e1 de Bel\u00e9m, noite de 14\/5;<\/p>\n<p style=\"text-align:justify;margin-bottom:0;\">&#8211; lan\u00e7amento da Campanha da Acessibilidade na noite do dia 14\/5;<\/p>\n<p style=\"text-align:justify;margin-bottom:0;\">&#8211; o mesmo em rela\u00e7\u00e3o \u00e0 plen\u00e1ria final, a parte do recredenciamento com a equipe da seguran\u00e7a do PR Lula e D. Marisa Let\u00edcia;<\/p>\n<p style=\"text-align:justify;margin-bottom:0;\">&#8211; tudo sobre a presen\u00e7a do PR Lula e comitiva, se poss\u00edvel com as informa\u00e7\u00f5es de quanto tempo o PR ficou na I Confer\u00eancia;<\/p>\n<p style=\"text-align:justify;margin-bottom:0;\">&#8211; imagens e material de m\u00eddia que mostrem a entrevista do PR Lula, ao lado palco, para meios de comunica\u00e7\u00e3o falando a respeito das a\u00e7\u00f5es violentas ocorridas em S\u00e3o Paulo;<\/p>\n<p style=\"text-align:justify;margin-bottom:0;\">&#8211; hor\u00e1rio no qual a plen\u00e1ria final recome\u00e7ou e encerrou-se;<\/p>\n<p style=\"text-align:justify;margin-bottom:0;\">&#8211; imagens gerais do <em>coffee break<\/em> dos dias 13, 14 e 15\/5;<\/p>\n<p style=\"text-align:justify;margin-bottom:0;\">&#8211; imagens dos almo\u00e7os e jantares dos dias 12, 13, 14, 15;<\/p>\n<p style=\"text-align:justify;margin-bottom:0;\">&#8211; destaque muito especial para o jantar da noite do dia 15\/5, quando a plen\u00e1ria se estendeu at\u00e9 a noite;<\/p>\n<p style=\"text-align:justify;margin-bottom:0;\">&#8211; almo\u00e7o e translados do dia 16\/5 para as delega\u00e7\u00f5es que permaneceram;<\/p>\n<p style=\"text-align:justify;margin-bottom:0;\">&#8211; imagens dos hot\u00e9is e as pessoas de apoio, entrada e sa\u00edda de cadeiras dos \u00f4nibus executivos e vans;<\/p>\n<p style=\"text-align:justify;margin-bottom:0;\">&#8211; imagens de cadeirantes no interior dos \u00f4nibus e vans;<\/p>\n<p style=\"text-align:justify;margin-bottom:0;\">&#8211; tudo que tiverem que mostrem credenciamento, a sala de solu\u00e7\u00f5es, posto m\u00e9dico, achados e perdidos, guarda-volumes, atendimento para pessoas com defici\u00eancia visual, interior dos estandes;<\/p>\n<p style=\"text-align:justify;margin-bottom:0;\">&#8211; imagens que mostrem as cadeiras e as paredes, os p\u00f4steres na parte interna e pelos espa\u00e7os externos da Academia;<\/p>\n<p style=\"text-align:justify;margin-bottom:0;\">&#8211; muito importante: imagens, do recebimento e da pr\u00f3pria c\u00f3pia de x\u00e9rox ap\u00f3s a revis\u00e3o do regimento e o regulamento, de outros documentos em geral e tamb\u00e9m as c\u00f3pias das propostas e mo\u00e7\u00f5es;<\/p>\n<p style=\"text-align:justify;margin-bottom:0;\">&#8211; imagens das pessoas das entidades da sociedade civil e dos minist\u00e9rios nos estandes atendendo e se tiverem fotos vis\u00edveis de material de xerox;<\/p>\n<p style=\"text-align:justify;margin-bottom:0;\">&#8211; precisamos provar que existiram c\u00f3pias x\u00e9rox, cadeiras em todos os espa\u00e7os, divis\u00f3rias, almo\u00e7os e jantares, \u00f4nibus e vans, pessoal de apoio.<\/p>\n<p style=\"text-align:justify;margin-bottom:0;\"><strong>Em nome da Comiss\u00e3o Organizadora da I Confer\u00eancia dos Direitos da Pessoa com Defici\u00eancia e da CORDE <\/strong><span style=\"text-decoration:underline;\"><strong>solicito divulgarem em todas as listas dos representantes do movimento social das pessoas com defici\u00eancia. <\/strong><\/span><\/p>\n<p style=\"text-align:justify;margin-bottom:0;\"><span style=\"text-decoration:underline;\"><strong>Muito obrigada!<\/strong><\/span><\/p>\n<p style=\"text-align:justify;margin-bottom:0;\">Bras\u00edlia, 06 de outubro de 2009.<\/p>\n<p style=\"text-align:justify;margin-bottom:0;\">Izabel Maior<\/p>\n<p style=\"text-align:justify;margin-bottom:0;\">Coordenadora Geral da CORDE\/SEDH\/PR<\/p>\n<p style=\"text-align:justify;margin-bottom:0;\">Contatos com toda a equipe da CORDE<\/p>\n<p style=\"text-align:justify;margin-bottom:0;\">Telefones 61 \u2013 20253683 \/ 3684 \/ 3669 \/ 3689 \/ 3432\/ 9193 \/ 3642<\/p>\n<p style=\"text-align:justify;margin-bottom:0;\">Fax 61 20259747 \/ 3068<\/p>\n<p style=\"text-align:justify;margin-bottom:0;\">e-mail <span style=\"color:#0000ff;\"><span style=\"text-decoration:underline;\"><a href=\"mailto:corde.2009@hotmail.com\">corde.2009@hotmail.com<\/a><\/span><\/span><\/p>\n<p style=\"text-align:justify;margin-bottom:0;\">\u00a0<\/p>\n<p style=\"text-align:justify;margin-bottom:0;\">Transcrevemos abaixo parte inicial do texto do relat\u00f3rio do TCU;<\/p>\n<p style=\"text-align:justify;margin-bottom:0;\">\u00a0<\/p>\n<p style=\"text-align:justify;margin-bottom:0;\">VOTO 9\/9\/2009<\/p>\n<p style=\"text-align:justify;margin-bottom:0;\">\u00a0<\/p>\n<p style=\"text-align:justify;\">\u201cMediante o Requerimento n\u00ba 1.300\/2007, de autoria do Senador \u00c1lvaro Dias e aprovado pelo Plen\u00e1rio do Senado Federal, aquela Casa Legislativa solicitou que o TCU realizasse <em>\u201cauditoria nos contratos de presta\u00e7\u00e3o de servi\u00e7os para a realiza\u00e7\u00e3o de congressos e eventos realizados por \u00f3rg\u00e3os do governo federal, com base no sistema de registro de pre\u00e7os, em 2004, 2005 e 2006, especialmente os celebrados no \u00e2mbito do Minist\u00e9rio da Sa\u00fade\u201d<\/em>. O fundamento para a solicita\u00e7\u00e3o foi a ocorr\u00eancia, noticiada pela m\u00eddia em 3\/5\/2005, de supostas irregularidades na contrata\u00e7\u00e3o da empresa Aplauso Organiza\u00e7\u00e3o de Eventos Ltda. pelo referido minist\u00e9rio.<\/p>\n<p style=\"text-align:justify;margin-bottom:0;\">2. Esse pedido foi autuado como solicita\u00e7\u00e3o do Congresso Nacional (TC 030.715\/2007-0) e apreciado por este Plen\u00e1rio em 13\/5\/2009, que prolatou o Ac\u00f3rd\u00e3o n\u00ba 997\/2009-TCU-Plen\u00e1rio, <em>verbis<\/em>:<\/p>\n<p style=\"margin-bottom:0;margin-left:1cm;\" align=\"justify\"><em>\u201c9.1. conhecer da presente solicita\u00e7\u00e3o com fundamento nos arts. 1\u00ba, II e 38, I da Lei 8.443\/92 e arts. 231 e 232, I do Regimento Interno\/TCU, considerando-a parcialmente atendida;<\/em><\/p>\n<p style=\"margin-bottom:0;margin-left:1cm;\" align=\"justify\"><em>9.2. determinar \u00e0 5\u00aa Secex, 6\u00aa Secex e 8\u00aa Secex que realizem e concluam, no prazo m\u00e1ximo de 45 (quarenta e cinco) dias, auditorias de conformidade nos contratos firmados entre a empresa Aplauso Organiza\u00e7\u00e3o de Eventos Ltda. e os seguintes \u00f3rg\u00e3os e entidades, observadas as respectivas clientelas: Funda\u00e7\u00e3o Alexandre de Gusm\u00e3o \u2013 Funag\/MRE; Minist\u00e9rio das Rela\u00e7\u00f5es Exteriores \u2013 MRE; Fundo Nacional de Cultura \u2013 FNC; Minist\u00e9rio da Justi\u00e7a \u2013 MJ; <\/em><em><strong>Secretaria<\/strong><\/em><em> <\/em><em><strong>Especial dos Direitos Humanos \u2013 SEDH<\/strong><\/em><em>, registrando, na proposta de encaminhamento do correspondente relat\u00f3rio, a necessidade do envio de c\u00f3pia \u00e0 Secretaria-Geral da Mesa do Senado Federal, nos termos do Of\u00edcio n\u00ba 1873\/2007 (SF), em aten\u00e7\u00e3o ao Requerimento n\u00ba 1300\/2007;<\/em><\/p>\n<p style=\"margin-bottom:0;margin-left:1cm;\" align=\"justify\"><em>9.3. determinar \u00e0 4\u00aa Secex que realize e conclua, no prazo m\u00e1ximo de 45 (quarenta e cinco) dias, auditoria no Preg\u00e3o n\u00ba 16\/2005-MS que deu origem \u00e0 Ata de Registro de Pre\u00e7os a que aderiram 62 \u00f3rg\u00e3os da Administra\u00e7\u00e3o P\u00fablica;<\/em><\/p>\n<p style=\"margin-bottom:0;margin-left:1cm;\" align=\"justify\"><em>9.4. encaminhar ao Presidente do Senado Federal, por interm\u00e9dio da Secretaria-Geral da Mesa do Senado Federal c\u00f3pia da presente delibera\u00e7\u00e3o, acompanhada do Relat\u00f3rio e do Voto que a fundamentam, bem como do inteiro teor dos Ac\u00f3rd\u00e3os 1927\/2006-1\u00aa C\u00e2mara; 1487\/2007-Plen\u00e1rio; 3673\/2007-1\u00aa C\u00e2mara; 1700\/2007\u00a0Plen\u00e1rio; 642\/2004-Plen\u00e1rio, relativos a processos j\u00e1 apreciados por este Tribunal, no \u00e2mbito dos quais foram analisadas contrata\u00e7\u00f5es da empresa Aplauso Organiza\u00e7\u00e3o de Eventos Ltda; &#8230;\u201d<\/em><\/p>\n","protected":false},"excerpt":{"rendered":"<p>Caros delegados e amigos que participaram ou t\u00eam contato com outras pessoas que participaram do evento I CONFER\u00caNCIA NACIONAL DOS DIREITOS DA PESSOA COM DEFICI\u00caNCIA &#8211; ACESSIBILIDADE \u2013 Voc\u00ea tamb\u00e9m tem compromisso! em Maio de 2006, realizada em Bras\u00edlia. Em nome da Comiss\u00e3o Organizadora, da CORDE e da SEDH solicitamos o aux\u00edlio e a contribui\u00e7\u00e3o [&hellip;]<\/p>\n","protected":false},"author":2,"featured_media":0,"comment_status":"open","ping_status":"open","sticky":false,"template":"","format":"standard","meta":{"site-container-style":"default","site-container-layout":"default","site-sidebar-layout":"default","disable-article-header":"default","disable-site-header":"default","disable-site-footer":"default","disable-content-area-spacing":"default","footnotes":""},"categories":[4],"tags":[],"class_list":["post-11539","post","type-post","status-publish","format-standard","hentry","category-noticias"],"yoast_head":"<!-- This site is optimized with the Yoast SEO plugin v27.5 - https:\/\/yoast.com\/product\/yoast-seo-wordpress\/ -->\n<title>Comunicado urgente CORDE - SEDH -<\/title>\n<meta name=\"robots\" content=\"index, follow, max-snippet:-1, max-image-preview:large, max-video-preview:-1\" \/>\n<link rel=\"canonical\" href=\"https:\/\/inclusivenews.com.br\/?p=11539\" \/>\n<meta property=\"og:locale\" content=\"pt_PT\" \/>\n<meta property=\"og:type\" content=\"article\" \/>\n<meta property=\"og:title\" content=\"Comunicado urgente CORDE - SEDH -\" \/>\n<meta property=\"og:description\" content=\"Caros delegados e amigos que participaram ou t\u00eam contato com outras pessoas que participaram do evento I CONFER\u00caNCIA NACIONAL DOS DIREITOS DA PESSOA COM DEFICI\u00caNCIA &#8211; ACESSIBILIDADE \u2013 Voc\u00ea tamb\u00e9m tem compromisso! em Maio de 2006, realizada em Bras\u00edlia. Em nome da Comiss\u00e3o Organizadora, da CORDE e da SEDH solicitamos o aux\u00edlio e a contribui\u00e7\u00e3o [&hellip;]\" \/>\n<meta property=\"og:url\" content=\"https:\/\/inclusivenews.com.br\/?p=11539\" \/>\n<meta property=\"article:publisher\" content=\"https:\/\/www.facebook.com\/agenciainclusive\/\" \/>\n<meta property=\"article:published_time\" content=\"2009-10-08T09:55:18+00:00\" \/>\n<meta name=\"author\" content=\"Inclusive\" \/>\n<meta name=\"twitter:card\" content=\"summary_large_image\" \/>\n<meta name=\"twitter:label1\" content=\"Escrito por\" \/>\n\t<meta name=\"twitter:data1\" content=\"Inclusive\" \/>\n\t<meta name=\"twitter:label2\" content=\"Tempo estimado de leitura\" \/>\n\t<meta name=\"twitter:data2\" content=\"6 minutos\" \/>\n<script type=\"application\/ld+json\" class=\"yoast-schema-graph\">{\"@context\":\"https:\\\/\\\/schema.org\",\"@graph\":[{\"@type\":\"Article\",\"@id\":\"https:\\\/\\\/inclusivenews.com.br\\\/?p=11539#article\",\"isPartOf\":{\"@id\":\"https:\\\/\\\/inclusivenews.com.br\\\/?p=11539\"},\"author\":{\"name\":\"Inclusive\",\"@id\":\"https:\\\/\\\/inclusivenews.com.br\\\/#\\\/schema\\\/person\\\/0dab492019871b94abb65fa8ee7c8c44\"},\"headline\":\"Comunicado urgente CORDE &#8211; SEDH\",\"datePublished\":\"2009-10-08T09:55:18+00:00\",\"mainEntityOfPage\":{\"@id\":\"https:\\\/\\\/inclusivenews.com.br\\\/?p=11539\"},\"wordCount\":1113,\"commentCount\":0,\"publisher\":{\"@id\":\"https:\\\/\\\/inclusivenews.com.br\\\/#organization\"},\"articleSection\":[\"NOT\u00cdCIAS\"],\"inLanguage\":\"pt-PT\",\"potentialAction\":[{\"@type\":\"CommentAction\",\"name\":\"Comment\",\"target\":[\"https:\\\/\\\/inclusivenews.com.br\\\/?p=11539#respond\"]}]},{\"@type\":\"WebPage\",\"@id\":\"https:\\\/\\\/inclusivenews.com.br\\\/?p=11539\",\"url\":\"https:\\\/\\\/inclusivenews.com.br\\\/?p=11539\",\"name\":\"Comunicado urgente CORDE - SEDH -\",\"isPartOf\":{\"@id\":\"https:\\\/\\\/inclusivenews.com.br\\\/#website\"},\"datePublished\":\"2009-10-08T09:55:18+00:00\",\"breadcrumb\":{\"@id\":\"https:\\\/\\\/inclusivenews.com.br\\\/?p=11539#breadcrumb\"},\"inLanguage\":\"pt-PT\",\"potentialAction\":[{\"@type\":\"ReadAction\",\"target\":[\"https:\\\/\\\/inclusivenews.com.br\\\/?p=11539\"]}]},{\"@type\":\"BreadcrumbList\",\"@id\":\"https:\\\/\\\/inclusivenews.com.br\\\/?p=11539#breadcrumb\",\"itemListElement\":[{\"@type\":\"ListItem\",\"position\":1,\"name\":\"In\u00edcio\",\"item\":\"https:\\\/\\\/inclusivenews.com.br\\\/\"},{\"@type\":\"ListItem\",\"position\":2,\"name\":\"Comunicado urgente CORDE &#8211; SEDH\"}]},{\"@type\":\"WebSite\",\"@id\":\"https:\\\/\\\/inclusivenews.com.br\\\/#website\",\"url\":\"https:\\\/\\\/inclusivenews.com.br\\\/\",\"name\":\"Inclusive News\",\"description\":\"Inclusive News\",\"publisher\":{\"@id\":\"https:\\\/\\\/inclusivenews.com.br\\\/#organization\"},\"potentialAction\":[{\"@type\":\"SearchAction\",\"target\":{\"@type\":\"EntryPoint\",\"urlTemplate\":\"https:\\\/\\\/inclusivenews.com.br\\\/?s={search_term_string}\"},\"query-input\":{\"@type\":\"PropertyValueSpecification\",\"valueRequired\":true,\"valueName\":\"search_term_string\"}}],\"inLanguage\":\"pt-PT\"},{\"@type\":\"Organization\",\"@id\":\"https:\\\/\\\/inclusivenews.com.br\\\/#organization\",\"name\":\"Inclusive - inclus\u00e3o e cidadania\",\"url\":\"https:\\\/\\\/inclusivenews.com.br\\\/\",\"logo\":{\"@type\":\"ImageObject\",\"inLanguage\":\"pt-PT\",\"@id\":\"https:\\\/\\\/inclusivenews.com.br\\\/#\\\/schema\\\/logo\\\/image\\\/\",\"url\":\"https:\\\/\\\/inclusivenews.com.br\\\/wp-content\\\/uploads\\\/2024\\\/03\\\/@grandesite.png\",\"contentUrl\":\"https:\\\/\\\/inclusivenews.com.br\\\/wp-content\\\/uploads\\\/2024\\\/03\\\/@grandesite.png\",\"width\":1080,\"height\":1080,\"caption\":\"Inclusive - inclus\u00e3o e cidadania\"},\"image\":{\"@id\":\"https:\\\/\\\/inclusivenews.com.br\\\/#\\\/schema\\\/logo\\\/image\\\/\"},\"sameAs\":[\"https:\\\/\\\/www.facebook.com\\\/agenciainclusive\\\/\",\"https:\\\/\\\/www.instagram.com\\\/newsinclusive\\\/\"]},{\"@type\":\"Person\",\"@id\":\"https:\\\/\\\/inclusivenews.com.br\\\/#\\\/schema\\\/person\\\/0dab492019871b94abb65fa8ee7c8c44\",\"name\":\"Inclusive\",\"image\":{\"@type\":\"ImageObject\",\"inLanguage\":\"pt-PT\",\"@id\":\"https:\\\/\\\/secure.gravatar.com\\\/avatar\\\/?s=96&d=mm&r=g\",\"url\":\"https:\\\/\\\/secure.gravatar.com\\\/avatar\\\/?s=96&d=mm&r=g\",\"contentUrl\":\"https:\\\/\\\/secure.gravatar.com\\\/avatar\\\/?s=96&d=mm&r=g\",\"caption\":\"Inclusive\"},\"url\":\"https:\\\/\\\/inclusivenews.com.br\\\/?author=2\"}]}<\/script>\n<!-- \/ Yoast SEO plugin. -->","yoast_head_json":{"title":"Comunicado urgente CORDE - SEDH -","robots":{"index":"index","follow":"follow","max-snippet":"max-snippet:-1","max-image-preview":"max-image-preview:large","max-video-preview":"max-video-preview:-1"},"canonical":"https:\/\/inclusivenews.com.br\/?p=11539","og_locale":"pt_PT","og_type":"article","og_title":"Comunicado urgente CORDE - SEDH -","og_description":"Caros delegados e amigos que participaram ou t\u00eam contato com outras pessoas que participaram do evento I CONFER\u00caNCIA NACIONAL DOS DIREITOS DA PESSOA COM DEFICI\u00caNCIA &#8211; ACESSIBILIDADE \u2013 Voc\u00ea tamb\u00e9m tem compromisso! em Maio de 2006, realizada em Bras\u00edlia. Em nome da Comiss\u00e3o Organizadora, da CORDE e da SEDH solicitamos o aux\u00edlio e a contribui\u00e7\u00e3o [&hellip;]","og_url":"https:\/\/inclusivenews.com.br\/?p=11539","article_publisher":"https:\/\/www.facebook.com\/agenciainclusive\/","article_published_time":"2009-10-08T09:55:18+00:00","author":"Inclusive","twitter_card":"summary_large_image","twitter_misc":{"Escrito por":"Inclusive","Tempo estimado de leitura":"6 minutos"},"schema":{"@context":"https:\/\/schema.org","@graph":[{"@type":"Article","@id":"https:\/\/inclusivenews.com.br\/?p=11539#article","isPartOf":{"@id":"https:\/\/inclusivenews.com.br\/?p=11539"},"author":{"name":"Inclusive","@id":"https:\/\/inclusivenews.com.br\/#\/schema\/person\/0dab492019871b94abb65fa8ee7c8c44"},"headline":"Comunicado urgente CORDE &#8211; SEDH","datePublished":"2009-10-08T09:55:18+00:00","mainEntityOfPage":{"@id":"https:\/\/inclusivenews.com.br\/?p=11539"},"wordCount":1113,"commentCount":0,"publisher":{"@id":"https:\/\/inclusivenews.com.br\/#organization"},"articleSection":["NOT\u00cdCIAS"],"inLanguage":"pt-PT","potentialAction":[{"@type":"CommentAction","name":"Comment","target":["https:\/\/inclusivenews.com.br\/?p=11539#respond"]}]},{"@type":"WebPage","@id":"https:\/\/inclusivenews.com.br\/?p=11539","url":"https:\/\/inclusivenews.com.br\/?p=11539","name":"Comunicado urgente CORDE - SEDH -","isPartOf":{"@id":"https:\/\/inclusivenews.com.br\/#website"},"datePublished":"2009-10-08T09:55:18+00:00","breadcrumb":{"@id":"https:\/\/inclusivenews.com.br\/?p=11539#breadcrumb"},"inLanguage":"pt-PT","potentialAction":[{"@type":"ReadAction","target":["https:\/\/inclusivenews.com.br\/?p=11539"]}]},{"@type":"BreadcrumbList","@id":"https:\/\/inclusivenews.com.br\/?p=11539#breadcrumb","itemListElement":[{"@type":"ListItem","position":1,"name":"In\u00edcio","item":"https:\/\/inclusivenews.com.br\/"},{"@type":"ListItem","position":2,"name":"Comunicado urgente CORDE &#8211; SEDH"}]},{"@type":"WebSite","@id":"https:\/\/inclusivenews.com.br\/#website","url":"https:\/\/inclusivenews.com.br\/","name":"Inclusive News","description":"Inclusive News","publisher":{"@id":"https:\/\/inclusivenews.com.br\/#organization"},"potentialAction":[{"@type":"SearchAction","target":{"@type":"EntryPoint","urlTemplate":"https:\/\/inclusivenews.com.br\/?s={search_term_string}"},"query-input":{"@type":"PropertyValueSpecification","valueRequired":true,"valueName":"search_term_string"}}],"inLanguage":"pt-PT"},{"@type":"Organization","@id":"https:\/\/inclusivenews.com.br\/#organization","name":"Inclusive - inclus\u00e3o e cidadania","url":"https:\/\/inclusivenews.com.br\/","logo":{"@type":"ImageObject","inLanguage":"pt-PT","@id":"https:\/\/inclusivenews.com.br\/#\/schema\/logo\/image\/","url":"https:\/\/inclusivenews.com.br\/wp-content\/uploads\/2024\/03\/@grandesite.png","contentUrl":"https:\/\/inclusivenews.com.br\/wp-content\/uploads\/2024\/03\/@grandesite.png","width":1080,"height":1080,"caption":"Inclusive - inclus\u00e3o e cidadania"},"image":{"@id":"https:\/\/inclusivenews.com.br\/#\/schema\/logo\/image\/"},"sameAs":["https:\/\/www.facebook.com\/agenciainclusive\/","https:\/\/www.instagram.com\/newsinclusive\/"]},{"@type":"Person","@id":"https:\/\/inclusivenews.com.br\/#\/schema\/person\/0dab492019871b94abb65fa8ee7c8c44","name":"Inclusive","image":{"@type":"ImageObject","inLanguage":"pt-PT","@id":"https:\/\/secure.gravatar.com\/avatar\/?s=96&d=mm&r=g","url":"https:\/\/secure.gravatar.com\/avatar\/?s=96&d=mm&r=g","contentUrl":"https:\/\/secure.gravatar.com\/avatar\/?s=96&d=mm&r=g","caption":"Inclusive"},"url":"https:\/\/inclusivenews.com.br\/?author=2"}]}},"_links":{"self":[{"href":"https:\/\/inclusivenews.com.br\/index.php?rest_route=\/wp\/v2\/posts\/11539","targetHints":{"allow":["GET"]}}],"collection":[{"href":"https:\/\/inclusivenews.com.br\/index.php?rest_route=\/wp\/v2\/posts"}],"about":[{"href":"https:\/\/inclusivenews.com.br\/index.php?rest_route=\/wp\/v2\/types\/post"}],"author":[{"embeddable":true,"href":"https:\/\/inclusivenews.com.br\/index.php?rest_route=\/wp\/v2\/users\/2"}],"replies":[{"embeddable":true,"href":"https:\/\/inclusivenews.com.br\/index.php?rest_route=%2Fwp%2Fv2%2Fcomments&post=11539"}],"version-history":[{"count":0,"href":"https:\/\/inclusivenews.com.br\/index.php?rest_route=\/wp\/v2\/posts\/11539\/revisions"}],"wp:attachment":[{"href":"https:\/\/inclusivenews.com.br\/index.php?rest_route=%2Fwp%2Fv2%2Fmedia&parent=11539"}],"wp:term":[{"taxonomy":"category","embeddable":true,"href":"https:\/\/inclusivenews.com.br\/index.php?rest_route=%2Fwp%2Fv2%2Fcategories&post=11539"},{"taxonomy":"post_tag","embeddable":true,"href":"https:\/\/inclusivenews.com.br\/index.php?rest_route=%2Fwp%2Fv2%2Ftags&post=11539"}],"curies":[{"name":"wp","href":"https:\/\/api.w.org\/{rel}","templated":true}]}}