{"id":11546,"date":"2009-06-15T14:10:38","date_gmt":"2009-06-15T14:10:38","guid":{"rendered":"http:\/\/agenciainclusive.wordpress.com\/?p=8307"},"modified":"2009-06-15T14:10:38","modified_gmt":"2009-06-15T14:10:38","slug":"acessibilidade-nos-transportes-coletivos-2","status":"publish","type":"post","link":"https:\/\/inclusivenews.com.br\/?p=11546","title":{"rendered":"Acessibilidade nos transportes coletivos"},"content":{"rendered":"<p>Semin\u00e1rio sobre Acessibilidade nos Transportes Coletivos<br \/>\nRodovi\u00e1rio \u2013 Aquavi\u00e1rio<br \/>\n23 de junho de 2009, San Marco Hotel, Bras\u00edlia \u2013 DF<\/p>\n<p>Promover o f\u00e1cil acesso das pessoas com defici\u00eancia, ou com mobilidade reduzida, aos meios de transporte \u00e9 o principal objetivo do Programa de Avalia\u00e7\u00e3o da Conformidade para acessibilidade nos transportes coletivos de passageiros nos modais rodovi\u00e1rio e aquavi\u00e1rio. Desde 2004 o Sinmetro e o Inmetro receberam a tarefa de elaborar normas e regulamentos t\u00e9cnicos para ve\u00edculos e equipamentos novos ou em circula\u00e7\u00e3o (Decreto n\u00ba 5.296). Dentro de poucos anos, com toda a frota acess\u00edvel, ser\u00e1 assegurado um dos direitos fundamentais do cidad\u00e3o &#8211; estabelecido na Constitui\u00e7\u00e3o Federal &#8211; que \u00e9 o direito de ir e vir, com qualidade, seguran\u00e7a e autonomia. O \u00eaxito deste Programa depende de toda a sociedade brasileira e de cada parte envolvida: governo, empres\u00e1rios e sociedade civil. O Semin\u00e1rio Sobre Acessibilidade nos Transportes Coletivos representa um convite para o seu envolvimento a favor da diversidade humana e da igualdade nas diferen\u00e7as.<\/p>\n<p>Hor\u00e1rios do Evento<\/p>\n<p>8h &#8211; Credenciamento \/ Caf\u00e9 de boas-vindas<br \/>\n9h &#8211; Solenidade de Abertura<br \/>\n10h30m &#8211; PAINEL 1<br \/>\n12h &#8211; Almo\u00e7o<br \/>\n13h &#8211; PAINEL 2<br \/>\n15h15m &#8211; Intervalo<br \/>\n15h35m &#8211; PAINEL 3<br \/>\n17h15m &#8211; Encerramento<\/p>\n<p>Solenidade de Abertura &#8211; 9h<\/p>\n<p>Secretaria Especial dos Direitos Humanos da Presid\u00eancia da Rep\u00fablica<br \/>\nMinist\u00e9rio das Cidades<br \/>\nMinist\u00e9rio do Desenvolvimento, Ind\u00fastria e Com\u00e9rcio Exterior<br \/>\nMinist\u00e9rio dos Transportes<br \/>\nMinist\u00e9rio P\u00fablico Federal<br \/>\nInmetro<br \/>\nABNT<\/p>\n<p>PAINEL 1 &#8211; 10h30m<br \/>\nAcessibilidade e Inclus\u00e3o<\/p>\n<p>Palestra Agenda Social, Inclus\u00e3o Social, as Determina\u00e7\u00f5es das Leis 10.048\/2000 e 10.098\/2000 e o Decreto 5.296\/2004<br \/>\nIzabel Loureiro Maior &#8211; Coordenadoria Nacional para Integra\u00e7\u00e3o da Pessoa Portadora de Defici\u00eancia \u2013 Corde \u2013 SEDH\/PR<\/p>\n<p>Palestra sobre as Determina\u00e7\u00f5es do Decreto 5.296\/04 ao Inmetro &#8211; l Estrutura e Desenvolvimento do Trabalho<br \/>\nAlfredo Lobo &#8211; Diretor da Qualidade do Inmetro<\/p>\n<p>Debate<br \/>\nModerador: Gustavo Kuster &#8211; Gerente da Divis\u00e3o de Programas de Avalia\u00e7\u00e3o da Conformidade do Inmetro<\/p>\n<p>PAINEL 2 &#8211; 13h<br \/>\nAcessibilidade no Transporte Aquavi\u00e1rio &#8211; Apresenta\u00e7\u00e3o da Pesquisa Nacional<\/p>\n<p>Panorama sobre as Condi\u00e7\u00f5es do Transporte Aquavi\u00e1rio no Brasil<br \/>\nMaria Aparecida Martinelli &#8211; Gerente da Divis\u00e3o de Articula\u00e7\u00e3o Externa e Desenvolvimentos de Projetos Especiais do Inmetro<br \/>\nTadeu Mendon\u00e7a &#8211; Presidente do Ipem MG<br \/>\nAna Aleixo Presidente &#8211; Presidente do Ipem AM<\/p>\n<p>A Norma ABNT NBR 15450<br \/>\nAngela Werneck &#8211; Coordenadora de Elabora\u00e7\u00e3o de Norma da ABNT<\/p>\n<p>O Regulamento T\u00e9cnico do Inmetro para as Embarca\u00e7\u00f5es<br \/>\nMarcos Barradas &#8211; T\u00e9cnico da Divis\u00e3o de Programas de Avalia\u00e7\u00e3o da Conformidade do Inmetro<\/p>\n<p>Vis\u00e3o e papel da Antaq<br \/>\nJos\u00e9 Alex Botelho de Oliva &#8211; Superintendente de Navega\u00e7\u00e3o Interior da Antaq<\/p>\n<p>Vis\u00e3o e papel da Marinha<br \/>\nArthur Em\u00edlio M. Santa Rita &#8211; Chefe do Departamento T\u00e9cnico &#8211; Marinha do Brasil<\/p>\n<p>Debate<br \/>\nModerador: Thelma Indhira &#8211; Conselho de Direitos do Idoso<\/p>\n<p>PAINEL 3 &#8211; 15h35m<br \/>\nAcessibilidade no Transporte Coletivo Urbano e Rodovi\u00e1rio<\/p>\n<p>Palestra: As Normas de Acessibilidade para o Transporte Urbano<br \/>\nEduardo Belopede &#8211; Coordenador da Comiss\u00e3o da ABNT<\/p>\n<p>Palestra: Acessibilidade no Transporte Rodovi\u00e1rio Interestadual de Passageiros<br \/>\nSonia Rodrigues Haddad &#8211; Superintendente dos Servi\u00e7os de Transporte de Passageiros da ANTT<\/p>\n<p>Palestra: Regulamenta\u00e7\u00e3o T\u00e9cnica do Inmetro<br \/>\nMarcos Barradas &#8211; T\u00e9cnico da Divis\u00e3o de Programas de Avalia\u00e7\u00e3o da Conformidade do Inmetro<\/p>\n<p>Debate<br \/>\nModerador: H\u00e9lcio Eust\u00e1quio Rizzi &#8211; Assessor T\u00e9cnico da Coordenadoria Nacional para Integra\u00e7\u00e3o da Pessoa Portadora de Defici\u00eancia \u2013 Corde<\/p>\n<p>Ouvidoria do Inmetro &#8211; 0800 285 1818<br \/>\n<a href=\"http:\/\/www.inmetro.gov.br\/\">www.inmetro.gov.br<\/a><br \/>\n<a href=\"http:\/\/www.mj.gov.br\/corde\/\">www.mj.gov.br\/corde\/<\/a><\/p>\n<p>Apoio<br \/>\nInstituto Benjamin Constant<br \/>\nAcessibilidade Brasil<\/p>\n<p>Realiza\u00e7\u00e3o<br \/>\nCoordenadoria Nacional para Integra\u00e7\u00e3o da Pessoa Portadora de defici\u00eancia \u2013 CORDE<br \/>\nInstituto Nacional de Metrologia, Normaliza\u00e7\u00e3o e Qualidade Industrial \u2013 Inmetro<br \/>\nMinist\u00e9rio do Desenvolvimento, Ind\u00fastria e Com\u00e9rcio \u2013 MDIC<br \/>\nGoverno Federal<\/p>\n<p>Fonte: <a href=\"http:\/\/blog.andrei.bastos.nom.br\/2009\/06\/13\/acessibilidade-nos-transportes-coletivos\/\">http:\/\/blog.andrei.bastos.nom.br\/2009\/06\/13\/acessibilidade-nos-transportes-coletivos\/<\/a><\/p>\n","protected":false},"excerpt":{"rendered":"<p>Semin\u00e1rio sobre Acessibilidade nos Transportes Coletivos Rodovi\u00e1rio \u2013 Aquavi\u00e1rio 23 de junho de 2009, San Marco Hotel, Bras\u00edlia \u2013 DF Promover o f\u00e1cil acesso das pessoas com defici\u00eancia, ou com mobilidade reduzida, aos meios de transporte \u00e9 o principal objetivo do Programa de Avalia\u00e7\u00e3o da Conformidade para acessibilidade nos transportes coletivos de passageiros nos modais [&hellip;]<\/p>\n","protected":false},"author":2,"featured_media":0,"comment_status":"open","ping_status":"open","sticky":false,"template":"","format":"standard","meta":{"site-container-style":"default","site-container-layout":"default","site-sidebar-layout":"default","disable-article-header":"default","disable-site-header":"default","disable-site-footer":"default","disable-content-area-spacing":"default","footnotes":""},"categories":[12],"tags":[],"class_list":["post-11546","post","type-post","status-publish","format-standard","hentry","category-cursos-e-eventos"],"yoast_head":"<!-- This site is optimized with the Yoast SEO plugin v27.4 - https:\/\/yoast.com\/product\/yoast-seo-wordpress\/ -->\n<title>Acessibilidade nos transportes coletivos -<\/title>\n<meta name=\"robots\" content=\"index, follow, max-snippet:-1, max-image-preview:large, max-video-preview:-1\" \/>\n<link rel=\"canonical\" href=\"https:\/\/inclusivenews.com.br\/?p=11546\" \/>\n<meta property=\"og:locale\" content=\"pt_PT\" \/>\n<meta property=\"og:type\" content=\"article\" \/>\n<meta property=\"og:title\" content=\"Acessibilidade nos transportes coletivos -\" \/>\n<meta property=\"og:description\" content=\"Semin\u00e1rio sobre Acessibilidade nos Transportes Coletivos Rodovi\u00e1rio \u2013 Aquavi\u00e1rio 23 de junho de 2009, San Marco Hotel, Bras\u00edlia \u2013 DF Promover o f\u00e1cil acesso das pessoas com defici\u00eancia, ou com mobilidade reduzida, aos meios de transporte \u00e9 o principal objetivo do Programa de Avalia\u00e7\u00e3o da Conformidade para acessibilidade nos transportes coletivos de passageiros nos modais [&hellip;]\" \/>\n<meta property=\"og:url\" content=\"https:\/\/inclusivenews.com.br\/?p=11546\" \/>\n<meta property=\"article:publisher\" content=\"https:\/\/www.facebook.com\/agenciainclusive\/\" \/>\n<meta property=\"article:published_time\" content=\"2009-06-15T14:10:38+00:00\" \/>\n<meta name=\"author\" content=\"Inclusive\" \/>\n<meta name=\"twitter:card\" content=\"summary_large_image\" \/>\n<meta name=\"twitter:label1\" content=\"Escrito por\" \/>\n\t<meta name=\"twitter:data1\" content=\"Inclusive\" \/>\n\t<meta name=\"twitter:label2\" content=\"Tempo estimado de leitura\" \/>\n\t<meta name=\"twitter:data2\" content=\"3 minutos\" \/>\n<script type=\"application\/ld+json\" class=\"yoast-schema-graph\">{\"@context\":\"https:\\\/\\\/schema.org\",\"@graph\":[{\"@type\":\"Article\",\"@id\":\"https:\\\/\\\/inclusivenews.com.br\\\/?p=11546#article\",\"isPartOf\":{\"@id\":\"https:\\\/\\\/inclusivenews.com.br\\\/?p=11546\"},\"author\":{\"name\":\"Inclusive\",\"@id\":\"https:\\\/\\\/inclusivenews.com.br\\\/#\\\/schema\\\/person\\\/0dab492019871b94abb65fa8ee7c8c44\"},\"headline\":\"Acessibilidade nos transportes coletivos\",\"datePublished\":\"2009-06-15T14:10:38+00:00\",\"mainEntityOfPage\":{\"@id\":\"https:\\\/\\\/inclusivenews.com.br\\\/?p=11546\"},\"wordCount\":659,\"commentCount\":0,\"publisher\":{\"@id\":\"https:\\\/\\\/inclusivenews.com.br\\\/#organization\"},\"articleSection\":[\"Cursos e eventos\"],\"inLanguage\":\"pt-PT\",\"potentialAction\":[{\"@type\":\"CommentAction\",\"name\":\"Comment\",\"target\":[\"https:\\\/\\\/inclusivenews.com.br\\\/?p=11546#respond\"]}]},{\"@type\":\"WebPage\",\"@id\":\"https:\\\/\\\/inclusivenews.com.br\\\/?p=11546\",\"url\":\"https:\\\/\\\/inclusivenews.com.br\\\/?p=11546\",\"name\":\"Acessibilidade nos transportes coletivos -\",\"isPartOf\":{\"@id\":\"https:\\\/\\\/inclusivenews.com.br\\\/#website\"},\"datePublished\":\"2009-06-15T14:10:38+00:00\",\"breadcrumb\":{\"@id\":\"https:\\\/\\\/inclusivenews.com.br\\\/?p=11546#breadcrumb\"},\"inLanguage\":\"pt-PT\",\"potentialAction\":[{\"@type\":\"ReadAction\",\"target\":[\"https:\\\/\\\/inclusivenews.com.br\\\/?p=11546\"]}]},{\"@type\":\"BreadcrumbList\",\"@id\":\"https:\\\/\\\/inclusivenews.com.br\\\/?p=11546#breadcrumb\",\"itemListElement\":[{\"@type\":\"ListItem\",\"position\":1,\"name\":\"In\u00edcio\",\"item\":\"https:\\\/\\\/inclusivenews.com.br\\\/\"},{\"@type\":\"ListItem\",\"position\":2,\"name\":\"Acessibilidade nos transportes coletivos\"}]},{\"@type\":\"WebSite\",\"@id\":\"https:\\\/\\\/inclusivenews.com.br\\\/#website\",\"url\":\"https:\\\/\\\/inclusivenews.com.br\\\/\",\"name\":\"Inclusive News\",\"description\":\"Inclusive News\",\"publisher\":{\"@id\":\"https:\\\/\\\/inclusivenews.com.br\\\/#organization\"},\"potentialAction\":[{\"@type\":\"SearchAction\",\"target\":{\"@type\":\"EntryPoint\",\"urlTemplate\":\"https:\\\/\\\/inclusivenews.com.br\\\/?s={search_term_string}\"},\"query-input\":{\"@type\":\"PropertyValueSpecification\",\"valueRequired\":true,\"valueName\":\"search_term_string\"}}],\"inLanguage\":\"pt-PT\"},{\"@type\":\"Organization\",\"@id\":\"https:\\\/\\\/inclusivenews.com.br\\\/#organization\",\"name\":\"Inclusive - inclus\u00e3o e cidadania\",\"url\":\"https:\\\/\\\/inclusivenews.com.br\\\/\",\"logo\":{\"@type\":\"ImageObject\",\"inLanguage\":\"pt-PT\",\"@id\":\"https:\\\/\\\/inclusivenews.com.br\\\/#\\\/schema\\\/logo\\\/image\\\/\",\"url\":\"https:\\\/\\\/inclusivenews.com.br\\\/wp-content\\\/uploads\\\/2024\\\/03\\\/@grandesite.png\",\"contentUrl\":\"https:\\\/\\\/inclusivenews.com.br\\\/wp-content\\\/uploads\\\/2024\\\/03\\\/@grandesite.png\",\"width\":1080,\"height\":1080,\"caption\":\"Inclusive - inclus\u00e3o e cidadania\"},\"image\":{\"@id\":\"https:\\\/\\\/inclusivenews.com.br\\\/#\\\/schema\\\/logo\\\/image\\\/\"},\"sameAs\":[\"https:\\\/\\\/www.facebook.com\\\/agenciainclusive\\\/\",\"https:\\\/\\\/www.instagram.com\\\/newsinclusive\\\/\"]},{\"@type\":\"Person\",\"@id\":\"https:\\\/\\\/inclusivenews.com.br\\\/#\\\/schema\\\/person\\\/0dab492019871b94abb65fa8ee7c8c44\",\"name\":\"Inclusive\",\"image\":{\"@type\":\"ImageObject\",\"inLanguage\":\"pt-PT\",\"@id\":\"https:\\\/\\\/secure.gravatar.com\\\/avatar\\\/?s=96&d=mm&r=g\",\"url\":\"https:\\\/\\\/secure.gravatar.com\\\/avatar\\\/?s=96&d=mm&r=g\",\"contentUrl\":\"https:\\\/\\\/secure.gravatar.com\\\/avatar\\\/?s=96&d=mm&r=g\",\"caption\":\"Inclusive\"},\"url\":\"https:\\\/\\\/inclusivenews.com.br\\\/?author=2\"}]}<\/script>\n<!-- \/ Yoast SEO plugin. -->","yoast_head_json":{"title":"Acessibilidade nos transportes coletivos -","robots":{"index":"index","follow":"follow","max-snippet":"max-snippet:-1","max-image-preview":"max-image-preview:large","max-video-preview":"max-video-preview:-1"},"canonical":"https:\/\/inclusivenews.com.br\/?p=11546","og_locale":"pt_PT","og_type":"article","og_title":"Acessibilidade nos transportes coletivos -","og_description":"Semin\u00e1rio sobre Acessibilidade nos Transportes Coletivos Rodovi\u00e1rio \u2013 Aquavi\u00e1rio 23 de junho de 2009, San Marco Hotel, Bras\u00edlia \u2013 DF Promover o f\u00e1cil acesso das pessoas com defici\u00eancia, ou com mobilidade reduzida, aos meios de transporte \u00e9 o principal objetivo do Programa de Avalia\u00e7\u00e3o da Conformidade para acessibilidade nos transportes coletivos de passageiros nos modais [&hellip;]","og_url":"https:\/\/inclusivenews.com.br\/?p=11546","article_publisher":"https:\/\/www.facebook.com\/agenciainclusive\/","article_published_time":"2009-06-15T14:10:38+00:00","author":"Inclusive","twitter_card":"summary_large_image","twitter_misc":{"Escrito por":"Inclusive","Tempo estimado de leitura":"3 minutos"},"schema":{"@context":"https:\/\/schema.org","@graph":[{"@type":"Article","@id":"https:\/\/inclusivenews.com.br\/?p=11546#article","isPartOf":{"@id":"https:\/\/inclusivenews.com.br\/?p=11546"},"author":{"name":"Inclusive","@id":"https:\/\/inclusivenews.com.br\/#\/schema\/person\/0dab492019871b94abb65fa8ee7c8c44"},"headline":"Acessibilidade nos transportes coletivos","datePublished":"2009-06-15T14:10:38+00:00","mainEntityOfPage":{"@id":"https:\/\/inclusivenews.com.br\/?p=11546"},"wordCount":659,"commentCount":0,"publisher":{"@id":"https:\/\/inclusivenews.com.br\/#organization"},"articleSection":["Cursos e eventos"],"inLanguage":"pt-PT","potentialAction":[{"@type":"CommentAction","name":"Comment","target":["https:\/\/inclusivenews.com.br\/?p=11546#respond"]}]},{"@type":"WebPage","@id":"https:\/\/inclusivenews.com.br\/?p=11546","url":"https:\/\/inclusivenews.com.br\/?p=11546","name":"Acessibilidade nos transportes coletivos -","isPartOf":{"@id":"https:\/\/inclusivenews.com.br\/#website"},"datePublished":"2009-06-15T14:10:38+00:00","breadcrumb":{"@id":"https:\/\/inclusivenews.com.br\/?p=11546#breadcrumb"},"inLanguage":"pt-PT","potentialAction":[{"@type":"ReadAction","target":["https:\/\/inclusivenews.com.br\/?p=11546"]}]},{"@type":"BreadcrumbList","@id":"https:\/\/inclusivenews.com.br\/?p=11546#breadcrumb","itemListElement":[{"@type":"ListItem","position":1,"name":"In\u00edcio","item":"https:\/\/inclusivenews.com.br\/"},{"@type":"ListItem","position":2,"name":"Acessibilidade nos transportes coletivos"}]},{"@type":"WebSite","@id":"https:\/\/inclusivenews.com.br\/#website","url":"https:\/\/inclusivenews.com.br\/","name":"Inclusive News","description":"Inclusive News","publisher":{"@id":"https:\/\/inclusivenews.com.br\/#organization"},"potentialAction":[{"@type":"SearchAction","target":{"@type":"EntryPoint","urlTemplate":"https:\/\/inclusivenews.com.br\/?s={search_term_string}"},"query-input":{"@type":"PropertyValueSpecification","valueRequired":true,"valueName":"search_term_string"}}],"inLanguage":"pt-PT"},{"@type":"Organization","@id":"https:\/\/inclusivenews.com.br\/#organization","name":"Inclusive - inclus\u00e3o e cidadania","url":"https:\/\/inclusivenews.com.br\/","logo":{"@type":"ImageObject","inLanguage":"pt-PT","@id":"https:\/\/inclusivenews.com.br\/#\/schema\/logo\/image\/","url":"https:\/\/inclusivenews.com.br\/wp-content\/uploads\/2024\/03\/@grandesite.png","contentUrl":"https:\/\/inclusivenews.com.br\/wp-content\/uploads\/2024\/03\/@grandesite.png","width":1080,"height":1080,"caption":"Inclusive - inclus\u00e3o e cidadania"},"image":{"@id":"https:\/\/inclusivenews.com.br\/#\/schema\/logo\/image\/"},"sameAs":["https:\/\/www.facebook.com\/agenciainclusive\/","https:\/\/www.instagram.com\/newsinclusive\/"]},{"@type":"Person","@id":"https:\/\/inclusivenews.com.br\/#\/schema\/person\/0dab492019871b94abb65fa8ee7c8c44","name":"Inclusive","image":{"@type":"ImageObject","inLanguage":"pt-PT","@id":"https:\/\/secure.gravatar.com\/avatar\/?s=96&d=mm&r=g","url":"https:\/\/secure.gravatar.com\/avatar\/?s=96&d=mm&r=g","contentUrl":"https:\/\/secure.gravatar.com\/avatar\/?s=96&d=mm&r=g","caption":"Inclusive"},"url":"https:\/\/inclusivenews.com.br\/?author=2"}]}},"_links":{"self":[{"href":"https:\/\/inclusivenews.com.br\/index.php?rest_route=\/wp\/v2\/posts\/11546","targetHints":{"allow":["GET"]}}],"collection":[{"href":"https:\/\/inclusivenews.com.br\/index.php?rest_route=\/wp\/v2\/posts"}],"about":[{"href":"https:\/\/inclusivenews.com.br\/index.php?rest_route=\/wp\/v2\/types\/post"}],"author":[{"embeddable":true,"href":"https:\/\/inclusivenews.com.br\/index.php?rest_route=\/wp\/v2\/users\/2"}],"replies":[{"embeddable":true,"href":"https:\/\/inclusivenews.com.br\/index.php?rest_route=%2Fwp%2Fv2%2Fcomments&post=11546"}],"version-history":[{"count":0,"href":"https:\/\/inclusivenews.com.br\/index.php?rest_route=\/wp\/v2\/posts\/11546\/revisions"}],"wp:attachment":[{"href":"https:\/\/inclusivenews.com.br\/index.php?rest_route=%2Fwp%2Fv2%2Fmedia&parent=11546"}],"wp:term":[{"taxonomy":"category","embeddable":true,"href":"https:\/\/inclusivenews.com.br\/index.php?rest_route=%2Fwp%2Fv2%2Fcategories&post=11546"},{"taxonomy":"post_tag","embeddable":true,"href":"https:\/\/inclusivenews.com.br\/index.php?rest_route=%2Fwp%2Fv2%2Ftags&post=11546"}],"curies":[{"name":"wp","href":"https:\/\/api.w.org\/{rel}","templated":true}]}}