{"id":11548,"date":"2009-06-16T12:24:28","date_gmt":"2009-06-16T12:24:28","guid":{"rendered":"http:\/\/agenciainclusive.wordpress.com\/?p=8318"},"modified":"2009-06-16T12:24:28","modified_gmt":"2009-06-16T12:24:28","slug":"a-midia-na-pauta-da-responsabilidade-social-2","status":"publish","type":"post","link":"https:\/\/inclusivenews.com.br\/?p=11548","title":{"rendered":"A m\u00eddia na pauta da responsabilidade social"},"content":{"rendered":"<p>Come\u00e7ou nesta segunda-feira, 15, em S\u00e3o Paulo, e vai at\u00e9 quinta-feira, dia 18, a Confer\u00eancia Internacional Ethos 2009, promovida pelo Instituto Ethos de Empresas e Responsabilidade Social, com uma intensa programa\u00e7\u00e3o de debates, pain\u00e9is, mesas redondas, oficinas e outras atividades focadas no tema \u201cRumo a uma Nova Economia Global: a Transforma\u00e7\u00e3o das Pessoas, das Empresas e da Sociedade\u201d.<\/p>\n<p>A plen\u00e1ria de abertura come\u00e7a \u00e0s 18h30, no Hotel Transam\u00e9rica, onde acontece o evento, e ter\u00e1 como palestrantes j\u00e1 confirmados o fil\u00f3sofo e educador colombiano, Bernardo Toro, assessor estrat\u00e9gico da Funda\u00e7\u00e3o Avina, e a biopsic\u00f3loga e antrop\u00f3loga Susan Andrews, coordenadora do Instituto Vis\u00e3o Futuro e do programa Felicidade Interna Bruta (FIB), no Brasil. A plen\u00e1ria ter\u00e1 como tema \u201cUm novo padr\u00e3o civilizat\u00f3rio? Onde nos encontramos e que li\u00e7\u00f5es aprendemos com a crise\u201d.<\/p>\n<p>Bernardo Toro \u00e9 especialista reconhecido mundialmente por seus estudos voltados \u00e0 educa\u00e7\u00e3o e \u00e0s m\u00eddias e traz toda sua bagagem cultural e educacional como consultor de projetos transdisciplinares do Banco Mundial (BID) e da Funda\u00e7\u00e3o Avina. Toro \u00e9 um dos intelectuais que consideram o terceiro setor como pe\u00e7a chave para impulsionar as mudan\u00e7as na sociedade. \u201c\u00c9 pela articula\u00e7\u00e3o entre governo, empresas e sociedade que pode emergir uma mudan\u00e7a significativa para todos\u201d, diz ele.<\/p>\n<p>A Confer\u00eancia Ethos deste ano trabalhar\u00e1 os temas da responsabilidade social empresarial partindo do pressuposto de que a crise financeira global \u201cexp\u00f4s a instabilidade do atual modelo de sistema financeiro e dos padr\u00f5es de produ\u00e7\u00e3o e consumo do nosso mundo globalizado\u201d, gerando uma oportunidade para que a empresas adotem planos de redu\u00e7\u00e3o de emiss\u00f5es e de investimentos em energias renov\u00e1veis e em eco-efici\u00eancia.<\/p>\n<p>Quais seriam os novos vetores para o surgimento de um ciclo de expans\u00e3o baseado no desenvolvimento sustent\u00e1vel? Quais as caracter\u00edsticas do modelo a ser adotado? Quais ferramentas, parcerias interssetoriais, lideran\u00e7as, comunica\u00e7\u00e3o e marketing precisariam ser constru\u00eddos para torn\u00e1-lo vi\u00e1vel? E, sob a perspectiva da sustentabilidade, como rediscutir o sistema multilateral, o novo papel dos pa\u00edses emergentes, dos Estados, das corpora\u00e7\u00f5es e das ONGs, notadamente GRI, Global Compact?. Estas s\u00e3o algumas das quest\u00f5es que nortear\u00e3o os debates da Confer\u00eancia.<\/p>\n<p>A m\u00eddia na pauta da responsabilidade social<\/p>\n<p>A partir das 15h, a Rede Ethos de Jornalistas, promove o debate \u201cRSE na M\u00eddia: Empresas e Imprensa\u201d, aberto ao p\u00fablico, que abordar\u00e1 os crit\u00e9rios jornal\u00edsticos para diferenciar empresas envolvidas com a gest\u00e3o socialmente respons\u00e1vel das que querem fazer somente marketing, entre outras quest\u00f5es. O debate reunir\u00e1 comunicadores de empresas e jornalistas com o objetivo do evento \u00e9 estimular o di\u00e1logo entre esses dois p\u00fablicos, visando a uma cobertura mais qualificada do tema por parte dos jornalistas e a um posicionamento mais coerente e estrat\u00e9gico por parte das empresas.<\/p>\n<p>Ser\u00e1 moderado pelo presidente do Instituto Ethos, Ricardo Young, e ter\u00e1 como debatedores Amelia Gonzalez, editora do suplemento Raz\u00e3o Social do jornal O Globo,\u00a0 Am\u00e1lia Safatle, editora da revista P\u00e1gina 22, Alexandre Mansur, editor de ci\u00eancia e tecnologia da revista \u00c9poca, Nem\u00e9rcio Nogueira, diretor de assuntos institucionais da Alcoa Am\u00e9rica Latina e Caribe, Augusto Rodrigues, diretor de comunica\u00e7\u00e3o empresarial da CPFL, e Daniela De Fiori, vice-presidente de assuntos corporativos e sustentabilidade do Wal-Mart.<\/p>\n<p>Uma equipe de jornalistas da Envolverde far\u00e1 a cobertura on-line da Confer\u00eanica Ethos, pela terceira vez consecutiva, atrav\u00e9s de um hot site exclusivo do evento. O objetivo \u00e9 oferecer ao leitor um resumo de cada debate, painel, mesa redonda ou oficina em\u00a0 um prazo m\u00e1ximo de duas horas ap\u00f3s o seu encerramento. Confira no endere\u00e7o <a href=\"http:\/\/www.ethos.org.br\/Ci2009Dinamico\/site\/index.asp\">http:\/\/www.ethos.org.br\/Ci2009Dinamico\/site\/index.asp<\/a>.<\/p>\n<p>Fonte: Envolverde<\/p>\n","protected":false},"excerpt":{"rendered":"<p>Come\u00e7ou nesta segunda-feira, 15, em S\u00e3o Paulo, e vai at\u00e9 quinta-feira, dia 18, a Confer\u00eancia Internacional Ethos 2009, promovida pelo Instituto Ethos de Empresas e Responsabilidade Social, com uma intensa programa\u00e7\u00e3o de debates, pain\u00e9is, mesas redondas, oficinas e outras atividades focadas no tema \u201cRumo a uma Nova Economia Global: a Transforma\u00e7\u00e3o das Pessoas, das Empresas [&hellip;]<\/p>\n","protected":false},"author":2,"featured_media":0,"comment_status":"open","ping_status":"open","sticky":false,"template":"","format":"standard","meta":{"site-container-style":"default","site-container-layout":"default","site-sidebar-layout":"default","disable-article-header":"default","disable-site-header":"default","disable-site-footer":"default","disable-content-area-spacing":"default","footnotes":""},"categories":[12],"tags":[],"class_list":["post-11548","post","type-post","status-publish","format-standard","hentry","category-cursos-e-eventos"],"yoast_head":"<!-- This site is optimized with the Yoast SEO plugin v27.4 - https:\/\/yoast.com\/product\/yoast-seo-wordpress\/ -->\n<title>A m\u00eddia na pauta da responsabilidade social -<\/title>\n<meta name=\"robots\" content=\"index, follow, max-snippet:-1, max-image-preview:large, max-video-preview:-1\" \/>\n<link rel=\"canonical\" href=\"https:\/\/inclusivenews.com.br\/?p=11548\" \/>\n<meta property=\"og:locale\" content=\"pt_PT\" \/>\n<meta property=\"og:type\" content=\"article\" \/>\n<meta property=\"og:title\" content=\"A m\u00eddia na pauta da responsabilidade social -\" \/>\n<meta property=\"og:description\" content=\"Come\u00e7ou nesta segunda-feira, 15, em S\u00e3o Paulo, e vai at\u00e9 quinta-feira, dia 18, a Confer\u00eancia Internacional Ethos 2009, promovida pelo Instituto Ethos de Empresas e Responsabilidade Social, com uma intensa programa\u00e7\u00e3o de debates, pain\u00e9is, mesas redondas, oficinas e outras atividades focadas no tema \u201cRumo a uma Nova Economia Global: a Transforma\u00e7\u00e3o das Pessoas, das Empresas [&hellip;]\" \/>\n<meta property=\"og:url\" content=\"https:\/\/inclusivenews.com.br\/?p=11548\" \/>\n<meta property=\"article:publisher\" content=\"https:\/\/www.facebook.com\/agenciainclusive\/\" \/>\n<meta property=\"article:published_time\" content=\"2009-06-16T12:24:28+00:00\" \/>\n<meta name=\"author\" content=\"Inclusive\" \/>\n<meta name=\"twitter:card\" content=\"summary_large_image\" \/>\n<meta name=\"twitter:label1\" content=\"Escrito por\" \/>\n\t<meta name=\"twitter:data1\" content=\"Inclusive\" \/>\n\t<meta name=\"twitter:label2\" content=\"Tempo estimado de leitura\" \/>\n\t<meta name=\"twitter:data2\" content=\"3 minutos\" \/>\n<script type=\"application\/ld+json\" class=\"yoast-schema-graph\">{\"@context\":\"https:\\\/\\\/schema.org\",\"@graph\":[{\"@type\":\"Article\",\"@id\":\"https:\\\/\\\/inclusivenews.com.br\\\/?p=11548#article\",\"isPartOf\":{\"@id\":\"https:\\\/\\\/inclusivenews.com.br\\\/?p=11548\"},\"author\":{\"name\":\"Inclusive\",\"@id\":\"https:\\\/\\\/inclusivenews.com.br\\\/#\\\/schema\\\/person\\\/0dab492019871b94abb65fa8ee7c8c44\"},\"headline\":\"A m\u00eddia na pauta da responsabilidade social\",\"datePublished\":\"2009-06-16T12:24:28+00:00\",\"mainEntityOfPage\":{\"@id\":\"https:\\\/\\\/inclusivenews.com.br\\\/?p=11548\"},\"wordCount\":649,\"commentCount\":0,\"publisher\":{\"@id\":\"https:\\\/\\\/inclusivenews.com.br\\\/#organization\"},\"articleSection\":[\"Cursos e eventos\"],\"inLanguage\":\"pt-PT\",\"potentialAction\":[{\"@type\":\"CommentAction\",\"name\":\"Comment\",\"target\":[\"https:\\\/\\\/inclusivenews.com.br\\\/?p=11548#respond\"]}]},{\"@type\":\"WebPage\",\"@id\":\"https:\\\/\\\/inclusivenews.com.br\\\/?p=11548\",\"url\":\"https:\\\/\\\/inclusivenews.com.br\\\/?p=11548\",\"name\":\"A m\u00eddia na pauta da responsabilidade social -\",\"isPartOf\":{\"@id\":\"https:\\\/\\\/inclusivenews.com.br\\\/#website\"},\"datePublished\":\"2009-06-16T12:24:28+00:00\",\"breadcrumb\":{\"@id\":\"https:\\\/\\\/inclusivenews.com.br\\\/?p=11548#breadcrumb\"},\"inLanguage\":\"pt-PT\",\"potentialAction\":[{\"@type\":\"ReadAction\",\"target\":[\"https:\\\/\\\/inclusivenews.com.br\\\/?p=11548\"]}]},{\"@type\":\"BreadcrumbList\",\"@id\":\"https:\\\/\\\/inclusivenews.com.br\\\/?p=11548#breadcrumb\",\"itemListElement\":[{\"@type\":\"ListItem\",\"position\":1,\"name\":\"In\u00edcio\",\"item\":\"https:\\\/\\\/inclusivenews.com.br\\\/\"},{\"@type\":\"ListItem\",\"position\":2,\"name\":\"A m\u00eddia na pauta da responsabilidade social\"}]},{\"@type\":\"WebSite\",\"@id\":\"https:\\\/\\\/inclusivenews.com.br\\\/#website\",\"url\":\"https:\\\/\\\/inclusivenews.com.br\\\/\",\"name\":\"Inclusive News\",\"description\":\"Inclusive News\",\"publisher\":{\"@id\":\"https:\\\/\\\/inclusivenews.com.br\\\/#organization\"},\"potentialAction\":[{\"@type\":\"SearchAction\",\"target\":{\"@type\":\"EntryPoint\",\"urlTemplate\":\"https:\\\/\\\/inclusivenews.com.br\\\/?s={search_term_string}\"},\"query-input\":{\"@type\":\"PropertyValueSpecification\",\"valueRequired\":true,\"valueName\":\"search_term_string\"}}],\"inLanguage\":\"pt-PT\"},{\"@type\":\"Organization\",\"@id\":\"https:\\\/\\\/inclusivenews.com.br\\\/#organization\",\"name\":\"Inclusive - inclus\u00e3o e cidadania\",\"url\":\"https:\\\/\\\/inclusivenews.com.br\\\/\",\"logo\":{\"@type\":\"ImageObject\",\"inLanguage\":\"pt-PT\",\"@id\":\"https:\\\/\\\/inclusivenews.com.br\\\/#\\\/schema\\\/logo\\\/image\\\/\",\"url\":\"https:\\\/\\\/inclusivenews.com.br\\\/wp-content\\\/uploads\\\/2024\\\/03\\\/@grandesite.png\",\"contentUrl\":\"https:\\\/\\\/inclusivenews.com.br\\\/wp-content\\\/uploads\\\/2024\\\/03\\\/@grandesite.png\",\"width\":1080,\"height\":1080,\"caption\":\"Inclusive - inclus\u00e3o e cidadania\"},\"image\":{\"@id\":\"https:\\\/\\\/inclusivenews.com.br\\\/#\\\/schema\\\/logo\\\/image\\\/\"},\"sameAs\":[\"https:\\\/\\\/www.facebook.com\\\/agenciainclusive\\\/\",\"https:\\\/\\\/www.instagram.com\\\/newsinclusive\\\/\"]},{\"@type\":\"Person\",\"@id\":\"https:\\\/\\\/inclusivenews.com.br\\\/#\\\/schema\\\/person\\\/0dab492019871b94abb65fa8ee7c8c44\",\"name\":\"Inclusive\",\"image\":{\"@type\":\"ImageObject\",\"inLanguage\":\"pt-PT\",\"@id\":\"https:\\\/\\\/secure.gravatar.com\\\/avatar\\\/?s=96&d=mm&r=g\",\"url\":\"https:\\\/\\\/secure.gravatar.com\\\/avatar\\\/?s=96&d=mm&r=g\",\"contentUrl\":\"https:\\\/\\\/secure.gravatar.com\\\/avatar\\\/?s=96&d=mm&r=g\",\"caption\":\"Inclusive\"},\"url\":\"https:\\\/\\\/inclusivenews.com.br\\\/?author=2\"}]}<\/script>\n<!-- \/ Yoast SEO plugin. -->","yoast_head_json":{"title":"A m\u00eddia na pauta da responsabilidade social -","robots":{"index":"index","follow":"follow","max-snippet":"max-snippet:-1","max-image-preview":"max-image-preview:large","max-video-preview":"max-video-preview:-1"},"canonical":"https:\/\/inclusivenews.com.br\/?p=11548","og_locale":"pt_PT","og_type":"article","og_title":"A m\u00eddia na pauta da responsabilidade social -","og_description":"Come\u00e7ou nesta segunda-feira, 15, em S\u00e3o Paulo, e vai at\u00e9 quinta-feira, dia 18, a Confer\u00eancia Internacional Ethos 2009, promovida pelo Instituto Ethos de Empresas e Responsabilidade Social, com uma intensa programa\u00e7\u00e3o de debates, pain\u00e9is, mesas redondas, oficinas e outras atividades focadas no tema \u201cRumo a uma Nova Economia Global: a Transforma\u00e7\u00e3o das Pessoas, das Empresas [&hellip;]","og_url":"https:\/\/inclusivenews.com.br\/?p=11548","article_publisher":"https:\/\/www.facebook.com\/agenciainclusive\/","article_published_time":"2009-06-16T12:24:28+00:00","author":"Inclusive","twitter_card":"summary_large_image","twitter_misc":{"Escrito por":"Inclusive","Tempo estimado de leitura":"3 minutos"},"schema":{"@context":"https:\/\/schema.org","@graph":[{"@type":"Article","@id":"https:\/\/inclusivenews.com.br\/?p=11548#article","isPartOf":{"@id":"https:\/\/inclusivenews.com.br\/?p=11548"},"author":{"name":"Inclusive","@id":"https:\/\/inclusivenews.com.br\/#\/schema\/person\/0dab492019871b94abb65fa8ee7c8c44"},"headline":"A m\u00eddia na pauta da responsabilidade social","datePublished":"2009-06-16T12:24:28+00:00","mainEntityOfPage":{"@id":"https:\/\/inclusivenews.com.br\/?p=11548"},"wordCount":649,"commentCount":0,"publisher":{"@id":"https:\/\/inclusivenews.com.br\/#organization"},"articleSection":["Cursos e eventos"],"inLanguage":"pt-PT","potentialAction":[{"@type":"CommentAction","name":"Comment","target":["https:\/\/inclusivenews.com.br\/?p=11548#respond"]}]},{"@type":"WebPage","@id":"https:\/\/inclusivenews.com.br\/?p=11548","url":"https:\/\/inclusivenews.com.br\/?p=11548","name":"A m\u00eddia na pauta da responsabilidade social -","isPartOf":{"@id":"https:\/\/inclusivenews.com.br\/#website"},"datePublished":"2009-06-16T12:24:28+00:00","breadcrumb":{"@id":"https:\/\/inclusivenews.com.br\/?p=11548#breadcrumb"},"inLanguage":"pt-PT","potentialAction":[{"@type":"ReadAction","target":["https:\/\/inclusivenews.com.br\/?p=11548"]}]},{"@type":"BreadcrumbList","@id":"https:\/\/inclusivenews.com.br\/?p=11548#breadcrumb","itemListElement":[{"@type":"ListItem","position":1,"name":"In\u00edcio","item":"https:\/\/inclusivenews.com.br\/"},{"@type":"ListItem","position":2,"name":"A m\u00eddia na pauta da responsabilidade social"}]},{"@type":"WebSite","@id":"https:\/\/inclusivenews.com.br\/#website","url":"https:\/\/inclusivenews.com.br\/","name":"Inclusive News","description":"Inclusive News","publisher":{"@id":"https:\/\/inclusivenews.com.br\/#organization"},"potentialAction":[{"@type":"SearchAction","target":{"@type":"EntryPoint","urlTemplate":"https:\/\/inclusivenews.com.br\/?s={search_term_string}"},"query-input":{"@type":"PropertyValueSpecification","valueRequired":true,"valueName":"search_term_string"}}],"inLanguage":"pt-PT"},{"@type":"Organization","@id":"https:\/\/inclusivenews.com.br\/#organization","name":"Inclusive - inclus\u00e3o e cidadania","url":"https:\/\/inclusivenews.com.br\/","logo":{"@type":"ImageObject","inLanguage":"pt-PT","@id":"https:\/\/inclusivenews.com.br\/#\/schema\/logo\/image\/","url":"https:\/\/inclusivenews.com.br\/wp-content\/uploads\/2024\/03\/@grandesite.png","contentUrl":"https:\/\/inclusivenews.com.br\/wp-content\/uploads\/2024\/03\/@grandesite.png","width":1080,"height":1080,"caption":"Inclusive - inclus\u00e3o e cidadania"},"image":{"@id":"https:\/\/inclusivenews.com.br\/#\/schema\/logo\/image\/"},"sameAs":["https:\/\/www.facebook.com\/agenciainclusive\/","https:\/\/www.instagram.com\/newsinclusive\/"]},{"@type":"Person","@id":"https:\/\/inclusivenews.com.br\/#\/schema\/person\/0dab492019871b94abb65fa8ee7c8c44","name":"Inclusive","image":{"@type":"ImageObject","inLanguage":"pt-PT","@id":"https:\/\/secure.gravatar.com\/avatar\/?s=96&d=mm&r=g","url":"https:\/\/secure.gravatar.com\/avatar\/?s=96&d=mm&r=g","contentUrl":"https:\/\/secure.gravatar.com\/avatar\/?s=96&d=mm&r=g","caption":"Inclusive"},"url":"https:\/\/inclusivenews.com.br\/?author=2"}]}},"_links":{"self":[{"href":"https:\/\/inclusivenews.com.br\/index.php?rest_route=\/wp\/v2\/posts\/11548","targetHints":{"allow":["GET"]}}],"collection":[{"href":"https:\/\/inclusivenews.com.br\/index.php?rest_route=\/wp\/v2\/posts"}],"about":[{"href":"https:\/\/inclusivenews.com.br\/index.php?rest_route=\/wp\/v2\/types\/post"}],"author":[{"embeddable":true,"href":"https:\/\/inclusivenews.com.br\/index.php?rest_route=\/wp\/v2\/users\/2"}],"replies":[{"embeddable":true,"href":"https:\/\/inclusivenews.com.br\/index.php?rest_route=%2Fwp%2Fv2%2Fcomments&post=11548"}],"version-history":[{"count":0,"href":"https:\/\/inclusivenews.com.br\/index.php?rest_route=\/wp\/v2\/posts\/11548\/revisions"}],"wp:attachment":[{"href":"https:\/\/inclusivenews.com.br\/index.php?rest_route=%2Fwp%2Fv2%2Fmedia&parent=11548"}],"wp:term":[{"taxonomy":"category","embeddable":true,"href":"https:\/\/inclusivenews.com.br\/index.php?rest_route=%2Fwp%2Fv2%2Fcategories&post=11548"},{"taxonomy":"post_tag","embeddable":true,"href":"https:\/\/inclusivenews.com.br\/index.php?rest_route=%2Fwp%2Fv2%2Ftags&post=11548"}],"curies":[{"name":"wp","href":"https:\/\/api.w.org\/{rel}","templated":true}]}}