{"id":11550,"date":"2009-06-16T12:29:39","date_gmt":"2009-06-16T12:29:39","guid":{"rendered":"http:\/\/agenciainclusive.wordpress.com\/?p=8312"},"modified":"2009-06-16T12:29:39","modified_gmt":"2009-06-16T12:29:39","slug":"cineclube-polis-exibe-videolencia-2","status":"publish","type":"post","link":"https:\/\/inclusivenews.com.br\/?p=11550","title":{"rendered":"Cineclube P\u00f3lis exibe &#034;VIDEOL\u00caNCIA&#034;"},"content":{"rendered":"<p><img loading=\"lazy\" decoding=\"async\" class=\"size-full alignleft\" title=\"artes\" src=\"http:\/\/agenciainclusive.files.wordpress.com\/2009\/06\/artes.gif\" alt=\"Descri\u00e7\u00e3o da imagem: s\u00edmbolos das 7 artes \u2013 m\u00fasica (clave de sol e notas musicais), pintura (paleta de cores), escultura (V\u00eanus de Milo), literatura (pena e tinteiro), teatro (m\u00e1scaras da com\u00e9dia e trag\u00e9dia), dan\u00e7a (bailarina) e cinema (rolo de filme).\" width=\"120\" height=\"120\" \/>O document\u00e1rio faz uma reflex\u00e3o sobre a recente manifesta\u00e7\u00e3o audiovisual que a periferia prop\u00f5e, discutindo os velhos padr\u00f5es televisivos, pol\u00edtica e sociedade. O grupo aborda de dentro do movimento de v\u00eddeo popular suas pr\u00f3prias defici\u00eancias e aponta os valores desta nova produ\u00e7\u00e3o.<\/p>\n<p>Dire\u00e7\u00e3o e produ\u00e7\u00e3o coletiva: NCA &#8211; N\u00facleo de Comunica\u00e7\u00e3o Alternativa<br \/>\nFernando Solidade Soares<br \/>\nPaulo Pucci<br \/>\nDiego FF. Soares<br \/>\nDaniel FagundeS.<\/p>\n<p>O NCA \u00e9 um Coletivo de jovens atuantes nas variadas \u00e1reas de produ\u00e7\u00e3o de m\u00eddia. Criado em 2006 devido ao impulso de jovens da periferia da zona sul da grande S\u00e3o Paulo, visa contribuir para o enriquecimento sociocultural de comunidades de baixa renda, com uma nova concep\u00e7\u00e3o de informa\u00e7\u00e3o comunit\u00e1ria, de linguagem mais simples, mais direta, art\u00edstica e com enfoques diferentes, comunica\u00e7\u00e3o feita na periferia para a periferia e o mundo, utilizando a m\u00eddia como ferramenta de transforma\u00e7\u00e3o social.<br \/>\nO coletivo mant\u00e9m uma Videoteca Popular no CEDECA-Interlagos dedicada a dissemina\u00e7\u00e3o de v\u00eddeos gratuitamente, atrav\u00e9s de empr\u00e9stimos regulares de conte\u00fados independentes e de circuitos alternativos num acervo de mais de 500 t\u00edtulos, dos raros aos novos talentos.<\/p>\n<p>Atualmente, nas exibi\u00e7\u00f5es de Videol\u00eancia, o NCA doa ao ponto de exibi\u00e7\u00e3o um pacote de v\u00eddeos com parte do acervo da Videoteca Popular, composto de curtas, m\u00e9dias e longas realizados principalmente por coletivos oriundos de periferias ou simplesmente com intuitos de transforma\u00e7\u00e3o social. S\u00e3o 15 DVDs com os seguintes realizadores: Arte na Periferia, Joinha filmes, Filmagens Perif\u00e9ricas, Brigada de Audiovisual da via Campesina, CineBecos, Favela Atitude, Arroz feij\u00e3o e cinema e v\u00eddeo, edi\u00e7\u00f5es Tor\u00f3, Graffite com Pipoca, Movimento Humanista, Cinema de Guerilha, Diretores Aut\u00f4nomos, Rose Satiko com Cinema de Quebrada. O trabalho do NCA est\u00e1 presente com um DVD de curtas e outro com o longa Videol\u00eancia. Os pacotes foram feitos no estilo bolsa, costurados por dona Maria de Lourdes e pintadas pelos artistas: Helder, Jonato e Paula, Marcelino, Tim, Juliano e Edu, refor\u00e7ando assim uma identidade pr\u00f3pria de um trabalho audiovisual daqueles que acreditam no v\u00eddeo como algo al\u00e9m de entretenimento.<\/p>\n<p>A sess\u00e3o no Cineclube P\u00f3lis do document\u00e1rio longa-metragem Videol\u00eancia realizado pelo coletivo NCA &#8211; N\u00facleo de Comunica\u00e7\u00e3o Alternativa integra o Circuito de Exibi\u00e7\u00e3o de V\u00eddeo Popular que busca somar os esfor\u00e7os de diversos coletivos atuantes em S\u00e3o Paulo. S\u00e3o 24 pontos de Exibi\u00e7\u00e3o espalhados por S\u00e3o Paulo e cidades vizinhas como Jundia\u00ed \/ S\u00e3o Carlos. Este Circuito \u00e9 uma das a\u00e7\u00f5es do Projeto do V\u00eddeo Popular aprovado na edi\u00e7\u00e3o 2009 do programa VAI da prefeitura municipal de cultura. Tamb\u00e9m fazem parte deste projeto a Revista do V\u00eddeo Popular e a III Semana do V\u00eddeo Popular. Confira aqui a rela\u00e7\u00e3o dos pontos de exibi\u00e7\u00e3o.<br \/>\nEndere\u00e7o Cineclube P\u00f3lis<br \/>\nRUA ARA\u00daJO, 124, CENTRO<br \/>\nESQUINA COM A GAL. JARDIM, PR\u00d3XIMO AO METR\u00d4 REP\u00daBLICA<\/p>\n","protected":false},"excerpt":{"rendered":"<p>O document\u00e1rio faz uma reflex\u00e3o sobre a recente manifesta\u00e7\u00e3o audiovisual que a periferia prop\u00f5e, discutindo os velhos padr\u00f5es televisivos, pol\u00edtica e sociedade. O grupo aborda de dentro do movimento de v\u00eddeo popular suas pr\u00f3prias defici\u00eancias e aponta os valores desta nova produ\u00e7\u00e3o. Dire\u00e7\u00e3o e produ\u00e7\u00e3o coletiva: NCA &#8211; N\u00facleo de Comunica\u00e7\u00e3o Alternativa Fernando Solidade Soares [&hellip;]<\/p>\n","protected":false},"author":2,"featured_media":0,"comment_status":"open","ping_status":"open","sticky":false,"template":"","format":"standard","meta":{"site-container-style":"default","site-container-layout":"default","site-sidebar-layout":"default","disable-article-header":"default","disable-site-header":"default","disable-site-footer":"default","disable-content-area-spacing":"default","footnotes":""},"categories":[29],"tags":[],"class_list":["post-11550","post","type-post","status-publish","format-standard","hentry","category-cultura"],"yoast_head":"<!-- This site is optimized with the Yoast SEO plugin v27.4 - https:\/\/yoast.com\/product\/yoast-seo-wordpress\/ -->\n<title>Cineclube P\u00f3lis exibe &#034;VIDEOL\u00caNCIA&#034; -<\/title>\n<meta name=\"robots\" content=\"index, follow, max-snippet:-1, max-image-preview:large, max-video-preview:-1\" \/>\n<link rel=\"canonical\" href=\"https:\/\/inclusivenews.com.br\/?p=11550\" \/>\n<meta property=\"og:locale\" content=\"pt_PT\" \/>\n<meta property=\"og:type\" content=\"article\" \/>\n<meta property=\"og:title\" content=\"Cineclube P\u00f3lis exibe &#034;VIDEOL\u00caNCIA&#034; -\" \/>\n<meta property=\"og:description\" content=\"O document\u00e1rio faz uma reflex\u00e3o sobre a recente manifesta\u00e7\u00e3o audiovisual que a periferia prop\u00f5e, discutindo os velhos padr\u00f5es televisivos, pol\u00edtica e sociedade. O grupo aborda de dentro do movimento de v\u00eddeo popular suas pr\u00f3prias defici\u00eancias e aponta os valores desta nova produ\u00e7\u00e3o. Dire\u00e7\u00e3o e produ\u00e7\u00e3o coletiva: NCA &#8211; N\u00facleo de Comunica\u00e7\u00e3o Alternativa Fernando Solidade Soares [&hellip;]\" \/>\n<meta property=\"og:url\" content=\"https:\/\/inclusivenews.com.br\/?p=11550\" \/>\n<meta property=\"article:publisher\" content=\"https:\/\/www.facebook.com\/agenciainclusive\/\" \/>\n<meta property=\"article:published_time\" content=\"2009-06-16T12:29:39+00:00\" \/>\n<meta property=\"og:image\" content=\"http:\/\/agenciainclusive.files.wordpress.com\/2009\/06\/artes.gif\" \/>\n<meta name=\"author\" content=\"Inclusive\" \/>\n<meta name=\"twitter:card\" content=\"summary_large_image\" \/>\n<meta name=\"twitter:label1\" content=\"Escrito por\" \/>\n\t<meta name=\"twitter:data1\" content=\"Inclusive\" \/>\n\t<meta name=\"twitter:label2\" content=\"Tempo estimado de leitura\" \/>\n\t<meta name=\"twitter:data2\" content=\"3 minutos\" \/>\n<script type=\"application\/ld+json\" class=\"yoast-schema-graph\">{\"@context\":\"https:\\\/\\\/schema.org\",\"@graph\":[{\"@type\":\"Article\",\"@id\":\"https:\\\/\\\/inclusivenews.com.br\\\/?p=11550#article\",\"isPartOf\":{\"@id\":\"https:\\\/\\\/inclusivenews.com.br\\\/?p=11550\"},\"author\":{\"name\":\"Inclusive\",\"@id\":\"https:\\\/\\\/inclusivenews.com.br\\\/#\\\/schema\\\/person\\\/0dab492019871b94abb65fa8ee7c8c44\"},\"headline\":\"Cineclube P\u00f3lis exibe &#034;VIDEOL\u00caNCIA&#034;\",\"datePublished\":\"2009-06-16T12:29:39+00:00\",\"mainEntityOfPage\":{\"@id\":\"https:\\\/\\\/inclusivenews.com.br\\\/?p=11550\"},\"wordCount\":521,\"commentCount\":0,\"publisher\":{\"@id\":\"https:\\\/\\\/inclusivenews.com.br\\\/#organization\"},\"image\":{\"@id\":\"https:\\\/\\\/inclusivenews.com.br\\\/?p=11550#primaryimage\"},\"thumbnailUrl\":\"http:\\\/\\\/agenciainclusive.files.wordpress.com\\\/2009\\\/06\\\/artes.gif\",\"articleSection\":[\"Cultura\"],\"inLanguage\":\"pt-PT\",\"potentialAction\":[{\"@type\":\"CommentAction\",\"name\":\"Comment\",\"target\":[\"https:\\\/\\\/inclusivenews.com.br\\\/?p=11550#respond\"]}]},{\"@type\":\"WebPage\",\"@id\":\"https:\\\/\\\/inclusivenews.com.br\\\/?p=11550\",\"url\":\"https:\\\/\\\/inclusivenews.com.br\\\/?p=11550\",\"name\":\"Cineclube P\u00f3lis exibe &#034;VIDEOL\u00caNCIA&#034; -\",\"isPartOf\":{\"@id\":\"https:\\\/\\\/inclusivenews.com.br\\\/#website\"},\"primaryImageOfPage\":{\"@id\":\"https:\\\/\\\/inclusivenews.com.br\\\/?p=11550#primaryimage\"},\"image\":{\"@id\":\"https:\\\/\\\/inclusivenews.com.br\\\/?p=11550#primaryimage\"},\"thumbnailUrl\":\"http:\\\/\\\/agenciainclusive.files.wordpress.com\\\/2009\\\/06\\\/artes.gif\",\"datePublished\":\"2009-06-16T12:29:39+00:00\",\"breadcrumb\":{\"@id\":\"https:\\\/\\\/inclusivenews.com.br\\\/?p=11550#breadcrumb\"},\"inLanguage\":\"pt-PT\",\"potentialAction\":[{\"@type\":\"ReadAction\",\"target\":[\"https:\\\/\\\/inclusivenews.com.br\\\/?p=11550\"]}]},{\"@type\":\"ImageObject\",\"inLanguage\":\"pt-PT\",\"@id\":\"https:\\\/\\\/inclusivenews.com.br\\\/?p=11550#primaryimage\",\"url\":\"http:\\\/\\\/agenciainclusive.files.wordpress.com\\\/2009\\\/06\\\/artes.gif\",\"contentUrl\":\"http:\\\/\\\/agenciainclusive.files.wordpress.com\\\/2009\\\/06\\\/artes.gif\"},{\"@type\":\"BreadcrumbList\",\"@id\":\"https:\\\/\\\/inclusivenews.com.br\\\/?p=11550#breadcrumb\",\"itemListElement\":[{\"@type\":\"ListItem\",\"position\":1,\"name\":\"In\u00edcio\",\"item\":\"https:\\\/\\\/inclusivenews.com.br\\\/\"},{\"@type\":\"ListItem\",\"position\":2,\"name\":\"Cineclube P\u00f3lis exibe &#034;VIDEOL\u00caNCIA&#034;\"}]},{\"@type\":\"WebSite\",\"@id\":\"https:\\\/\\\/inclusivenews.com.br\\\/#website\",\"url\":\"https:\\\/\\\/inclusivenews.com.br\\\/\",\"name\":\"Inclusive News\",\"description\":\"Inclusive News\",\"publisher\":{\"@id\":\"https:\\\/\\\/inclusivenews.com.br\\\/#organization\"},\"potentialAction\":[{\"@type\":\"SearchAction\",\"target\":{\"@type\":\"EntryPoint\",\"urlTemplate\":\"https:\\\/\\\/inclusivenews.com.br\\\/?s={search_term_string}\"},\"query-input\":{\"@type\":\"PropertyValueSpecification\",\"valueRequired\":true,\"valueName\":\"search_term_string\"}}],\"inLanguage\":\"pt-PT\"},{\"@type\":\"Organization\",\"@id\":\"https:\\\/\\\/inclusivenews.com.br\\\/#organization\",\"name\":\"Inclusive - inclus\u00e3o e cidadania\",\"url\":\"https:\\\/\\\/inclusivenews.com.br\\\/\",\"logo\":{\"@type\":\"ImageObject\",\"inLanguage\":\"pt-PT\",\"@id\":\"https:\\\/\\\/inclusivenews.com.br\\\/#\\\/schema\\\/logo\\\/image\\\/\",\"url\":\"https:\\\/\\\/inclusivenews.com.br\\\/wp-content\\\/uploads\\\/2024\\\/03\\\/@grandesite.png\",\"contentUrl\":\"https:\\\/\\\/inclusivenews.com.br\\\/wp-content\\\/uploads\\\/2024\\\/03\\\/@grandesite.png\",\"width\":1080,\"height\":1080,\"caption\":\"Inclusive - inclus\u00e3o e cidadania\"},\"image\":{\"@id\":\"https:\\\/\\\/inclusivenews.com.br\\\/#\\\/schema\\\/logo\\\/image\\\/\"},\"sameAs\":[\"https:\\\/\\\/www.facebook.com\\\/agenciainclusive\\\/\",\"https:\\\/\\\/www.instagram.com\\\/newsinclusive\\\/\"]},{\"@type\":\"Person\",\"@id\":\"https:\\\/\\\/inclusivenews.com.br\\\/#\\\/schema\\\/person\\\/0dab492019871b94abb65fa8ee7c8c44\",\"name\":\"Inclusive\",\"image\":{\"@type\":\"ImageObject\",\"inLanguage\":\"pt-PT\",\"@id\":\"https:\\\/\\\/secure.gravatar.com\\\/avatar\\\/?s=96&d=mm&r=g\",\"url\":\"https:\\\/\\\/secure.gravatar.com\\\/avatar\\\/?s=96&d=mm&r=g\",\"contentUrl\":\"https:\\\/\\\/secure.gravatar.com\\\/avatar\\\/?s=96&d=mm&r=g\",\"caption\":\"Inclusive\"},\"url\":\"https:\\\/\\\/inclusivenews.com.br\\\/?author=2\"}]}<\/script>\n<!-- \/ Yoast SEO plugin. -->","yoast_head_json":{"title":"Cineclube P\u00f3lis exibe &#034;VIDEOL\u00caNCIA&#034; -","robots":{"index":"index","follow":"follow","max-snippet":"max-snippet:-1","max-image-preview":"max-image-preview:large","max-video-preview":"max-video-preview:-1"},"canonical":"https:\/\/inclusivenews.com.br\/?p=11550","og_locale":"pt_PT","og_type":"article","og_title":"Cineclube P\u00f3lis exibe &#034;VIDEOL\u00caNCIA&#034; -","og_description":"O document\u00e1rio faz uma reflex\u00e3o sobre a recente manifesta\u00e7\u00e3o audiovisual que a periferia prop\u00f5e, discutindo os velhos padr\u00f5es televisivos, pol\u00edtica e sociedade. O grupo aborda de dentro do movimento de v\u00eddeo popular suas pr\u00f3prias defici\u00eancias e aponta os valores desta nova produ\u00e7\u00e3o. Dire\u00e7\u00e3o e produ\u00e7\u00e3o coletiva: NCA &#8211; N\u00facleo de Comunica\u00e7\u00e3o Alternativa Fernando Solidade Soares [&hellip;]","og_url":"https:\/\/inclusivenews.com.br\/?p=11550","article_publisher":"https:\/\/www.facebook.com\/agenciainclusive\/","article_published_time":"2009-06-16T12:29:39+00:00","og_image":[{"url":"http:\/\/agenciainclusive.files.wordpress.com\/2009\/06\/artes.gif","type":"","width":"","height":""}],"author":"Inclusive","twitter_card":"summary_large_image","twitter_misc":{"Escrito por":"Inclusive","Tempo estimado de leitura":"3 minutos"},"schema":{"@context":"https:\/\/schema.org","@graph":[{"@type":"Article","@id":"https:\/\/inclusivenews.com.br\/?p=11550#article","isPartOf":{"@id":"https:\/\/inclusivenews.com.br\/?p=11550"},"author":{"name":"Inclusive","@id":"https:\/\/inclusivenews.com.br\/#\/schema\/person\/0dab492019871b94abb65fa8ee7c8c44"},"headline":"Cineclube P\u00f3lis exibe &#034;VIDEOL\u00caNCIA&#034;","datePublished":"2009-06-16T12:29:39+00:00","mainEntityOfPage":{"@id":"https:\/\/inclusivenews.com.br\/?p=11550"},"wordCount":521,"commentCount":0,"publisher":{"@id":"https:\/\/inclusivenews.com.br\/#organization"},"image":{"@id":"https:\/\/inclusivenews.com.br\/?p=11550#primaryimage"},"thumbnailUrl":"http:\/\/agenciainclusive.files.wordpress.com\/2009\/06\/artes.gif","articleSection":["Cultura"],"inLanguage":"pt-PT","potentialAction":[{"@type":"CommentAction","name":"Comment","target":["https:\/\/inclusivenews.com.br\/?p=11550#respond"]}]},{"@type":"WebPage","@id":"https:\/\/inclusivenews.com.br\/?p=11550","url":"https:\/\/inclusivenews.com.br\/?p=11550","name":"Cineclube P\u00f3lis exibe &#034;VIDEOL\u00caNCIA&#034; -","isPartOf":{"@id":"https:\/\/inclusivenews.com.br\/#website"},"primaryImageOfPage":{"@id":"https:\/\/inclusivenews.com.br\/?p=11550#primaryimage"},"image":{"@id":"https:\/\/inclusivenews.com.br\/?p=11550#primaryimage"},"thumbnailUrl":"http:\/\/agenciainclusive.files.wordpress.com\/2009\/06\/artes.gif","datePublished":"2009-06-16T12:29:39+00:00","breadcrumb":{"@id":"https:\/\/inclusivenews.com.br\/?p=11550#breadcrumb"},"inLanguage":"pt-PT","potentialAction":[{"@type":"ReadAction","target":["https:\/\/inclusivenews.com.br\/?p=11550"]}]},{"@type":"ImageObject","inLanguage":"pt-PT","@id":"https:\/\/inclusivenews.com.br\/?p=11550#primaryimage","url":"http:\/\/agenciainclusive.files.wordpress.com\/2009\/06\/artes.gif","contentUrl":"http:\/\/agenciainclusive.files.wordpress.com\/2009\/06\/artes.gif"},{"@type":"BreadcrumbList","@id":"https:\/\/inclusivenews.com.br\/?p=11550#breadcrumb","itemListElement":[{"@type":"ListItem","position":1,"name":"In\u00edcio","item":"https:\/\/inclusivenews.com.br\/"},{"@type":"ListItem","position":2,"name":"Cineclube P\u00f3lis exibe &#034;VIDEOL\u00caNCIA&#034;"}]},{"@type":"WebSite","@id":"https:\/\/inclusivenews.com.br\/#website","url":"https:\/\/inclusivenews.com.br\/","name":"Inclusive News","description":"Inclusive News","publisher":{"@id":"https:\/\/inclusivenews.com.br\/#organization"},"potentialAction":[{"@type":"SearchAction","target":{"@type":"EntryPoint","urlTemplate":"https:\/\/inclusivenews.com.br\/?s={search_term_string}"},"query-input":{"@type":"PropertyValueSpecification","valueRequired":true,"valueName":"search_term_string"}}],"inLanguage":"pt-PT"},{"@type":"Organization","@id":"https:\/\/inclusivenews.com.br\/#organization","name":"Inclusive - inclus\u00e3o e cidadania","url":"https:\/\/inclusivenews.com.br\/","logo":{"@type":"ImageObject","inLanguage":"pt-PT","@id":"https:\/\/inclusivenews.com.br\/#\/schema\/logo\/image\/","url":"https:\/\/inclusivenews.com.br\/wp-content\/uploads\/2024\/03\/@grandesite.png","contentUrl":"https:\/\/inclusivenews.com.br\/wp-content\/uploads\/2024\/03\/@grandesite.png","width":1080,"height":1080,"caption":"Inclusive - inclus\u00e3o e cidadania"},"image":{"@id":"https:\/\/inclusivenews.com.br\/#\/schema\/logo\/image\/"},"sameAs":["https:\/\/www.facebook.com\/agenciainclusive\/","https:\/\/www.instagram.com\/newsinclusive\/"]},{"@type":"Person","@id":"https:\/\/inclusivenews.com.br\/#\/schema\/person\/0dab492019871b94abb65fa8ee7c8c44","name":"Inclusive","image":{"@type":"ImageObject","inLanguage":"pt-PT","@id":"https:\/\/secure.gravatar.com\/avatar\/?s=96&d=mm&r=g","url":"https:\/\/secure.gravatar.com\/avatar\/?s=96&d=mm&r=g","contentUrl":"https:\/\/secure.gravatar.com\/avatar\/?s=96&d=mm&r=g","caption":"Inclusive"},"url":"https:\/\/inclusivenews.com.br\/?author=2"}]}},"_links":{"self":[{"href":"https:\/\/inclusivenews.com.br\/index.php?rest_route=\/wp\/v2\/posts\/11550","targetHints":{"allow":["GET"]}}],"collection":[{"href":"https:\/\/inclusivenews.com.br\/index.php?rest_route=\/wp\/v2\/posts"}],"about":[{"href":"https:\/\/inclusivenews.com.br\/index.php?rest_route=\/wp\/v2\/types\/post"}],"author":[{"embeddable":true,"href":"https:\/\/inclusivenews.com.br\/index.php?rest_route=\/wp\/v2\/users\/2"}],"replies":[{"embeddable":true,"href":"https:\/\/inclusivenews.com.br\/index.php?rest_route=%2Fwp%2Fv2%2Fcomments&post=11550"}],"version-history":[{"count":0,"href":"https:\/\/inclusivenews.com.br\/index.php?rest_route=\/wp\/v2\/posts\/11550\/revisions"}],"wp:attachment":[{"href":"https:\/\/inclusivenews.com.br\/index.php?rest_route=%2Fwp%2Fv2%2Fmedia&parent=11550"}],"wp:term":[{"taxonomy":"category","embeddable":true,"href":"https:\/\/inclusivenews.com.br\/index.php?rest_route=%2Fwp%2Fv2%2Fcategories&post=11550"},{"taxonomy":"post_tag","embeddable":true,"href":"https:\/\/inclusivenews.com.br\/index.php?rest_route=%2Fwp%2Fv2%2Ftags&post=11550"}],"curies":[{"name":"wp","href":"https:\/\/api.w.org\/{rel}","templated":true}]}}