{"id":11552,"date":"2009-06-16T12:34:12","date_gmt":"2009-06-16T12:34:12","guid":{"rendered":"http:\/\/agenciainclusive.wordpress.com\/?p=8320"},"modified":"2009-06-16T12:34:12","modified_gmt":"2009-06-16T12:34:12","slug":"apoio-a-candidatura-do-dr-ricardo-tadeu-marques-ao-cargo-de-desembargador-federal-do-trabalho-2","status":"publish","type":"post","link":"https:\/\/inclusivenews.com.br\/?p=11552","title":{"rendered":"Apoio \u00e0 candidatura do Dr. Ricardo Tadeu Marques ao cargo de Desembargador Federal do Trabalho"},"content":{"rendered":"<figure id=\"attachment_3302\" aria-describedby=\"caption-attachment-3302\" style=\"width: 135px\" class=\"wp-caption alignnone\"><a href=\"http:\/\/agenciainclusive.files.wordpress.com\/2009\/01\/minilogo2.jpg\"><img loading=\"lazy\" decoding=\"async\" class=\"size-full wp-image-3302\" title=\"#logotipofundocolor_j\u00e1_descrito_usar_esse\" src=\"http:\/\/agenciainclusive.files.wordpress.com\/2009\/01\/minilogo2.jpg\" alt=\"Descri\u00e7\u00e3o do logotipo: palavra inclusive escrita \u00e0 m\u00e3o, em verde, entre par\u00eanteses laranja, com os pingos dos \u201cis\u201d laranja.\" width=\"135\" height=\"42\" \/><\/a><figcaption id=\"caption-attachment-3302\" class=\"wp-caption-text\">Descri\u00e7\u00e3o do logotipo: palavra inclusive escrita \u00e0 m\u00e3o, em verde, entre par\u00eanteses laranja, com os pingos dos \u201cis\u201d laranja.<\/figcaption><\/figure>\n<p>Repassamos o pedido de apoio \u00e0 candidatura do Dr. Ricardo Tadeu Marques ao cargo de Desembargador Federal do Trabalho.<\/p>\n<p>O Dr. Ricardo Tadeu Marques (<a href=\"http:\/\/www.bengalalegal.com\/ricardotadeu.php\" target=\"_blank\" rel=\"noopener\">conhe\u00e7a sua trajet\u00f3ria no Bengala Legal<\/a>)\u00a0\u00e9 procurador regional do trabalho, em exerc\u00edcio no Estado do Paran\u00e1, mestre e doutor, jurista renomado e, atuante ativista dos direitos humanos do trabalhador. Foi o candidato mais votado pela categoria quando da forma\u00e7\u00e3o da lista s\u00eaxtupla, encaminhada ao Tribunal Regional do Trabalho.<\/p>\n<p>Para ter melhor controle e faciltar os encaminhamentos, Dr. Ricardo Tadeu pede que as entidades que pretendem apoi\u00e1-lo imprimam o texto da mo\u00e7\u00e3o, assinem e encaminhem, com urg\u00eancia para ele, no seguinte endere\u00e7o:<\/p>\n<p>Ricardo Tadeu Marques da Fonseca<br \/>\nProcurador Regional do Minist\u00e9rio P\u00fablico do Trabalho<\/p>\n<p>R. Padre Agostinho, 1667 &#8211; apto. 1601<br \/>\nCuritiba &#8211; Bigorrilho<br \/>\nParan\u00e1 &#8211; CEP 80710-000<\/p>\n<p>____________________________<\/p>\n<p>Amigos<\/p>\n<p>Chegou a hora da concretiza\u00e7\u00e3o de apoios \u00e0 minha candidatura para Desembargador.<\/p>\n<p>Os apoios para que eu seja conduzido ao cargo de \u201cDesembargador Federal do Trabalho, do Tribunal Regional do Trabalho, da 9a. Regi\u00e3o, do Paran\u00e1\u201d, devem ser dirigidos separadamente ao<br \/>\n\u00a0<br \/>\nPresidente da Rep\u00fablica,<br \/>\nao Ministro da Justi\u00e7a e<br \/>\n\u00e0 Chefe da Casa Civil.<\/p>\n<p>Podem ser enviados para mim, em of\u00edcios assinados via correio, e\/ou e-mail <a href=\"mailto:ricardot@prt9\">ricardot@prt9.mpt.gov.br<\/a>, os quais repassarei \u00e0s devidas autoridades.<\/p>\n<p>Meus dados:<\/p>\n<p>Ricardo Tadeu Marques da Fonseca<br \/>\nProcurador Regional do Minist\u00e9rio P\u00fablico do Trabalho, h\u00e1 17 anos<\/p>\n<p>R. Padre Agostinho, 1667 &#8211; apto. 1601<br \/>\nCuritiba &#8211; Bigorrilho<br \/>\nParan\u00e1 &#8211; CEP 80710-000<\/p>\n<p><a href=\"mailto:ricardot@prt9\">ricardot@prt9.mpt.gov.br<\/a><\/p>\n<p>cel. 41-9186-0886<br \/>\nProcuradoria 41-3304-9000 (atualmente de licen\u00e7a pr\u00eamio)<br \/>\nResid\u00eancia 41-3339-5135<\/p>\n<p>Agrade\u00e7o desde j\u00e1.<br \/>\n\u00a0<br \/>\nRicardo Tadeu<\/p>\n","protected":false},"excerpt":{"rendered":"<p>Repassamos o pedido de apoio \u00e0 candidatura do Dr. Ricardo Tadeu Marques ao cargo de Desembargador Federal do Trabalho. O Dr. Ricardo Tadeu Marques (conhe\u00e7a sua trajet\u00f3ria no Bengala Legal)\u00a0\u00e9 procurador regional do trabalho, em exerc\u00edcio no Estado do Paran\u00e1, mestre e doutor, jurista renomado e, atuante ativista dos direitos humanos do trabalhador. Foi o [&hellip;]<\/p>\n","protected":false},"author":2,"featured_media":0,"comment_status":"open","ping_status":"open","sticky":false,"template":"","format":"standard","meta":{"site-container-style":"default","site-container-layout":"default","site-sidebar-layout":"default","disable-article-header":"default","disable-site-header":"default","disable-site-footer":"default","disable-content-area-spacing":"default","footnotes":""},"categories":[3],"tags":[],"class_list":["post-11552","post","type-post","status-publish","format-standard","hentry","category-campanhas"],"yoast_head":"<!-- This site is optimized with the Yoast SEO plugin v27.4 - https:\/\/yoast.com\/product\/yoast-seo-wordpress\/ -->\n<title>Apoio \u00e0 candidatura do Dr. Ricardo Tadeu Marques ao cargo de Desembargador Federal do Trabalho -<\/title>\n<meta name=\"robots\" content=\"index, follow, max-snippet:-1, max-image-preview:large, max-video-preview:-1\" \/>\n<link rel=\"canonical\" href=\"https:\/\/inclusivenews.com.br\/?p=11552\" \/>\n<meta property=\"og:locale\" content=\"pt_PT\" \/>\n<meta property=\"og:type\" content=\"article\" \/>\n<meta property=\"og:title\" content=\"Apoio \u00e0 candidatura do Dr. Ricardo Tadeu Marques ao cargo de Desembargador Federal do Trabalho -\" \/>\n<meta property=\"og:description\" content=\"Repassamos o pedido de apoio \u00e0 candidatura do Dr. Ricardo Tadeu Marques ao cargo de Desembargador Federal do Trabalho. O Dr. Ricardo Tadeu Marques (conhe\u00e7a sua trajet\u00f3ria no Bengala Legal)\u00a0\u00e9 procurador regional do trabalho, em exerc\u00edcio no Estado do Paran\u00e1, mestre e doutor, jurista renomado e, atuante ativista dos direitos humanos do trabalhador. Foi o [&hellip;]\" \/>\n<meta property=\"og:url\" content=\"https:\/\/inclusivenews.com.br\/?p=11552\" \/>\n<meta property=\"article:publisher\" content=\"https:\/\/www.facebook.com\/agenciainclusive\/\" \/>\n<meta property=\"article:published_time\" content=\"2009-06-16T12:34:12+00:00\" \/>\n<meta property=\"og:image\" content=\"http:\/\/agenciainclusive.files.wordpress.com\/2009\/01\/minilogo2.jpg\" \/>\n<meta name=\"author\" content=\"Inclusive\" \/>\n<meta name=\"twitter:card\" content=\"summary_large_image\" \/>\n<meta name=\"twitter:label1\" content=\"Escrito por\" \/>\n\t<meta name=\"twitter:data1\" content=\"Inclusive\" \/>\n\t<meta name=\"twitter:label2\" content=\"Tempo estimado de leitura\" \/>\n\t<meta name=\"twitter:data2\" content=\"2 minutos\" \/>\n<script type=\"application\/ld+json\" class=\"yoast-schema-graph\">{\"@context\":\"https:\\\/\\\/schema.org\",\"@graph\":[{\"@type\":\"Article\",\"@id\":\"https:\\\/\\\/inclusivenews.com.br\\\/?p=11552#article\",\"isPartOf\":{\"@id\":\"https:\\\/\\\/inclusivenews.com.br\\\/?p=11552\"},\"author\":{\"name\":\"Inclusive\",\"@id\":\"https:\\\/\\\/inclusivenews.com.br\\\/#\\\/schema\\\/person\\\/0dab492019871b94abb65fa8ee7c8c44\"},\"headline\":\"Apoio \u00e0 candidatura do Dr. Ricardo Tadeu Marques ao cargo de Desembargador Federal do Trabalho\",\"datePublished\":\"2009-06-16T12:34:12+00:00\",\"mainEntityOfPage\":{\"@id\":\"https:\\\/\\\/inclusivenews.com.br\\\/?p=11552\"},\"wordCount\":321,\"commentCount\":0,\"publisher\":{\"@id\":\"https:\\\/\\\/inclusivenews.com.br\\\/#organization\"},\"image\":{\"@id\":\"https:\\\/\\\/inclusivenews.com.br\\\/?p=11552#primaryimage\"},\"thumbnailUrl\":\"http:\\\/\\\/agenciainclusive.files.wordpress.com\\\/2009\\\/01\\\/minilogo2.jpg\",\"articleSection\":[\"CAMPANHAS\"],\"inLanguage\":\"pt-PT\",\"potentialAction\":[{\"@type\":\"CommentAction\",\"name\":\"Comment\",\"target\":[\"https:\\\/\\\/inclusivenews.com.br\\\/?p=11552#respond\"]}]},{\"@type\":\"WebPage\",\"@id\":\"https:\\\/\\\/inclusivenews.com.br\\\/?p=11552\",\"url\":\"https:\\\/\\\/inclusivenews.com.br\\\/?p=11552\",\"name\":\"Apoio \u00e0 candidatura do Dr. Ricardo Tadeu Marques ao cargo de Desembargador Federal do Trabalho -\",\"isPartOf\":{\"@id\":\"https:\\\/\\\/inclusivenews.com.br\\\/#website\"},\"primaryImageOfPage\":{\"@id\":\"https:\\\/\\\/inclusivenews.com.br\\\/?p=11552#primaryimage\"},\"image\":{\"@id\":\"https:\\\/\\\/inclusivenews.com.br\\\/?p=11552#primaryimage\"},\"thumbnailUrl\":\"http:\\\/\\\/agenciainclusive.files.wordpress.com\\\/2009\\\/01\\\/minilogo2.jpg\",\"datePublished\":\"2009-06-16T12:34:12+00:00\",\"breadcrumb\":{\"@id\":\"https:\\\/\\\/inclusivenews.com.br\\\/?p=11552#breadcrumb\"},\"inLanguage\":\"pt-PT\",\"potentialAction\":[{\"@type\":\"ReadAction\",\"target\":[\"https:\\\/\\\/inclusivenews.com.br\\\/?p=11552\"]}]},{\"@type\":\"ImageObject\",\"inLanguage\":\"pt-PT\",\"@id\":\"https:\\\/\\\/inclusivenews.com.br\\\/?p=11552#primaryimage\",\"url\":\"http:\\\/\\\/agenciainclusive.files.wordpress.com\\\/2009\\\/01\\\/minilogo2.jpg\",\"contentUrl\":\"http:\\\/\\\/agenciainclusive.files.wordpress.com\\\/2009\\\/01\\\/minilogo2.jpg\"},{\"@type\":\"BreadcrumbList\",\"@id\":\"https:\\\/\\\/inclusivenews.com.br\\\/?p=11552#breadcrumb\",\"itemListElement\":[{\"@type\":\"ListItem\",\"position\":1,\"name\":\"In\u00edcio\",\"item\":\"https:\\\/\\\/inclusivenews.com.br\\\/\"},{\"@type\":\"ListItem\",\"position\":2,\"name\":\"Apoio \u00e0 candidatura do Dr. Ricardo Tadeu Marques ao cargo de Desembargador Federal do Trabalho\"}]},{\"@type\":\"WebSite\",\"@id\":\"https:\\\/\\\/inclusivenews.com.br\\\/#website\",\"url\":\"https:\\\/\\\/inclusivenews.com.br\\\/\",\"name\":\"Inclusive News\",\"description\":\"Inclusive News\",\"publisher\":{\"@id\":\"https:\\\/\\\/inclusivenews.com.br\\\/#organization\"},\"potentialAction\":[{\"@type\":\"SearchAction\",\"target\":{\"@type\":\"EntryPoint\",\"urlTemplate\":\"https:\\\/\\\/inclusivenews.com.br\\\/?s={search_term_string}\"},\"query-input\":{\"@type\":\"PropertyValueSpecification\",\"valueRequired\":true,\"valueName\":\"search_term_string\"}}],\"inLanguage\":\"pt-PT\"},{\"@type\":\"Organization\",\"@id\":\"https:\\\/\\\/inclusivenews.com.br\\\/#organization\",\"name\":\"Inclusive - inclus\u00e3o e cidadania\",\"url\":\"https:\\\/\\\/inclusivenews.com.br\\\/\",\"logo\":{\"@type\":\"ImageObject\",\"inLanguage\":\"pt-PT\",\"@id\":\"https:\\\/\\\/inclusivenews.com.br\\\/#\\\/schema\\\/logo\\\/image\\\/\",\"url\":\"https:\\\/\\\/inclusivenews.com.br\\\/wp-content\\\/uploads\\\/2024\\\/03\\\/@grandesite.png\",\"contentUrl\":\"https:\\\/\\\/inclusivenews.com.br\\\/wp-content\\\/uploads\\\/2024\\\/03\\\/@grandesite.png\",\"width\":1080,\"height\":1080,\"caption\":\"Inclusive - inclus\u00e3o e cidadania\"},\"image\":{\"@id\":\"https:\\\/\\\/inclusivenews.com.br\\\/#\\\/schema\\\/logo\\\/image\\\/\"},\"sameAs\":[\"https:\\\/\\\/www.facebook.com\\\/agenciainclusive\\\/\",\"https:\\\/\\\/www.instagram.com\\\/newsinclusive\\\/\"]},{\"@type\":\"Person\",\"@id\":\"https:\\\/\\\/inclusivenews.com.br\\\/#\\\/schema\\\/person\\\/0dab492019871b94abb65fa8ee7c8c44\",\"name\":\"Inclusive\",\"image\":{\"@type\":\"ImageObject\",\"inLanguage\":\"pt-PT\",\"@id\":\"https:\\\/\\\/secure.gravatar.com\\\/avatar\\\/?s=96&d=mm&r=g\",\"url\":\"https:\\\/\\\/secure.gravatar.com\\\/avatar\\\/?s=96&d=mm&r=g\",\"contentUrl\":\"https:\\\/\\\/secure.gravatar.com\\\/avatar\\\/?s=96&d=mm&r=g\",\"caption\":\"Inclusive\"},\"url\":\"https:\\\/\\\/inclusivenews.com.br\\\/?author=2\"}]}<\/script>\n<!-- \/ Yoast SEO plugin. -->","yoast_head_json":{"title":"Apoio \u00e0 candidatura do Dr. Ricardo Tadeu Marques ao cargo de Desembargador Federal do Trabalho -","robots":{"index":"index","follow":"follow","max-snippet":"max-snippet:-1","max-image-preview":"max-image-preview:large","max-video-preview":"max-video-preview:-1"},"canonical":"https:\/\/inclusivenews.com.br\/?p=11552","og_locale":"pt_PT","og_type":"article","og_title":"Apoio \u00e0 candidatura do Dr. Ricardo Tadeu Marques ao cargo de Desembargador Federal do Trabalho -","og_description":"Repassamos o pedido de apoio \u00e0 candidatura do Dr. Ricardo Tadeu Marques ao cargo de Desembargador Federal do Trabalho. O Dr. Ricardo Tadeu Marques (conhe\u00e7a sua trajet\u00f3ria no Bengala Legal)\u00a0\u00e9 procurador regional do trabalho, em exerc\u00edcio no Estado do Paran\u00e1, mestre e doutor, jurista renomado e, atuante ativista dos direitos humanos do trabalhador. Foi o [&hellip;]","og_url":"https:\/\/inclusivenews.com.br\/?p=11552","article_publisher":"https:\/\/www.facebook.com\/agenciainclusive\/","article_published_time":"2009-06-16T12:34:12+00:00","og_image":[{"url":"http:\/\/agenciainclusive.files.wordpress.com\/2009\/01\/minilogo2.jpg","type":"","width":"","height":""}],"author":"Inclusive","twitter_card":"summary_large_image","twitter_misc":{"Escrito por":"Inclusive","Tempo estimado de leitura":"2 minutos"},"schema":{"@context":"https:\/\/schema.org","@graph":[{"@type":"Article","@id":"https:\/\/inclusivenews.com.br\/?p=11552#article","isPartOf":{"@id":"https:\/\/inclusivenews.com.br\/?p=11552"},"author":{"name":"Inclusive","@id":"https:\/\/inclusivenews.com.br\/#\/schema\/person\/0dab492019871b94abb65fa8ee7c8c44"},"headline":"Apoio \u00e0 candidatura do Dr. Ricardo Tadeu Marques ao cargo de Desembargador Federal do Trabalho","datePublished":"2009-06-16T12:34:12+00:00","mainEntityOfPage":{"@id":"https:\/\/inclusivenews.com.br\/?p=11552"},"wordCount":321,"commentCount":0,"publisher":{"@id":"https:\/\/inclusivenews.com.br\/#organization"},"image":{"@id":"https:\/\/inclusivenews.com.br\/?p=11552#primaryimage"},"thumbnailUrl":"http:\/\/agenciainclusive.files.wordpress.com\/2009\/01\/minilogo2.jpg","articleSection":["CAMPANHAS"],"inLanguage":"pt-PT","potentialAction":[{"@type":"CommentAction","name":"Comment","target":["https:\/\/inclusivenews.com.br\/?p=11552#respond"]}]},{"@type":"WebPage","@id":"https:\/\/inclusivenews.com.br\/?p=11552","url":"https:\/\/inclusivenews.com.br\/?p=11552","name":"Apoio \u00e0 candidatura do Dr. Ricardo Tadeu Marques ao cargo de Desembargador Federal do Trabalho -","isPartOf":{"@id":"https:\/\/inclusivenews.com.br\/#website"},"primaryImageOfPage":{"@id":"https:\/\/inclusivenews.com.br\/?p=11552#primaryimage"},"image":{"@id":"https:\/\/inclusivenews.com.br\/?p=11552#primaryimage"},"thumbnailUrl":"http:\/\/agenciainclusive.files.wordpress.com\/2009\/01\/minilogo2.jpg","datePublished":"2009-06-16T12:34:12+00:00","breadcrumb":{"@id":"https:\/\/inclusivenews.com.br\/?p=11552#breadcrumb"},"inLanguage":"pt-PT","potentialAction":[{"@type":"ReadAction","target":["https:\/\/inclusivenews.com.br\/?p=11552"]}]},{"@type":"ImageObject","inLanguage":"pt-PT","@id":"https:\/\/inclusivenews.com.br\/?p=11552#primaryimage","url":"http:\/\/agenciainclusive.files.wordpress.com\/2009\/01\/minilogo2.jpg","contentUrl":"http:\/\/agenciainclusive.files.wordpress.com\/2009\/01\/minilogo2.jpg"},{"@type":"BreadcrumbList","@id":"https:\/\/inclusivenews.com.br\/?p=11552#breadcrumb","itemListElement":[{"@type":"ListItem","position":1,"name":"In\u00edcio","item":"https:\/\/inclusivenews.com.br\/"},{"@type":"ListItem","position":2,"name":"Apoio \u00e0 candidatura do Dr. Ricardo Tadeu Marques ao cargo de Desembargador Federal do Trabalho"}]},{"@type":"WebSite","@id":"https:\/\/inclusivenews.com.br\/#website","url":"https:\/\/inclusivenews.com.br\/","name":"Inclusive News","description":"Inclusive News","publisher":{"@id":"https:\/\/inclusivenews.com.br\/#organization"},"potentialAction":[{"@type":"SearchAction","target":{"@type":"EntryPoint","urlTemplate":"https:\/\/inclusivenews.com.br\/?s={search_term_string}"},"query-input":{"@type":"PropertyValueSpecification","valueRequired":true,"valueName":"search_term_string"}}],"inLanguage":"pt-PT"},{"@type":"Organization","@id":"https:\/\/inclusivenews.com.br\/#organization","name":"Inclusive - inclus\u00e3o e cidadania","url":"https:\/\/inclusivenews.com.br\/","logo":{"@type":"ImageObject","inLanguage":"pt-PT","@id":"https:\/\/inclusivenews.com.br\/#\/schema\/logo\/image\/","url":"https:\/\/inclusivenews.com.br\/wp-content\/uploads\/2024\/03\/@grandesite.png","contentUrl":"https:\/\/inclusivenews.com.br\/wp-content\/uploads\/2024\/03\/@grandesite.png","width":1080,"height":1080,"caption":"Inclusive - inclus\u00e3o e cidadania"},"image":{"@id":"https:\/\/inclusivenews.com.br\/#\/schema\/logo\/image\/"},"sameAs":["https:\/\/www.facebook.com\/agenciainclusive\/","https:\/\/www.instagram.com\/newsinclusive\/"]},{"@type":"Person","@id":"https:\/\/inclusivenews.com.br\/#\/schema\/person\/0dab492019871b94abb65fa8ee7c8c44","name":"Inclusive","image":{"@type":"ImageObject","inLanguage":"pt-PT","@id":"https:\/\/secure.gravatar.com\/avatar\/?s=96&d=mm&r=g","url":"https:\/\/secure.gravatar.com\/avatar\/?s=96&d=mm&r=g","contentUrl":"https:\/\/secure.gravatar.com\/avatar\/?s=96&d=mm&r=g","caption":"Inclusive"},"url":"https:\/\/inclusivenews.com.br\/?author=2"}]}},"_links":{"self":[{"href":"https:\/\/inclusivenews.com.br\/index.php?rest_route=\/wp\/v2\/posts\/11552","targetHints":{"allow":["GET"]}}],"collection":[{"href":"https:\/\/inclusivenews.com.br\/index.php?rest_route=\/wp\/v2\/posts"}],"about":[{"href":"https:\/\/inclusivenews.com.br\/index.php?rest_route=\/wp\/v2\/types\/post"}],"author":[{"embeddable":true,"href":"https:\/\/inclusivenews.com.br\/index.php?rest_route=\/wp\/v2\/users\/2"}],"replies":[{"embeddable":true,"href":"https:\/\/inclusivenews.com.br\/index.php?rest_route=%2Fwp%2Fv2%2Fcomments&post=11552"}],"version-history":[{"count":0,"href":"https:\/\/inclusivenews.com.br\/index.php?rest_route=\/wp\/v2\/posts\/11552\/revisions"}],"wp:attachment":[{"href":"https:\/\/inclusivenews.com.br\/index.php?rest_route=%2Fwp%2Fv2%2Fmedia&parent=11552"}],"wp:term":[{"taxonomy":"category","embeddable":true,"href":"https:\/\/inclusivenews.com.br\/index.php?rest_route=%2Fwp%2Fv2%2Fcategories&post=11552"},{"taxonomy":"post_tag","embeddable":true,"href":"https:\/\/inclusivenews.com.br\/index.php?rest_route=%2Fwp%2Fv2%2Ftags&post=11552"}],"curies":[{"name":"wp","href":"https:\/\/api.w.org\/{rel}","templated":true}]}}