{"id":11569,"date":"2009-06-18T11:35:23","date_gmt":"2009-06-18T11:35:23","guid":{"rendered":"http:\/\/agenciainclusive.wordpress.com\/?p=8398"},"modified":"2009-06-18T11:35:23","modified_gmt":"2009-06-18T11:35:23","slug":"projeto-ensina-como-melhorar-o-relacionamento-entre-pais-e-filhos-2","status":"publish","type":"post","link":"https:\/\/inclusivenews.com.br\/?p=11569","title":{"rendered":"Projeto ensina como melhorar o relacionamento entre pais e filhos"},"content":{"rendered":"<p>A vontade de ajudar na constru\u00e7\u00e3o de um mundo melhor, fraterno e solid\u00e1rio motivou a cria\u00e7\u00e3o do Projeto Fam\u00edlia, Vida e Paz, realizado na Escola de Ensino Fundamental e M\u00e9dio Dr. Ubirajara \u00cdndio do Cear\u00e1, no bairro Conjunto Cear\u00e1, em Fortaleza. A proposta \u00e9 trabalhar a pedagogia do amor e do afeto, apertar os la\u00e7os familiares para melhorar o relacionamento entre pais e filhos e, assim, melhorar as rela\u00e7\u00f5es de todos na escola, no trabalho, na sociedade, enfim. A id\u00e9ia partiu do administrador S\u00e9rgio Ramos, que desenvolve as atividades com 14 fam\u00edlias \u2013 cerca de 40 pessoas no total \u2013 auxiliado por sua esposa, Hilda Melo, e uma amiga, Marcelly de Sousa Silva. Os tr\u00eas trabalham na \u00e1rea de recursos humanos, na iniciativa privada, e sempre desejaram dar uma contribui\u00e7\u00e3o social maior, como volunt\u00e1rios. S\u00e9rgio elaborou a proposta e apresentou \u00e0 dire\u00e7\u00e3o da escola, que aprovou a id\u00e9ia. Os encontros, envolvendo pais e filhos, acontecem aos domingos, das 14h \u00e0s 17h, uma vez por m\u00eas. Nesse \u00faltimo, o projeto comemorou um ano.\u00a0\u00a0<\/p>\n<p>Para S\u00e9rgio Ramos, as escolas priorizam a educa\u00e7\u00e3o formal, o conte\u00fado das disciplinas, o lado intelectual da instru\u00e7\u00e3o, muitas vezes deixando de lado a forma\u00e7\u00e3o moral, o car\u00e1ter do aluno. Diante disso, o Projeto vem colaborar na apresenta\u00e7\u00e3o, estudo e viv\u00eancia de valores humanos para tornar as rela\u00e7\u00f5es mais harm\u00f4nicas. Ele considera que tudo come\u00e7a na fam\u00edlia. Segundo S\u00e9rgio, se um jovem com problemas \u00e9 bem acolhido por sua fam\u00edlia, mesmo que esta tamb\u00e9m apresente desequil\u00edbrios, ele vai encontrar uma base para superar as dificuldades e se integrar \u00e0 sociedade.<\/p>\n<p>Foi no feriado de 7 de setembro de 2007 que S\u00e9rgio teve a id\u00e9ia de criar o Projeto. Colocou tudo no papel e, em janeiro de 2008, levou a proposta \u00e0 dire\u00e7\u00e3o da escola. O lan\u00e7amento foi em 8 de mar\u00e7o de 2008, nos festejos do Dia Internacional da Mulher. Cartazes foram distribu\u00eddos na comunidade e as fam\u00edlias interessadas preencheram formul\u00e1rios. Em abril e maio do ano passado, houve a sele\u00e7\u00e3o e o primeiro encontro aconteceu em junho do ano passado. S\u00e9rgio coordena o grupo dos pais e Hilda e Marcelly ficam com o dos filhos.<\/p>\n<p>De junho a novembro do ano passado, por meio de leituras, jogos, gincanas e muita, muita troca de id\u00e9ias, alunos e pais debateram temas como drogas, educa\u00e7\u00e3o, fam\u00edlia, profiss\u00e3o, lazer e sexualidade. Valores espirituais tamb\u00e9m entram na pauta, mas sem se chocar com a religi\u00e3o de quem quer que seja. \u201cN\u00e3o h\u00e1 direcionamento para nenhuma religi\u00e3o. Vamos pelas quest\u00f5es da moral, da \u00e9tica, do respeito. A gente prega o amor de Deus, mostrando que, quando a gente d\u00e1 amor, vem o verdadeiro amor de Deus para sua vida\u201d, diz Marcelly.<\/p>\n<p>Hilda explica que este ano, as atividades t\u00eam como base o conte\u00fado de dois livros de Augusto Cury: \u201cFilhos Brilhantes, Alunos Fascinantes\u201d e \u201cPais Brilhantes, Professores Fascinantes\u201d. \u201cMas n\u00e3o ficamos s\u00f3 na teoria. Fazemos muitas din\u00e2micas para envolv\u00ea-los\u201d, ressalta. Ela diz ser muito gratificante o trabalho. Em um ano de atividades, os resultados j\u00e1 come\u00e7am a aparecer. \u201cHavia muita briga de casal, marido que bebia, batia nos filhos. Percebemos melhoras. Acreditamos que, por mais violenta que a pessoa seja, um abra\u00e7o a desarma\u201d, observa S\u00e9rgio.<\/p>\n<p>A coordenadora pedag\u00f3gica da Escola, Roc\u00e9lia Camur\u00e7a, informa que este ano o projeto foi colocado, oficialmente, como uma das atividades da institui\u00e7\u00e3o. Ela diz que, no dia a dia, s\u00e3o percebidas mudan\u00e7as. Cita exemplo de pais arredios que foram atra\u00eddos \u00e0 escola pelo projeto.<\/p>\n<p>Uma das m\u00e3es beneficiadas \u00e9 Cristiana Moreira da Costa, recepcionista e m\u00e3e de dois filhos. \u201cGostava de brigar, dizer coisas que feriam a auto-estima do meu filho. Hoje \u00e9 diferente. Quando erro vem a repreens\u00e3o do subconsciente. Espero passar um pouco e converso com calma. Pe\u00e7o desculpas\u201d. O filho, Michael Richard, de 13 anos, no 8\u00ba ano, reconhece que era \u201cmuito respond\u00e3o\u201d e agora \u201cmaneira mais\u201d e reconhece \u201ca m\u00e3e melhorou nos car\u00f5es\u201d.<\/p>\n<p>A dona de casa Lina da Silva tem uma filha adotada de 12 anos. As duas participam do projeto. \u201c\u00c9 uma tarde de lazer. A gente aprende como \u2018lutar\u2019 com os jovens e eles aprendem como \u2018lutar\u2019 com a gente\u201d, diz, entendendo a express\u00e3o \u2018lutar\u2019, como \u2018lidar, relacionar-se\u201d. Lina confessa que nos filhos gerados por ela, todos j\u00e1 criados, batia muito. Mas tem outro comportamento com a ca\u00e7ula adotada. N\u00e3o bate, busca conversar. O processo n\u00e3o \u00e9 f\u00e1cil, diz Lina. Mas est\u00e3o caminhando.\u00a0\u00a0\u00a0<\/p>\n<p>No in\u00edcio o projeto contava com mais doa\u00e7\u00f5es. Agora, a maior parte da manuten\u00e7\u00e3o \u00e9 feita pelos volunt\u00e1rios. Do pr\u00f3prio sal\u00e1rio, eles tiram recursos para custear, por exemplo, as cestas b\u00e1sicas que s\u00e3o doadas mensalmente \u00e0s fam\u00edlias. S\u00e9rgio avisa que s\u00e3o bem-vindas as doa\u00e7\u00f5es de papel, canetinhas, l\u00e1pis de cor, brinquedos, livros, e alimentos n\u00e3o perec\u00edveis.<\/p>\n<p>\u00a0\u00a0\u00a0<br \/>\nMais Informa\u00e7\u00f5es: S\u00e9rgio Ramos, Coordenador do Projeto Fam\u00edlia, Vida e Paz &#8211; (fone: 85 3535.5804)<\/p>\n<p>Fonte: Ag\u00eancia da Boa Not\u00edcia &#8211; <a href=\"http:\/\/www.boanoticia.org.br\/noticias-naintegra.php?id=av49WJdSahz11X7SCAz+glN\/I\/bNvL5PB8x7mLMAfJY\">http:\/\/www.boanoticia.org.br\/noticias-naintegra.php?id=av49WJdSahz11X7SCAz+glN\/I\/bNvL5PB8x7mLMAfJY<\/a>=<\/p>\n","protected":false},"excerpt":{"rendered":"<p>A vontade de ajudar na constru\u00e7\u00e3o de um mundo melhor, fraterno e solid\u00e1rio motivou a cria\u00e7\u00e3o do Projeto Fam\u00edlia, Vida e Paz, realizado na Escola de Ensino Fundamental e M\u00e9dio Dr. Ubirajara \u00cdndio do Cear\u00e1, no bairro Conjunto Cear\u00e1, em Fortaleza. A proposta \u00e9 trabalhar a pedagogia do amor e do afeto, apertar os la\u00e7os [&hellip;]<\/p>\n","protected":false},"author":2,"featured_media":0,"comment_status":"open","ping_status":"open","sticky":false,"template":"","format":"standard","meta":{"site-container-style":"default","site-container-layout":"default","site-sidebar-layout":"default","disable-article-header":"default","disable-site-header":"default","disable-site-footer":"default","disable-content-area-spacing":"default","footnotes":""},"categories":[4],"tags":[],"class_list":["post-11569","post","type-post","status-publish","format-standard","hentry","category-noticias"],"yoast_head":"<!-- This site is optimized with the Yoast SEO plugin v27.4 - https:\/\/yoast.com\/product\/yoast-seo-wordpress\/ -->\n<title>Projeto ensina como melhorar o relacionamento entre pais e filhos -<\/title>\n<meta name=\"robots\" content=\"index, follow, max-snippet:-1, max-image-preview:large, max-video-preview:-1\" \/>\n<link rel=\"canonical\" href=\"https:\/\/inclusivenews.com.br\/?p=11569\" \/>\n<meta property=\"og:locale\" content=\"pt_PT\" \/>\n<meta property=\"og:type\" content=\"article\" \/>\n<meta property=\"og:title\" content=\"Projeto ensina como melhorar o relacionamento entre pais e filhos -\" \/>\n<meta property=\"og:description\" content=\"A vontade de ajudar na constru\u00e7\u00e3o de um mundo melhor, fraterno e solid\u00e1rio motivou a cria\u00e7\u00e3o do Projeto Fam\u00edlia, Vida e Paz, realizado na Escola de Ensino Fundamental e M\u00e9dio Dr. Ubirajara \u00cdndio do Cear\u00e1, no bairro Conjunto Cear\u00e1, em Fortaleza. A proposta \u00e9 trabalhar a pedagogia do amor e do afeto, apertar os la\u00e7os [&hellip;]\" \/>\n<meta property=\"og:url\" content=\"https:\/\/inclusivenews.com.br\/?p=11569\" \/>\n<meta property=\"article:publisher\" content=\"https:\/\/www.facebook.com\/agenciainclusive\/\" \/>\n<meta property=\"article:published_time\" content=\"2009-06-18T11:35:23+00:00\" \/>\n<meta name=\"author\" content=\"Inclusive\" \/>\n<meta name=\"twitter:card\" content=\"summary_large_image\" \/>\n<meta name=\"twitter:label1\" content=\"Escrito por\" \/>\n\t<meta name=\"twitter:data1\" content=\"Inclusive\" \/>\n\t<meta name=\"twitter:label2\" content=\"Tempo estimado de leitura\" \/>\n\t<meta name=\"twitter:data2\" content=\"5 minutos\" \/>\n<script type=\"application\/ld+json\" class=\"yoast-schema-graph\">{\"@context\":\"https:\\\/\\\/schema.org\",\"@graph\":[{\"@type\":\"Article\",\"@id\":\"https:\\\/\\\/inclusivenews.com.br\\\/?p=11569#article\",\"isPartOf\":{\"@id\":\"https:\\\/\\\/inclusivenews.com.br\\\/?p=11569\"},\"author\":{\"name\":\"Inclusive\",\"@id\":\"https:\\\/\\\/inclusivenews.com.br\\\/#\\\/schema\\\/person\\\/0dab492019871b94abb65fa8ee7c8c44\"},\"headline\":\"Projeto ensina como melhorar o relacionamento entre pais e filhos\",\"datePublished\":\"2009-06-18T11:35:23+00:00\",\"mainEntityOfPage\":{\"@id\":\"https:\\\/\\\/inclusivenews.com.br\\\/?p=11569\"},\"wordCount\":913,\"commentCount\":4,\"publisher\":{\"@id\":\"https:\\\/\\\/inclusivenews.com.br\\\/#organization\"},\"articleSection\":[\"NOT\u00cdCIAS\"],\"inLanguage\":\"pt-PT\",\"potentialAction\":[{\"@type\":\"CommentAction\",\"name\":\"Comment\",\"target\":[\"https:\\\/\\\/inclusivenews.com.br\\\/?p=11569#respond\"]}]},{\"@type\":\"WebPage\",\"@id\":\"https:\\\/\\\/inclusivenews.com.br\\\/?p=11569\",\"url\":\"https:\\\/\\\/inclusivenews.com.br\\\/?p=11569\",\"name\":\"Projeto ensina como melhorar o relacionamento entre pais e filhos -\",\"isPartOf\":{\"@id\":\"https:\\\/\\\/inclusivenews.com.br\\\/#website\"},\"datePublished\":\"2009-06-18T11:35:23+00:00\",\"breadcrumb\":{\"@id\":\"https:\\\/\\\/inclusivenews.com.br\\\/?p=11569#breadcrumb\"},\"inLanguage\":\"pt-PT\",\"potentialAction\":[{\"@type\":\"ReadAction\",\"target\":[\"https:\\\/\\\/inclusivenews.com.br\\\/?p=11569\"]}]},{\"@type\":\"BreadcrumbList\",\"@id\":\"https:\\\/\\\/inclusivenews.com.br\\\/?p=11569#breadcrumb\",\"itemListElement\":[{\"@type\":\"ListItem\",\"position\":1,\"name\":\"In\u00edcio\",\"item\":\"https:\\\/\\\/inclusivenews.com.br\\\/\"},{\"@type\":\"ListItem\",\"position\":2,\"name\":\"Projeto ensina como melhorar o relacionamento entre pais e filhos\"}]},{\"@type\":\"WebSite\",\"@id\":\"https:\\\/\\\/inclusivenews.com.br\\\/#website\",\"url\":\"https:\\\/\\\/inclusivenews.com.br\\\/\",\"name\":\"Inclusive News\",\"description\":\"Inclusive News\",\"publisher\":{\"@id\":\"https:\\\/\\\/inclusivenews.com.br\\\/#organization\"},\"potentialAction\":[{\"@type\":\"SearchAction\",\"target\":{\"@type\":\"EntryPoint\",\"urlTemplate\":\"https:\\\/\\\/inclusivenews.com.br\\\/?s={search_term_string}\"},\"query-input\":{\"@type\":\"PropertyValueSpecification\",\"valueRequired\":true,\"valueName\":\"search_term_string\"}}],\"inLanguage\":\"pt-PT\"},{\"@type\":\"Organization\",\"@id\":\"https:\\\/\\\/inclusivenews.com.br\\\/#organization\",\"name\":\"Inclusive - inclus\u00e3o e cidadania\",\"url\":\"https:\\\/\\\/inclusivenews.com.br\\\/\",\"logo\":{\"@type\":\"ImageObject\",\"inLanguage\":\"pt-PT\",\"@id\":\"https:\\\/\\\/inclusivenews.com.br\\\/#\\\/schema\\\/logo\\\/image\\\/\",\"url\":\"https:\\\/\\\/inclusivenews.com.br\\\/wp-content\\\/uploads\\\/2024\\\/03\\\/@grandesite.png\",\"contentUrl\":\"https:\\\/\\\/inclusivenews.com.br\\\/wp-content\\\/uploads\\\/2024\\\/03\\\/@grandesite.png\",\"width\":1080,\"height\":1080,\"caption\":\"Inclusive - inclus\u00e3o e cidadania\"},\"image\":{\"@id\":\"https:\\\/\\\/inclusivenews.com.br\\\/#\\\/schema\\\/logo\\\/image\\\/\"},\"sameAs\":[\"https:\\\/\\\/www.facebook.com\\\/agenciainclusive\\\/\",\"https:\\\/\\\/www.instagram.com\\\/newsinclusive\\\/\"]},{\"@type\":\"Person\",\"@id\":\"https:\\\/\\\/inclusivenews.com.br\\\/#\\\/schema\\\/person\\\/0dab492019871b94abb65fa8ee7c8c44\",\"name\":\"Inclusive\",\"image\":{\"@type\":\"ImageObject\",\"inLanguage\":\"pt-PT\",\"@id\":\"https:\\\/\\\/secure.gravatar.com\\\/avatar\\\/?s=96&d=mm&r=g\",\"url\":\"https:\\\/\\\/secure.gravatar.com\\\/avatar\\\/?s=96&d=mm&r=g\",\"contentUrl\":\"https:\\\/\\\/secure.gravatar.com\\\/avatar\\\/?s=96&d=mm&r=g\",\"caption\":\"Inclusive\"},\"url\":\"https:\\\/\\\/inclusivenews.com.br\\\/?author=2\"}]}<\/script>\n<!-- \/ Yoast SEO plugin. -->","yoast_head_json":{"title":"Projeto ensina como melhorar o relacionamento entre pais e filhos -","robots":{"index":"index","follow":"follow","max-snippet":"max-snippet:-1","max-image-preview":"max-image-preview:large","max-video-preview":"max-video-preview:-1"},"canonical":"https:\/\/inclusivenews.com.br\/?p=11569","og_locale":"pt_PT","og_type":"article","og_title":"Projeto ensina como melhorar o relacionamento entre pais e filhos -","og_description":"A vontade de ajudar na constru\u00e7\u00e3o de um mundo melhor, fraterno e solid\u00e1rio motivou a cria\u00e7\u00e3o do Projeto Fam\u00edlia, Vida e Paz, realizado na Escola de Ensino Fundamental e M\u00e9dio Dr. Ubirajara \u00cdndio do Cear\u00e1, no bairro Conjunto Cear\u00e1, em Fortaleza. A proposta \u00e9 trabalhar a pedagogia do amor e do afeto, apertar os la\u00e7os [&hellip;]","og_url":"https:\/\/inclusivenews.com.br\/?p=11569","article_publisher":"https:\/\/www.facebook.com\/agenciainclusive\/","article_published_time":"2009-06-18T11:35:23+00:00","author":"Inclusive","twitter_card":"summary_large_image","twitter_misc":{"Escrito por":"Inclusive","Tempo estimado de leitura":"5 minutos"},"schema":{"@context":"https:\/\/schema.org","@graph":[{"@type":"Article","@id":"https:\/\/inclusivenews.com.br\/?p=11569#article","isPartOf":{"@id":"https:\/\/inclusivenews.com.br\/?p=11569"},"author":{"name":"Inclusive","@id":"https:\/\/inclusivenews.com.br\/#\/schema\/person\/0dab492019871b94abb65fa8ee7c8c44"},"headline":"Projeto ensina como melhorar o relacionamento entre pais e filhos","datePublished":"2009-06-18T11:35:23+00:00","mainEntityOfPage":{"@id":"https:\/\/inclusivenews.com.br\/?p=11569"},"wordCount":913,"commentCount":4,"publisher":{"@id":"https:\/\/inclusivenews.com.br\/#organization"},"articleSection":["NOT\u00cdCIAS"],"inLanguage":"pt-PT","potentialAction":[{"@type":"CommentAction","name":"Comment","target":["https:\/\/inclusivenews.com.br\/?p=11569#respond"]}]},{"@type":"WebPage","@id":"https:\/\/inclusivenews.com.br\/?p=11569","url":"https:\/\/inclusivenews.com.br\/?p=11569","name":"Projeto ensina como melhorar o relacionamento entre pais e filhos -","isPartOf":{"@id":"https:\/\/inclusivenews.com.br\/#website"},"datePublished":"2009-06-18T11:35:23+00:00","breadcrumb":{"@id":"https:\/\/inclusivenews.com.br\/?p=11569#breadcrumb"},"inLanguage":"pt-PT","potentialAction":[{"@type":"ReadAction","target":["https:\/\/inclusivenews.com.br\/?p=11569"]}]},{"@type":"BreadcrumbList","@id":"https:\/\/inclusivenews.com.br\/?p=11569#breadcrumb","itemListElement":[{"@type":"ListItem","position":1,"name":"In\u00edcio","item":"https:\/\/inclusivenews.com.br\/"},{"@type":"ListItem","position":2,"name":"Projeto ensina como melhorar o relacionamento entre pais e filhos"}]},{"@type":"WebSite","@id":"https:\/\/inclusivenews.com.br\/#website","url":"https:\/\/inclusivenews.com.br\/","name":"Inclusive News","description":"Inclusive News","publisher":{"@id":"https:\/\/inclusivenews.com.br\/#organization"},"potentialAction":[{"@type":"SearchAction","target":{"@type":"EntryPoint","urlTemplate":"https:\/\/inclusivenews.com.br\/?s={search_term_string}"},"query-input":{"@type":"PropertyValueSpecification","valueRequired":true,"valueName":"search_term_string"}}],"inLanguage":"pt-PT"},{"@type":"Organization","@id":"https:\/\/inclusivenews.com.br\/#organization","name":"Inclusive - inclus\u00e3o e cidadania","url":"https:\/\/inclusivenews.com.br\/","logo":{"@type":"ImageObject","inLanguage":"pt-PT","@id":"https:\/\/inclusivenews.com.br\/#\/schema\/logo\/image\/","url":"https:\/\/inclusivenews.com.br\/wp-content\/uploads\/2024\/03\/@grandesite.png","contentUrl":"https:\/\/inclusivenews.com.br\/wp-content\/uploads\/2024\/03\/@grandesite.png","width":1080,"height":1080,"caption":"Inclusive - inclus\u00e3o e cidadania"},"image":{"@id":"https:\/\/inclusivenews.com.br\/#\/schema\/logo\/image\/"},"sameAs":["https:\/\/www.facebook.com\/agenciainclusive\/","https:\/\/www.instagram.com\/newsinclusive\/"]},{"@type":"Person","@id":"https:\/\/inclusivenews.com.br\/#\/schema\/person\/0dab492019871b94abb65fa8ee7c8c44","name":"Inclusive","image":{"@type":"ImageObject","inLanguage":"pt-PT","@id":"https:\/\/secure.gravatar.com\/avatar\/?s=96&d=mm&r=g","url":"https:\/\/secure.gravatar.com\/avatar\/?s=96&d=mm&r=g","contentUrl":"https:\/\/secure.gravatar.com\/avatar\/?s=96&d=mm&r=g","caption":"Inclusive"},"url":"https:\/\/inclusivenews.com.br\/?author=2"}]}},"_links":{"self":[{"href":"https:\/\/inclusivenews.com.br\/index.php?rest_route=\/wp\/v2\/posts\/11569","targetHints":{"allow":["GET"]}}],"collection":[{"href":"https:\/\/inclusivenews.com.br\/index.php?rest_route=\/wp\/v2\/posts"}],"about":[{"href":"https:\/\/inclusivenews.com.br\/index.php?rest_route=\/wp\/v2\/types\/post"}],"author":[{"embeddable":true,"href":"https:\/\/inclusivenews.com.br\/index.php?rest_route=\/wp\/v2\/users\/2"}],"replies":[{"embeddable":true,"href":"https:\/\/inclusivenews.com.br\/index.php?rest_route=%2Fwp%2Fv2%2Fcomments&post=11569"}],"version-history":[{"count":0,"href":"https:\/\/inclusivenews.com.br\/index.php?rest_route=\/wp\/v2\/posts\/11569\/revisions"}],"wp:attachment":[{"href":"https:\/\/inclusivenews.com.br\/index.php?rest_route=%2Fwp%2Fv2%2Fmedia&parent=11569"}],"wp:term":[{"taxonomy":"category","embeddable":true,"href":"https:\/\/inclusivenews.com.br\/index.php?rest_route=%2Fwp%2Fv2%2Fcategories&post=11569"},{"taxonomy":"post_tag","embeddable":true,"href":"https:\/\/inclusivenews.com.br\/index.php?rest_route=%2Fwp%2Fv2%2Ftags&post=11569"}],"curies":[{"name":"wp","href":"https:\/\/api.w.org\/{rel}","templated":true}]}}