{"id":11581,"date":"2009-06-22T11:52:34","date_gmt":"2009-06-22T11:52:34","guid":{"rendered":"http:\/\/agenciainclusive.wordpress.com\/?p=8506"},"modified":"2009-06-22T11:52:34","modified_gmt":"2009-06-22T11:52:34","slug":"ii-conapir-comeca-na-proxima-quinta-feira-2","status":"publish","type":"post","link":"https:\/\/inclusivenews.com.br\/?p=11581","title":{"rendered":"II CONAPIR come\u00e7a na pr\u00f3xima quinta-feira"},"content":{"rendered":"<p>Durante quatro dias, Bras\u00edlia ser\u00e1 o centro das discuss\u00f5es sobre as pol\u00edticas para um pa\u00eds mais justo sob o ponto de vista das rela\u00e7\u00f5es \u00e9tnico-raciais. \u00c9 a II Confer\u00eancia Nacional de Igualdade Racial (II CONAPIR), que de 25 a 28 de junho reunir\u00e1 cerca de 1.500 pessoas de todo o Brasil no Centro de Conven\u00e7\u00f5es Ulysses Guimar\u00e3es..<\/p>\n<p>Nos pain\u00e9is e grupos de trabalho, o Poder P\u00fablico e os movimentos sociais v\u00e3o debater temas que v\u00e3o desde a titula\u00e7\u00e3o de terras quilombolas at\u00e9 as cotas no ensino superior, passando pelo respeito \u00e0s religi\u00f5es de matrizes africanas, programas de sa\u00fade espec\u00edficos para a popula\u00e7\u00e3o negra e o combate ao racismo institucional.<\/p>\n<p>As demandas espec\u00edficas dos povos ind\u00edgenas e de etnia cigana tamb\u00e9m ser\u00e3o debatidas na II CONAPIR. A Confer\u00eancia ter\u00e1 seis eixos centrais: Terra; Educa\u00e7\u00e3o; Trabalho e Renda; Seguran\u00e7a e Justi\u00e7a; Sa\u00fade e Pol\u00edticas Internacionais.<\/p>\n<p>Na presen\u00e7a do presidente Luiz In\u00e1cio Lula da Silva, do ministro da Igualdade Racial, Edson Santos, e demais autoridades do Governo Federal, a abertura solene da II CONAPIR ter\u00e1 in\u00edcio \u00e0s 18h do dia 25.<\/p>\n<p>Os delegados, eleitos em etapas municipais, regionais, estaduais e tamb\u00e9m na Plen\u00e1ria Nacional de Comunidades Tradicionais, estar\u00e3o reunidos diariamente entre 9h e 18h para aprofundar o debate em torno das propostas encaminhadas \u00e0 Comiss\u00e3o Organizadora, atualmente em fase de sistematiza\u00e7\u00e3o. O relat\u00f3rio final da II CONAPIR ser\u00e1 apresentado e votado na plen\u00e1ria final, no dia 28, entre 14h e 18h.<\/p>\n<p>II CONAPIR \u00e9 tema de reportagem no r\u00e1dio e na TV<\/p>\n<p>A partir de segunda-feira, dia 22 de junho, a TV NBR e o programa de r\u00e1dio A Voz do Brasil exibir\u00e3o uma s\u00e9rie de tr\u00eas reportagens sobre a II CONAPIR, abordando os avan\u00e7os, os desafios e as perspectivas da Pol\u00edtica Nacional de Promo\u00e7\u00e3o da Igualdade Racial.<\/p>\n<p>As reportagens ser\u00e3o veiculadas no telejornal NBR Not\u00edcias (\u00e0s 12h30 e 19h30) e \u00e0s 19h no programa A Voz do Brasil.<\/p>\n<p>A TV NBR \u00e9 a TV do Governo Federal, podendo ser captada por cabo (SKY e NET) ou por antena parab\u00f3lica. Assim como a Voz do Brasil, que tem os primeiros 25 minutos reservados \u00e0s informa\u00e7\u00f5es do Poder Executivo, ambos os programas jornalisticos s\u00e3o produzidos pela Diretoria de Servi\u00e7os da Empresa Brasil de Comunica\u00e7\u00e3o (EBC), que apoia a II CONAPIR.<\/p>\n<p>A EBC Servi\u00e7os tamb\u00e9m far\u00e1 cobertura especial durante a Confer\u00eancia. Para outras informa\u00e7\u00f5es sobre as reportagens, acesse<br \/>\n<a href=\"http:\/\/www.ebcservicos.ebc.com.br\/\">http:\/\/www.ebcservicos.ebc.com.br<\/a>.<br \/>\nCoordena\u00e7\u00e3o de Comunica\u00e7\u00e3o Social<br \/>\nSecretaria Especial de Pol\u00edticas de Promo\u00e7\u00e3o da Igualdade Racial<br \/>\nPresid\u00eancia da Rep\u00fablica<br \/>\nEsplanada dos Minist\u00e9rios, Bloco A, 9\u00ba andar &#8211; 70.054-906 &#8211; Bras\u00edlia (DF)<br \/>\nTelefone: (61) 3411-3659<\/p>\n<p>Fonte: Jornal \u00ccrohin &#8211; <a href=\"http:\/\/www.irohin.org.br\/onl\/new.php?sec=news&amp;id=4533\">http:\/\/www.irohin.org.br\/onl\/new.php?sec=news&amp;id=4533<\/a><\/p>\n","protected":false},"excerpt":{"rendered":"<p>Durante quatro dias, Bras\u00edlia ser\u00e1 o centro das discuss\u00f5es sobre as pol\u00edticas para um pa\u00eds mais justo sob o ponto de vista das rela\u00e7\u00f5es \u00e9tnico-raciais. \u00c9 a II Confer\u00eancia Nacional de Igualdade Racial (II CONAPIR), que de 25 a 28 de junho reunir\u00e1 cerca de 1.500 pessoas de todo o Brasil no Centro de Conven\u00e7\u00f5es [&hellip;]<\/p>\n","protected":false},"author":2,"featured_media":0,"comment_status":"open","ping_status":"open","sticky":false,"template":"","format":"standard","meta":{"site-container-style":"default","site-container-layout":"default","site-sidebar-layout":"default","disable-article-header":"default","disable-site-header":"default","disable-site-footer":"default","disable-content-area-spacing":"default","footnotes":""},"categories":[12],"tags":[],"class_list":["post-11581","post","type-post","status-publish","format-standard","hentry","category-cursos-e-eventos"],"yoast_head":"<!-- This site is optimized with the Yoast SEO plugin v27.4 - https:\/\/yoast.com\/product\/yoast-seo-wordpress\/ -->\n<title>II CONAPIR come\u00e7a na pr\u00f3xima quinta-feira -<\/title>\n<meta name=\"robots\" content=\"index, follow, max-snippet:-1, max-image-preview:large, max-video-preview:-1\" \/>\n<link rel=\"canonical\" href=\"https:\/\/inclusivenews.com.br\/?p=11581\" \/>\n<meta property=\"og:locale\" content=\"pt_PT\" \/>\n<meta property=\"og:type\" content=\"article\" \/>\n<meta property=\"og:title\" content=\"II CONAPIR come\u00e7a na pr\u00f3xima quinta-feira -\" \/>\n<meta property=\"og:description\" content=\"Durante quatro dias, Bras\u00edlia ser\u00e1 o centro das discuss\u00f5es sobre as pol\u00edticas para um pa\u00eds mais justo sob o ponto de vista das rela\u00e7\u00f5es \u00e9tnico-raciais. \u00c9 a II Confer\u00eancia Nacional de Igualdade Racial (II CONAPIR), que de 25 a 28 de junho reunir\u00e1 cerca de 1.500 pessoas de todo o Brasil no Centro de Conven\u00e7\u00f5es [&hellip;]\" \/>\n<meta property=\"og:url\" content=\"https:\/\/inclusivenews.com.br\/?p=11581\" \/>\n<meta property=\"article:publisher\" content=\"https:\/\/www.facebook.com\/agenciainclusive\/\" \/>\n<meta property=\"article:published_time\" content=\"2009-06-22T11:52:34+00:00\" \/>\n<meta name=\"author\" content=\"Inclusive\" \/>\n<meta name=\"twitter:card\" content=\"summary_large_image\" \/>\n<meta name=\"twitter:label1\" content=\"Escrito por\" \/>\n\t<meta name=\"twitter:data1\" content=\"Inclusive\" \/>\n\t<meta name=\"twitter:label2\" content=\"Tempo estimado de leitura\" \/>\n\t<meta name=\"twitter:data2\" content=\"2 minutos\" \/>\n<script type=\"application\/ld+json\" class=\"yoast-schema-graph\">{\"@context\":\"https:\\\/\\\/schema.org\",\"@graph\":[{\"@type\":\"Article\",\"@id\":\"https:\\\/\\\/inclusivenews.com.br\\\/?p=11581#article\",\"isPartOf\":{\"@id\":\"https:\\\/\\\/inclusivenews.com.br\\\/?p=11581\"},\"author\":{\"name\":\"Inclusive\",\"@id\":\"https:\\\/\\\/inclusivenews.com.br\\\/#\\\/schema\\\/person\\\/0dab492019871b94abb65fa8ee7c8c44\"},\"headline\":\"II CONAPIR come\u00e7a na pr\u00f3xima quinta-feira\",\"datePublished\":\"2009-06-22T11:52:34+00:00\",\"mainEntityOfPage\":{\"@id\":\"https:\\\/\\\/inclusivenews.com.br\\\/?p=11581\"},\"wordCount\":505,\"commentCount\":0,\"publisher\":{\"@id\":\"https:\\\/\\\/inclusivenews.com.br\\\/#organization\"},\"articleSection\":[\"Cursos e eventos\"],\"inLanguage\":\"pt-PT\",\"potentialAction\":[{\"@type\":\"CommentAction\",\"name\":\"Comment\",\"target\":[\"https:\\\/\\\/inclusivenews.com.br\\\/?p=11581#respond\"]}]},{\"@type\":\"WebPage\",\"@id\":\"https:\\\/\\\/inclusivenews.com.br\\\/?p=11581\",\"url\":\"https:\\\/\\\/inclusivenews.com.br\\\/?p=11581\",\"name\":\"II CONAPIR come\u00e7a na pr\u00f3xima quinta-feira -\",\"isPartOf\":{\"@id\":\"https:\\\/\\\/inclusivenews.com.br\\\/#website\"},\"datePublished\":\"2009-06-22T11:52:34+00:00\",\"breadcrumb\":{\"@id\":\"https:\\\/\\\/inclusivenews.com.br\\\/?p=11581#breadcrumb\"},\"inLanguage\":\"pt-PT\",\"potentialAction\":[{\"@type\":\"ReadAction\",\"target\":[\"https:\\\/\\\/inclusivenews.com.br\\\/?p=11581\"]}]},{\"@type\":\"BreadcrumbList\",\"@id\":\"https:\\\/\\\/inclusivenews.com.br\\\/?p=11581#breadcrumb\",\"itemListElement\":[{\"@type\":\"ListItem\",\"position\":1,\"name\":\"In\u00edcio\",\"item\":\"https:\\\/\\\/inclusivenews.com.br\\\/\"},{\"@type\":\"ListItem\",\"position\":2,\"name\":\"II CONAPIR come\u00e7a na pr\u00f3xima quinta-feira\"}]},{\"@type\":\"WebSite\",\"@id\":\"https:\\\/\\\/inclusivenews.com.br\\\/#website\",\"url\":\"https:\\\/\\\/inclusivenews.com.br\\\/\",\"name\":\"Inclusive News\",\"description\":\"Inclusive News\",\"publisher\":{\"@id\":\"https:\\\/\\\/inclusivenews.com.br\\\/#organization\"},\"potentialAction\":[{\"@type\":\"SearchAction\",\"target\":{\"@type\":\"EntryPoint\",\"urlTemplate\":\"https:\\\/\\\/inclusivenews.com.br\\\/?s={search_term_string}\"},\"query-input\":{\"@type\":\"PropertyValueSpecification\",\"valueRequired\":true,\"valueName\":\"search_term_string\"}}],\"inLanguage\":\"pt-PT\"},{\"@type\":\"Organization\",\"@id\":\"https:\\\/\\\/inclusivenews.com.br\\\/#organization\",\"name\":\"Inclusive - inclus\u00e3o e cidadania\",\"url\":\"https:\\\/\\\/inclusivenews.com.br\\\/\",\"logo\":{\"@type\":\"ImageObject\",\"inLanguage\":\"pt-PT\",\"@id\":\"https:\\\/\\\/inclusivenews.com.br\\\/#\\\/schema\\\/logo\\\/image\\\/\",\"url\":\"https:\\\/\\\/inclusivenews.com.br\\\/wp-content\\\/uploads\\\/2024\\\/03\\\/@grandesite.png\",\"contentUrl\":\"https:\\\/\\\/inclusivenews.com.br\\\/wp-content\\\/uploads\\\/2024\\\/03\\\/@grandesite.png\",\"width\":1080,\"height\":1080,\"caption\":\"Inclusive - inclus\u00e3o e cidadania\"},\"image\":{\"@id\":\"https:\\\/\\\/inclusivenews.com.br\\\/#\\\/schema\\\/logo\\\/image\\\/\"},\"sameAs\":[\"https:\\\/\\\/www.facebook.com\\\/agenciainclusive\\\/\",\"https:\\\/\\\/www.instagram.com\\\/newsinclusive\\\/\"]},{\"@type\":\"Person\",\"@id\":\"https:\\\/\\\/inclusivenews.com.br\\\/#\\\/schema\\\/person\\\/0dab492019871b94abb65fa8ee7c8c44\",\"name\":\"Inclusive\",\"image\":{\"@type\":\"ImageObject\",\"inLanguage\":\"pt-PT\",\"@id\":\"https:\\\/\\\/secure.gravatar.com\\\/avatar\\\/?s=96&d=mm&r=g\",\"url\":\"https:\\\/\\\/secure.gravatar.com\\\/avatar\\\/?s=96&d=mm&r=g\",\"contentUrl\":\"https:\\\/\\\/secure.gravatar.com\\\/avatar\\\/?s=96&d=mm&r=g\",\"caption\":\"Inclusive\"},\"url\":\"https:\\\/\\\/inclusivenews.com.br\\\/?author=2\"}]}<\/script>\n<!-- \/ Yoast SEO plugin. -->","yoast_head_json":{"title":"II CONAPIR come\u00e7a na pr\u00f3xima quinta-feira -","robots":{"index":"index","follow":"follow","max-snippet":"max-snippet:-1","max-image-preview":"max-image-preview:large","max-video-preview":"max-video-preview:-1"},"canonical":"https:\/\/inclusivenews.com.br\/?p=11581","og_locale":"pt_PT","og_type":"article","og_title":"II CONAPIR come\u00e7a na pr\u00f3xima quinta-feira -","og_description":"Durante quatro dias, Bras\u00edlia ser\u00e1 o centro das discuss\u00f5es sobre as pol\u00edticas para um pa\u00eds mais justo sob o ponto de vista das rela\u00e7\u00f5es \u00e9tnico-raciais. \u00c9 a II Confer\u00eancia Nacional de Igualdade Racial (II CONAPIR), que de 25 a 28 de junho reunir\u00e1 cerca de 1.500 pessoas de todo o Brasil no Centro de Conven\u00e7\u00f5es [&hellip;]","og_url":"https:\/\/inclusivenews.com.br\/?p=11581","article_publisher":"https:\/\/www.facebook.com\/agenciainclusive\/","article_published_time":"2009-06-22T11:52:34+00:00","author":"Inclusive","twitter_card":"summary_large_image","twitter_misc":{"Escrito por":"Inclusive","Tempo estimado de leitura":"2 minutos"},"schema":{"@context":"https:\/\/schema.org","@graph":[{"@type":"Article","@id":"https:\/\/inclusivenews.com.br\/?p=11581#article","isPartOf":{"@id":"https:\/\/inclusivenews.com.br\/?p=11581"},"author":{"name":"Inclusive","@id":"https:\/\/inclusivenews.com.br\/#\/schema\/person\/0dab492019871b94abb65fa8ee7c8c44"},"headline":"II CONAPIR come\u00e7a na pr\u00f3xima quinta-feira","datePublished":"2009-06-22T11:52:34+00:00","mainEntityOfPage":{"@id":"https:\/\/inclusivenews.com.br\/?p=11581"},"wordCount":505,"commentCount":0,"publisher":{"@id":"https:\/\/inclusivenews.com.br\/#organization"},"articleSection":["Cursos e eventos"],"inLanguage":"pt-PT","potentialAction":[{"@type":"CommentAction","name":"Comment","target":["https:\/\/inclusivenews.com.br\/?p=11581#respond"]}]},{"@type":"WebPage","@id":"https:\/\/inclusivenews.com.br\/?p=11581","url":"https:\/\/inclusivenews.com.br\/?p=11581","name":"II CONAPIR come\u00e7a na pr\u00f3xima quinta-feira -","isPartOf":{"@id":"https:\/\/inclusivenews.com.br\/#website"},"datePublished":"2009-06-22T11:52:34+00:00","breadcrumb":{"@id":"https:\/\/inclusivenews.com.br\/?p=11581#breadcrumb"},"inLanguage":"pt-PT","potentialAction":[{"@type":"ReadAction","target":["https:\/\/inclusivenews.com.br\/?p=11581"]}]},{"@type":"BreadcrumbList","@id":"https:\/\/inclusivenews.com.br\/?p=11581#breadcrumb","itemListElement":[{"@type":"ListItem","position":1,"name":"In\u00edcio","item":"https:\/\/inclusivenews.com.br\/"},{"@type":"ListItem","position":2,"name":"II CONAPIR come\u00e7a na pr\u00f3xima quinta-feira"}]},{"@type":"WebSite","@id":"https:\/\/inclusivenews.com.br\/#website","url":"https:\/\/inclusivenews.com.br\/","name":"Inclusive News","description":"Inclusive News","publisher":{"@id":"https:\/\/inclusivenews.com.br\/#organization"},"potentialAction":[{"@type":"SearchAction","target":{"@type":"EntryPoint","urlTemplate":"https:\/\/inclusivenews.com.br\/?s={search_term_string}"},"query-input":{"@type":"PropertyValueSpecification","valueRequired":true,"valueName":"search_term_string"}}],"inLanguage":"pt-PT"},{"@type":"Organization","@id":"https:\/\/inclusivenews.com.br\/#organization","name":"Inclusive - inclus\u00e3o e cidadania","url":"https:\/\/inclusivenews.com.br\/","logo":{"@type":"ImageObject","inLanguage":"pt-PT","@id":"https:\/\/inclusivenews.com.br\/#\/schema\/logo\/image\/","url":"https:\/\/inclusivenews.com.br\/wp-content\/uploads\/2024\/03\/@grandesite.png","contentUrl":"https:\/\/inclusivenews.com.br\/wp-content\/uploads\/2024\/03\/@grandesite.png","width":1080,"height":1080,"caption":"Inclusive - inclus\u00e3o e cidadania"},"image":{"@id":"https:\/\/inclusivenews.com.br\/#\/schema\/logo\/image\/"},"sameAs":["https:\/\/www.facebook.com\/agenciainclusive\/","https:\/\/www.instagram.com\/newsinclusive\/"]},{"@type":"Person","@id":"https:\/\/inclusivenews.com.br\/#\/schema\/person\/0dab492019871b94abb65fa8ee7c8c44","name":"Inclusive","image":{"@type":"ImageObject","inLanguage":"pt-PT","@id":"https:\/\/secure.gravatar.com\/avatar\/?s=96&d=mm&r=g","url":"https:\/\/secure.gravatar.com\/avatar\/?s=96&d=mm&r=g","contentUrl":"https:\/\/secure.gravatar.com\/avatar\/?s=96&d=mm&r=g","caption":"Inclusive"},"url":"https:\/\/inclusivenews.com.br\/?author=2"}]}},"_links":{"self":[{"href":"https:\/\/inclusivenews.com.br\/index.php?rest_route=\/wp\/v2\/posts\/11581","targetHints":{"allow":["GET"]}}],"collection":[{"href":"https:\/\/inclusivenews.com.br\/index.php?rest_route=\/wp\/v2\/posts"}],"about":[{"href":"https:\/\/inclusivenews.com.br\/index.php?rest_route=\/wp\/v2\/types\/post"}],"author":[{"embeddable":true,"href":"https:\/\/inclusivenews.com.br\/index.php?rest_route=\/wp\/v2\/users\/2"}],"replies":[{"embeddable":true,"href":"https:\/\/inclusivenews.com.br\/index.php?rest_route=%2Fwp%2Fv2%2Fcomments&post=11581"}],"version-history":[{"count":0,"href":"https:\/\/inclusivenews.com.br\/index.php?rest_route=\/wp\/v2\/posts\/11581\/revisions"}],"wp:attachment":[{"href":"https:\/\/inclusivenews.com.br\/index.php?rest_route=%2Fwp%2Fv2%2Fmedia&parent=11581"}],"wp:term":[{"taxonomy":"category","embeddable":true,"href":"https:\/\/inclusivenews.com.br\/index.php?rest_route=%2Fwp%2Fv2%2Fcategories&post=11581"},{"taxonomy":"post_tag","embeddable":true,"href":"https:\/\/inclusivenews.com.br\/index.php?rest_route=%2Fwp%2Fv2%2Ftags&post=11581"}],"curies":[{"name":"wp","href":"https:\/\/api.w.org\/{rel}","templated":true}]}}