{"id":11585,"date":"2009-06-24T20:17:57","date_gmt":"2009-06-24T20:17:57","guid":{"rendered":"http:\/\/agenciainclusive.wordpress.com\/?p=8572"},"modified":"2009-06-24T20:17:57","modified_gmt":"2009-06-24T20:17:57","slug":"mais-sobre-o-preconceito-nas-escolas-2","status":"publish","type":"post","link":"https:\/\/inclusivenews.com.br\/?p=11585","title":{"rendered":"Mais sobre o preconceito nas escolas"},"content":{"rendered":"<figure id=\"attachment_3302\" aria-describedby=\"caption-attachment-3302\" style=\"width: 135px\" class=\"wp-caption alignnone\"><a href=\"http:\/\/agenciainclusive.files.wordpress.com\/2009\/01\/minilogo2.jpg\"><img loading=\"lazy\" decoding=\"async\" class=\"size-full wp-image-3302\" title=\"#logotipofundocolor_j\u00e1_descrito_usar_esse\" src=\"http:\/\/agenciainclusive.files.wordpress.com\/2009\/01\/minilogo2.jpg\" alt=\"Descri\u00e7\u00e3o do logotipo: palavra inclusive escrita \u00e0 m\u00e3o, em verde, entre par\u00eanteses laranja, com os pingos dos \u201cis\u201d laranja.\" width=\"135\" height=\"42\" \/><\/a><figcaption id=\"caption-attachment-3302\" class=\"wp-caption-text\">Descri\u00e7\u00e3o do logotipo: palavra inclusive escrita \u00e0 m\u00e3o, em verde, entre par\u00eanteses laranja, com os pingos dos \u201cis\u201d laranja.<\/figcaption><\/figure>\n<p>No in\u00edcio de maio deste ano, a RITLA &#8211; Rede de Informa\u00e7\u00e3o Tecnol\u00f3gica Latino-Americana, em um projeto desenvolvido junto \u00e0 Secretaria de Educa\u00e7\u00e3o do Governo do Distrito Federal, publicou os resultados de uma ampla pesquisa realizada nas escolas do Distrito Federal quanto a situa\u00e7\u00f5es de preconceito, discrimina\u00e7\u00e3o e viol\u00eancia. Segundo os realizadores, trata-se de uma investiga\u00e7\u00e3o aprofundada das rela\u00e7\u00f5es sociais e do clima escolar no DF: conflitos latentes e expressos, percep\u00e7\u00f5es de alunos, professores e equipe de dire\u00e7\u00e3o sobre as escolas, um verdadeiro diagn\u00f3stico sobre a conviv\u00eancia escolar. \u00c9 uma interessante oportunidade para comparar os dados de pesquisa realizada pela FIPE &#8211; Funda\u00e7\u00e3o Instituto de Pesquisas Econ\u00f4micas, a pedido do Minist\u00e9rio da Educa\u00e7\u00e3o, divulgadas na semana passada, ocasi\u00e3o em que se comunicou \u00e0 sociedade brasileira, atrav\u00e9s dos meios de comunica\u00e7\u00e3o, indicativos de que os preconceitos, no ambiente escolar, atingiriam quase a totalidade dos atores envolvidos, entre diretores, professores, funcion\u00e1rios e alunos.<\/p>\n<p>Tratam-se, aparentemente, de metodologias diferenciadas e, sobretudo, de um universo restrito em uma e de um ampliado em outra (a pesquisa conduzida pela FIPE teria um \u00e2mbito geogr\u00e1fico nacional enquanto a realizada pela RITLA estaria concentrada apenas numa regi\u00e3o espec\u00edfica, o Distrito Federal, inclusive onde outros indicadores sociais, como IDH &#8211; \u00cdndice de Desenvolvimento Humano, s\u00e3o muito diferenciados em rela\u00e7\u00e3o aos demais estados brasileiros, principalmente em raz\u00e3o de elementos de distribui\u00e7\u00e3o econ\u00f4mica). A amostra utilizada em ambas, entretanto, \u00e9 a mesma: o universo escolar. A exist\u00eancia de preconceitos de diversas naturezas na sociedade, e neste universo\u00a0 em particular, n\u00e3o consiste exatamente numa novidade. A exacerba\u00e7\u00e3o da manifesta\u00e7\u00e3o desses preconceitos atrav\u00e9s do assim denominado <em>bullying<\/em>, por exemplo, \u00e9 um tema constante nos debates sobre educa\u00e7\u00e3o e conviv\u00eancia escolar, ganhando grande repercuss\u00e3o p\u00fablica atrav\u00e9s dos meios de comunica\u00e7\u00e3o. Entretanto, a divulga\u00e7\u00e3o de dados envolvendo informa\u00e7\u00f5es que pretendem &#8220;radiografar&#8221; o comportamento social requerem um cuidado especial no sentido de obter-se fidelidade de interpreta\u00e7\u00e3o e a divulga\u00e7\u00e3o quase concomitante de ambas as pesquisas &#8211; mesmo que com distin\u00e7\u00f5es metodol\u00f3gicas\u00a0&#8211;\u00a0pode servir de est\u00edmulo ao aprofundamento das quest\u00f5es levantadas, por especialistas no assunto, al\u00e9m de um desej\u00e1vel desdobramento em a\u00e7\u00f5es dentro do universo pesquisado: o pr\u00f3prio universo escolar.<\/p>\n<p>Para maiores informa\u00e7\u00f5es sobre a pesquisa desenvolvida pela RITLA, em seu website h\u00e1 a possibilidade de acesso ao relat\u00f3rio integral da pesquisa e outras informa\u00e7\u00f5es:<a href=\"http:\/\/www.ritla.net\/\"> http:\/\/www.ritla.net<\/a><br \/>\nInforma\u00e7\u00f5es sobre a pesquisa da FIPE podem ser consultadas na imprensa. O relat\u00f3rio da pesquisa ainda n\u00e3o foi disponibilizado ao p\u00fablico em geral.<\/p>\n<p>Fonte: Ag\u00eancia Inclusive<\/p>\n","protected":false},"excerpt":{"rendered":"<p>No in\u00edcio de maio deste ano, a RITLA &#8211; Rede de Informa\u00e7\u00e3o Tecnol\u00f3gica Latino-Americana, em um projeto desenvolvido junto \u00e0 Secretaria de Educa\u00e7\u00e3o do Governo do Distrito Federal, publicou os resultados de uma ampla pesquisa realizada nas escolas do Distrito Federal quanto a situa\u00e7\u00f5es de preconceito, discrimina\u00e7\u00e3o e viol\u00eancia. Segundo os realizadores, trata-se de uma [&hellip;]<\/p>\n","protected":false},"author":2,"featured_media":0,"comment_status":"open","ping_status":"open","sticky":false,"template":"","format":"standard","meta":{"site-container-style":"default","site-container-layout":"default","site-sidebar-layout":"default","disable-article-header":"default","disable-site-header":"default","disable-site-footer":"default","disable-content-area-spacing":"default","footnotes":""},"categories":[7,4],"tags":[],"class_list":["post-11585","post","type-post","status-publish","format-standard","hentry","category-inclusive","category-noticias"],"yoast_head":"<!-- This site is optimized with the Yoast SEO plugin v27.4 - https:\/\/yoast.com\/product\/yoast-seo-wordpress\/ -->\n<title>Mais sobre o preconceito nas escolas -<\/title>\n<meta name=\"robots\" content=\"index, follow, max-snippet:-1, max-image-preview:large, max-video-preview:-1\" \/>\n<link rel=\"canonical\" href=\"https:\/\/inclusivenews.com.br\/?p=11585\" \/>\n<meta property=\"og:locale\" content=\"pt_PT\" \/>\n<meta property=\"og:type\" content=\"article\" \/>\n<meta property=\"og:title\" content=\"Mais sobre o preconceito nas escolas -\" \/>\n<meta property=\"og:description\" content=\"No in\u00edcio de maio deste ano, a RITLA &#8211; Rede de Informa\u00e7\u00e3o Tecnol\u00f3gica Latino-Americana, em um projeto desenvolvido junto \u00e0 Secretaria de Educa\u00e7\u00e3o do Governo do Distrito Federal, publicou os resultados de uma ampla pesquisa realizada nas escolas do Distrito Federal quanto a situa\u00e7\u00f5es de preconceito, discrimina\u00e7\u00e3o e viol\u00eancia. Segundo os realizadores, trata-se de uma [&hellip;]\" \/>\n<meta property=\"og:url\" content=\"https:\/\/inclusivenews.com.br\/?p=11585\" \/>\n<meta property=\"article:publisher\" content=\"https:\/\/www.facebook.com\/agenciainclusive\/\" \/>\n<meta property=\"article:published_time\" content=\"2009-06-24T20:17:57+00:00\" \/>\n<meta property=\"og:image\" content=\"http:\/\/agenciainclusive.files.wordpress.com\/2009\/01\/minilogo2.jpg\" \/>\n<meta name=\"author\" content=\"Inclusive\" \/>\n<meta name=\"twitter:card\" content=\"summary_large_image\" \/>\n<meta name=\"twitter:label1\" content=\"Escrito por\" \/>\n\t<meta name=\"twitter:data1\" content=\"Inclusive\" \/>\n\t<meta name=\"twitter:label2\" content=\"Tempo estimado de leitura\" \/>\n\t<meta name=\"twitter:data2\" content=\"2 minutos\" \/>\n<script type=\"application\/ld+json\" class=\"yoast-schema-graph\">{\"@context\":\"https:\\\/\\\/schema.org\",\"@graph\":[{\"@type\":\"Article\",\"@id\":\"https:\\\/\\\/inclusivenews.com.br\\\/?p=11585#article\",\"isPartOf\":{\"@id\":\"https:\\\/\\\/inclusivenews.com.br\\\/?p=11585\"},\"author\":{\"name\":\"Inclusive\",\"@id\":\"https:\\\/\\\/inclusivenews.com.br\\\/#\\\/schema\\\/person\\\/0dab492019871b94abb65fa8ee7c8c44\"},\"headline\":\"Mais sobre o preconceito nas escolas\",\"datePublished\":\"2009-06-24T20:17:57+00:00\",\"mainEntityOfPage\":{\"@id\":\"https:\\\/\\\/inclusivenews.com.br\\\/?p=11585\"},\"wordCount\":500,\"commentCount\":7,\"publisher\":{\"@id\":\"https:\\\/\\\/inclusivenews.com.br\\\/#organization\"},\"image\":{\"@id\":\"https:\\\/\\\/inclusivenews.com.br\\\/?p=11585#primaryimage\"},\"thumbnailUrl\":\"http:\\\/\\\/agenciainclusive.files.wordpress.com\\\/2009\\\/01\\\/minilogo2.jpg\",\"articleSection\":[\"Inclusive\",\"NOT\u00cdCIAS\"],\"inLanguage\":\"pt-PT\",\"potentialAction\":[{\"@type\":\"CommentAction\",\"name\":\"Comment\",\"target\":[\"https:\\\/\\\/inclusivenews.com.br\\\/?p=11585#respond\"]}]},{\"@type\":\"WebPage\",\"@id\":\"https:\\\/\\\/inclusivenews.com.br\\\/?p=11585\",\"url\":\"https:\\\/\\\/inclusivenews.com.br\\\/?p=11585\",\"name\":\"Mais sobre o preconceito nas escolas -\",\"isPartOf\":{\"@id\":\"https:\\\/\\\/inclusivenews.com.br\\\/#website\"},\"primaryImageOfPage\":{\"@id\":\"https:\\\/\\\/inclusivenews.com.br\\\/?p=11585#primaryimage\"},\"image\":{\"@id\":\"https:\\\/\\\/inclusivenews.com.br\\\/?p=11585#primaryimage\"},\"thumbnailUrl\":\"http:\\\/\\\/agenciainclusive.files.wordpress.com\\\/2009\\\/01\\\/minilogo2.jpg\",\"datePublished\":\"2009-06-24T20:17:57+00:00\",\"breadcrumb\":{\"@id\":\"https:\\\/\\\/inclusivenews.com.br\\\/?p=11585#breadcrumb\"},\"inLanguage\":\"pt-PT\",\"potentialAction\":[{\"@type\":\"ReadAction\",\"target\":[\"https:\\\/\\\/inclusivenews.com.br\\\/?p=11585\"]}]},{\"@type\":\"ImageObject\",\"inLanguage\":\"pt-PT\",\"@id\":\"https:\\\/\\\/inclusivenews.com.br\\\/?p=11585#primaryimage\",\"url\":\"http:\\\/\\\/agenciainclusive.files.wordpress.com\\\/2009\\\/01\\\/minilogo2.jpg\",\"contentUrl\":\"http:\\\/\\\/agenciainclusive.files.wordpress.com\\\/2009\\\/01\\\/minilogo2.jpg\"},{\"@type\":\"BreadcrumbList\",\"@id\":\"https:\\\/\\\/inclusivenews.com.br\\\/?p=11585#breadcrumb\",\"itemListElement\":[{\"@type\":\"ListItem\",\"position\":1,\"name\":\"In\u00edcio\",\"item\":\"https:\\\/\\\/inclusivenews.com.br\\\/\"},{\"@type\":\"ListItem\",\"position\":2,\"name\":\"Mais sobre o preconceito nas escolas\"}]},{\"@type\":\"WebSite\",\"@id\":\"https:\\\/\\\/inclusivenews.com.br\\\/#website\",\"url\":\"https:\\\/\\\/inclusivenews.com.br\\\/\",\"name\":\"Inclusive News\",\"description\":\"Inclusive News\",\"publisher\":{\"@id\":\"https:\\\/\\\/inclusivenews.com.br\\\/#organization\"},\"potentialAction\":[{\"@type\":\"SearchAction\",\"target\":{\"@type\":\"EntryPoint\",\"urlTemplate\":\"https:\\\/\\\/inclusivenews.com.br\\\/?s={search_term_string}\"},\"query-input\":{\"@type\":\"PropertyValueSpecification\",\"valueRequired\":true,\"valueName\":\"search_term_string\"}}],\"inLanguage\":\"pt-PT\"},{\"@type\":\"Organization\",\"@id\":\"https:\\\/\\\/inclusivenews.com.br\\\/#organization\",\"name\":\"Inclusive - inclus\u00e3o e cidadania\",\"url\":\"https:\\\/\\\/inclusivenews.com.br\\\/\",\"logo\":{\"@type\":\"ImageObject\",\"inLanguage\":\"pt-PT\",\"@id\":\"https:\\\/\\\/inclusivenews.com.br\\\/#\\\/schema\\\/logo\\\/image\\\/\",\"url\":\"https:\\\/\\\/inclusivenews.com.br\\\/wp-content\\\/uploads\\\/2024\\\/03\\\/@grandesite.png\",\"contentUrl\":\"https:\\\/\\\/inclusivenews.com.br\\\/wp-content\\\/uploads\\\/2024\\\/03\\\/@grandesite.png\",\"width\":1080,\"height\":1080,\"caption\":\"Inclusive - inclus\u00e3o e cidadania\"},\"image\":{\"@id\":\"https:\\\/\\\/inclusivenews.com.br\\\/#\\\/schema\\\/logo\\\/image\\\/\"},\"sameAs\":[\"https:\\\/\\\/www.facebook.com\\\/agenciainclusive\\\/\",\"https:\\\/\\\/www.instagram.com\\\/newsinclusive\\\/\"]},{\"@type\":\"Person\",\"@id\":\"https:\\\/\\\/inclusivenews.com.br\\\/#\\\/schema\\\/person\\\/0dab492019871b94abb65fa8ee7c8c44\",\"name\":\"Inclusive\",\"image\":{\"@type\":\"ImageObject\",\"inLanguage\":\"pt-PT\",\"@id\":\"https:\\\/\\\/secure.gravatar.com\\\/avatar\\\/?s=96&d=mm&r=g\",\"url\":\"https:\\\/\\\/secure.gravatar.com\\\/avatar\\\/?s=96&d=mm&r=g\",\"contentUrl\":\"https:\\\/\\\/secure.gravatar.com\\\/avatar\\\/?s=96&d=mm&r=g\",\"caption\":\"Inclusive\"},\"url\":\"https:\\\/\\\/inclusivenews.com.br\\\/?author=2\"}]}<\/script>\n<!-- \/ Yoast SEO plugin. -->","yoast_head_json":{"title":"Mais sobre o preconceito nas escolas -","robots":{"index":"index","follow":"follow","max-snippet":"max-snippet:-1","max-image-preview":"max-image-preview:large","max-video-preview":"max-video-preview:-1"},"canonical":"https:\/\/inclusivenews.com.br\/?p=11585","og_locale":"pt_PT","og_type":"article","og_title":"Mais sobre o preconceito nas escolas -","og_description":"No in\u00edcio de maio deste ano, a RITLA &#8211; Rede de Informa\u00e7\u00e3o Tecnol\u00f3gica Latino-Americana, em um projeto desenvolvido junto \u00e0 Secretaria de Educa\u00e7\u00e3o do Governo do Distrito Federal, publicou os resultados de uma ampla pesquisa realizada nas escolas do Distrito Federal quanto a situa\u00e7\u00f5es de preconceito, discrimina\u00e7\u00e3o e viol\u00eancia. Segundo os realizadores, trata-se de uma [&hellip;]","og_url":"https:\/\/inclusivenews.com.br\/?p=11585","article_publisher":"https:\/\/www.facebook.com\/agenciainclusive\/","article_published_time":"2009-06-24T20:17:57+00:00","og_image":[{"url":"http:\/\/agenciainclusive.files.wordpress.com\/2009\/01\/minilogo2.jpg","type":"","width":"","height":""}],"author":"Inclusive","twitter_card":"summary_large_image","twitter_misc":{"Escrito por":"Inclusive","Tempo estimado de leitura":"2 minutos"},"schema":{"@context":"https:\/\/schema.org","@graph":[{"@type":"Article","@id":"https:\/\/inclusivenews.com.br\/?p=11585#article","isPartOf":{"@id":"https:\/\/inclusivenews.com.br\/?p=11585"},"author":{"name":"Inclusive","@id":"https:\/\/inclusivenews.com.br\/#\/schema\/person\/0dab492019871b94abb65fa8ee7c8c44"},"headline":"Mais sobre o preconceito nas escolas","datePublished":"2009-06-24T20:17:57+00:00","mainEntityOfPage":{"@id":"https:\/\/inclusivenews.com.br\/?p=11585"},"wordCount":500,"commentCount":7,"publisher":{"@id":"https:\/\/inclusivenews.com.br\/#organization"},"image":{"@id":"https:\/\/inclusivenews.com.br\/?p=11585#primaryimage"},"thumbnailUrl":"http:\/\/agenciainclusive.files.wordpress.com\/2009\/01\/minilogo2.jpg","articleSection":["Inclusive","NOT\u00cdCIAS"],"inLanguage":"pt-PT","potentialAction":[{"@type":"CommentAction","name":"Comment","target":["https:\/\/inclusivenews.com.br\/?p=11585#respond"]}]},{"@type":"WebPage","@id":"https:\/\/inclusivenews.com.br\/?p=11585","url":"https:\/\/inclusivenews.com.br\/?p=11585","name":"Mais sobre o preconceito nas escolas -","isPartOf":{"@id":"https:\/\/inclusivenews.com.br\/#website"},"primaryImageOfPage":{"@id":"https:\/\/inclusivenews.com.br\/?p=11585#primaryimage"},"image":{"@id":"https:\/\/inclusivenews.com.br\/?p=11585#primaryimage"},"thumbnailUrl":"http:\/\/agenciainclusive.files.wordpress.com\/2009\/01\/minilogo2.jpg","datePublished":"2009-06-24T20:17:57+00:00","breadcrumb":{"@id":"https:\/\/inclusivenews.com.br\/?p=11585#breadcrumb"},"inLanguage":"pt-PT","potentialAction":[{"@type":"ReadAction","target":["https:\/\/inclusivenews.com.br\/?p=11585"]}]},{"@type":"ImageObject","inLanguage":"pt-PT","@id":"https:\/\/inclusivenews.com.br\/?p=11585#primaryimage","url":"http:\/\/agenciainclusive.files.wordpress.com\/2009\/01\/minilogo2.jpg","contentUrl":"http:\/\/agenciainclusive.files.wordpress.com\/2009\/01\/minilogo2.jpg"},{"@type":"BreadcrumbList","@id":"https:\/\/inclusivenews.com.br\/?p=11585#breadcrumb","itemListElement":[{"@type":"ListItem","position":1,"name":"In\u00edcio","item":"https:\/\/inclusivenews.com.br\/"},{"@type":"ListItem","position":2,"name":"Mais sobre o preconceito nas escolas"}]},{"@type":"WebSite","@id":"https:\/\/inclusivenews.com.br\/#website","url":"https:\/\/inclusivenews.com.br\/","name":"Inclusive News","description":"Inclusive News","publisher":{"@id":"https:\/\/inclusivenews.com.br\/#organization"},"potentialAction":[{"@type":"SearchAction","target":{"@type":"EntryPoint","urlTemplate":"https:\/\/inclusivenews.com.br\/?s={search_term_string}"},"query-input":{"@type":"PropertyValueSpecification","valueRequired":true,"valueName":"search_term_string"}}],"inLanguage":"pt-PT"},{"@type":"Organization","@id":"https:\/\/inclusivenews.com.br\/#organization","name":"Inclusive - inclus\u00e3o e cidadania","url":"https:\/\/inclusivenews.com.br\/","logo":{"@type":"ImageObject","inLanguage":"pt-PT","@id":"https:\/\/inclusivenews.com.br\/#\/schema\/logo\/image\/","url":"https:\/\/inclusivenews.com.br\/wp-content\/uploads\/2024\/03\/@grandesite.png","contentUrl":"https:\/\/inclusivenews.com.br\/wp-content\/uploads\/2024\/03\/@grandesite.png","width":1080,"height":1080,"caption":"Inclusive - inclus\u00e3o e cidadania"},"image":{"@id":"https:\/\/inclusivenews.com.br\/#\/schema\/logo\/image\/"},"sameAs":["https:\/\/www.facebook.com\/agenciainclusive\/","https:\/\/www.instagram.com\/newsinclusive\/"]},{"@type":"Person","@id":"https:\/\/inclusivenews.com.br\/#\/schema\/person\/0dab492019871b94abb65fa8ee7c8c44","name":"Inclusive","image":{"@type":"ImageObject","inLanguage":"pt-PT","@id":"https:\/\/secure.gravatar.com\/avatar\/?s=96&d=mm&r=g","url":"https:\/\/secure.gravatar.com\/avatar\/?s=96&d=mm&r=g","contentUrl":"https:\/\/secure.gravatar.com\/avatar\/?s=96&d=mm&r=g","caption":"Inclusive"},"url":"https:\/\/inclusivenews.com.br\/?author=2"}]}},"_links":{"self":[{"href":"https:\/\/inclusivenews.com.br\/index.php?rest_route=\/wp\/v2\/posts\/11585","targetHints":{"allow":["GET"]}}],"collection":[{"href":"https:\/\/inclusivenews.com.br\/index.php?rest_route=\/wp\/v2\/posts"}],"about":[{"href":"https:\/\/inclusivenews.com.br\/index.php?rest_route=\/wp\/v2\/types\/post"}],"author":[{"embeddable":true,"href":"https:\/\/inclusivenews.com.br\/index.php?rest_route=\/wp\/v2\/users\/2"}],"replies":[{"embeddable":true,"href":"https:\/\/inclusivenews.com.br\/index.php?rest_route=%2Fwp%2Fv2%2Fcomments&post=11585"}],"version-history":[{"count":0,"href":"https:\/\/inclusivenews.com.br\/index.php?rest_route=\/wp\/v2\/posts\/11585\/revisions"}],"wp:attachment":[{"href":"https:\/\/inclusivenews.com.br\/index.php?rest_route=%2Fwp%2Fv2%2Fmedia&parent=11585"}],"wp:term":[{"taxonomy":"category","embeddable":true,"href":"https:\/\/inclusivenews.com.br\/index.php?rest_route=%2Fwp%2Fv2%2Fcategories&post=11585"},{"taxonomy":"post_tag","embeddable":true,"href":"https:\/\/inclusivenews.com.br\/index.php?rest_route=%2Fwp%2Fv2%2Ftags&post=11585"}],"curies":[{"name":"wp","href":"https:\/\/api.w.org\/{rel}","templated":true}]}}