{"id":11587,"date":"2009-06-25T09:53:23","date_gmt":"2009-06-25T09:53:23","guid":{"rendered":"http:\/\/agenciainclusive.wordpress.com\/?p=8583"},"modified":"2009-06-25T09:53:23","modified_gmt":"2009-06-25T09:53:23","slug":"minuto-da-inclusao-programas-741-a-742-2","status":"publish","type":"post","link":"https:\/\/inclusivenews.com.br\/?p=11587","title":{"rendered":"Minuto da inclus\u00e3o &#8211; Programas 741 a 742"},"content":{"rendered":"<figure id=\"attachment_2988\" aria-describedby=\"caption-attachment-2988\" style=\"width: 180px\" class=\"wp-caption alignnone\"><img loading=\"lazy\" decoding=\"async\" class=\"size-full wp-image-2988\" title=\"minuto_da_inclusao\" src=\"http:\/\/agenciainclusive.files.wordpress.com\/2009\/01\/minuto_da_inclusao.jpg\" alt=\"minuto_da_inclusao\" width=\"180\" height=\"78\" \/><figcaption id=\"caption-attachment-2988\" class=\"wp-caption-text\">Na imagem, logotipo do Minuto da Inclus\u00e3o: um rel\u00f3gio simulando uma pessoa de bra\u00e7os abertos contornada por um c\u00edrculo incompleto.<\/figcaption><\/figure>\n<p style=\"text-align:right;\">Para ouvir os boletins direto do navegador,<br \/>\nrole o mouse sobre os links e aguarde<br \/>\no player ser exibido na janela popup.<\/p>\n<p style=\"text-align:left;\"><a href=\"http:\/\/www.upload-mp3.com\/files\/54695_u3mjz\/741.mp3\">Programa 741 &#8211; Projeto visa garantir acessibilidade em parques de divers\u00f5es<\/a><\/p>\n<p>Ol\u00e1 Brasil!<br \/>\nO Senado Federal aprovou recentemente projeto de lei que estabelece a adapta\u00e7\u00e3o de parques de divers\u00e3o para garantir o acesso pleno de pessoas com defici\u00eancia ou mobilidade reduzida.\u00a0O projeto acrescenta par\u00e1grafo \u00fanico a artigo da Lei 10098 que define normas gerais e crit\u00e9rios b\u00e1sicos para a promo\u00e7\u00e3o da acessibilidade desse segmento da popula\u00e7\u00e3o.\u00a0Segundo este par\u00e1grafo \u00fanico, os parques de divers\u00f5es, p\u00fablicos ou privados, devem adaptar, no m\u00ednimo, cinco por cento de cada brinquedo e equipamento.\u00a0Esse procedimento deve envolver a identifica\u00e7\u00e3o pr\u00e9via sobre a possibilidade de sua utiliza\u00e7\u00e3o por pessoas com defici\u00eancia ou mobilidade reduzida, quando tecnicamente poss\u00edvel.\u00a0Essa importante mat\u00e9ria que garante e especifica o direito das pessoas com defici\u00eancia ao lazer agora ser\u00e1 sancionada.<br \/>\nTuca Munhoz para o Minuto da Inclus\u00e3o.<br \/>\nFonte: Ag\u00eancia Senado<\/p>\n<p style=\"text-align:left;\"><a href=\"http:\/\/www.upload-mp3.com\/files\/54701_5mjbf\/742.mp3\">Programa 742 &#8211;\u00a0Livro infantil para crian\u00e7as com defici\u00eancia visual<\/a><\/p>\n<p>Ol\u00e1 Brasil!<br \/>\nOs direitos s\u00e3o iguais, mas as necessidades dos leitores s\u00e3o diferentes e demandam livros em formato universal para garantir o acesso \u00e0 leitura para todos. Professores, alunos e pais j\u00e1 podem conhecer e encomendar a segunda edi\u00e7\u00e3o dos dois primeiros livros da cole\u00e7\u00e3o Toby, da jornalista Gisele Pecchio Dias. Os livros foram reeditados com transcri\u00e7\u00e3o e impress\u00e3o braile e tinta em caracteres ampliados pelo setor de tecnologia assistiva da Associa\u00e7\u00e3o Brasileira de Assist\u00eancia ao Deficiente Visual, Laramara. Al\u00e9m disso, eles est\u00e3o atualizados e revisados de acordo com a nova ortografia.\u00a0O lan\u00e7amento ser\u00e1 no come\u00e7o de julho, na Livraria da Vila, em S\u00e3o Paulo, com direito a sess\u00e3o de aut\u00f3grafos. Mais informa\u00e7\u00f5es sobre esse projeto autoral acess\u00edvel no blog da autora: <a href=\"http:\/\/www.gpecchio.blogspot.com\">www.gpecchio.blogspot.com<\/a>. <a href=\"http:\/\/www.gpecchio.blogspot.com\">www.gpecchio.blogspot.com<\/a><br \/>\nTuca Munhoz para o Minuto da Inclus\u00e3o.<br \/>\nFonte: Rede Saci<\/p>\n","protected":false},"excerpt":{"rendered":"<p>Para ouvir os boletins direto do navegador, role o mouse sobre os links e aguarde o player ser exibido na janela popup. Programa 741 &#8211; Projeto visa garantir acessibilidade em parques de divers\u00f5es Ol\u00e1 Brasil! O Senado Federal aprovou recentemente projeto de lei que estabelece a adapta\u00e7\u00e3o de parques de divers\u00e3o para garantir o acesso [&hellip;]<\/p>\n","protected":false},"author":2,"featured_media":0,"comment_status":"open","ping_status":"open","sticky":false,"template":"","format":"standard","meta":{"site-container-style":"default","site-container-layout":"default","site-sidebar-layout":"default","disable-article-header":"default","disable-site-header":"default","disable-site-footer":"default","disable-content-area-spacing":"default","footnotes":""},"categories":[21],"tags":[20,15],"class_list":["post-11587","post","type-post","status-publish","format-standard","hentry","category-audio","tag-minuto-da-inclusao","tag-multimidia"],"yoast_head":"<!-- This site is optimized with the Yoast SEO plugin v27.4 - https:\/\/yoast.com\/product\/yoast-seo-wordpress\/ -->\n<title>Minuto da inclus\u00e3o - Programas 741 a 742 -<\/title>\n<meta name=\"robots\" content=\"index, follow, max-snippet:-1, max-image-preview:large, max-video-preview:-1\" \/>\n<link rel=\"canonical\" href=\"https:\/\/inclusivenews.com.br\/?p=11587\" \/>\n<meta property=\"og:locale\" content=\"pt_PT\" \/>\n<meta property=\"og:type\" content=\"article\" \/>\n<meta property=\"og:title\" content=\"Minuto da inclus\u00e3o - Programas 741 a 742 -\" \/>\n<meta property=\"og:description\" content=\"Para ouvir os boletins direto do navegador, role o mouse sobre os links e aguarde o player ser exibido na janela popup. Programa 741 &#8211; Projeto visa garantir acessibilidade em parques de divers\u00f5es Ol\u00e1 Brasil! O Senado Federal aprovou recentemente projeto de lei que estabelece a adapta\u00e7\u00e3o de parques de divers\u00e3o para garantir o acesso [&hellip;]\" \/>\n<meta property=\"og:url\" content=\"https:\/\/inclusivenews.com.br\/?p=11587\" \/>\n<meta property=\"article:publisher\" content=\"https:\/\/www.facebook.com\/agenciainclusive\/\" \/>\n<meta property=\"article:published_time\" content=\"2009-06-25T09:53:23+00:00\" \/>\n<meta property=\"og:image\" content=\"http:\/\/agenciainclusive.files.wordpress.com\/2009\/01\/minuto_da_inclusao.jpg\" \/>\n<meta name=\"author\" content=\"Inclusive\" \/>\n<meta name=\"twitter:card\" content=\"summary_large_image\" \/>\n<meta name=\"twitter:label1\" content=\"Escrito por\" \/>\n\t<meta name=\"twitter:data1\" content=\"Inclusive\" \/>\n\t<meta name=\"twitter:label2\" content=\"Tempo estimado de leitura\" \/>\n\t<meta name=\"twitter:data2\" content=\"2 minutos\" \/>\n<script type=\"application\/ld+json\" class=\"yoast-schema-graph\">{\"@context\":\"https:\\\/\\\/schema.org\",\"@graph\":[{\"@type\":\"Article\",\"@id\":\"https:\\\/\\\/inclusivenews.com.br\\\/?p=11587#article\",\"isPartOf\":{\"@id\":\"https:\\\/\\\/inclusivenews.com.br\\\/?p=11587\"},\"author\":{\"name\":\"Inclusive\",\"@id\":\"https:\\\/\\\/inclusivenews.com.br\\\/#\\\/schema\\\/person\\\/0dab492019871b94abb65fa8ee7c8c44\"},\"headline\":\"Minuto da inclus\u00e3o &#8211; Programas 741 a 742\",\"datePublished\":\"2009-06-25T09:53:23+00:00\",\"mainEntityOfPage\":{\"@id\":\"https:\\\/\\\/inclusivenews.com.br\\\/?p=11587\"},\"wordCount\":391,\"commentCount\":0,\"publisher\":{\"@id\":\"https:\\\/\\\/inclusivenews.com.br\\\/#organization\"},\"image\":{\"@id\":\"https:\\\/\\\/inclusivenews.com.br\\\/?p=11587#primaryimage\"},\"thumbnailUrl\":\"http:\\\/\\\/agenciainclusive.files.wordpress.com\\\/2009\\\/01\\\/minuto_da_inclusao.jpg\",\"keywords\":[\"Minuto da Inclusao\",\"Multim\u00eddia\"],\"articleSection\":[\"\u00c1udio\"],\"inLanguage\":\"pt-PT\",\"potentialAction\":[{\"@type\":\"CommentAction\",\"name\":\"Comment\",\"target\":[\"https:\\\/\\\/inclusivenews.com.br\\\/?p=11587#respond\"]}]},{\"@type\":\"WebPage\",\"@id\":\"https:\\\/\\\/inclusivenews.com.br\\\/?p=11587\",\"url\":\"https:\\\/\\\/inclusivenews.com.br\\\/?p=11587\",\"name\":\"Minuto da inclus\u00e3o - Programas 741 a 742 -\",\"isPartOf\":{\"@id\":\"https:\\\/\\\/inclusivenews.com.br\\\/#website\"},\"primaryImageOfPage\":{\"@id\":\"https:\\\/\\\/inclusivenews.com.br\\\/?p=11587#primaryimage\"},\"image\":{\"@id\":\"https:\\\/\\\/inclusivenews.com.br\\\/?p=11587#primaryimage\"},\"thumbnailUrl\":\"http:\\\/\\\/agenciainclusive.files.wordpress.com\\\/2009\\\/01\\\/minuto_da_inclusao.jpg\",\"datePublished\":\"2009-06-25T09:53:23+00:00\",\"breadcrumb\":{\"@id\":\"https:\\\/\\\/inclusivenews.com.br\\\/?p=11587#breadcrumb\"},\"inLanguage\":\"pt-PT\",\"potentialAction\":[{\"@type\":\"ReadAction\",\"target\":[\"https:\\\/\\\/inclusivenews.com.br\\\/?p=11587\"]}]},{\"@type\":\"ImageObject\",\"inLanguage\":\"pt-PT\",\"@id\":\"https:\\\/\\\/inclusivenews.com.br\\\/?p=11587#primaryimage\",\"url\":\"http:\\\/\\\/agenciainclusive.files.wordpress.com\\\/2009\\\/01\\\/minuto_da_inclusao.jpg\",\"contentUrl\":\"http:\\\/\\\/agenciainclusive.files.wordpress.com\\\/2009\\\/01\\\/minuto_da_inclusao.jpg\"},{\"@type\":\"BreadcrumbList\",\"@id\":\"https:\\\/\\\/inclusivenews.com.br\\\/?p=11587#breadcrumb\",\"itemListElement\":[{\"@type\":\"ListItem\",\"position\":1,\"name\":\"In\u00edcio\",\"item\":\"https:\\\/\\\/inclusivenews.com.br\\\/\"},{\"@type\":\"ListItem\",\"position\":2,\"name\":\"Minuto da inclus\u00e3o &#8211; Programas 741 a 742\"}]},{\"@type\":\"WebSite\",\"@id\":\"https:\\\/\\\/inclusivenews.com.br\\\/#website\",\"url\":\"https:\\\/\\\/inclusivenews.com.br\\\/\",\"name\":\"Inclusive News\",\"description\":\"Inclusive News\",\"publisher\":{\"@id\":\"https:\\\/\\\/inclusivenews.com.br\\\/#organization\"},\"potentialAction\":[{\"@type\":\"SearchAction\",\"target\":{\"@type\":\"EntryPoint\",\"urlTemplate\":\"https:\\\/\\\/inclusivenews.com.br\\\/?s={search_term_string}\"},\"query-input\":{\"@type\":\"PropertyValueSpecification\",\"valueRequired\":true,\"valueName\":\"search_term_string\"}}],\"inLanguage\":\"pt-PT\"},{\"@type\":\"Organization\",\"@id\":\"https:\\\/\\\/inclusivenews.com.br\\\/#organization\",\"name\":\"Inclusive - inclus\u00e3o e cidadania\",\"url\":\"https:\\\/\\\/inclusivenews.com.br\\\/\",\"logo\":{\"@type\":\"ImageObject\",\"inLanguage\":\"pt-PT\",\"@id\":\"https:\\\/\\\/inclusivenews.com.br\\\/#\\\/schema\\\/logo\\\/image\\\/\",\"url\":\"https:\\\/\\\/inclusivenews.com.br\\\/wp-content\\\/uploads\\\/2024\\\/03\\\/@grandesite.png\",\"contentUrl\":\"https:\\\/\\\/inclusivenews.com.br\\\/wp-content\\\/uploads\\\/2024\\\/03\\\/@grandesite.png\",\"width\":1080,\"height\":1080,\"caption\":\"Inclusive - inclus\u00e3o e cidadania\"},\"image\":{\"@id\":\"https:\\\/\\\/inclusivenews.com.br\\\/#\\\/schema\\\/logo\\\/image\\\/\"},\"sameAs\":[\"https:\\\/\\\/www.facebook.com\\\/agenciainclusive\\\/\",\"https:\\\/\\\/www.instagram.com\\\/newsinclusive\\\/\"]},{\"@type\":\"Person\",\"@id\":\"https:\\\/\\\/inclusivenews.com.br\\\/#\\\/schema\\\/person\\\/0dab492019871b94abb65fa8ee7c8c44\",\"name\":\"Inclusive\",\"image\":{\"@type\":\"ImageObject\",\"inLanguage\":\"pt-PT\",\"@id\":\"https:\\\/\\\/secure.gravatar.com\\\/avatar\\\/?s=96&d=mm&r=g\",\"url\":\"https:\\\/\\\/secure.gravatar.com\\\/avatar\\\/?s=96&d=mm&r=g\",\"contentUrl\":\"https:\\\/\\\/secure.gravatar.com\\\/avatar\\\/?s=96&d=mm&r=g\",\"caption\":\"Inclusive\"},\"url\":\"https:\\\/\\\/inclusivenews.com.br\\\/?author=2\"}]}<\/script>\n<!-- \/ Yoast SEO plugin. -->","yoast_head_json":{"title":"Minuto da inclus\u00e3o - Programas 741 a 742 -","robots":{"index":"index","follow":"follow","max-snippet":"max-snippet:-1","max-image-preview":"max-image-preview:large","max-video-preview":"max-video-preview:-1"},"canonical":"https:\/\/inclusivenews.com.br\/?p=11587","og_locale":"pt_PT","og_type":"article","og_title":"Minuto da inclus\u00e3o - Programas 741 a 742 -","og_description":"Para ouvir os boletins direto do navegador, role o mouse sobre os links e aguarde o player ser exibido na janela popup. Programa 741 &#8211; Projeto visa garantir acessibilidade em parques de divers\u00f5es Ol\u00e1 Brasil! O Senado Federal aprovou recentemente projeto de lei que estabelece a adapta\u00e7\u00e3o de parques de divers\u00e3o para garantir o acesso [&hellip;]","og_url":"https:\/\/inclusivenews.com.br\/?p=11587","article_publisher":"https:\/\/www.facebook.com\/agenciainclusive\/","article_published_time":"2009-06-25T09:53:23+00:00","og_image":[{"url":"http:\/\/agenciainclusive.files.wordpress.com\/2009\/01\/minuto_da_inclusao.jpg","type":"","width":"","height":""}],"author":"Inclusive","twitter_card":"summary_large_image","twitter_misc":{"Escrito por":"Inclusive","Tempo estimado de leitura":"2 minutos"},"schema":{"@context":"https:\/\/schema.org","@graph":[{"@type":"Article","@id":"https:\/\/inclusivenews.com.br\/?p=11587#article","isPartOf":{"@id":"https:\/\/inclusivenews.com.br\/?p=11587"},"author":{"name":"Inclusive","@id":"https:\/\/inclusivenews.com.br\/#\/schema\/person\/0dab492019871b94abb65fa8ee7c8c44"},"headline":"Minuto da inclus\u00e3o &#8211; Programas 741 a 742","datePublished":"2009-06-25T09:53:23+00:00","mainEntityOfPage":{"@id":"https:\/\/inclusivenews.com.br\/?p=11587"},"wordCount":391,"commentCount":0,"publisher":{"@id":"https:\/\/inclusivenews.com.br\/#organization"},"image":{"@id":"https:\/\/inclusivenews.com.br\/?p=11587#primaryimage"},"thumbnailUrl":"http:\/\/agenciainclusive.files.wordpress.com\/2009\/01\/minuto_da_inclusao.jpg","keywords":["Minuto da Inclusao","Multim\u00eddia"],"articleSection":["\u00c1udio"],"inLanguage":"pt-PT","potentialAction":[{"@type":"CommentAction","name":"Comment","target":["https:\/\/inclusivenews.com.br\/?p=11587#respond"]}]},{"@type":"WebPage","@id":"https:\/\/inclusivenews.com.br\/?p=11587","url":"https:\/\/inclusivenews.com.br\/?p=11587","name":"Minuto da inclus\u00e3o - Programas 741 a 742 -","isPartOf":{"@id":"https:\/\/inclusivenews.com.br\/#website"},"primaryImageOfPage":{"@id":"https:\/\/inclusivenews.com.br\/?p=11587#primaryimage"},"image":{"@id":"https:\/\/inclusivenews.com.br\/?p=11587#primaryimage"},"thumbnailUrl":"http:\/\/agenciainclusive.files.wordpress.com\/2009\/01\/minuto_da_inclusao.jpg","datePublished":"2009-06-25T09:53:23+00:00","breadcrumb":{"@id":"https:\/\/inclusivenews.com.br\/?p=11587#breadcrumb"},"inLanguage":"pt-PT","potentialAction":[{"@type":"ReadAction","target":["https:\/\/inclusivenews.com.br\/?p=11587"]}]},{"@type":"ImageObject","inLanguage":"pt-PT","@id":"https:\/\/inclusivenews.com.br\/?p=11587#primaryimage","url":"http:\/\/agenciainclusive.files.wordpress.com\/2009\/01\/minuto_da_inclusao.jpg","contentUrl":"http:\/\/agenciainclusive.files.wordpress.com\/2009\/01\/minuto_da_inclusao.jpg"},{"@type":"BreadcrumbList","@id":"https:\/\/inclusivenews.com.br\/?p=11587#breadcrumb","itemListElement":[{"@type":"ListItem","position":1,"name":"In\u00edcio","item":"https:\/\/inclusivenews.com.br\/"},{"@type":"ListItem","position":2,"name":"Minuto da inclus\u00e3o &#8211; Programas 741 a 742"}]},{"@type":"WebSite","@id":"https:\/\/inclusivenews.com.br\/#website","url":"https:\/\/inclusivenews.com.br\/","name":"Inclusive News","description":"Inclusive News","publisher":{"@id":"https:\/\/inclusivenews.com.br\/#organization"},"potentialAction":[{"@type":"SearchAction","target":{"@type":"EntryPoint","urlTemplate":"https:\/\/inclusivenews.com.br\/?s={search_term_string}"},"query-input":{"@type":"PropertyValueSpecification","valueRequired":true,"valueName":"search_term_string"}}],"inLanguage":"pt-PT"},{"@type":"Organization","@id":"https:\/\/inclusivenews.com.br\/#organization","name":"Inclusive - inclus\u00e3o e cidadania","url":"https:\/\/inclusivenews.com.br\/","logo":{"@type":"ImageObject","inLanguage":"pt-PT","@id":"https:\/\/inclusivenews.com.br\/#\/schema\/logo\/image\/","url":"https:\/\/inclusivenews.com.br\/wp-content\/uploads\/2024\/03\/@grandesite.png","contentUrl":"https:\/\/inclusivenews.com.br\/wp-content\/uploads\/2024\/03\/@grandesite.png","width":1080,"height":1080,"caption":"Inclusive - inclus\u00e3o e cidadania"},"image":{"@id":"https:\/\/inclusivenews.com.br\/#\/schema\/logo\/image\/"},"sameAs":["https:\/\/www.facebook.com\/agenciainclusive\/","https:\/\/www.instagram.com\/newsinclusive\/"]},{"@type":"Person","@id":"https:\/\/inclusivenews.com.br\/#\/schema\/person\/0dab492019871b94abb65fa8ee7c8c44","name":"Inclusive","image":{"@type":"ImageObject","inLanguage":"pt-PT","@id":"https:\/\/secure.gravatar.com\/avatar\/?s=96&d=mm&r=g","url":"https:\/\/secure.gravatar.com\/avatar\/?s=96&d=mm&r=g","contentUrl":"https:\/\/secure.gravatar.com\/avatar\/?s=96&d=mm&r=g","caption":"Inclusive"},"url":"https:\/\/inclusivenews.com.br\/?author=2"}]}},"_links":{"self":[{"href":"https:\/\/inclusivenews.com.br\/index.php?rest_route=\/wp\/v2\/posts\/11587","targetHints":{"allow":["GET"]}}],"collection":[{"href":"https:\/\/inclusivenews.com.br\/index.php?rest_route=\/wp\/v2\/posts"}],"about":[{"href":"https:\/\/inclusivenews.com.br\/index.php?rest_route=\/wp\/v2\/types\/post"}],"author":[{"embeddable":true,"href":"https:\/\/inclusivenews.com.br\/index.php?rest_route=\/wp\/v2\/users\/2"}],"replies":[{"embeddable":true,"href":"https:\/\/inclusivenews.com.br\/index.php?rest_route=%2Fwp%2Fv2%2Fcomments&post=11587"}],"version-history":[{"count":0,"href":"https:\/\/inclusivenews.com.br\/index.php?rest_route=\/wp\/v2\/posts\/11587\/revisions"}],"wp:attachment":[{"href":"https:\/\/inclusivenews.com.br\/index.php?rest_route=%2Fwp%2Fv2%2Fmedia&parent=11587"}],"wp:term":[{"taxonomy":"category","embeddable":true,"href":"https:\/\/inclusivenews.com.br\/index.php?rest_route=%2Fwp%2Fv2%2Fcategories&post=11587"},{"taxonomy":"post_tag","embeddable":true,"href":"https:\/\/inclusivenews.com.br\/index.php?rest_route=%2Fwp%2Fv2%2Ftags&post=11587"}],"curies":[{"name":"wp","href":"https:\/\/api.w.org\/{rel}","templated":true}]}}