{"id":11588,"date":"2009-06-25T10:02:16","date_gmt":"2009-06-25T10:02:16","guid":{"rendered":"http:\/\/agenciainclusive.wordpress.com\/?p=8585"},"modified":"2009-06-25T10:02:16","modified_gmt":"2009-06-25T10:02:16","slug":"professora-transexual-afirma-que-esta-sendo-impedida-de-lecionar-em-escola-publica-2","status":"publish","type":"post","link":"https:\/\/inclusivenews.com.br\/?p=11588","title":{"rendered":"Professora transexual afirma que est\u00e1 sendo impedida de lecionar em escola p\u00fablica"},"content":{"rendered":"<p>CARTA ABERTA DENUNCIANDO A SEDUC\/RO.<br \/>\n\u00a0<\/p>\n<p>EM ROND\u00d4NIA POR CONVENI\u00caNCIA DE DIRETORES E ALUNOS PRECONCEITUOSOS DE UMA ESCOLA P\u00daBLICA PROFESSORA TRANSEXUAL \u00c9 IMPEDIDA DE LECIONAR E APELA A SEDUC E AO GOVERNADOR DO ESTADO PARA GARANTIR SEUS DIREITOS DE MINISTRAR AULAS&#8230; .<\/p>\n<p>Professora Vict\u00f3ria Bacon<\/p>\n<p>A falta de apoio da SEDUC e de pol\u00edticas p\u00fablicas de inser\u00e7\u00e3o de professores pertencentes \u00e0 classe GLBT \u00e9 not\u00f3ria e muito evidente. Digo, por experi\u00eancia pr\u00f3pria. Com 27 anos de idade, graduada em Letras e F\u00edsica, mestra em educa\u00e7\u00e3o e recentemente aprovada em doutorado, com 7 (sete) anos de experi\u00eancia no magist\u00e9rio, abandonei toda uma hist\u00f3ria de vida e fam\u00edlia deixando o Estado do Paran\u00e1 e iniciando uma nova vida em Rond\u00f4nia, desde 2004. Neste Estado t\u00e3o carente de bons professores e, principalmente, na disciplina de F\u00edsica, onde 70% das salas de aula de ensino m\u00e9dio rondoniense n\u00e3o t\u00eam o privil\u00e9gio de terem um profissional formado e habilitado na \u00e1rea, estou sendo veemente perseguida por ser TRANSEXUAL. Em todas escolas que executei atividades docentes, percebia desde o instante que tomava posse a n\u00e3o aceita\u00e7\u00e3o dos diretores, professores e alunos. Estes, come\u00e7ando pelos diretores, alegam que uma pessoa transexual ou travesti n\u00e3o possuem as devidas condi\u00e7\u00f5es sociais de atuarem em sala de aula. A quest\u00e3o de nos travestirmos como mulher acaba afetando a moral e o costume de uma cidade que com uma alt\u00edssima porcentagem de evang\u00e9licos acaba sendo o nosso \u201ccalcanhar de aquiles\u201d.<\/p>\n<p>Na \u00faltima escola que estive lotada Risoleta Neves, no bairro Tancredo Neves, faltou-me total apoio e, um grupo isolado de alunos, maquinados intelectualmente pela vice-diretora juntamente com seus pais, alegavam que eu n\u00e3o seria um bom exemplo para seus filhos pelo fato de eu vestir-me como mulher e ser transexual. Cheguei a levar a conhecimento da dire\u00e7\u00e3o da escola que esquivando-se dos fatos, preferiu deixar os acontecimentos emergirem e acabando toda a culpa cair sobre mim. Fizera-me um relat\u00f3rio difamat\u00f3rio e encaminhando \u00e0 representa\u00e7\u00e3o de ensino da SEDUC a pedido do senhor representante, percebi que n\u00e3o tive o direito de defender-me e este grupo m\u00ednimo e isolado de alunos que julgam-se superiores e homof\u00f3bicos conseguiram derrubar-me da escola. At\u00e9 o instante, desde o dia 10 de junho, estou aguardando comunicado do setor de lota\u00e7\u00e3o da SEDUC e a mesma esquiva-se em lotar-me, pois a discrimina\u00e7\u00e3o e a homofobia s\u00e3o claros nesta secretaria que nunca apoiou a inclus\u00e3o social de transexuais ou travestis que s\u00e3o professores, creio que em todo Estado de Rond\u00f4nia, s\u00f3 haja eu, motivo este que estou sendo o \u201cbode expiat\u00f3rio\u201d desta terr\u00edvel experi\u00eancia. Fiz duas provas atrav\u00e9s de concurso PSS aprovada em primeiro lugar com m\u00e9rito. E o direito de lecionar est\u00e1 sendo me tirado por ideologias malditas e preconceituosas de pessoas que pensam ser superiores em rela\u00e7\u00e3o a n\u00f3s.<\/p>\n<p>Agora fica a pergunta: Quantos professores que com medo da rea\u00e7\u00e3o desta sociedade podre e maldita formada por um grupo isolado de pessoas evang\u00e9licas que se rotulam donos da verdade t\u00eam medo de revelar sua op\u00e7\u00e3o sexual e serem feliz da forma como eles querem? Eu j\u00e1 vim como transexual. Sou feliz assim, vestida e trajada fisicamente como mulher. Antes de me julgarem pela minha vida sexual de ser transexual, deveriam olhar meu perfil profissional que com certeza quem tende a ganhar \u00e9 a sociedade e todo Estado de Rond\u00f4nia j\u00e1 t\u00e3o carente de professores de f\u00edsica (disciplina da qual leciono) e principalmente de baixos n\u00edveis em educa\u00e7\u00e3o. Sempre me preocupei com a qualidade da educa\u00e7\u00e3o p\u00fablica deste Estado. Aqui resido h\u00e1 5 anos. Deixei, como disse no in\u00edcio deste desabafo de vida, toda uma hist\u00f3ria de vida e fam\u00edlia para trazer meus conhecimentos de vida e de forma\u00e7\u00e3o acad\u00eamica aos filhos de Rond\u00f4nia&#8230; Vejam o que eu recebo??? \u00c9 triste saber que em pleno s\u00e9culo XXI isto ocorra.<\/p>\n<p>Como Rond\u00f4nia quer atingir sua modernidade seja material, econ\u00f4mica, industrial sem que a intelectual e a social ainda encontra-se inerte no tempo. N\u00e3o me calarei a vontade destas pessoas med\u00edocres, formada por alunos, pais, professores, diretores e a pr\u00f3pria SEDUC que n\u00e3o querem pessoas pertencentes \u00e0 classe GLBT atuando nas salas de aula. Pagamos impostos, votamos, temos uma ide ntidade e principalmente uma vida toda a enfrentar toda esta sociedade podre e maldita, \u00e9 importante que mais irm\u00e3os que estejam na mesma situa\u00e7\u00e3o tamb\u00e9m se manifestem. Contatei diversos jornais, deputados, senadores e outros meios de comunica\u00e7\u00e3o em Rond\u00f4nia e fora do estado e todo momento venho recebendo manifesta\u00e7\u00e3o de apoio. Precisamos lutar pelos nossos direitos, como os negros lutaram para terem um espa\u00e7o na sociedade e as mulheres serem reconhecidas como cidad\u00e3s h\u00e1 d\u00e9cadas atr\u00e1s. \u00c9 nossa vez. Pagamos o pre\u00e7o por divulgar abertamente nossa escolha de vida que imposta pelo destino e pela gen\u00e9tica fomos conduzidos. A vida de sermos transexual, de sermos travestis de sermos gays. N\u00e3o serei mais uma a ter de ganhar a vida na prostitui\u00e7\u00e3o ou tendo que ser humilhada pela a vida sexual que possuo. Para isto estudei, fiz 2 gradua\u00e7\u00f5es, especializa\u00e7\u00e3o e mestrado. Recentemente fui aprovada no doutorado em educa\u00e7\u00e3o. Isto prova o quanto tenho capacidade e o quanto posso ensinar aos filhos de Rond\u00f4nia. Chega de preconceito. Basta a homofobia.<\/p>\n<p>Professora Vict\u00f3ria Bacon<br \/>\nPorto Velho- Rond\u00f4nia<br \/>\nFones: (69) 32248283 ou 92710548<\/p>\n<p>Fonte: <a href=\"http:\/\/www.tudorondonia.com\/ler.php?id=11946\">http:\/\/www.tudorondonia.com\/ler.php?id=11946<\/a><\/p>\n","protected":false},"excerpt":{"rendered":"<p>CARTA ABERTA DENUNCIANDO A SEDUC\/RO. \u00a0 EM ROND\u00d4NIA POR CONVENI\u00caNCIA DE DIRETORES E ALUNOS PRECONCEITUOSOS DE UMA ESCOLA P\u00daBLICA PROFESSORA TRANSEXUAL \u00c9 IMPEDIDA DE LECIONAR E APELA A SEDUC E AO GOVERNADOR DO ESTADO PARA GARANTIR SEUS DIREITOS DE MINISTRAR AULAS&#8230; . Professora Vict\u00f3ria Bacon A falta de apoio da SEDUC e de pol\u00edticas p\u00fablicas [&hellip;]<\/p>\n","protected":false},"author":2,"featured_media":0,"comment_status":"open","ping_status":"open","sticky":false,"template":"","format":"standard","meta":{"site-container-style":"default","site-container-layout":"default","site-sidebar-layout":"default","disable-article-header":"default","disable-site-header":"default","disable-site-footer":"default","disable-content-area-spacing":"default","footnotes":""},"categories":[13,41],"tags":[],"class_list":["post-11588","post","type-post","status-publish","format-standard","hentry","category-denuncias","category-preconceito"],"yoast_head":"<!-- This site is optimized with the Yoast SEO plugin v27.4 - https:\/\/yoast.com\/product\/yoast-seo-wordpress\/ -->\n<title>Professora transexual afirma que est\u00e1 sendo impedida de lecionar em escola p\u00fablica -<\/title>\n<meta name=\"robots\" content=\"index, follow, max-snippet:-1, max-image-preview:large, max-video-preview:-1\" \/>\n<link rel=\"canonical\" href=\"https:\/\/inclusivenews.com.br\/?p=11588\" \/>\n<meta property=\"og:locale\" content=\"pt_PT\" \/>\n<meta property=\"og:type\" content=\"article\" \/>\n<meta property=\"og:title\" content=\"Professora transexual afirma que est\u00e1 sendo impedida de lecionar em escola p\u00fablica -\" \/>\n<meta property=\"og:description\" content=\"CARTA ABERTA DENUNCIANDO A SEDUC\/RO. \u00a0 EM ROND\u00d4NIA POR CONVENI\u00caNCIA DE DIRETORES E ALUNOS PRECONCEITUOSOS DE UMA ESCOLA P\u00daBLICA PROFESSORA TRANSEXUAL \u00c9 IMPEDIDA DE LECIONAR E APELA A SEDUC E AO GOVERNADOR DO ESTADO PARA GARANTIR SEUS DIREITOS DE MINISTRAR AULAS&#8230; . Professora Vict\u00f3ria Bacon A falta de apoio da SEDUC e de pol\u00edticas p\u00fablicas [&hellip;]\" \/>\n<meta property=\"og:url\" content=\"https:\/\/inclusivenews.com.br\/?p=11588\" \/>\n<meta property=\"article:publisher\" content=\"https:\/\/www.facebook.com\/agenciainclusive\/\" \/>\n<meta property=\"article:published_time\" content=\"2009-06-25T10:02:16+00:00\" \/>\n<meta name=\"author\" content=\"Inclusive\" \/>\n<meta name=\"twitter:card\" content=\"summary_large_image\" \/>\n<meta name=\"twitter:label1\" content=\"Escrito por\" \/>\n\t<meta name=\"twitter:data1\" content=\"Inclusive\" \/>\n\t<meta name=\"twitter:label2\" content=\"Tempo estimado de leitura\" \/>\n\t<meta name=\"twitter:data2\" content=\"5 minutos\" \/>\n<script type=\"application\/ld+json\" class=\"yoast-schema-graph\">{\"@context\":\"https:\\\/\\\/schema.org\",\"@graph\":[{\"@type\":\"Article\",\"@id\":\"https:\\\/\\\/inclusivenews.com.br\\\/?p=11588#article\",\"isPartOf\":{\"@id\":\"https:\\\/\\\/inclusivenews.com.br\\\/?p=11588\"},\"author\":{\"name\":\"Inclusive\",\"@id\":\"https:\\\/\\\/inclusivenews.com.br\\\/#\\\/schema\\\/person\\\/0dab492019871b94abb65fa8ee7c8c44\"},\"headline\":\"Professora transexual afirma que est\u00e1 sendo impedida de lecionar em escola p\u00fablica\",\"datePublished\":\"2009-06-25T10:02:16+00:00\",\"mainEntityOfPage\":{\"@id\":\"https:\\\/\\\/inclusivenews.com.br\\\/?p=11588\"},\"wordCount\":967,\"commentCount\":2,\"publisher\":{\"@id\":\"https:\\\/\\\/inclusivenews.com.br\\\/#organization\"},\"articleSection\":[\"Den\u00fancias\",\"Preconceito\"],\"inLanguage\":\"pt-PT\",\"potentialAction\":[{\"@type\":\"CommentAction\",\"name\":\"Comment\",\"target\":[\"https:\\\/\\\/inclusivenews.com.br\\\/?p=11588#respond\"]}]},{\"@type\":\"WebPage\",\"@id\":\"https:\\\/\\\/inclusivenews.com.br\\\/?p=11588\",\"url\":\"https:\\\/\\\/inclusivenews.com.br\\\/?p=11588\",\"name\":\"Professora transexual afirma que est\u00e1 sendo impedida de lecionar em escola p\u00fablica -\",\"isPartOf\":{\"@id\":\"https:\\\/\\\/inclusivenews.com.br\\\/#website\"},\"datePublished\":\"2009-06-25T10:02:16+00:00\",\"breadcrumb\":{\"@id\":\"https:\\\/\\\/inclusivenews.com.br\\\/?p=11588#breadcrumb\"},\"inLanguage\":\"pt-PT\",\"potentialAction\":[{\"@type\":\"ReadAction\",\"target\":[\"https:\\\/\\\/inclusivenews.com.br\\\/?p=11588\"]}]},{\"@type\":\"BreadcrumbList\",\"@id\":\"https:\\\/\\\/inclusivenews.com.br\\\/?p=11588#breadcrumb\",\"itemListElement\":[{\"@type\":\"ListItem\",\"position\":1,\"name\":\"In\u00edcio\",\"item\":\"https:\\\/\\\/inclusivenews.com.br\\\/\"},{\"@type\":\"ListItem\",\"position\":2,\"name\":\"Professora transexual afirma que est\u00e1 sendo impedida de lecionar em escola p\u00fablica\"}]},{\"@type\":\"WebSite\",\"@id\":\"https:\\\/\\\/inclusivenews.com.br\\\/#website\",\"url\":\"https:\\\/\\\/inclusivenews.com.br\\\/\",\"name\":\"Inclusive News\",\"description\":\"Inclusive News\",\"publisher\":{\"@id\":\"https:\\\/\\\/inclusivenews.com.br\\\/#organization\"},\"potentialAction\":[{\"@type\":\"SearchAction\",\"target\":{\"@type\":\"EntryPoint\",\"urlTemplate\":\"https:\\\/\\\/inclusivenews.com.br\\\/?s={search_term_string}\"},\"query-input\":{\"@type\":\"PropertyValueSpecification\",\"valueRequired\":true,\"valueName\":\"search_term_string\"}}],\"inLanguage\":\"pt-PT\"},{\"@type\":\"Organization\",\"@id\":\"https:\\\/\\\/inclusivenews.com.br\\\/#organization\",\"name\":\"Inclusive - inclus\u00e3o e cidadania\",\"url\":\"https:\\\/\\\/inclusivenews.com.br\\\/\",\"logo\":{\"@type\":\"ImageObject\",\"inLanguage\":\"pt-PT\",\"@id\":\"https:\\\/\\\/inclusivenews.com.br\\\/#\\\/schema\\\/logo\\\/image\\\/\",\"url\":\"https:\\\/\\\/inclusivenews.com.br\\\/wp-content\\\/uploads\\\/2024\\\/03\\\/@grandesite.png\",\"contentUrl\":\"https:\\\/\\\/inclusivenews.com.br\\\/wp-content\\\/uploads\\\/2024\\\/03\\\/@grandesite.png\",\"width\":1080,\"height\":1080,\"caption\":\"Inclusive - inclus\u00e3o e cidadania\"},\"image\":{\"@id\":\"https:\\\/\\\/inclusivenews.com.br\\\/#\\\/schema\\\/logo\\\/image\\\/\"},\"sameAs\":[\"https:\\\/\\\/www.facebook.com\\\/agenciainclusive\\\/\",\"https:\\\/\\\/www.instagram.com\\\/newsinclusive\\\/\"]},{\"@type\":\"Person\",\"@id\":\"https:\\\/\\\/inclusivenews.com.br\\\/#\\\/schema\\\/person\\\/0dab492019871b94abb65fa8ee7c8c44\",\"name\":\"Inclusive\",\"image\":{\"@type\":\"ImageObject\",\"inLanguage\":\"pt-PT\",\"@id\":\"https:\\\/\\\/secure.gravatar.com\\\/avatar\\\/?s=96&d=mm&r=g\",\"url\":\"https:\\\/\\\/secure.gravatar.com\\\/avatar\\\/?s=96&d=mm&r=g\",\"contentUrl\":\"https:\\\/\\\/secure.gravatar.com\\\/avatar\\\/?s=96&d=mm&r=g\",\"caption\":\"Inclusive\"},\"url\":\"https:\\\/\\\/inclusivenews.com.br\\\/?author=2\"}]}<\/script>\n<!-- \/ Yoast SEO plugin. -->","yoast_head_json":{"title":"Professora transexual afirma que est\u00e1 sendo impedida de lecionar em escola p\u00fablica -","robots":{"index":"index","follow":"follow","max-snippet":"max-snippet:-1","max-image-preview":"max-image-preview:large","max-video-preview":"max-video-preview:-1"},"canonical":"https:\/\/inclusivenews.com.br\/?p=11588","og_locale":"pt_PT","og_type":"article","og_title":"Professora transexual afirma que est\u00e1 sendo impedida de lecionar em escola p\u00fablica -","og_description":"CARTA ABERTA DENUNCIANDO A SEDUC\/RO. \u00a0 EM ROND\u00d4NIA POR CONVENI\u00caNCIA DE DIRETORES E ALUNOS PRECONCEITUOSOS DE UMA ESCOLA P\u00daBLICA PROFESSORA TRANSEXUAL \u00c9 IMPEDIDA DE LECIONAR E APELA A SEDUC E AO GOVERNADOR DO ESTADO PARA GARANTIR SEUS DIREITOS DE MINISTRAR AULAS&#8230; . Professora Vict\u00f3ria Bacon A falta de apoio da SEDUC e de pol\u00edticas p\u00fablicas [&hellip;]","og_url":"https:\/\/inclusivenews.com.br\/?p=11588","article_publisher":"https:\/\/www.facebook.com\/agenciainclusive\/","article_published_time":"2009-06-25T10:02:16+00:00","author":"Inclusive","twitter_card":"summary_large_image","twitter_misc":{"Escrito por":"Inclusive","Tempo estimado de leitura":"5 minutos"},"schema":{"@context":"https:\/\/schema.org","@graph":[{"@type":"Article","@id":"https:\/\/inclusivenews.com.br\/?p=11588#article","isPartOf":{"@id":"https:\/\/inclusivenews.com.br\/?p=11588"},"author":{"name":"Inclusive","@id":"https:\/\/inclusivenews.com.br\/#\/schema\/person\/0dab492019871b94abb65fa8ee7c8c44"},"headline":"Professora transexual afirma que est\u00e1 sendo impedida de lecionar em escola p\u00fablica","datePublished":"2009-06-25T10:02:16+00:00","mainEntityOfPage":{"@id":"https:\/\/inclusivenews.com.br\/?p=11588"},"wordCount":967,"commentCount":2,"publisher":{"@id":"https:\/\/inclusivenews.com.br\/#organization"},"articleSection":["Den\u00fancias","Preconceito"],"inLanguage":"pt-PT","potentialAction":[{"@type":"CommentAction","name":"Comment","target":["https:\/\/inclusivenews.com.br\/?p=11588#respond"]}]},{"@type":"WebPage","@id":"https:\/\/inclusivenews.com.br\/?p=11588","url":"https:\/\/inclusivenews.com.br\/?p=11588","name":"Professora transexual afirma que est\u00e1 sendo impedida de lecionar em escola p\u00fablica -","isPartOf":{"@id":"https:\/\/inclusivenews.com.br\/#website"},"datePublished":"2009-06-25T10:02:16+00:00","breadcrumb":{"@id":"https:\/\/inclusivenews.com.br\/?p=11588#breadcrumb"},"inLanguage":"pt-PT","potentialAction":[{"@type":"ReadAction","target":["https:\/\/inclusivenews.com.br\/?p=11588"]}]},{"@type":"BreadcrumbList","@id":"https:\/\/inclusivenews.com.br\/?p=11588#breadcrumb","itemListElement":[{"@type":"ListItem","position":1,"name":"In\u00edcio","item":"https:\/\/inclusivenews.com.br\/"},{"@type":"ListItem","position":2,"name":"Professora transexual afirma que est\u00e1 sendo impedida de lecionar em escola p\u00fablica"}]},{"@type":"WebSite","@id":"https:\/\/inclusivenews.com.br\/#website","url":"https:\/\/inclusivenews.com.br\/","name":"Inclusive News","description":"Inclusive News","publisher":{"@id":"https:\/\/inclusivenews.com.br\/#organization"},"potentialAction":[{"@type":"SearchAction","target":{"@type":"EntryPoint","urlTemplate":"https:\/\/inclusivenews.com.br\/?s={search_term_string}"},"query-input":{"@type":"PropertyValueSpecification","valueRequired":true,"valueName":"search_term_string"}}],"inLanguage":"pt-PT"},{"@type":"Organization","@id":"https:\/\/inclusivenews.com.br\/#organization","name":"Inclusive - inclus\u00e3o e cidadania","url":"https:\/\/inclusivenews.com.br\/","logo":{"@type":"ImageObject","inLanguage":"pt-PT","@id":"https:\/\/inclusivenews.com.br\/#\/schema\/logo\/image\/","url":"https:\/\/inclusivenews.com.br\/wp-content\/uploads\/2024\/03\/@grandesite.png","contentUrl":"https:\/\/inclusivenews.com.br\/wp-content\/uploads\/2024\/03\/@grandesite.png","width":1080,"height":1080,"caption":"Inclusive - inclus\u00e3o e cidadania"},"image":{"@id":"https:\/\/inclusivenews.com.br\/#\/schema\/logo\/image\/"},"sameAs":["https:\/\/www.facebook.com\/agenciainclusive\/","https:\/\/www.instagram.com\/newsinclusive\/"]},{"@type":"Person","@id":"https:\/\/inclusivenews.com.br\/#\/schema\/person\/0dab492019871b94abb65fa8ee7c8c44","name":"Inclusive","image":{"@type":"ImageObject","inLanguage":"pt-PT","@id":"https:\/\/secure.gravatar.com\/avatar\/?s=96&d=mm&r=g","url":"https:\/\/secure.gravatar.com\/avatar\/?s=96&d=mm&r=g","contentUrl":"https:\/\/secure.gravatar.com\/avatar\/?s=96&d=mm&r=g","caption":"Inclusive"},"url":"https:\/\/inclusivenews.com.br\/?author=2"}]}},"_links":{"self":[{"href":"https:\/\/inclusivenews.com.br\/index.php?rest_route=\/wp\/v2\/posts\/11588","targetHints":{"allow":["GET"]}}],"collection":[{"href":"https:\/\/inclusivenews.com.br\/index.php?rest_route=\/wp\/v2\/posts"}],"about":[{"href":"https:\/\/inclusivenews.com.br\/index.php?rest_route=\/wp\/v2\/types\/post"}],"author":[{"embeddable":true,"href":"https:\/\/inclusivenews.com.br\/index.php?rest_route=\/wp\/v2\/users\/2"}],"replies":[{"embeddable":true,"href":"https:\/\/inclusivenews.com.br\/index.php?rest_route=%2Fwp%2Fv2%2Fcomments&post=11588"}],"version-history":[{"count":0,"href":"https:\/\/inclusivenews.com.br\/index.php?rest_route=\/wp\/v2\/posts\/11588\/revisions"}],"wp:attachment":[{"href":"https:\/\/inclusivenews.com.br\/index.php?rest_route=%2Fwp%2Fv2%2Fmedia&parent=11588"}],"wp:term":[{"taxonomy":"category","embeddable":true,"href":"https:\/\/inclusivenews.com.br\/index.php?rest_route=%2Fwp%2Fv2%2Fcategories&post=11588"},{"taxonomy":"post_tag","embeddable":true,"href":"https:\/\/inclusivenews.com.br\/index.php?rest_route=%2Fwp%2Fv2%2Ftags&post=11588"}],"curies":[{"name":"wp","href":"https:\/\/api.w.org\/{rel}","templated":true}]}}