{"id":11589,"date":"2009-06-25T10:03:26","date_gmt":"2009-06-25T10:03:26","guid":{"rendered":"http:\/\/agenciainclusive.wordpress.com\/?p=8581"},"modified":"2009-06-25T10:03:26","modified_gmt":"2009-06-25T10:03:26","slug":"livro-sobre-a-historia-da-pessoa-com-deficiencia-no-brasil-ganha-segunda-edicao-2","status":"publish","type":"post","link":"https:\/\/inclusivenews.com.br\/?p=11589","title":{"rendered":"Livro sobre a hist\u00f3ria da pessoa com defici\u00eancia no Brasil ganha segunda edi\u00e7\u00e3o"},"content":{"rendered":"<p><img decoding=\"async\" class=\"alignleft\" src=\"http:\/\/agenciainclusive.files.wordpress.com\/2009\/06\/aberto.jpg\" border=\"0\" alt=\"Descri\u00e7\u00e3o da imagem: dois livros abertos sobrepostos.\" \/>Chega esta semana \u00e0s livrarias a segunda edi\u00e7\u00e3o do livro* \u201cCAMINHANDO EM<br \/>\nSIL\u00caNCIO &#8211; Uma introdu\u00e7\u00e3o \u00e0 trajet\u00f3ria da pessoa com defici\u00eancia na hist\u00f3ria<br \/>\ndo Brasil\u201d, *de Em\u00edlio Figueira. Lan\u00e7ado no ano passado pela Giz Editorial,<br \/>\na nova edi\u00e7\u00e3o foi revisada gramaticalmente, adequada \u00e0s novas normas<br \/>\nortogr\u00e1ficas, corrigindo erros da primeira que na verdade era um projeto<br \/>\nexperimental. *\u201cNa verdade, o lan\u00e7amento foi uma curiosidade minha e n\u00e3o<br \/>\npensei que daria t\u00e3o certo. Diante de observa\u00e7\u00f5es de leitores e amigos,<br \/>\nelaboramos essa nova edi\u00e7\u00e3o\u201d,* refor\u00e7a o autor, destacando tamb\u00e9m a grande<br \/>\ndificuldade de se publicar um livro com essa tem\u00e1tica por uma editora de<br \/>\ngrande porte. Figueira \u00e9 psic\u00f3logo, jornalista e historiador, com dezessete<br \/>\nlivros publicados. Como pesquisador h\u00e1 duas d\u00e9cadas na \u00e1rea, conta com mais<br \/>\nde quarenta artigos cient\u00edficos publicados no Brasil e exterior.<br \/>\nP\u00f3s-graduado em Educa\u00e7\u00e3o Inclusiva e Doc\u00eancia em Ensino \u00e0 Dist\u00e2ncia (EaD),<br \/>\natualmente faz Doutorado em Psican\u00e1lise Cl\u00ednica e inicia-se como professor<br \/>\nde algumas disciplinas em institui\u00e7\u00f5es de Ensino Superior.<\/p>\n<p>Neste momento, quando o tema Inclus\u00e3o Social e Escolar conquista espa\u00e7os e<br \/>\nse fortalece, \u201cCaminhando em Sil\u00eancio\u201d tra\u00e7a em suas 184 p\u00e1ginas o percurso<br \/>\ndas pessoas com defici\u00eancia na Hist\u00f3ria do Brasil, dividido em quatro<br \/>\nUnidades e treze Cap\u00edtulos. Na primeira, o leitor encontrar\u00e1 a pol\u00edtica de<br \/>\nexclus\u00e3o entre nossos ind\u00edgenas, o assistencialismo dos Jesu\u00edtas, a<br \/>\nviol\u00eancia gerando defici\u00eancia entre os escravos, medicina, hospitais e<br \/>\nreabilita\u00e7\u00e3o e o estabelecimento da cultura \u201cdefici\u00eancia associada \u00e0<br \/>\ndoen\u00e7a\u201d. A Educa\u00e7\u00e3o \u00e9 tema da segunda, abordado o in\u00edcio das institui\u00e7\u00f5es e<br \/>\nentidades assistenciais (1854-1956), legisla\u00e7\u00f5es e pol\u00edticas nacionais (de<br \/>\n1957 aos dias atuais) e Algumas entrelinhas da Educa\u00e7\u00e3o Especial. Tr\u00eas<br \/>\ncap\u00edtulos falam de consci\u00eancia e organiza\u00e7\u00e3o pol\u00edtica, o Ano Internacional<br \/>\nde Pessoa Deficiente no Brasil, movimentos pol\u00edticos da pessoa com<br \/>\ndefici\u00eancia e as Representa\u00e7\u00f5es Sociais geradas pelos Movimentos. Por fim, a<br \/>\nquarta unidade foca o assunto &#8220;defici\u00eancias&#8221; em algumas lendas brasileiras,<br \/>\nnas entrelinhas de nossa literatura e no contexto das express\u00f5es art\u00edsticas.<\/p>\n<p>Fruto de pesquisa sistem\u00e1tica durante dez anos, seu contexto refor\u00e7a a<br \/>\nteoria que a maioria das quest\u00f5es que envolvem as pessoas com defici\u00eancia no<br \/>\nBrasil \u2013 por exemplo, mecanismos de exclus\u00e3o, pol\u00edticas de assistencialismo,<br \/>\nsentimentos de piedade, caridade, inferioridade, oportunismo, dentre outras<br \/>\n-, foram constru\u00eddas culturalmente. Na organiza\u00e7\u00e3o dos cap\u00edtulos h\u00e1 uma<br \/>\nforma did\u00e1tica e multidisciplinar, visando colaborar com v\u00e1rias \u00e1reas como<br \/>\nPsicologia, Pedagogia, Sociologia, Hist\u00f3ria, Medicina, Artes e afins.<\/p>\n<p>SERVI\u00c7O: O livro que tamb\u00e9m tem uma vers\u00e3o em eBook para pessoas com<br \/>\ndefici\u00eancia visual, pode ser adquirido no site da editora<br \/>\n<a href=\"http:\/\/www.gizeditorial.com.br\/\">www.gizeditorial.com.br<\/a> ou na rede da Livraria Cultura.<\/p>\n","protected":false},"excerpt":{"rendered":"<p>Chega esta semana \u00e0s livrarias a segunda edi\u00e7\u00e3o do livro* \u201cCAMINHANDO EM SIL\u00caNCIO &#8211; Uma introdu\u00e7\u00e3o \u00e0 trajet\u00f3ria da pessoa com defici\u00eancia na hist\u00f3ria do Brasil\u201d, *de Em\u00edlio Figueira. Lan\u00e7ado no ano passado pela Giz Editorial, a nova edi\u00e7\u00e3o foi revisada gramaticalmente, adequada \u00e0s novas normas ortogr\u00e1ficas, corrigindo erros da primeira que na verdade era [&hellip;]<\/p>\n","protected":false},"author":2,"featured_media":0,"comment_status":"open","ping_status":"open","sticky":false,"template":"","format":"standard","meta":{"site-container-style":"default","site-container-layout":"default","site-sidebar-layout":"default","disable-article-header":"default","disable-site-header":"default","disable-site-footer":"default","disable-content-area-spacing":"default","footnotes":""},"categories":[10],"tags":[],"class_list":["post-11589","post","type-post","status-publish","format-standard","hentry","category-publicacoes"],"yoast_head":"<!-- This site is optimized with the Yoast SEO plugin v27.4 - https:\/\/yoast.com\/product\/yoast-seo-wordpress\/ -->\n<title>Livro sobre a hist\u00f3ria da pessoa com defici\u00eancia no Brasil ganha segunda edi\u00e7\u00e3o -<\/title>\n<meta name=\"robots\" content=\"index, follow, max-snippet:-1, max-image-preview:large, max-video-preview:-1\" \/>\n<link rel=\"canonical\" href=\"https:\/\/inclusivenews.com.br\/?p=11589\" \/>\n<meta property=\"og:locale\" content=\"pt_PT\" \/>\n<meta property=\"og:type\" content=\"article\" \/>\n<meta property=\"og:title\" content=\"Livro sobre a hist\u00f3ria da pessoa com defici\u00eancia no Brasil ganha segunda edi\u00e7\u00e3o -\" \/>\n<meta property=\"og:description\" content=\"Chega esta semana \u00e0s livrarias a segunda edi\u00e7\u00e3o do livro* \u201cCAMINHANDO EM SIL\u00caNCIO &#8211; Uma introdu\u00e7\u00e3o \u00e0 trajet\u00f3ria da pessoa com defici\u00eancia na hist\u00f3ria do Brasil\u201d, *de Em\u00edlio Figueira. Lan\u00e7ado no ano passado pela Giz Editorial, a nova edi\u00e7\u00e3o foi revisada gramaticalmente, adequada \u00e0s novas normas ortogr\u00e1ficas, corrigindo erros da primeira que na verdade era [&hellip;]\" \/>\n<meta property=\"og:url\" content=\"https:\/\/inclusivenews.com.br\/?p=11589\" \/>\n<meta property=\"article:publisher\" content=\"https:\/\/www.facebook.com\/agenciainclusive\/\" \/>\n<meta property=\"article:published_time\" content=\"2009-06-25T10:03:26+00:00\" \/>\n<meta property=\"og:image\" content=\"http:\/\/agenciainclusive.files.wordpress.com\/2009\/06\/aberto.jpg\" \/>\n<meta name=\"author\" content=\"Inclusive\" \/>\n<meta name=\"twitter:card\" content=\"summary_large_image\" \/>\n<meta name=\"twitter:label1\" content=\"Escrito por\" \/>\n\t<meta name=\"twitter:data1\" content=\"Inclusive\" \/>\n\t<meta name=\"twitter:label2\" content=\"Tempo estimado de leitura\" \/>\n\t<meta name=\"twitter:data2\" content=\"2 minutos\" \/>\n<script type=\"application\/ld+json\" class=\"yoast-schema-graph\">{\"@context\":\"https:\\\/\\\/schema.org\",\"@graph\":[{\"@type\":\"Article\",\"@id\":\"https:\\\/\\\/inclusivenews.com.br\\\/?p=11589#article\",\"isPartOf\":{\"@id\":\"https:\\\/\\\/inclusivenews.com.br\\\/?p=11589\"},\"author\":{\"name\":\"Inclusive\",\"@id\":\"https:\\\/\\\/inclusivenews.com.br\\\/#\\\/schema\\\/person\\\/0dab492019871b94abb65fa8ee7c8c44\"},\"headline\":\"Livro sobre a hist\u00f3ria da pessoa com defici\u00eancia no Brasil ganha segunda edi\u00e7\u00e3o\",\"datePublished\":\"2009-06-25T10:03:26+00:00\",\"mainEntityOfPage\":{\"@id\":\"https:\\\/\\\/inclusivenews.com.br\\\/?p=11589\"},\"wordCount\":510,\"commentCount\":0,\"publisher\":{\"@id\":\"https:\\\/\\\/inclusivenews.com.br\\\/#organization\"},\"image\":{\"@id\":\"https:\\\/\\\/inclusivenews.com.br\\\/?p=11589#primaryimage\"},\"thumbnailUrl\":\"http:\\\/\\\/agenciainclusive.files.wordpress.com\\\/2009\\\/06\\\/aberto.jpg\",\"articleSection\":[\"PUBLICA\u00c7\u00d5ES\"],\"inLanguage\":\"pt-PT\",\"potentialAction\":[{\"@type\":\"CommentAction\",\"name\":\"Comment\",\"target\":[\"https:\\\/\\\/inclusivenews.com.br\\\/?p=11589#respond\"]}]},{\"@type\":\"WebPage\",\"@id\":\"https:\\\/\\\/inclusivenews.com.br\\\/?p=11589\",\"url\":\"https:\\\/\\\/inclusivenews.com.br\\\/?p=11589\",\"name\":\"Livro sobre a hist\u00f3ria da pessoa com defici\u00eancia no Brasil ganha segunda edi\u00e7\u00e3o -\",\"isPartOf\":{\"@id\":\"https:\\\/\\\/inclusivenews.com.br\\\/#website\"},\"primaryImageOfPage\":{\"@id\":\"https:\\\/\\\/inclusivenews.com.br\\\/?p=11589#primaryimage\"},\"image\":{\"@id\":\"https:\\\/\\\/inclusivenews.com.br\\\/?p=11589#primaryimage\"},\"thumbnailUrl\":\"http:\\\/\\\/agenciainclusive.files.wordpress.com\\\/2009\\\/06\\\/aberto.jpg\",\"datePublished\":\"2009-06-25T10:03:26+00:00\",\"breadcrumb\":{\"@id\":\"https:\\\/\\\/inclusivenews.com.br\\\/?p=11589#breadcrumb\"},\"inLanguage\":\"pt-PT\",\"potentialAction\":[{\"@type\":\"ReadAction\",\"target\":[\"https:\\\/\\\/inclusivenews.com.br\\\/?p=11589\"]}]},{\"@type\":\"ImageObject\",\"inLanguage\":\"pt-PT\",\"@id\":\"https:\\\/\\\/inclusivenews.com.br\\\/?p=11589#primaryimage\",\"url\":\"http:\\\/\\\/agenciainclusive.files.wordpress.com\\\/2009\\\/06\\\/aberto.jpg\",\"contentUrl\":\"http:\\\/\\\/agenciainclusive.files.wordpress.com\\\/2009\\\/06\\\/aberto.jpg\"},{\"@type\":\"BreadcrumbList\",\"@id\":\"https:\\\/\\\/inclusivenews.com.br\\\/?p=11589#breadcrumb\",\"itemListElement\":[{\"@type\":\"ListItem\",\"position\":1,\"name\":\"In\u00edcio\",\"item\":\"https:\\\/\\\/inclusivenews.com.br\\\/\"},{\"@type\":\"ListItem\",\"position\":2,\"name\":\"Livro sobre a hist\u00f3ria da pessoa com defici\u00eancia no Brasil ganha segunda edi\u00e7\u00e3o\"}]},{\"@type\":\"WebSite\",\"@id\":\"https:\\\/\\\/inclusivenews.com.br\\\/#website\",\"url\":\"https:\\\/\\\/inclusivenews.com.br\\\/\",\"name\":\"Inclusive News\",\"description\":\"Inclusive News\",\"publisher\":{\"@id\":\"https:\\\/\\\/inclusivenews.com.br\\\/#organization\"},\"potentialAction\":[{\"@type\":\"SearchAction\",\"target\":{\"@type\":\"EntryPoint\",\"urlTemplate\":\"https:\\\/\\\/inclusivenews.com.br\\\/?s={search_term_string}\"},\"query-input\":{\"@type\":\"PropertyValueSpecification\",\"valueRequired\":true,\"valueName\":\"search_term_string\"}}],\"inLanguage\":\"pt-PT\"},{\"@type\":\"Organization\",\"@id\":\"https:\\\/\\\/inclusivenews.com.br\\\/#organization\",\"name\":\"Inclusive - inclus\u00e3o e cidadania\",\"url\":\"https:\\\/\\\/inclusivenews.com.br\\\/\",\"logo\":{\"@type\":\"ImageObject\",\"inLanguage\":\"pt-PT\",\"@id\":\"https:\\\/\\\/inclusivenews.com.br\\\/#\\\/schema\\\/logo\\\/image\\\/\",\"url\":\"https:\\\/\\\/inclusivenews.com.br\\\/wp-content\\\/uploads\\\/2024\\\/03\\\/@grandesite.png\",\"contentUrl\":\"https:\\\/\\\/inclusivenews.com.br\\\/wp-content\\\/uploads\\\/2024\\\/03\\\/@grandesite.png\",\"width\":1080,\"height\":1080,\"caption\":\"Inclusive - inclus\u00e3o e cidadania\"},\"image\":{\"@id\":\"https:\\\/\\\/inclusivenews.com.br\\\/#\\\/schema\\\/logo\\\/image\\\/\"},\"sameAs\":[\"https:\\\/\\\/www.facebook.com\\\/agenciainclusive\\\/\",\"https:\\\/\\\/www.instagram.com\\\/newsinclusive\\\/\"]},{\"@type\":\"Person\",\"@id\":\"https:\\\/\\\/inclusivenews.com.br\\\/#\\\/schema\\\/person\\\/0dab492019871b94abb65fa8ee7c8c44\",\"name\":\"Inclusive\",\"image\":{\"@type\":\"ImageObject\",\"inLanguage\":\"pt-PT\",\"@id\":\"https:\\\/\\\/secure.gravatar.com\\\/avatar\\\/?s=96&d=mm&r=g\",\"url\":\"https:\\\/\\\/secure.gravatar.com\\\/avatar\\\/?s=96&d=mm&r=g\",\"contentUrl\":\"https:\\\/\\\/secure.gravatar.com\\\/avatar\\\/?s=96&d=mm&r=g\",\"caption\":\"Inclusive\"},\"url\":\"https:\\\/\\\/inclusivenews.com.br\\\/?author=2\"}]}<\/script>\n<!-- \/ Yoast SEO plugin. -->","yoast_head_json":{"title":"Livro sobre a hist\u00f3ria da pessoa com defici\u00eancia no Brasil ganha segunda edi\u00e7\u00e3o -","robots":{"index":"index","follow":"follow","max-snippet":"max-snippet:-1","max-image-preview":"max-image-preview:large","max-video-preview":"max-video-preview:-1"},"canonical":"https:\/\/inclusivenews.com.br\/?p=11589","og_locale":"pt_PT","og_type":"article","og_title":"Livro sobre a hist\u00f3ria da pessoa com defici\u00eancia no Brasil ganha segunda edi\u00e7\u00e3o -","og_description":"Chega esta semana \u00e0s livrarias a segunda edi\u00e7\u00e3o do livro* \u201cCAMINHANDO EM SIL\u00caNCIO &#8211; Uma introdu\u00e7\u00e3o \u00e0 trajet\u00f3ria da pessoa com defici\u00eancia na hist\u00f3ria do Brasil\u201d, *de Em\u00edlio Figueira. Lan\u00e7ado no ano passado pela Giz Editorial, a nova edi\u00e7\u00e3o foi revisada gramaticalmente, adequada \u00e0s novas normas ortogr\u00e1ficas, corrigindo erros da primeira que na verdade era [&hellip;]","og_url":"https:\/\/inclusivenews.com.br\/?p=11589","article_publisher":"https:\/\/www.facebook.com\/agenciainclusive\/","article_published_time":"2009-06-25T10:03:26+00:00","og_image":[{"url":"http:\/\/agenciainclusive.files.wordpress.com\/2009\/06\/aberto.jpg","type":"","width":"","height":""}],"author":"Inclusive","twitter_card":"summary_large_image","twitter_misc":{"Escrito por":"Inclusive","Tempo estimado de leitura":"2 minutos"},"schema":{"@context":"https:\/\/schema.org","@graph":[{"@type":"Article","@id":"https:\/\/inclusivenews.com.br\/?p=11589#article","isPartOf":{"@id":"https:\/\/inclusivenews.com.br\/?p=11589"},"author":{"name":"Inclusive","@id":"https:\/\/inclusivenews.com.br\/#\/schema\/person\/0dab492019871b94abb65fa8ee7c8c44"},"headline":"Livro sobre a hist\u00f3ria da pessoa com defici\u00eancia no Brasil ganha segunda edi\u00e7\u00e3o","datePublished":"2009-06-25T10:03:26+00:00","mainEntityOfPage":{"@id":"https:\/\/inclusivenews.com.br\/?p=11589"},"wordCount":510,"commentCount":0,"publisher":{"@id":"https:\/\/inclusivenews.com.br\/#organization"},"image":{"@id":"https:\/\/inclusivenews.com.br\/?p=11589#primaryimage"},"thumbnailUrl":"http:\/\/agenciainclusive.files.wordpress.com\/2009\/06\/aberto.jpg","articleSection":["PUBLICA\u00c7\u00d5ES"],"inLanguage":"pt-PT","potentialAction":[{"@type":"CommentAction","name":"Comment","target":["https:\/\/inclusivenews.com.br\/?p=11589#respond"]}]},{"@type":"WebPage","@id":"https:\/\/inclusivenews.com.br\/?p=11589","url":"https:\/\/inclusivenews.com.br\/?p=11589","name":"Livro sobre a hist\u00f3ria da pessoa com defici\u00eancia no Brasil ganha segunda edi\u00e7\u00e3o -","isPartOf":{"@id":"https:\/\/inclusivenews.com.br\/#website"},"primaryImageOfPage":{"@id":"https:\/\/inclusivenews.com.br\/?p=11589#primaryimage"},"image":{"@id":"https:\/\/inclusivenews.com.br\/?p=11589#primaryimage"},"thumbnailUrl":"http:\/\/agenciainclusive.files.wordpress.com\/2009\/06\/aberto.jpg","datePublished":"2009-06-25T10:03:26+00:00","breadcrumb":{"@id":"https:\/\/inclusivenews.com.br\/?p=11589#breadcrumb"},"inLanguage":"pt-PT","potentialAction":[{"@type":"ReadAction","target":["https:\/\/inclusivenews.com.br\/?p=11589"]}]},{"@type":"ImageObject","inLanguage":"pt-PT","@id":"https:\/\/inclusivenews.com.br\/?p=11589#primaryimage","url":"http:\/\/agenciainclusive.files.wordpress.com\/2009\/06\/aberto.jpg","contentUrl":"http:\/\/agenciainclusive.files.wordpress.com\/2009\/06\/aberto.jpg"},{"@type":"BreadcrumbList","@id":"https:\/\/inclusivenews.com.br\/?p=11589#breadcrumb","itemListElement":[{"@type":"ListItem","position":1,"name":"In\u00edcio","item":"https:\/\/inclusivenews.com.br\/"},{"@type":"ListItem","position":2,"name":"Livro sobre a hist\u00f3ria da pessoa com defici\u00eancia no Brasil ganha segunda edi\u00e7\u00e3o"}]},{"@type":"WebSite","@id":"https:\/\/inclusivenews.com.br\/#website","url":"https:\/\/inclusivenews.com.br\/","name":"Inclusive News","description":"Inclusive News","publisher":{"@id":"https:\/\/inclusivenews.com.br\/#organization"},"potentialAction":[{"@type":"SearchAction","target":{"@type":"EntryPoint","urlTemplate":"https:\/\/inclusivenews.com.br\/?s={search_term_string}"},"query-input":{"@type":"PropertyValueSpecification","valueRequired":true,"valueName":"search_term_string"}}],"inLanguage":"pt-PT"},{"@type":"Organization","@id":"https:\/\/inclusivenews.com.br\/#organization","name":"Inclusive - inclus\u00e3o e cidadania","url":"https:\/\/inclusivenews.com.br\/","logo":{"@type":"ImageObject","inLanguage":"pt-PT","@id":"https:\/\/inclusivenews.com.br\/#\/schema\/logo\/image\/","url":"https:\/\/inclusivenews.com.br\/wp-content\/uploads\/2024\/03\/@grandesite.png","contentUrl":"https:\/\/inclusivenews.com.br\/wp-content\/uploads\/2024\/03\/@grandesite.png","width":1080,"height":1080,"caption":"Inclusive - inclus\u00e3o e cidadania"},"image":{"@id":"https:\/\/inclusivenews.com.br\/#\/schema\/logo\/image\/"},"sameAs":["https:\/\/www.facebook.com\/agenciainclusive\/","https:\/\/www.instagram.com\/newsinclusive\/"]},{"@type":"Person","@id":"https:\/\/inclusivenews.com.br\/#\/schema\/person\/0dab492019871b94abb65fa8ee7c8c44","name":"Inclusive","image":{"@type":"ImageObject","inLanguage":"pt-PT","@id":"https:\/\/secure.gravatar.com\/avatar\/?s=96&d=mm&r=g","url":"https:\/\/secure.gravatar.com\/avatar\/?s=96&d=mm&r=g","contentUrl":"https:\/\/secure.gravatar.com\/avatar\/?s=96&d=mm&r=g","caption":"Inclusive"},"url":"https:\/\/inclusivenews.com.br\/?author=2"}]}},"_links":{"self":[{"href":"https:\/\/inclusivenews.com.br\/index.php?rest_route=\/wp\/v2\/posts\/11589","targetHints":{"allow":["GET"]}}],"collection":[{"href":"https:\/\/inclusivenews.com.br\/index.php?rest_route=\/wp\/v2\/posts"}],"about":[{"href":"https:\/\/inclusivenews.com.br\/index.php?rest_route=\/wp\/v2\/types\/post"}],"author":[{"embeddable":true,"href":"https:\/\/inclusivenews.com.br\/index.php?rest_route=\/wp\/v2\/users\/2"}],"replies":[{"embeddable":true,"href":"https:\/\/inclusivenews.com.br\/index.php?rest_route=%2Fwp%2Fv2%2Fcomments&post=11589"}],"version-history":[{"count":0,"href":"https:\/\/inclusivenews.com.br\/index.php?rest_route=\/wp\/v2\/posts\/11589\/revisions"}],"wp:attachment":[{"href":"https:\/\/inclusivenews.com.br\/index.php?rest_route=%2Fwp%2Fv2%2Fmedia&parent=11589"}],"wp:term":[{"taxonomy":"category","embeddable":true,"href":"https:\/\/inclusivenews.com.br\/index.php?rest_route=%2Fwp%2Fv2%2Fcategories&post=11589"},{"taxonomy":"post_tag","embeddable":true,"href":"https:\/\/inclusivenews.com.br\/index.php?rest_route=%2Fwp%2Fv2%2Ftags&post=11589"}],"curies":[{"name":"wp","href":"https:\/\/api.w.org\/{rel}","templated":true}]}}