{"id":11590,"date":"2009-06-25T13:49:25","date_gmt":"2009-06-25T13:49:25","guid":{"rendered":"http:\/\/agenciainclusive.wordpress.com\/?p=8594"},"modified":"2009-06-25T13:49:25","modified_gmt":"2009-06-25T13:49:25","slug":"pesquisa-indica-que-ha-993-de-preconceito-no-ambiente-escolar-2-2","status":"publish","type":"post","link":"https:\/\/inclusivenews.com.br\/?p=11590","title":{"rendered":"Pesquisa indica que h\u00e1 99,3% de preconceito no ambiente escolar"},"content":{"rendered":"<p>A Funda\u00e7\u00e3o Instituto de Pesquisas Econ\u00f4micas &#8211; Fipe e a Faculdade de Economia, Administra\u00e7\u00e3o e Contabilidade da Universidade de S\u00e3o Paulo &#8211; FEA realizaram a pesquisa Preconceito e Discrimina\u00e7\u00e3o no Ambiente Escolar por solicita\u00e7\u00e3o do Instituto Nacional de Estudos e Pesquisas Educacionais An\u00edsio Teixeira &#8211; Inep e da Secretaria de Educa\u00e7\u00e3o Continuada, Alfabetiza\u00e7\u00e3o e Diversidade, ambos \u00f3rg\u00e3os do Minist\u00e9rio da Educa\u00e7\u00e3o &#8211; MEC. Os resultados foram divulgados no pa\u00eds no dia 17 de junho deste ano pelo coordenador do trabalho, Jos\u00e9 Afonso Mazzon, professor da FEA-USP.<\/p>\n<p>A pesquisa analisou preconceitos de natureza \u00e9tnico-racial, socioecon\u00f4mico, geracional, de g\u00eanero, territorial, de orienta\u00e7\u00e3o sexual e o relacionado a pessoas com necessidades especiais de natureza f\u00edsica e mental, focalizando diferentes grupos sociais representados por negros, pobres, \u00edndios, ciganos, homossexuais, moradores de periferia, favelas e \u00e1reas rurais, idosos e outros. A pesquisa teve como objetivo subsidiar a cria\u00e7\u00e3o de a\u00e7\u00f5es que transformem a escola em um ambiente que promova a diversidade e o respeito \u00e0s diferen\u00e7as. Envolveu 501 escolas p\u00fablicas de todo o pa\u00eds, sendo entrevistadas mais de 18.500 pessoas dentre alunos, pais, m\u00e3es, diretores, professores e funcion\u00e1rios das escolas.<\/p>\n<p>Os resultados revelaram a forte presen\u00e7a de preconceito e discrimina\u00e7\u00e3o entre estudantes, pais, professores, diretores e funcion\u00e1rios das escolas brasileiras, principalmente em rela\u00e7\u00e3o \u00e0s pessoas com defici\u00eancia, com destaque para a defici\u00eancia intelectual. Dados espec\u00edficos demonstraram que 99,3% dos entrevistados t\u00eam algum tipo de preconceito e que mais de 80% gostariam de manter algum n\u00edvel de distanciamento social das pessoas com necessidades especiais, homossexuais, pobres e negros.<\/p>\n<p>Focalizando as pessoas com necessidades especiais, os \u00edndices revelam que 96,5% s\u00e3o alvos de preconceito. Desse grupo, aquelas identificadas com defici\u00eancia intelectual s\u00e3o as que sofrem maior preconceito, representando 98,9% das pessoas entrevistadas que preferem ter, em rela\u00e7\u00e3o a elas, algum n\u00edvel de dist\u00e2ncia social, seguido pelos deficientes f\u00edsicos (96,2%).<br \/>\nO estudo, pioneiro no Brasil, abre espa\u00e7o para inferir que as escolas s\u00e3o ambientes onde o preconceito est\u00e1 ativo e presente de modo generalizado, uma vez que a maioria informou ter de tr\u00eas a cinco \u00e1reas de preconceito, sendo as pessoas com defici\u00eancia as mais afetadas.<\/p>\n<p>Esses dados s\u00e3o preocupantes, porque n\u00e3o indicam uma posi\u00e7\u00e3o isolada na sociedade, mas alcan\u00e7am a dimens\u00e3o sociocultural do pa\u00eds, mediante a representatividade do estudo. Para os movimentos sociais de e para pessoas com defici\u00eancia, os resultados comprovam cientificamente o que j\u00e1 vem constatando. A realidade do preconceito e da discrimina\u00e7\u00e3o nas escolas j\u00e1 estava denunciada no discurso dos que sofrem os seus efeitos no presente, dando continuidade aos s\u00e9culos de exclus\u00e3o e marginaliza\u00e7\u00e3o social contra essa popula\u00e7\u00e3o espec\u00edfica. Atentando para essa realidade, o Movimento Apaeano j\u00e1 manifestou publicamente preocupa\u00e7\u00e3o pelo modo como o Minist\u00e9rio da Educa\u00e7\u00e3o\/Secretaria de Educa\u00e7\u00e3o Especial, algumas intitui\u00e7\u00f5es e v\u00e1rios profissionais defendem a inclus\u00e3o escolar das pessoas com defici\u00eancia, justificando sua insera\u00e7\u00e3o plena, imediata e irrestrita sem a devida considera\u00e7\u00e3o pela complexidade do processo. O Movimento Apaeano tem chamado a aten\u00e7\u00e3o para a essencialidade que deve caracterizar as rela\u00e7\u00f5es sociais tolerantes, respeitosas e fraternas dos contextos para a efetiva inclus\u00e3o escolar.<\/p>\n<p>No documento Posicionamento do Movimento Apaeano em Defesa da Inclus\u00e3o Escolar de Pessoas com Defici\u00eancias Intelectual e M\u00faltipla, publicado em 2007, trinta e um aspectos s\u00e3o destacados em rela\u00e7\u00e3o \u00e0 inclus\u00e3o escolar. Baseiam-se essas considera\u00e7\u00f5es na experi\u00eancia hist\u00f3rica da Rede Apaena e em suas rela\u00e7\u00f5es com a comunidade, mediante parcerias e atendimentos na \u00e1rea. Fundamentam-se, ainda, em mais de 50 anos de luta pela conquista e defesa dos direitos da pessoa com defici\u00eancia e na experi\u00eancia de mais de 2000 unidades filiadas \u00e0 Rede, em cont\u00ednua rela\u00e7\u00e3o com as fam\u00edlias. Dentre os pontos abordados, a publica\u00e7\u00e3o alerta para os riscos de considerar que \u201co ingresso das crian\u00e7as com defici\u00eancia nas escolas comuns seja capaz de assegurar um tratamento sem preconceito e discrimina\u00e7\u00e3o [&#8230;]. Pondera, ainda, que \u201cO conceito de inclus\u00e3o escolar deve ser considerado como um processo de desenvolvimento institucional da escola [&#8230;] que implica oportunidades de constru\u00e7\u00e3o, desconstru\u00e7\u00e3o e reconstru\u00e7\u00e3o, pr\u00f3prios dos processos evolutivos humanos e institucionais.\u201d \u00c9 afirmado no documento, ainda, a import\u00e2ncia de estudos e pesquisas sobre o assunto, como agora estamos a constatar.<\/p>\n<p>\u00c9 importante que os resultados anunciados nessa pesquisa realizada pela Universidade de S\u00e3o Paulo tenha resson\u00e2ncia pol\u00edtica, social, institucional e outras, que comprovem esfor\u00e7os de real enfrentamento ao preconceito e \u00e0 discrimina\u00e7\u00e3o contra os grupos indicados no estudo e outros que venham a ser desvelados. A\u00e7\u00f5es que previnam e intentem remediar os males pessoais, familiares, sociais e culturais que o preconceito e a discrimina\u00e7\u00e3o j\u00e1 causaram e ainda causam a tantos quantos s\u00e3o v\u00edtimados pelos seus efeitos perversos e venais. J\u00e1 constatamos que as leis n\u00e3o s\u00e3o suficientes. Um amplo e compartilhado movimento de intoler\u00e2ncia ao preconceito precisa ser desencadeado. Um grande e amplo esfor\u00e7o de conscientiza\u00e7\u00e3o deve ser mobilizado. Uma luta tenaz e persistente precisa ser empreendida. Sem tr\u00e9gua, sem limites, lembrando que os males sociais constru\u00eddos podem ser, igualmente, combatidos e eliminados.<\/p>\n<p>Fonte: <a href=\"http:\/\/www.apaebrasil.org.br\/noticia.phtml?n=23351\">http:\/\/www.apaebrasil.org.br\/noticia.phtml?n=23351<\/a><\/p>\n<p>Resumo<\/p>\n<p><a href=\"http:\/\/portal.mec.gov.br\/dmdocuments\/diversidade_apresentacao.pdf\">http:\/\/portal.mec.gov.br\/dmdocuments\/diversidade_apresentacao.pdf<\/a><\/p>\n<p>\u00cdntegra da Pesquisa<\/p>\n<p><a href=\"http:\/\/portal.mec.gov.br\/dmdocuments\/relatoriofinal.pdf\">http:\/\/portal.mec.gov.br\/dmdocuments\/relatoriofinal.pdf<\/p>\n<p><\/a><\/p>\n<p>&nbsp;<\/p>\n","protected":false},"excerpt":{"rendered":"<p>A Funda\u00e7\u00e3o Instituto de Pesquisas Econ\u00f4micas &#8211; Fipe e a Faculdade de Economia, Administra\u00e7\u00e3o e Contabilidade da Universidade de S\u00e3o Paulo &#8211; FEA realizaram a pesquisa Preconceito e Discrimina\u00e7\u00e3o no Ambiente Escolar por solicita\u00e7\u00e3o do Instituto Nacional de Estudos e Pesquisas Educacionais An\u00edsio Teixeira &#8211; Inep e da Secretaria de Educa\u00e7\u00e3o Continuada, Alfabetiza\u00e7\u00e3o e Diversidade, [&hellip;]<\/p>\n","protected":false},"author":2,"featured_media":0,"comment_status":"open","ping_status":"open","sticky":false,"template":"","format":"standard","meta":{"site-container-style":"default","site-container-layout":"default","site-sidebar-layout":"default","disable-article-header":"default","disable-site-header":"default","disable-site-footer":"default","disable-content-area-spacing":"default","footnotes":""},"categories":[4,41],"tags":[],"class_list":["post-11590","post","type-post","status-publish","format-standard","hentry","category-noticias","category-preconceito"],"yoast_head":"<!-- This site is optimized with the Yoast SEO plugin v27.4 - https:\/\/yoast.com\/product\/yoast-seo-wordpress\/ -->\n<title>Pesquisa indica que h\u00e1 99,3% de preconceito no ambiente escolar -<\/title>\n<meta name=\"robots\" content=\"index, follow, max-snippet:-1, max-image-preview:large, max-video-preview:-1\" \/>\n<link rel=\"canonical\" href=\"https:\/\/inclusivenews.com.br\/?p=11590\" \/>\n<meta property=\"og:locale\" content=\"pt_PT\" \/>\n<meta property=\"og:type\" content=\"article\" \/>\n<meta property=\"og:title\" content=\"Pesquisa indica que h\u00e1 99,3% de preconceito no ambiente escolar -\" \/>\n<meta property=\"og:description\" content=\"A Funda\u00e7\u00e3o Instituto de Pesquisas Econ\u00f4micas &#8211; Fipe e a Faculdade de Economia, Administra\u00e7\u00e3o e Contabilidade da Universidade de S\u00e3o Paulo &#8211; FEA realizaram a pesquisa Preconceito e Discrimina\u00e7\u00e3o no Ambiente Escolar por solicita\u00e7\u00e3o do Instituto Nacional de Estudos e Pesquisas Educacionais An\u00edsio Teixeira &#8211; Inep e da Secretaria de Educa\u00e7\u00e3o Continuada, Alfabetiza\u00e7\u00e3o e Diversidade, [&hellip;]\" \/>\n<meta property=\"og:url\" content=\"https:\/\/inclusivenews.com.br\/?p=11590\" \/>\n<meta property=\"article:publisher\" content=\"https:\/\/www.facebook.com\/agenciainclusive\/\" \/>\n<meta property=\"article:published_time\" content=\"2009-06-25T13:49:25+00:00\" \/>\n<meta name=\"author\" content=\"Inclusive\" \/>\n<meta name=\"twitter:card\" content=\"summary_large_image\" \/>\n<meta name=\"twitter:label1\" content=\"Escrito por\" \/>\n\t<meta name=\"twitter:data1\" content=\"Inclusive\" \/>\n\t<meta name=\"twitter:label2\" content=\"Tempo estimado de leitura\" \/>\n\t<meta name=\"twitter:data2\" content=\"5 minutos\" \/>\n<script type=\"application\/ld+json\" class=\"yoast-schema-graph\">{\"@context\":\"https:\\\/\\\/schema.org\",\"@graph\":[{\"@type\":\"Article\",\"@id\":\"https:\\\/\\\/inclusivenews.com.br\\\/?p=11590#article\",\"isPartOf\":{\"@id\":\"https:\\\/\\\/inclusivenews.com.br\\\/?p=11590\"},\"author\":{\"name\":\"Inclusive\",\"@id\":\"https:\\\/\\\/inclusivenews.com.br\\\/#\\\/schema\\\/person\\\/0dab492019871b94abb65fa8ee7c8c44\"},\"headline\":\"Pesquisa indica que h\u00e1 99,3% de preconceito no ambiente escolar\",\"datePublished\":\"2009-06-25T13:49:25+00:00\",\"mainEntityOfPage\":{\"@id\":\"https:\\\/\\\/inclusivenews.com.br\\\/?p=11590\"},\"wordCount\":947,\"commentCount\":1,\"publisher\":{\"@id\":\"https:\\\/\\\/inclusivenews.com.br\\\/#organization\"},\"articleSection\":[\"NOT\u00cdCIAS\",\"Preconceito\"],\"inLanguage\":\"pt-PT\",\"potentialAction\":[{\"@type\":\"CommentAction\",\"name\":\"Comment\",\"target\":[\"https:\\\/\\\/inclusivenews.com.br\\\/?p=11590#respond\"]}]},{\"@type\":\"WebPage\",\"@id\":\"https:\\\/\\\/inclusivenews.com.br\\\/?p=11590\",\"url\":\"https:\\\/\\\/inclusivenews.com.br\\\/?p=11590\",\"name\":\"Pesquisa indica que h\u00e1 99,3% de preconceito no ambiente escolar -\",\"isPartOf\":{\"@id\":\"https:\\\/\\\/inclusivenews.com.br\\\/#website\"},\"datePublished\":\"2009-06-25T13:49:25+00:00\",\"breadcrumb\":{\"@id\":\"https:\\\/\\\/inclusivenews.com.br\\\/?p=11590#breadcrumb\"},\"inLanguage\":\"pt-PT\",\"potentialAction\":[{\"@type\":\"ReadAction\",\"target\":[\"https:\\\/\\\/inclusivenews.com.br\\\/?p=11590\"]}]},{\"@type\":\"BreadcrumbList\",\"@id\":\"https:\\\/\\\/inclusivenews.com.br\\\/?p=11590#breadcrumb\",\"itemListElement\":[{\"@type\":\"ListItem\",\"position\":1,\"name\":\"In\u00edcio\",\"item\":\"https:\\\/\\\/inclusivenews.com.br\\\/\"},{\"@type\":\"ListItem\",\"position\":2,\"name\":\"Pesquisa indica que h\u00e1 99,3% de preconceito no ambiente escolar\"}]},{\"@type\":\"WebSite\",\"@id\":\"https:\\\/\\\/inclusivenews.com.br\\\/#website\",\"url\":\"https:\\\/\\\/inclusivenews.com.br\\\/\",\"name\":\"Inclusive News\",\"description\":\"Inclusive News\",\"publisher\":{\"@id\":\"https:\\\/\\\/inclusivenews.com.br\\\/#organization\"},\"potentialAction\":[{\"@type\":\"SearchAction\",\"target\":{\"@type\":\"EntryPoint\",\"urlTemplate\":\"https:\\\/\\\/inclusivenews.com.br\\\/?s={search_term_string}\"},\"query-input\":{\"@type\":\"PropertyValueSpecification\",\"valueRequired\":true,\"valueName\":\"search_term_string\"}}],\"inLanguage\":\"pt-PT\"},{\"@type\":\"Organization\",\"@id\":\"https:\\\/\\\/inclusivenews.com.br\\\/#organization\",\"name\":\"Inclusive - inclus\u00e3o e cidadania\",\"url\":\"https:\\\/\\\/inclusivenews.com.br\\\/\",\"logo\":{\"@type\":\"ImageObject\",\"inLanguage\":\"pt-PT\",\"@id\":\"https:\\\/\\\/inclusivenews.com.br\\\/#\\\/schema\\\/logo\\\/image\\\/\",\"url\":\"https:\\\/\\\/inclusivenews.com.br\\\/wp-content\\\/uploads\\\/2024\\\/03\\\/@grandesite.png\",\"contentUrl\":\"https:\\\/\\\/inclusivenews.com.br\\\/wp-content\\\/uploads\\\/2024\\\/03\\\/@grandesite.png\",\"width\":1080,\"height\":1080,\"caption\":\"Inclusive - inclus\u00e3o e cidadania\"},\"image\":{\"@id\":\"https:\\\/\\\/inclusivenews.com.br\\\/#\\\/schema\\\/logo\\\/image\\\/\"},\"sameAs\":[\"https:\\\/\\\/www.facebook.com\\\/agenciainclusive\\\/\",\"https:\\\/\\\/www.instagram.com\\\/newsinclusive\\\/\"]},{\"@type\":\"Person\",\"@id\":\"https:\\\/\\\/inclusivenews.com.br\\\/#\\\/schema\\\/person\\\/0dab492019871b94abb65fa8ee7c8c44\",\"name\":\"Inclusive\",\"image\":{\"@type\":\"ImageObject\",\"inLanguage\":\"pt-PT\",\"@id\":\"https:\\\/\\\/secure.gravatar.com\\\/avatar\\\/?s=96&d=mm&r=g\",\"url\":\"https:\\\/\\\/secure.gravatar.com\\\/avatar\\\/?s=96&d=mm&r=g\",\"contentUrl\":\"https:\\\/\\\/secure.gravatar.com\\\/avatar\\\/?s=96&d=mm&r=g\",\"caption\":\"Inclusive\"},\"url\":\"https:\\\/\\\/inclusivenews.com.br\\\/?author=2\"}]}<\/script>\n<!-- \/ Yoast SEO plugin. -->","yoast_head_json":{"title":"Pesquisa indica que h\u00e1 99,3% de preconceito no ambiente escolar -","robots":{"index":"index","follow":"follow","max-snippet":"max-snippet:-1","max-image-preview":"max-image-preview:large","max-video-preview":"max-video-preview:-1"},"canonical":"https:\/\/inclusivenews.com.br\/?p=11590","og_locale":"pt_PT","og_type":"article","og_title":"Pesquisa indica que h\u00e1 99,3% de preconceito no ambiente escolar -","og_description":"A Funda\u00e7\u00e3o Instituto de Pesquisas Econ\u00f4micas &#8211; Fipe e a Faculdade de Economia, Administra\u00e7\u00e3o e Contabilidade da Universidade de S\u00e3o Paulo &#8211; FEA realizaram a pesquisa Preconceito e Discrimina\u00e7\u00e3o no Ambiente Escolar por solicita\u00e7\u00e3o do Instituto Nacional de Estudos e Pesquisas Educacionais An\u00edsio Teixeira &#8211; Inep e da Secretaria de Educa\u00e7\u00e3o Continuada, Alfabetiza\u00e7\u00e3o e Diversidade, [&hellip;]","og_url":"https:\/\/inclusivenews.com.br\/?p=11590","article_publisher":"https:\/\/www.facebook.com\/agenciainclusive\/","article_published_time":"2009-06-25T13:49:25+00:00","author":"Inclusive","twitter_card":"summary_large_image","twitter_misc":{"Escrito por":"Inclusive","Tempo estimado de leitura":"5 minutos"},"schema":{"@context":"https:\/\/schema.org","@graph":[{"@type":"Article","@id":"https:\/\/inclusivenews.com.br\/?p=11590#article","isPartOf":{"@id":"https:\/\/inclusivenews.com.br\/?p=11590"},"author":{"name":"Inclusive","@id":"https:\/\/inclusivenews.com.br\/#\/schema\/person\/0dab492019871b94abb65fa8ee7c8c44"},"headline":"Pesquisa indica que h\u00e1 99,3% de preconceito no ambiente escolar","datePublished":"2009-06-25T13:49:25+00:00","mainEntityOfPage":{"@id":"https:\/\/inclusivenews.com.br\/?p=11590"},"wordCount":947,"commentCount":1,"publisher":{"@id":"https:\/\/inclusivenews.com.br\/#organization"},"articleSection":["NOT\u00cdCIAS","Preconceito"],"inLanguage":"pt-PT","potentialAction":[{"@type":"CommentAction","name":"Comment","target":["https:\/\/inclusivenews.com.br\/?p=11590#respond"]}]},{"@type":"WebPage","@id":"https:\/\/inclusivenews.com.br\/?p=11590","url":"https:\/\/inclusivenews.com.br\/?p=11590","name":"Pesquisa indica que h\u00e1 99,3% de preconceito no ambiente escolar -","isPartOf":{"@id":"https:\/\/inclusivenews.com.br\/#website"},"datePublished":"2009-06-25T13:49:25+00:00","breadcrumb":{"@id":"https:\/\/inclusivenews.com.br\/?p=11590#breadcrumb"},"inLanguage":"pt-PT","potentialAction":[{"@type":"ReadAction","target":["https:\/\/inclusivenews.com.br\/?p=11590"]}]},{"@type":"BreadcrumbList","@id":"https:\/\/inclusivenews.com.br\/?p=11590#breadcrumb","itemListElement":[{"@type":"ListItem","position":1,"name":"In\u00edcio","item":"https:\/\/inclusivenews.com.br\/"},{"@type":"ListItem","position":2,"name":"Pesquisa indica que h\u00e1 99,3% de preconceito no ambiente escolar"}]},{"@type":"WebSite","@id":"https:\/\/inclusivenews.com.br\/#website","url":"https:\/\/inclusivenews.com.br\/","name":"Inclusive News","description":"Inclusive News","publisher":{"@id":"https:\/\/inclusivenews.com.br\/#organization"},"potentialAction":[{"@type":"SearchAction","target":{"@type":"EntryPoint","urlTemplate":"https:\/\/inclusivenews.com.br\/?s={search_term_string}"},"query-input":{"@type":"PropertyValueSpecification","valueRequired":true,"valueName":"search_term_string"}}],"inLanguage":"pt-PT"},{"@type":"Organization","@id":"https:\/\/inclusivenews.com.br\/#organization","name":"Inclusive - inclus\u00e3o e cidadania","url":"https:\/\/inclusivenews.com.br\/","logo":{"@type":"ImageObject","inLanguage":"pt-PT","@id":"https:\/\/inclusivenews.com.br\/#\/schema\/logo\/image\/","url":"https:\/\/inclusivenews.com.br\/wp-content\/uploads\/2024\/03\/@grandesite.png","contentUrl":"https:\/\/inclusivenews.com.br\/wp-content\/uploads\/2024\/03\/@grandesite.png","width":1080,"height":1080,"caption":"Inclusive - inclus\u00e3o e cidadania"},"image":{"@id":"https:\/\/inclusivenews.com.br\/#\/schema\/logo\/image\/"},"sameAs":["https:\/\/www.facebook.com\/agenciainclusive\/","https:\/\/www.instagram.com\/newsinclusive\/"]},{"@type":"Person","@id":"https:\/\/inclusivenews.com.br\/#\/schema\/person\/0dab492019871b94abb65fa8ee7c8c44","name":"Inclusive","image":{"@type":"ImageObject","inLanguage":"pt-PT","@id":"https:\/\/secure.gravatar.com\/avatar\/?s=96&d=mm&r=g","url":"https:\/\/secure.gravatar.com\/avatar\/?s=96&d=mm&r=g","contentUrl":"https:\/\/secure.gravatar.com\/avatar\/?s=96&d=mm&r=g","caption":"Inclusive"},"url":"https:\/\/inclusivenews.com.br\/?author=2"}]}},"_links":{"self":[{"href":"https:\/\/inclusivenews.com.br\/index.php?rest_route=\/wp\/v2\/posts\/11590","targetHints":{"allow":["GET"]}}],"collection":[{"href":"https:\/\/inclusivenews.com.br\/index.php?rest_route=\/wp\/v2\/posts"}],"about":[{"href":"https:\/\/inclusivenews.com.br\/index.php?rest_route=\/wp\/v2\/types\/post"}],"author":[{"embeddable":true,"href":"https:\/\/inclusivenews.com.br\/index.php?rest_route=\/wp\/v2\/users\/2"}],"replies":[{"embeddable":true,"href":"https:\/\/inclusivenews.com.br\/index.php?rest_route=%2Fwp%2Fv2%2Fcomments&post=11590"}],"version-history":[{"count":0,"href":"https:\/\/inclusivenews.com.br\/index.php?rest_route=\/wp\/v2\/posts\/11590\/revisions"}],"wp:attachment":[{"href":"https:\/\/inclusivenews.com.br\/index.php?rest_route=%2Fwp%2Fv2%2Fmedia&parent=11590"}],"wp:term":[{"taxonomy":"category","embeddable":true,"href":"https:\/\/inclusivenews.com.br\/index.php?rest_route=%2Fwp%2Fv2%2Fcategories&post=11590"},{"taxonomy":"post_tag","embeddable":true,"href":"https:\/\/inclusivenews.com.br\/index.php?rest_route=%2Fwp%2Fv2%2Ftags&post=11590"}],"curies":[{"name":"wp","href":"https:\/\/api.w.org\/{rel}","templated":true}]}}