{"id":11592,"date":"2009-06-25T21:35:54","date_gmt":"2009-06-25T21:35:54","guid":{"rendered":"http:\/\/agenciainclusive.wordpress.com\/?p=8612"},"modified":"2009-06-25T21:35:54","modified_gmt":"2009-06-25T21:35:54","slug":"especialistas-criticam-projeto-sobre-direitos-das-pessoas-com-deficiencia-2","status":"publish","type":"post","link":"https:\/\/inclusivenews.com.br\/?p=11592","title":{"rendered":"Especialistas criticam projeto sobre direitos das pessoas com defici\u00eancia"},"content":{"rendered":"<p>Representantes de v\u00e1rios segmentos organizados em defesa das pessoas com defici\u00eancia criticaram nesta quinta-feira (25) proposta em tramita\u00e7\u00e3o que altera a Lei 7.853\/89, que disp\u00f5e sobre os direitos da pessoa com defici\u00eancia. De autoria do senador Jos\u00e9 Sarney (PMDB-AP), o projeto (PLS 112\/06) foi discutido em audi\u00eancia p\u00fablica na Comiss\u00e3o de Constitui\u00e7\u00e3o, Justi\u00e7a e Cidadania (CCJ), onde est\u00e1 sendo relatado pela senadora L\u00facia V\u00e2nia (PSDB-GO).<\/p>\n<p>A representante da Coordenadoria Nacional para Integra\u00e7\u00e3o da Pessoa com Defici\u00eancia (Corde), Izabel Maria Madeira de Loureiro Maior, afirmou aos senadores que qualquer norma brasileira sobre defici\u00eancia precisa estar adequada \u00e0 Conven\u00e7\u00e3o da Organiza\u00e7\u00e3o das Na\u00e7\u00f5es Unidas (ONU) sobre os Direitos das Pessoas com Defici\u00eancia, ratificada pelo Brasil no ano passado, ap\u00f3s ser aprovada pelas duas casas do Congresso Nacional.<\/p>\n<p>Ela lembrou que o projeto de Sarney n\u00e3o pode ser considerado uma afronta \u00e0 Conven\u00e7\u00e3o, pois foi apresentado em 2006, antes, portanto, da ratifica\u00e7\u00e3o da conven\u00e7\u00e3o pelo Brasil. Afirmou, entretanto, que h\u00e1 v\u00e1rios ajustes a serem feitos na proposta, que trata, por exemplo, da quest\u00e3o da reserva de mercado para os deficientes como uma atitude assistencialista.<\/p>\n<p>&#8211; Temos que tomar cuidado com a quest\u00e3o assistencialista, pois o empres\u00e1rio, hoje, considera que a capacita\u00e7\u00e3o dessas pessoas \u00e9 fundamental &#8211; afirmou Izabel Maria.<\/p>\n<p>Para a representante da Associa\u00e7\u00e3o Nacional dos Membros do Minist\u00e9rio P\u00fablico de Defesa dos Direitos dos Idosos e Pessoas com Defici\u00eancia (Ampid), Maria Aparecida Gugel, o projeto precisa ser melhor discutido com a sociedade brasileira. Caso contr\u00e1rio, opinou, deve ser arquivado.<\/p>\n<p>&#8211; Que vis\u00e3o \u00e9 essa que tem o Brasil de que a pessoa com defici\u00eancia precisa de assistencialismo? Esta casa precisa conhecer um pouco sobre os avan\u00e7os sociais conquistados na \u00e1rea da defici\u00eancia &#8211; avisou Maria Aparecida, para quem a pessoa com defici\u00eancia precisa \u00e9 ter oportunidades de educa\u00e7\u00e3o e de prepara\u00e7\u00e3o para o mercado de trabalho.<\/p>\n<p>Qualifica\u00e7\u00e3o profissional<\/p>\n<p>Acesso a educa\u00e7\u00e3o tamb\u00e9m foi apontado pela representante da Confedera\u00e7\u00e3o Nacional da Ind\u00fastria (CNI), Loni Elisete Manica, como fundamental para a inclus\u00e3o das pessoas com defici\u00eancia na sociedade. Para ela, a inclus\u00e3o dos deficientes no mercado de trabalho s\u00f3 se dar\u00e1 pela qualifica\u00e7\u00e3o profissional, pois as empresas n\u00e3o querem contratar deficientes somente para cumprir uma cota exigida pela lei.<\/p>\n<p>&#8211; O emprego ocorre com a inclus\u00e3o no sistema escolar. A pessoa s\u00f3 vai ter dignidade na empresa se tiver escolaridade.<\/p>\n<p>A mesma opini\u00e3o tem a portadora de defici\u00eancia e representante do Centro de Vida Independente (CVI), Fl\u00e1via Maria de Paiva Vital, para quem os deficientes est\u00e3o cansados de serem tratados como &#8220;coitadinhos&#8221;.<\/p>\n<p>&#8211; Querem nos tratar assim porque muitas das nossas leis ainda t\u00eam ran\u00e7o no assistencialismo. Precisamos \u00e9 de ensino de qualidade para todos. J\u00e1 se foi o tempo em que ped\u00edamos permiss\u00e3o para entrar. J\u00e1 entramos. Hoje lutamos para estarmos contemplados no plano de cargos e sal\u00e1rios &#8211; afirmou Fl\u00e1via Maria, que defendeu uma discuss\u00e3o ampla do projeto de Sarney, bem como de outros tantos sobre o assunto em tramita\u00e7\u00e3o nas duas casas do Congresso.<\/p>\n<p>Na opini\u00e3o do coordenador da Secretaria dos Direitos da Pessoa com Defici\u00eancia do Estado de S\u00e3o Paulo, Marco Ant\u00f4nio Pellegrine, o grande problema do PLS 112\/06 \u00e9 n\u00e3o ter sido discutido com segmentos de organiza\u00e7\u00f5es civis especializados em defici\u00eancia antes de ter sido apresentado ao Senado. Portador de defici\u00eancia, ele defendeu o sistema de cotas para os deficientes no mercado de trabalho.<\/p>\n<p>&#8211; O grande motor da inclus\u00e3o \u00e9 essa press\u00e3o que a lei de cotas tem colocado &#8211; garantiu Marco Ant\u00f4nio.<\/p>\n<p>A conselheira da Ordem dos Advogados do Brasil (OAB) La\u00eds Figueiredo Lopes afirmou que n\u00e3o \u00e9 mais poss\u00edvel, na sociedade moderna e principalmente ap\u00f3s a ratifica\u00e7\u00e3o da conven\u00e7\u00e3o da ONU, n\u00e3o reconhecer a plenitude da capacidade das pessoas com defici\u00eancia.<\/p>\n<p>&#8211; A grande conquista da conven\u00e7\u00e3o \u00e9 justamente esse olhar diferente sobre os deficientes. Hoje, trabalhamos com a perspectiva de que eles n\u00e3o precisam mais de um apoio especial, pois j\u00e1 s\u00e3o direitos conquistados &#8211; observou a representante da OAB.<\/p>\n<p>Val\u00e9ria Castanho \/ Ag\u00eancia Senado<\/p>\n<p>Fonte: <a href=\"http:\/\/www.senado.gov.br\/agencia\/verNoticia.aspx?codNoticia=92714&amp;codAplicativo=2\">http:\/\/www.senado.gov.br\/agencia\/verNoticia.aspx?codNoticia=92714&amp;codAplicativo=2<\/a><\/p>\n","protected":false},"excerpt":{"rendered":"<p>Representantes de v\u00e1rios segmentos organizados em defesa das pessoas com defici\u00eancia criticaram nesta quinta-feira (25) proposta em tramita\u00e7\u00e3o que altera a Lei 7.853\/89, que disp\u00f5e sobre os direitos da pessoa com defici\u00eancia. De autoria do senador Jos\u00e9 Sarney (PMDB-AP), o projeto (PLS 112\/06) foi discutido em audi\u00eancia p\u00fablica na Comiss\u00e3o de Constitui\u00e7\u00e3o, Justi\u00e7a e Cidadania [&hellip;]<\/p>\n","protected":false},"author":2,"featured_media":0,"comment_status":"open","ping_status":"open","sticky":false,"template":"","format":"standard","meta":{"site-container-style":"default","site-container-layout":"default","site-sidebar-layout":"default","disable-article-header":"default","disable-site-header":"default","disable-site-footer":"default","disable-content-area-spacing":"default","footnotes":""},"categories":[4],"tags":[],"class_list":["post-11592","post","type-post","status-publish","format-standard","hentry","category-noticias"],"yoast_head":"<!-- This site is optimized with the Yoast SEO plugin v27.4 - https:\/\/yoast.com\/product\/yoast-seo-wordpress\/ -->\n<title>Especialistas criticam projeto sobre direitos das pessoas com defici\u00eancia -<\/title>\n<meta name=\"robots\" content=\"index, follow, max-snippet:-1, max-image-preview:large, max-video-preview:-1\" \/>\n<link rel=\"canonical\" href=\"https:\/\/inclusivenews.com.br\/?p=11592\" \/>\n<meta property=\"og:locale\" content=\"pt_PT\" \/>\n<meta property=\"og:type\" content=\"article\" \/>\n<meta property=\"og:title\" content=\"Especialistas criticam projeto sobre direitos das pessoas com defici\u00eancia -\" \/>\n<meta property=\"og:description\" content=\"Representantes de v\u00e1rios segmentos organizados em defesa das pessoas com defici\u00eancia criticaram nesta quinta-feira (25) proposta em tramita\u00e7\u00e3o que altera a Lei 7.853\/89, que disp\u00f5e sobre os direitos da pessoa com defici\u00eancia. De autoria do senador Jos\u00e9 Sarney (PMDB-AP), o projeto (PLS 112\/06) foi discutido em audi\u00eancia p\u00fablica na Comiss\u00e3o de Constitui\u00e7\u00e3o, Justi\u00e7a e Cidadania [&hellip;]\" \/>\n<meta property=\"og:url\" content=\"https:\/\/inclusivenews.com.br\/?p=11592\" \/>\n<meta property=\"article:publisher\" content=\"https:\/\/www.facebook.com\/agenciainclusive\/\" \/>\n<meta property=\"article:published_time\" content=\"2009-06-25T21:35:54+00:00\" \/>\n<meta name=\"author\" content=\"Inclusive\" \/>\n<meta name=\"twitter:card\" content=\"summary_large_image\" \/>\n<meta name=\"twitter:label1\" content=\"Escrito por\" \/>\n\t<meta name=\"twitter:data1\" content=\"Inclusive\" \/>\n\t<meta name=\"twitter:label2\" content=\"Tempo estimado de leitura\" \/>\n\t<meta name=\"twitter:data2\" content=\"4 minutos\" \/>\n<script type=\"application\/ld+json\" class=\"yoast-schema-graph\">{\"@context\":\"https:\\\/\\\/schema.org\",\"@graph\":[{\"@type\":\"Article\",\"@id\":\"https:\\\/\\\/inclusivenews.com.br\\\/?p=11592#article\",\"isPartOf\":{\"@id\":\"https:\\\/\\\/inclusivenews.com.br\\\/?p=11592\"},\"author\":{\"name\":\"Inclusive\",\"@id\":\"https:\\\/\\\/inclusivenews.com.br\\\/#\\\/schema\\\/person\\\/0dab492019871b94abb65fa8ee7c8c44\"},\"headline\":\"Especialistas criticam projeto sobre direitos das pessoas com defici\u00eancia\",\"datePublished\":\"2009-06-25T21:35:54+00:00\",\"mainEntityOfPage\":{\"@id\":\"https:\\\/\\\/inclusivenews.com.br\\\/?p=11592\"},\"wordCount\":754,\"commentCount\":0,\"publisher\":{\"@id\":\"https:\\\/\\\/inclusivenews.com.br\\\/#organization\"},\"articleSection\":[\"NOT\u00cdCIAS\"],\"inLanguage\":\"pt-PT\",\"potentialAction\":[{\"@type\":\"CommentAction\",\"name\":\"Comment\",\"target\":[\"https:\\\/\\\/inclusivenews.com.br\\\/?p=11592#respond\"]}]},{\"@type\":\"WebPage\",\"@id\":\"https:\\\/\\\/inclusivenews.com.br\\\/?p=11592\",\"url\":\"https:\\\/\\\/inclusivenews.com.br\\\/?p=11592\",\"name\":\"Especialistas criticam projeto sobre direitos das pessoas com defici\u00eancia -\",\"isPartOf\":{\"@id\":\"https:\\\/\\\/inclusivenews.com.br\\\/#website\"},\"datePublished\":\"2009-06-25T21:35:54+00:00\",\"breadcrumb\":{\"@id\":\"https:\\\/\\\/inclusivenews.com.br\\\/?p=11592#breadcrumb\"},\"inLanguage\":\"pt-PT\",\"potentialAction\":[{\"@type\":\"ReadAction\",\"target\":[\"https:\\\/\\\/inclusivenews.com.br\\\/?p=11592\"]}]},{\"@type\":\"BreadcrumbList\",\"@id\":\"https:\\\/\\\/inclusivenews.com.br\\\/?p=11592#breadcrumb\",\"itemListElement\":[{\"@type\":\"ListItem\",\"position\":1,\"name\":\"In\u00edcio\",\"item\":\"https:\\\/\\\/inclusivenews.com.br\\\/\"},{\"@type\":\"ListItem\",\"position\":2,\"name\":\"Especialistas criticam projeto sobre direitos das pessoas com defici\u00eancia\"}]},{\"@type\":\"WebSite\",\"@id\":\"https:\\\/\\\/inclusivenews.com.br\\\/#website\",\"url\":\"https:\\\/\\\/inclusivenews.com.br\\\/\",\"name\":\"Inclusive News\",\"description\":\"Inclusive News\",\"publisher\":{\"@id\":\"https:\\\/\\\/inclusivenews.com.br\\\/#organization\"},\"potentialAction\":[{\"@type\":\"SearchAction\",\"target\":{\"@type\":\"EntryPoint\",\"urlTemplate\":\"https:\\\/\\\/inclusivenews.com.br\\\/?s={search_term_string}\"},\"query-input\":{\"@type\":\"PropertyValueSpecification\",\"valueRequired\":true,\"valueName\":\"search_term_string\"}}],\"inLanguage\":\"pt-PT\"},{\"@type\":\"Organization\",\"@id\":\"https:\\\/\\\/inclusivenews.com.br\\\/#organization\",\"name\":\"Inclusive - inclus\u00e3o e cidadania\",\"url\":\"https:\\\/\\\/inclusivenews.com.br\\\/\",\"logo\":{\"@type\":\"ImageObject\",\"inLanguage\":\"pt-PT\",\"@id\":\"https:\\\/\\\/inclusivenews.com.br\\\/#\\\/schema\\\/logo\\\/image\\\/\",\"url\":\"https:\\\/\\\/inclusivenews.com.br\\\/wp-content\\\/uploads\\\/2024\\\/03\\\/@grandesite.png\",\"contentUrl\":\"https:\\\/\\\/inclusivenews.com.br\\\/wp-content\\\/uploads\\\/2024\\\/03\\\/@grandesite.png\",\"width\":1080,\"height\":1080,\"caption\":\"Inclusive - inclus\u00e3o e cidadania\"},\"image\":{\"@id\":\"https:\\\/\\\/inclusivenews.com.br\\\/#\\\/schema\\\/logo\\\/image\\\/\"},\"sameAs\":[\"https:\\\/\\\/www.facebook.com\\\/agenciainclusive\\\/\",\"https:\\\/\\\/www.instagram.com\\\/newsinclusive\\\/\"]},{\"@type\":\"Person\",\"@id\":\"https:\\\/\\\/inclusivenews.com.br\\\/#\\\/schema\\\/person\\\/0dab492019871b94abb65fa8ee7c8c44\",\"name\":\"Inclusive\",\"image\":{\"@type\":\"ImageObject\",\"inLanguage\":\"pt-PT\",\"@id\":\"https:\\\/\\\/secure.gravatar.com\\\/avatar\\\/?s=96&d=mm&r=g\",\"url\":\"https:\\\/\\\/secure.gravatar.com\\\/avatar\\\/?s=96&d=mm&r=g\",\"contentUrl\":\"https:\\\/\\\/secure.gravatar.com\\\/avatar\\\/?s=96&d=mm&r=g\",\"caption\":\"Inclusive\"},\"url\":\"https:\\\/\\\/inclusivenews.com.br\\\/?author=2\"}]}<\/script>\n<!-- \/ Yoast SEO plugin. -->","yoast_head_json":{"title":"Especialistas criticam projeto sobre direitos das pessoas com defici\u00eancia -","robots":{"index":"index","follow":"follow","max-snippet":"max-snippet:-1","max-image-preview":"max-image-preview:large","max-video-preview":"max-video-preview:-1"},"canonical":"https:\/\/inclusivenews.com.br\/?p=11592","og_locale":"pt_PT","og_type":"article","og_title":"Especialistas criticam projeto sobre direitos das pessoas com defici\u00eancia -","og_description":"Representantes de v\u00e1rios segmentos organizados em defesa das pessoas com defici\u00eancia criticaram nesta quinta-feira (25) proposta em tramita\u00e7\u00e3o que altera a Lei 7.853\/89, que disp\u00f5e sobre os direitos da pessoa com defici\u00eancia. De autoria do senador Jos\u00e9 Sarney (PMDB-AP), o projeto (PLS 112\/06) foi discutido em audi\u00eancia p\u00fablica na Comiss\u00e3o de Constitui\u00e7\u00e3o, Justi\u00e7a e Cidadania [&hellip;]","og_url":"https:\/\/inclusivenews.com.br\/?p=11592","article_publisher":"https:\/\/www.facebook.com\/agenciainclusive\/","article_published_time":"2009-06-25T21:35:54+00:00","author":"Inclusive","twitter_card":"summary_large_image","twitter_misc":{"Escrito por":"Inclusive","Tempo estimado de leitura":"4 minutos"},"schema":{"@context":"https:\/\/schema.org","@graph":[{"@type":"Article","@id":"https:\/\/inclusivenews.com.br\/?p=11592#article","isPartOf":{"@id":"https:\/\/inclusivenews.com.br\/?p=11592"},"author":{"name":"Inclusive","@id":"https:\/\/inclusivenews.com.br\/#\/schema\/person\/0dab492019871b94abb65fa8ee7c8c44"},"headline":"Especialistas criticam projeto sobre direitos das pessoas com defici\u00eancia","datePublished":"2009-06-25T21:35:54+00:00","mainEntityOfPage":{"@id":"https:\/\/inclusivenews.com.br\/?p=11592"},"wordCount":754,"commentCount":0,"publisher":{"@id":"https:\/\/inclusivenews.com.br\/#organization"},"articleSection":["NOT\u00cdCIAS"],"inLanguage":"pt-PT","potentialAction":[{"@type":"CommentAction","name":"Comment","target":["https:\/\/inclusivenews.com.br\/?p=11592#respond"]}]},{"@type":"WebPage","@id":"https:\/\/inclusivenews.com.br\/?p=11592","url":"https:\/\/inclusivenews.com.br\/?p=11592","name":"Especialistas criticam projeto sobre direitos das pessoas com defici\u00eancia -","isPartOf":{"@id":"https:\/\/inclusivenews.com.br\/#website"},"datePublished":"2009-06-25T21:35:54+00:00","breadcrumb":{"@id":"https:\/\/inclusivenews.com.br\/?p=11592#breadcrumb"},"inLanguage":"pt-PT","potentialAction":[{"@type":"ReadAction","target":["https:\/\/inclusivenews.com.br\/?p=11592"]}]},{"@type":"BreadcrumbList","@id":"https:\/\/inclusivenews.com.br\/?p=11592#breadcrumb","itemListElement":[{"@type":"ListItem","position":1,"name":"In\u00edcio","item":"https:\/\/inclusivenews.com.br\/"},{"@type":"ListItem","position":2,"name":"Especialistas criticam projeto sobre direitos das pessoas com defici\u00eancia"}]},{"@type":"WebSite","@id":"https:\/\/inclusivenews.com.br\/#website","url":"https:\/\/inclusivenews.com.br\/","name":"Inclusive News","description":"Inclusive News","publisher":{"@id":"https:\/\/inclusivenews.com.br\/#organization"},"potentialAction":[{"@type":"SearchAction","target":{"@type":"EntryPoint","urlTemplate":"https:\/\/inclusivenews.com.br\/?s={search_term_string}"},"query-input":{"@type":"PropertyValueSpecification","valueRequired":true,"valueName":"search_term_string"}}],"inLanguage":"pt-PT"},{"@type":"Organization","@id":"https:\/\/inclusivenews.com.br\/#organization","name":"Inclusive - inclus\u00e3o e cidadania","url":"https:\/\/inclusivenews.com.br\/","logo":{"@type":"ImageObject","inLanguage":"pt-PT","@id":"https:\/\/inclusivenews.com.br\/#\/schema\/logo\/image\/","url":"https:\/\/inclusivenews.com.br\/wp-content\/uploads\/2024\/03\/@grandesite.png","contentUrl":"https:\/\/inclusivenews.com.br\/wp-content\/uploads\/2024\/03\/@grandesite.png","width":1080,"height":1080,"caption":"Inclusive - inclus\u00e3o e cidadania"},"image":{"@id":"https:\/\/inclusivenews.com.br\/#\/schema\/logo\/image\/"},"sameAs":["https:\/\/www.facebook.com\/agenciainclusive\/","https:\/\/www.instagram.com\/newsinclusive\/"]},{"@type":"Person","@id":"https:\/\/inclusivenews.com.br\/#\/schema\/person\/0dab492019871b94abb65fa8ee7c8c44","name":"Inclusive","image":{"@type":"ImageObject","inLanguage":"pt-PT","@id":"https:\/\/secure.gravatar.com\/avatar\/?s=96&d=mm&r=g","url":"https:\/\/secure.gravatar.com\/avatar\/?s=96&d=mm&r=g","contentUrl":"https:\/\/secure.gravatar.com\/avatar\/?s=96&d=mm&r=g","caption":"Inclusive"},"url":"https:\/\/inclusivenews.com.br\/?author=2"}]}},"_links":{"self":[{"href":"https:\/\/inclusivenews.com.br\/index.php?rest_route=\/wp\/v2\/posts\/11592","targetHints":{"allow":["GET"]}}],"collection":[{"href":"https:\/\/inclusivenews.com.br\/index.php?rest_route=\/wp\/v2\/posts"}],"about":[{"href":"https:\/\/inclusivenews.com.br\/index.php?rest_route=\/wp\/v2\/types\/post"}],"author":[{"embeddable":true,"href":"https:\/\/inclusivenews.com.br\/index.php?rest_route=\/wp\/v2\/users\/2"}],"replies":[{"embeddable":true,"href":"https:\/\/inclusivenews.com.br\/index.php?rest_route=%2Fwp%2Fv2%2Fcomments&post=11592"}],"version-history":[{"count":0,"href":"https:\/\/inclusivenews.com.br\/index.php?rest_route=\/wp\/v2\/posts\/11592\/revisions"}],"wp:attachment":[{"href":"https:\/\/inclusivenews.com.br\/index.php?rest_route=%2Fwp%2Fv2%2Fmedia&parent=11592"}],"wp:term":[{"taxonomy":"category","embeddable":true,"href":"https:\/\/inclusivenews.com.br\/index.php?rest_route=%2Fwp%2Fv2%2Fcategories&post=11592"},{"taxonomy":"post_tag","embeddable":true,"href":"https:\/\/inclusivenews.com.br\/index.php?rest_route=%2Fwp%2Fv2%2Ftags&post=11592"}],"curies":[{"name":"wp","href":"https:\/\/api.w.org\/{rel}","templated":true}]}}