{"id":11612,"date":"2009-06-30T10:15:00","date_gmt":"2009-06-30T10:15:00","guid":{"rendered":"http:\/\/agenciainclusive.wordpress.com\/?p=8674"},"modified":"2009-06-30T10:15:00","modified_gmt":"2009-06-30T10:15:00","slug":"pne-sera-discutido-em-videoconferencia-nesta-terca-feira-dia-30-2","status":"publish","type":"post","link":"https:\/\/inclusivenews.com.br\/?p=11612","title":{"rendered":"PNE ser\u00e1 discutido em videoconfer\u00eancia nesta ter\u00e7a-feira, dia 30"},"content":{"rendered":"<p>A CEC (Comiss\u00e3o de Educa\u00e7\u00e3o e Cultura) da C\u00e2mara dos Deputados realizar\u00e1 nesta ter\u00e7a-feira, 30\/06, \u00e0s 14 horas, uma videoconfer\u00eancia para debater a constru\u00e7\u00e3o do novo PNE (Plano Nacional de Educa\u00e7\u00e3o). O Plano definir\u00e1 os rumos da educa\u00e7\u00e3o brasileira nos pr\u00f3ximos dez anos.<\/p>\n<p>O debate ser\u00e1 aberto ao p\u00fablico de todo o Brasil e para participar basta ir at\u00e9 uma das\u00a0 Assembl\u00e9ias Legislativas.\u00a0 Outra op\u00e7\u00e3o \u00e9 acessar o site <a href=\"http:\/\/www.interlegis.gov.br\/\">www.interlegis.gov.br<\/a>. Nesse caso, perguntas e sugest\u00f5es poder\u00e3o ser feitas por meio do endere\u00e7o eletr\u00f4nico <a href=\"mailto:gab.mariadorosario@camara.gov.br\">gab.mariadorosario@camara.gov.br<\/a>.<\/p>\n<p>A abertura da videoconfer\u00eancia ser\u00e1 feita pelo presidente da C\u00e2mara, Michel Temer (PMDB\/SP), e a condu\u00e7\u00e3o dos trabalhos pela presidenta da CEC, Maria do Ros\u00e1rio (PT\/RS). J\u00e1 o balan\u00e7o das perspectivas do debate ficar\u00e1 a cargo da presidenta do CNE (Conselho Nacional de Educa\u00e7\u00e3o), Cl\u00e9ria Brand\u00e3o.<\/p>\n<p>Semin\u00e1rios \u2013 Durante o segundo semestre de 2009 a CEC e as entidades envolvidas far\u00e3o uma s\u00e9rie de semin\u00e1rios regionais e encontros municipais para levantar propostas locais sobre o PNE. Essas id\u00e9ias ser\u00e3o sistematizadas em um encontro nacional a ser realizado, em Bras\u00edlia, no final do ano.<\/p>\n","protected":false},"excerpt":{"rendered":"<p>A CEC (Comiss\u00e3o de Educa\u00e7\u00e3o e Cultura) da C\u00e2mara dos Deputados realizar\u00e1 nesta ter\u00e7a-feira, 30\/06, \u00e0s 14 horas, uma videoconfer\u00eancia para debater a constru\u00e7\u00e3o do novo PNE (Plano Nacional de Educa\u00e7\u00e3o). O Plano definir\u00e1 os rumos da educa\u00e7\u00e3o brasileira nos pr\u00f3ximos dez anos. O debate ser\u00e1 aberto ao p\u00fablico de todo o Brasil e para [&hellip;]<\/p>\n","protected":false},"author":2,"featured_media":0,"comment_status":"open","ping_status":"open","sticky":false,"template":"","format":"standard","meta":{"site-container-style":"default","site-container-layout":"default","site-sidebar-layout":"default","disable-article-header":"default","disable-site-header":"default","disable-site-footer":"default","disable-content-area-spacing":"default","footnotes":""},"categories":[3,4],"tags":[],"class_list":["post-11612","post","type-post","status-publish","format-standard","hentry","category-campanhas","category-noticias"],"yoast_head":"<!-- This site is optimized with the Yoast SEO plugin v27.4 - https:\/\/yoast.com\/product\/yoast-seo-wordpress\/ -->\n<title>PNE ser\u00e1 discutido em videoconfer\u00eancia nesta ter\u00e7a-feira, dia 30 -<\/title>\n<meta name=\"robots\" content=\"index, follow, max-snippet:-1, max-image-preview:large, max-video-preview:-1\" \/>\n<link rel=\"canonical\" href=\"https:\/\/inclusivenews.com.br\/?p=11612\" \/>\n<meta property=\"og:locale\" content=\"pt_PT\" \/>\n<meta property=\"og:type\" content=\"article\" \/>\n<meta property=\"og:title\" content=\"PNE ser\u00e1 discutido em videoconfer\u00eancia nesta ter\u00e7a-feira, dia 30 -\" \/>\n<meta property=\"og:description\" content=\"A CEC (Comiss\u00e3o de Educa\u00e7\u00e3o e Cultura) da C\u00e2mara dos Deputados realizar\u00e1 nesta ter\u00e7a-feira, 30\/06, \u00e0s 14 horas, uma videoconfer\u00eancia para debater a constru\u00e7\u00e3o do novo PNE (Plano Nacional de Educa\u00e7\u00e3o). O Plano definir\u00e1 os rumos da educa\u00e7\u00e3o brasileira nos pr\u00f3ximos dez anos. O debate ser\u00e1 aberto ao p\u00fablico de todo o Brasil e para [&hellip;]\" \/>\n<meta property=\"og:url\" content=\"https:\/\/inclusivenews.com.br\/?p=11612\" \/>\n<meta property=\"article:publisher\" content=\"https:\/\/www.facebook.com\/agenciainclusive\/\" \/>\n<meta property=\"article:published_time\" content=\"2009-06-30T10:15:00+00:00\" \/>\n<meta name=\"author\" content=\"Inclusive\" \/>\n<meta name=\"twitter:card\" content=\"summary_large_image\" \/>\n<meta name=\"twitter:label1\" content=\"Escrito por\" \/>\n\t<meta name=\"twitter:data1\" content=\"Inclusive\" \/>\n\t<meta name=\"twitter:label2\" content=\"Tempo estimado de leitura\" \/>\n\t<meta name=\"twitter:data2\" content=\"1 minuto\" \/>\n<script type=\"application\/ld+json\" class=\"yoast-schema-graph\">{\"@context\":\"https:\\\/\\\/schema.org\",\"@graph\":[{\"@type\":\"Article\",\"@id\":\"https:\\\/\\\/inclusivenews.com.br\\\/?p=11612#article\",\"isPartOf\":{\"@id\":\"https:\\\/\\\/inclusivenews.com.br\\\/?p=11612\"},\"author\":{\"name\":\"Inclusive\",\"@id\":\"https:\\\/\\\/inclusivenews.com.br\\\/#\\\/schema\\\/person\\\/0dab492019871b94abb65fa8ee7c8c44\"},\"headline\":\"PNE ser\u00e1 discutido em videoconfer\u00eancia nesta ter\u00e7a-feira, dia 30\",\"datePublished\":\"2009-06-30T10:15:00+00:00\",\"mainEntityOfPage\":{\"@id\":\"https:\\\/\\\/inclusivenews.com.br\\\/?p=11612\"},\"wordCount\":222,\"commentCount\":0,\"publisher\":{\"@id\":\"https:\\\/\\\/inclusivenews.com.br\\\/#organization\"},\"articleSection\":[\"CAMPANHAS\",\"NOT\u00cdCIAS\"],\"inLanguage\":\"pt-PT\",\"potentialAction\":[{\"@type\":\"CommentAction\",\"name\":\"Comment\",\"target\":[\"https:\\\/\\\/inclusivenews.com.br\\\/?p=11612#respond\"]}]},{\"@type\":\"WebPage\",\"@id\":\"https:\\\/\\\/inclusivenews.com.br\\\/?p=11612\",\"url\":\"https:\\\/\\\/inclusivenews.com.br\\\/?p=11612\",\"name\":\"PNE ser\u00e1 discutido em videoconfer\u00eancia nesta ter\u00e7a-feira, dia 30 -\",\"isPartOf\":{\"@id\":\"https:\\\/\\\/inclusivenews.com.br\\\/#website\"},\"datePublished\":\"2009-06-30T10:15:00+00:00\",\"breadcrumb\":{\"@id\":\"https:\\\/\\\/inclusivenews.com.br\\\/?p=11612#breadcrumb\"},\"inLanguage\":\"pt-PT\",\"potentialAction\":[{\"@type\":\"ReadAction\",\"target\":[\"https:\\\/\\\/inclusivenews.com.br\\\/?p=11612\"]}]},{\"@type\":\"BreadcrumbList\",\"@id\":\"https:\\\/\\\/inclusivenews.com.br\\\/?p=11612#breadcrumb\",\"itemListElement\":[{\"@type\":\"ListItem\",\"position\":1,\"name\":\"In\u00edcio\",\"item\":\"https:\\\/\\\/inclusivenews.com.br\\\/\"},{\"@type\":\"ListItem\",\"position\":2,\"name\":\"PNE ser\u00e1 discutido em videoconfer\u00eancia nesta ter\u00e7a-feira, dia 30\"}]},{\"@type\":\"WebSite\",\"@id\":\"https:\\\/\\\/inclusivenews.com.br\\\/#website\",\"url\":\"https:\\\/\\\/inclusivenews.com.br\\\/\",\"name\":\"Inclusive News\",\"description\":\"Inclusive News\",\"publisher\":{\"@id\":\"https:\\\/\\\/inclusivenews.com.br\\\/#organization\"},\"potentialAction\":[{\"@type\":\"SearchAction\",\"target\":{\"@type\":\"EntryPoint\",\"urlTemplate\":\"https:\\\/\\\/inclusivenews.com.br\\\/?s={search_term_string}\"},\"query-input\":{\"@type\":\"PropertyValueSpecification\",\"valueRequired\":true,\"valueName\":\"search_term_string\"}}],\"inLanguage\":\"pt-PT\"},{\"@type\":\"Organization\",\"@id\":\"https:\\\/\\\/inclusivenews.com.br\\\/#organization\",\"name\":\"Inclusive - inclus\u00e3o e cidadania\",\"url\":\"https:\\\/\\\/inclusivenews.com.br\\\/\",\"logo\":{\"@type\":\"ImageObject\",\"inLanguage\":\"pt-PT\",\"@id\":\"https:\\\/\\\/inclusivenews.com.br\\\/#\\\/schema\\\/logo\\\/image\\\/\",\"url\":\"https:\\\/\\\/inclusivenews.com.br\\\/wp-content\\\/uploads\\\/2024\\\/03\\\/@grandesite.png\",\"contentUrl\":\"https:\\\/\\\/inclusivenews.com.br\\\/wp-content\\\/uploads\\\/2024\\\/03\\\/@grandesite.png\",\"width\":1080,\"height\":1080,\"caption\":\"Inclusive - inclus\u00e3o e cidadania\"},\"image\":{\"@id\":\"https:\\\/\\\/inclusivenews.com.br\\\/#\\\/schema\\\/logo\\\/image\\\/\"},\"sameAs\":[\"https:\\\/\\\/www.facebook.com\\\/agenciainclusive\\\/\",\"https:\\\/\\\/www.instagram.com\\\/newsinclusive\\\/\"]},{\"@type\":\"Person\",\"@id\":\"https:\\\/\\\/inclusivenews.com.br\\\/#\\\/schema\\\/person\\\/0dab492019871b94abb65fa8ee7c8c44\",\"name\":\"Inclusive\",\"image\":{\"@type\":\"ImageObject\",\"inLanguage\":\"pt-PT\",\"@id\":\"https:\\\/\\\/secure.gravatar.com\\\/avatar\\\/?s=96&d=mm&r=g\",\"url\":\"https:\\\/\\\/secure.gravatar.com\\\/avatar\\\/?s=96&d=mm&r=g\",\"contentUrl\":\"https:\\\/\\\/secure.gravatar.com\\\/avatar\\\/?s=96&d=mm&r=g\",\"caption\":\"Inclusive\"},\"url\":\"https:\\\/\\\/inclusivenews.com.br\\\/?author=2\"}]}<\/script>\n<!-- \/ Yoast SEO plugin. -->","yoast_head_json":{"title":"PNE ser\u00e1 discutido em videoconfer\u00eancia nesta ter\u00e7a-feira, dia 30 -","robots":{"index":"index","follow":"follow","max-snippet":"max-snippet:-1","max-image-preview":"max-image-preview:large","max-video-preview":"max-video-preview:-1"},"canonical":"https:\/\/inclusivenews.com.br\/?p=11612","og_locale":"pt_PT","og_type":"article","og_title":"PNE ser\u00e1 discutido em videoconfer\u00eancia nesta ter\u00e7a-feira, dia 30 -","og_description":"A CEC (Comiss\u00e3o de Educa\u00e7\u00e3o e Cultura) da C\u00e2mara dos Deputados realizar\u00e1 nesta ter\u00e7a-feira, 30\/06, \u00e0s 14 horas, uma videoconfer\u00eancia para debater a constru\u00e7\u00e3o do novo PNE (Plano Nacional de Educa\u00e7\u00e3o). O Plano definir\u00e1 os rumos da educa\u00e7\u00e3o brasileira nos pr\u00f3ximos dez anos. O debate ser\u00e1 aberto ao p\u00fablico de todo o Brasil e para [&hellip;]","og_url":"https:\/\/inclusivenews.com.br\/?p=11612","article_publisher":"https:\/\/www.facebook.com\/agenciainclusive\/","article_published_time":"2009-06-30T10:15:00+00:00","author":"Inclusive","twitter_card":"summary_large_image","twitter_misc":{"Escrito por":"Inclusive","Tempo estimado de leitura":"1 minuto"},"schema":{"@context":"https:\/\/schema.org","@graph":[{"@type":"Article","@id":"https:\/\/inclusivenews.com.br\/?p=11612#article","isPartOf":{"@id":"https:\/\/inclusivenews.com.br\/?p=11612"},"author":{"name":"Inclusive","@id":"https:\/\/inclusivenews.com.br\/#\/schema\/person\/0dab492019871b94abb65fa8ee7c8c44"},"headline":"PNE ser\u00e1 discutido em videoconfer\u00eancia nesta ter\u00e7a-feira, dia 30","datePublished":"2009-06-30T10:15:00+00:00","mainEntityOfPage":{"@id":"https:\/\/inclusivenews.com.br\/?p=11612"},"wordCount":222,"commentCount":0,"publisher":{"@id":"https:\/\/inclusivenews.com.br\/#organization"},"articleSection":["CAMPANHAS","NOT\u00cdCIAS"],"inLanguage":"pt-PT","potentialAction":[{"@type":"CommentAction","name":"Comment","target":["https:\/\/inclusivenews.com.br\/?p=11612#respond"]}]},{"@type":"WebPage","@id":"https:\/\/inclusivenews.com.br\/?p=11612","url":"https:\/\/inclusivenews.com.br\/?p=11612","name":"PNE ser\u00e1 discutido em videoconfer\u00eancia nesta ter\u00e7a-feira, dia 30 -","isPartOf":{"@id":"https:\/\/inclusivenews.com.br\/#website"},"datePublished":"2009-06-30T10:15:00+00:00","breadcrumb":{"@id":"https:\/\/inclusivenews.com.br\/?p=11612#breadcrumb"},"inLanguage":"pt-PT","potentialAction":[{"@type":"ReadAction","target":["https:\/\/inclusivenews.com.br\/?p=11612"]}]},{"@type":"BreadcrumbList","@id":"https:\/\/inclusivenews.com.br\/?p=11612#breadcrumb","itemListElement":[{"@type":"ListItem","position":1,"name":"In\u00edcio","item":"https:\/\/inclusivenews.com.br\/"},{"@type":"ListItem","position":2,"name":"PNE ser\u00e1 discutido em videoconfer\u00eancia nesta ter\u00e7a-feira, dia 30"}]},{"@type":"WebSite","@id":"https:\/\/inclusivenews.com.br\/#website","url":"https:\/\/inclusivenews.com.br\/","name":"Inclusive News","description":"Inclusive News","publisher":{"@id":"https:\/\/inclusivenews.com.br\/#organization"},"potentialAction":[{"@type":"SearchAction","target":{"@type":"EntryPoint","urlTemplate":"https:\/\/inclusivenews.com.br\/?s={search_term_string}"},"query-input":{"@type":"PropertyValueSpecification","valueRequired":true,"valueName":"search_term_string"}}],"inLanguage":"pt-PT"},{"@type":"Organization","@id":"https:\/\/inclusivenews.com.br\/#organization","name":"Inclusive - inclus\u00e3o e cidadania","url":"https:\/\/inclusivenews.com.br\/","logo":{"@type":"ImageObject","inLanguage":"pt-PT","@id":"https:\/\/inclusivenews.com.br\/#\/schema\/logo\/image\/","url":"https:\/\/inclusivenews.com.br\/wp-content\/uploads\/2024\/03\/@grandesite.png","contentUrl":"https:\/\/inclusivenews.com.br\/wp-content\/uploads\/2024\/03\/@grandesite.png","width":1080,"height":1080,"caption":"Inclusive - inclus\u00e3o e cidadania"},"image":{"@id":"https:\/\/inclusivenews.com.br\/#\/schema\/logo\/image\/"},"sameAs":["https:\/\/www.facebook.com\/agenciainclusive\/","https:\/\/www.instagram.com\/newsinclusive\/"]},{"@type":"Person","@id":"https:\/\/inclusivenews.com.br\/#\/schema\/person\/0dab492019871b94abb65fa8ee7c8c44","name":"Inclusive","image":{"@type":"ImageObject","inLanguage":"pt-PT","@id":"https:\/\/secure.gravatar.com\/avatar\/?s=96&d=mm&r=g","url":"https:\/\/secure.gravatar.com\/avatar\/?s=96&d=mm&r=g","contentUrl":"https:\/\/secure.gravatar.com\/avatar\/?s=96&d=mm&r=g","caption":"Inclusive"},"url":"https:\/\/inclusivenews.com.br\/?author=2"}]}},"_links":{"self":[{"href":"https:\/\/inclusivenews.com.br\/index.php?rest_route=\/wp\/v2\/posts\/11612","targetHints":{"allow":["GET"]}}],"collection":[{"href":"https:\/\/inclusivenews.com.br\/index.php?rest_route=\/wp\/v2\/posts"}],"about":[{"href":"https:\/\/inclusivenews.com.br\/index.php?rest_route=\/wp\/v2\/types\/post"}],"author":[{"embeddable":true,"href":"https:\/\/inclusivenews.com.br\/index.php?rest_route=\/wp\/v2\/users\/2"}],"replies":[{"embeddable":true,"href":"https:\/\/inclusivenews.com.br\/index.php?rest_route=%2Fwp%2Fv2%2Fcomments&post=11612"}],"version-history":[{"count":0,"href":"https:\/\/inclusivenews.com.br\/index.php?rest_route=\/wp\/v2\/posts\/11612\/revisions"}],"wp:attachment":[{"href":"https:\/\/inclusivenews.com.br\/index.php?rest_route=%2Fwp%2Fv2%2Fmedia&parent=11612"}],"wp:term":[{"taxonomy":"category","embeddable":true,"href":"https:\/\/inclusivenews.com.br\/index.php?rest_route=%2Fwp%2Fv2%2Fcategories&post=11612"},{"taxonomy":"post_tag","embeddable":true,"href":"https:\/\/inclusivenews.com.br\/index.php?rest_route=%2Fwp%2Fv2%2Ftags&post=11612"}],"curies":[{"name":"wp","href":"https:\/\/api.w.org\/{rel}","templated":true}]}}