{"id":11968,"date":"2009-10-02T07:08:30","date_gmt":"2009-10-02T10:08:30","guid":{"rendered":"http:\/\/agenciainclusive.wordpress.com\/?p=11421"},"modified":"2009-10-02T07:08:30","modified_gmt":"2009-10-02T10:08:30","slug":"pnud-divulga-na-2%c2%aa-novo-estudo-e-idh","status":"publish","type":"post","link":"https:\/\/inclusivenews.com.br\/?p=11968","title":{"rendered":"PNUD divulga na 2\u00aa novo estudo e IDH"},"content":{"rendered":"<div class=\"mceTemp\" style=\"text-align:center;\">\n<dl class=\"wp-caption alignleft\">\n<dt class=\"wp-caption-dt\"><a href=\"http:\/\/agenciainclusive.files.wordpress.com\/2008\/11\/pnudbrasil.gif\"><img loading=\"lazy\" decoding=\"async\" class=\"size-full wp-image-1894\" title=\"pnudbrasil\" src=\"http:\/\/agenciainclusive.files.wordpress.com\/2008\/11\/pnudbrasil.gif\" alt=\"Logotipo PNUD Brasil\" width=\"160\" height=\"133\" \/><\/a><\/dt>\n<dd class=\"wp-caption-dd\">Logotipo PNUD Brasil<\/dd>\n<\/dl>\n<\/div>\n<p>Por Reda\u00e7\u00e3o do Pnud<\/p>\n<p style=\"text-align:justify;\">Relat\u00f3rio de Desenvolvimento Humano vai abordar influ\u00eancia da migra\u00e7\u00e3o no progresso dos pa\u00edses de origem e destino de migrantes.<\/p>\n<p style=\"text-align:justify;\">O PNUD lan\u00e7a, na pr\u00f3xima segunda-feira (5 de outubro), sua principal publica\u00e7\u00e3o anual, o RDH (Relat\u00f3rio de Desenvolvimento Humano), que aborda um tema em profundidade e traz novos n\u00fameros do IDH (\u00cdndice de Desenvolvimento Humano). O assunto deste ano \u00e9 migra\u00e7\u00e3o \u2014 como o fluxo de pessoas entre pa\u00edses e dentro dos pa\u00edses afeta o desenvolvimento.<\/p>\n<p style=\"text-align:justify;\">Intitulado \u201cUltrapassar barreiras: mobilidade e desenvolvimento humanos\u201d, o relat\u00f3rio defende que a migra\u00e7\u00e3o tem potencial para melhorar a vida dos que se deslocam, dos que ficam e tamb\u00e9m das comunidades que recebem migrantes. No entanto, reconhece o texto, na pr\u00e1tica muitas vezes o resultado \u00e9 adverso para quem deixou seu local de origem.<\/p>\n<p style=\"text-align:justify;\">A publica\u00e7\u00e3o defende que o ser humano deve ter liberdade para se deslocar. \u201cO movimento de pessoas \u00e9 um fator crucial para ampliar as liberdades e oportunidades (em termos de trabalho, educa\u00e7\u00e3o, direitos pol\u00edticos, seguran\u00e7a e sa\u00fade)\u201d, afirma um texto de apresenta\u00e7\u00e3o do relat\u00f3rio. \u201cAs evid\u00eancias mostram claramente que reduzir os obst\u00e1culos ao movimento e melhorar as pol\u00edticas para os migrantes tem enormes benef\u00edcios potenciais para o desenvolvimento humano, os quais favoreceriam todos os grupos afetados pela migra\u00e7\u00e3o\u201d.<\/p>\n<p style=\"text-align:justify;\">Para isso, dir\u00e1 o informe do PNUD, \u00e9 preciso aprimorar pol\u00edticas e institui\u00e7\u00f5es em n\u00edvel nacional, regional e internacional. \u201cPol\u00edticas nacionais e locais t\u00eam um papel essencial em assegurar bons resultados de desenvolvimento humano tanto para os que optam por se mudar para melhorar sua situa\u00e7\u00e3o quanto para os que foram for\u00e7ados a se deslocar em raz\u00e3o de conflitos, degrada\u00e7\u00e3o ambiental ou outras causas.\u201d<\/p>\n<p style=\"text-align:justify;\">O relat\u00f3rio trar\u00e1 o IDH calculado com base em indicadores de 2007 \u2014 que n\u00e3o captam, portanto, a fase mais aguda da crise econ\u00f4mica, de 2008 e 2009. O \u00edndice, que abrange renda, educa\u00e7\u00e3o e longevidade, foi calculado para um n\u00famero recorde de pa\u00edses: 182.<\/p>\n<p style=\"text-align:justify;\"><strong>_________________________________<\/strong><\/p>\n<p style=\"text-align:justify;\"><strong>Fonte de informa\u00e7\u00e3o:<\/strong> <a href=\"http:\/\/envolverde.ig.com.br\/materia.php?cod=63895&amp;edt=1\" target=\"_blank\" rel=\"noopener\">PNUD\/ENVOLVERDE<\/a><\/p>\n","protected":false},"excerpt":{"rendered":"<p>Logotipo PNUD Brasil Por Reda\u00e7\u00e3o do Pnud Relat\u00f3rio de Desenvolvimento Humano vai abordar influ\u00eancia da migra\u00e7\u00e3o no progresso dos pa\u00edses de origem e destino de migrantes. O PNUD lan\u00e7a, na pr\u00f3xima segunda-feira (5 de outubro), sua principal publica\u00e7\u00e3o anual, o RDH (Relat\u00f3rio de Desenvolvimento Humano), que aborda um tema em profundidade e traz novos n\u00fameros [&hellip;]<\/p>\n","protected":false},"author":2,"featured_media":0,"comment_status":"open","ping_status":"open","sticky":false,"template":"","format":"standard","meta":{"site-container-style":"default","site-container-layout":"default","site-sidebar-layout":"default","disable-article-header":"default","disable-site-header":"default","disable-site-footer":"default","disable-content-area-spacing":"default","footnotes":""},"categories":[4],"tags":[],"class_list":["post-11968","post","type-post","status-publish","format-standard","hentry","category-noticias"],"yoast_head":"<!-- This site is optimized with the Yoast SEO plugin v27.4 - https:\/\/yoast.com\/product\/yoast-seo-wordpress\/ -->\n<title>PNUD divulga na 2\u00aa novo estudo e IDH -<\/title>\n<meta name=\"robots\" content=\"index, follow, max-snippet:-1, max-image-preview:large, max-video-preview:-1\" \/>\n<link rel=\"canonical\" href=\"https:\/\/inclusivenews.com.br\/?p=11968\" \/>\n<meta property=\"og:locale\" content=\"pt_PT\" \/>\n<meta property=\"og:type\" content=\"article\" \/>\n<meta property=\"og:title\" content=\"PNUD divulga na 2\u00aa novo estudo e IDH -\" \/>\n<meta property=\"og:description\" content=\"Logotipo PNUD Brasil Por Reda\u00e7\u00e3o do Pnud Relat\u00f3rio de Desenvolvimento Humano vai abordar influ\u00eancia da migra\u00e7\u00e3o no progresso dos pa\u00edses de origem e destino de migrantes. O PNUD lan\u00e7a, na pr\u00f3xima segunda-feira (5 de outubro), sua principal publica\u00e7\u00e3o anual, o RDH (Relat\u00f3rio de Desenvolvimento Humano), que aborda um tema em profundidade e traz novos n\u00fameros [&hellip;]\" \/>\n<meta property=\"og:url\" content=\"https:\/\/inclusivenews.com.br\/?p=11968\" \/>\n<meta property=\"article:publisher\" content=\"https:\/\/www.facebook.com\/agenciainclusive\/\" \/>\n<meta property=\"article:published_time\" content=\"2009-10-02T10:08:30+00:00\" \/>\n<meta property=\"og:image\" content=\"http:\/\/agenciainclusive.files.wordpress.com\/2008\/11\/pnudbrasil.gif\" \/>\n<meta name=\"author\" content=\"Inclusive\" \/>\n<meta name=\"twitter:card\" content=\"summary_large_image\" \/>\n<meta name=\"twitter:label1\" content=\"Escrito por\" \/>\n\t<meta name=\"twitter:data1\" content=\"Inclusive\" \/>\n\t<meta name=\"twitter:label2\" content=\"Tempo estimado de leitura\" \/>\n\t<meta name=\"twitter:data2\" content=\"2 minutos\" \/>\n<script type=\"application\/ld+json\" class=\"yoast-schema-graph\">{\"@context\":\"https:\\\/\\\/schema.org\",\"@graph\":[{\"@type\":\"Article\",\"@id\":\"https:\\\/\\\/inclusivenews.com.br\\\/?p=11968#article\",\"isPartOf\":{\"@id\":\"https:\\\/\\\/inclusivenews.com.br\\\/?p=11968\"},\"author\":{\"name\":\"Inclusive\",\"@id\":\"https:\\\/\\\/inclusivenews.com.br\\\/#\\\/schema\\\/person\\\/0dab492019871b94abb65fa8ee7c8c44\"},\"headline\":\"PNUD divulga na 2\u00aa novo estudo e IDH\",\"datePublished\":\"2009-10-02T10:08:30+00:00\",\"mainEntityOfPage\":{\"@id\":\"https:\\\/\\\/inclusivenews.com.br\\\/?p=11968\"},\"wordCount\":368,\"commentCount\":0,\"publisher\":{\"@id\":\"https:\\\/\\\/inclusivenews.com.br\\\/#organization\"},\"image\":{\"@id\":\"https:\\\/\\\/inclusivenews.com.br\\\/?p=11968#primaryimage\"},\"thumbnailUrl\":\"http:\\\/\\\/agenciainclusive.files.wordpress.com\\\/2008\\\/11\\\/pnudbrasil.gif\",\"articleSection\":[\"NOT\u00cdCIAS\"],\"inLanguage\":\"pt-PT\",\"potentialAction\":[{\"@type\":\"CommentAction\",\"name\":\"Comment\",\"target\":[\"https:\\\/\\\/inclusivenews.com.br\\\/?p=11968#respond\"]}]},{\"@type\":\"WebPage\",\"@id\":\"https:\\\/\\\/inclusivenews.com.br\\\/?p=11968\",\"url\":\"https:\\\/\\\/inclusivenews.com.br\\\/?p=11968\",\"name\":\"PNUD divulga na 2\u00aa novo estudo e IDH -\",\"isPartOf\":{\"@id\":\"https:\\\/\\\/inclusivenews.com.br\\\/#website\"},\"primaryImageOfPage\":{\"@id\":\"https:\\\/\\\/inclusivenews.com.br\\\/?p=11968#primaryimage\"},\"image\":{\"@id\":\"https:\\\/\\\/inclusivenews.com.br\\\/?p=11968#primaryimage\"},\"thumbnailUrl\":\"http:\\\/\\\/agenciainclusive.files.wordpress.com\\\/2008\\\/11\\\/pnudbrasil.gif\",\"datePublished\":\"2009-10-02T10:08:30+00:00\",\"breadcrumb\":{\"@id\":\"https:\\\/\\\/inclusivenews.com.br\\\/?p=11968#breadcrumb\"},\"inLanguage\":\"pt-PT\",\"potentialAction\":[{\"@type\":\"ReadAction\",\"target\":[\"https:\\\/\\\/inclusivenews.com.br\\\/?p=11968\"]}]},{\"@type\":\"ImageObject\",\"inLanguage\":\"pt-PT\",\"@id\":\"https:\\\/\\\/inclusivenews.com.br\\\/?p=11968#primaryimage\",\"url\":\"http:\\\/\\\/agenciainclusive.files.wordpress.com\\\/2008\\\/11\\\/pnudbrasil.gif\",\"contentUrl\":\"http:\\\/\\\/agenciainclusive.files.wordpress.com\\\/2008\\\/11\\\/pnudbrasil.gif\"},{\"@type\":\"BreadcrumbList\",\"@id\":\"https:\\\/\\\/inclusivenews.com.br\\\/?p=11968#breadcrumb\",\"itemListElement\":[{\"@type\":\"ListItem\",\"position\":1,\"name\":\"In\u00edcio\",\"item\":\"https:\\\/\\\/inclusivenews.com.br\\\/\"},{\"@type\":\"ListItem\",\"position\":2,\"name\":\"PNUD divulga na 2\u00aa novo estudo e IDH\"}]},{\"@type\":\"WebSite\",\"@id\":\"https:\\\/\\\/inclusivenews.com.br\\\/#website\",\"url\":\"https:\\\/\\\/inclusivenews.com.br\\\/\",\"name\":\"Inclusive News\",\"description\":\"Inclusive News\",\"publisher\":{\"@id\":\"https:\\\/\\\/inclusivenews.com.br\\\/#organization\"},\"potentialAction\":[{\"@type\":\"SearchAction\",\"target\":{\"@type\":\"EntryPoint\",\"urlTemplate\":\"https:\\\/\\\/inclusivenews.com.br\\\/?s={search_term_string}\"},\"query-input\":{\"@type\":\"PropertyValueSpecification\",\"valueRequired\":true,\"valueName\":\"search_term_string\"}}],\"inLanguage\":\"pt-PT\"},{\"@type\":\"Organization\",\"@id\":\"https:\\\/\\\/inclusivenews.com.br\\\/#organization\",\"name\":\"Inclusive - inclus\u00e3o e cidadania\",\"url\":\"https:\\\/\\\/inclusivenews.com.br\\\/\",\"logo\":{\"@type\":\"ImageObject\",\"inLanguage\":\"pt-PT\",\"@id\":\"https:\\\/\\\/inclusivenews.com.br\\\/#\\\/schema\\\/logo\\\/image\\\/\",\"url\":\"https:\\\/\\\/inclusivenews.com.br\\\/wp-content\\\/uploads\\\/2024\\\/03\\\/@grandesite.png\",\"contentUrl\":\"https:\\\/\\\/inclusivenews.com.br\\\/wp-content\\\/uploads\\\/2024\\\/03\\\/@grandesite.png\",\"width\":1080,\"height\":1080,\"caption\":\"Inclusive - inclus\u00e3o e cidadania\"},\"image\":{\"@id\":\"https:\\\/\\\/inclusivenews.com.br\\\/#\\\/schema\\\/logo\\\/image\\\/\"},\"sameAs\":[\"https:\\\/\\\/www.facebook.com\\\/agenciainclusive\\\/\",\"https:\\\/\\\/www.instagram.com\\\/newsinclusive\\\/\"]},{\"@type\":\"Person\",\"@id\":\"https:\\\/\\\/inclusivenews.com.br\\\/#\\\/schema\\\/person\\\/0dab492019871b94abb65fa8ee7c8c44\",\"name\":\"Inclusive\",\"image\":{\"@type\":\"ImageObject\",\"inLanguage\":\"pt-PT\",\"@id\":\"https:\\\/\\\/secure.gravatar.com\\\/avatar\\\/?s=96&d=mm&r=g\",\"url\":\"https:\\\/\\\/secure.gravatar.com\\\/avatar\\\/?s=96&d=mm&r=g\",\"contentUrl\":\"https:\\\/\\\/secure.gravatar.com\\\/avatar\\\/?s=96&d=mm&r=g\",\"caption\":\"Inclusive\"},\"url\":\"https:\\\/\\\/inclusivenews.com.br\\\/?author=2\"}]}<\/script>\n<!-- \/ Yoast SEO plugin. -->","yoast_head_json":{"title":"PNUD divulga na 2\u00aa novo estudo e IDH -","robots":{"index":"index","follow":"follow","max-snippet":"max-snippet:-1","max-image-preview":"max-image-preview:large","max-video-preview":"max-video-preview:-1"},"canonical":"https:\/\/inclusivenews.com.br\/?p=11968","og_locale":"pt_PT","og_type":"article","og_title":"PNUD divulga na 2\u00aa novo estudo e IDH -","og_description":"Logotipo PNUD Brasil Por Reda\u00e7\u00e3o do Pnud Relat\u00f3rio de Desenvolvimento Humano vai abordar influ\u00eancia da migra\u00e7\u00e3o no progresso dos pa\u00edses de origem e destino de migrantes. O PNUD lan\u00e7a, na pr\u00f3xima segunda-feira (5 de outubro), sua principal publica\u00e7\u00e3o anual, o RDH (Relat\u00f3rio de Desenvolvimento Humano), que aborda um tema em profundidade e traz novos n\u00fameros [&hellip;]","og_url":"https:\/\/inclusivenews.com.br\/?p=11968","article_publisher":"https:\/\/www.facebook.com\/agenciainclusive\/","article_published_time":"2009-10-02T10:08:30+00:00","og_image":[{"url":"http:\/\/agenciainclusive.files.wordpress.com\/2008\/11\/pnudbrasil.gif","type":"","width":"","height":""}],"author":"Inclusive","twitter_card":"summary_large_image","twitter_misc":{"Escrito por":"Inclusive","Tempo estimado de leitura":"2 minutos"},"schema":{"@context":"https:\/\/schema.org","@graph":[{"@type":"Article","@id":"https:\/\/inclusivenews.com.br\/?p=11968#article","isPartOf":{"@id":"https:\/\/inclusivenews.com.br\/?p=11968"},"author":{"name":"Inclusive","@id":"https:\/\/inclusivenews.com.br\/#\/schema\/person\/0dab492019871b94abb65fa8ee7c8c44"},"headline":"PNUD divulga na 2\u00aa novo estudo e IDH","datePublished":"2009-10-02T10:08:30+00:00","mainEntityOfPage":{"@id":"https:\/\/inclusivenews.com.br\/?p=11968"},"wordCount":368,"commentCount":0,"publisher":{"@id":"https:\/\/inclusivenews.com.br\/#organization"},"image":{"@id":"https:\/\/inclusivenews.com.br\/?p=11968#primaryimage"},"thumbnailUrl":"http:\/\/agenciainclusive.files.wordpress.com\/2008\/11\/pnudbrasil.gif","articleSection":["NOT\u00cdCIAS"],"inLanguage":"pt-PT","potentialAction":[{"@type":"CommentAction","name":"Comment","target":["https:\/\/inclusivenews.com.br\/?p=11968#respond"]}]},{"@type":"WebPage","@id":"https:\/\/inclusivenews.com.br\/?p=11968","url":"https:\/\/inclusivenews.com.br\/?p=11968","name":"PNUD divulga na 2\u00aa novo estudo e IDH -","isPartOf":{"@id":"https:\/\/inclusivenews.com.br\/#website"},"primaryImageOfPage":{"@id":"https:\/\/inclusivenews.com.br\/?p=11968#primaryimage"},"image":{"@id":"https:\/\/inclusivenews.com.br\/?p=11968#primaryimage"},"thumbnailUrl":"http:\/\/agenciainclusive.files.wordpress.com\/2008\/11\/pnudbrasil.gif","datePublished":"2009-10-02T10:08:30+00:00","breadcrumb":{"@id":"https:\/\/inclusivenews.com.br\/?p=11968#breadcrumb"},"inLanguage":"pt-PT","potentialAction":[{"@type":"ReadAction","target":["https:\/\/inclusivenews.com.br\/?p=11968"]}]},{"@type":"ImageObject","inLanguage":"pt-PT","@id":"https:\/\/inclusivenews.com.br\/?p=11968#primaryimage","url":"http:\/\/agenciainclusive.files.wordpress.com\/2008\/11\/pnudbrasil.gif","contentUrl":"http:\/\/agenciainclusive.files.wordpress.com\/2008\/11\/pnudbrasil.gif"},{"@type":"BreadcrumbList","@id":"https:\/\/inclusivenews.com.br\/?p=11968#breadcrumb","itemListElement":[{"@type":"ListItem","position":1,"name":"In\u00edcio","item":"https:\/\/inclusivenews.com.br\/"},{"@type":"ListItem","position":2,"name":"PNUD divulga na 2\u00aa novo estudo e IDH"}]},{"@type":"WebSite","@id":"https:\/\/inclusivenews.com.br\/#website","url":"https:\/\/inclusivenews.com.br\/","name":"Inclusive News","description":"Inclusive News","publisher":{"@id":"https:\/\/inclusivenews.com.br\/#organization"},"potentialAction":[{"@type":"SearchAction","target":{"@type":"EntryPoint","urlTemplate":"https:\/\/inclusivenews.com.br\/?s={search_term_string}"},"query-input":{"@type":"PropertyValueSpecification","valueRequired":true,"valueName":"search_term_string"}}],"inLanguage":"pt-PT"},{"@type":"Organization","@id":"https:\/\/inclusivenews.com.br\/#organization","name":"Inclusive - inclus\u00e3o e cidadania","url":"https:\/\/inclusivenews.com.br\/","logo":{"@type":"ImageObject","inLanguage":"pt-PT","@id":"https:\/\/inclusivenews.com.br\/#\/schema\/logo\/image\/","url":"https:\/\/inclusivenews.com.br\/wp-content\/uploads\/2024\/03\/@grandesite.png","contentUrl":"https:\/\/inclusivenews.com.br\/wp-content\/uploads\/2024\/03\/@grandesite.png","width":1080,"height":1080,"caption":"Inclusive - inclus\u00e3o e cidadania"},"image":{"@id":"https:\/\/inclusivenews.com.br\/#\/schema\/logo\/image\/"},"sameAs":["https:\/\/www.facebook.com\/agenciainclusive\/","https:\/\/www.instagram.com\/newsinclusive\/"]},{"@type":"Person","@id":"https:\/\/inclusivenews.com.br\/#\/schema\/person\/0dab492019871b94abb65fa8ee7c8c44","name":"Inclusive","image":{"@type":"ImageObject","inLanguage":"pt-PT","@id":"https:\/\/secure.gravatar.com\/avatar\/?s=96&d=mm&r=g","url":"https:\/\/secure.gravatar.com\/avatar\/?s=96&d=mm&r=g","contentUrl":"https:\/\/secure.gravatar.com\/avatar\/?s=96&d=mm&r=g","caption":"Inclusive"},"url":"https:\/\/inclusivenews.com.br\/?author=2"}]}},"_links":{"self":[{"href":"https:\/\/inclusivenews.com.br\/index.php?rest_route=\/wp\/v2\/posts\/11968","targetHints":{"allow":["GET"]}}],"collection":[{"href":"https:\/\/inclusivenews.com.br\/index.php?rest_route=\/wp\/v2\/posts"}],"about":[{"href":"https:\/\/inclusivenews.com.br\/index.php?rest_route=\/wp\/v2\/types\/post"}],"author":[{"embeddable":true,"href":"https:\/\/inclusivenews.com.br\/index.php?rest_route=\/wp\/v2\/users\/2"}],"replies":[{"embeddable":true,"href":"https:\/\/inclusivenews.com.br\/index.php?rest_route=%2Fwp%2Fv2%2Fcomments&post=11968"}],"version-history":[{"count":0,"href":"https:\/\/inclusivenews.com.br\/index.php?rest_route=\/wp\/v2\/posts\/11968\/revisions"}],"wp:attachment":[{"href":"https:\/\/inclusivenews.com.br\/index.php?rest_route=%2Fwp%2Fv2%2Fmedia&parent=11968"}],"wp:term":[{"taxonomy":"category","embeddable":true,"href":"https:\/\/inclusivenews.com.br\/index.php?rest_route=%2Fwp%2Fv2%2Fcategories&post=11968"},{"taxonomy":"post_tag","embeddable":true,"href":"https:\/\/inclusivenews.com.br\/index.php?rest_route=%2Fwp%2Fv2%2Ftags&post=11968"}],"curies":[{"name":"wp","href":"https:\/\/api.w.org\/{rel}","templated":true}]}}