{"id":11972,"date":"2009-10-05T06:57:19","date_gmt":"2009-10-05T09:57:19","guid":{"rendered":"http:\/\/agenciainclusive.wordpress.com\/?p=11452"},"modified":"2009-10-05T06:57:19","modified_gmt":"2009-10-05T09:57:19","slug":"estatuto-do-idoso-completa-seis-anos-e-parte-da-populacao-ainda-desconhece-direitos","status":"publish","type":"post","link":"https:\/\/inclusivenews.com.br\/?p=11972","title":{"rendered":"Estatuto do Idoso completa seis anos e parte da popula\u00e7\u00e3o ainda desconhece direitos"},"content":{"rendered":"<p style=\"text-align:justify;\">O Estatuto do Idoso completa\u00a0no dia\u00a01\u00ba\/10 &#8211; Dia Internacional do Idoso &#8211; seis anos de promulga\u00e7\u00e3o. Apesar do tempo em vigor, parte da popula\u00e7\u00e3o ainda desconhece todos os direitos garantidos no documento, criado com o objetivo de assegurar sa\u00fade, lazer e bem-estar aos cidad\u00e3os com mais de 60 anos, idade estabelecida pela Organiza\u00e7\u00e3o Mundial da Sa\u00fade (OMC) para definir um idoso.<\/p>\n<p style=\"text-align:justify;\">Poucos parecem saber, por exemplo, que a lei pro\u00edbe os administradores de planos de sa\u00fade de discriminarem o idoso, cobrando dele valores mais altos devido \u00e0 sua idade. Ou que o Poder P\u00fablico \u00e9 obrigado a criar oportunidades de acesso do idoso a cursos especiais que lhe permitam se integrar \u00e0 vida moderna.<\/p>\n<p style=\"text-align:justify;\">Ao responder \u00e0 Ag\u00eancia Brasil sobre as conquistas e as dificuldades enfrentadas por quem chegou \u00e0 terceira idade, pessoas de diferentes idades se limitaram a citar o direito ao atendimento preferencial e a gratuidade do transporte p\u00fablico como importantes avan\u00e7os.<\/p>\n<p style=\"text-align:justify;\">\u201cUma das conquistas \u00e9 o passe livre\u201d, disse a agente aeroportu\u00e1ria Fl\u00e1via Cristina Facundo, 33 anos. O motoboy Gabriel Borges, 26 anos, al\u00e9m de citar as \u201cv\u00e1rias vantagens de locomo\u00e7\u00e3o\u201d, lembrou que os idosos \u201cpassam \u00e0 frente nas filas\u201d para justificar sua impress\u00e3o de que, \u201cao contr\u00e1rio do que muita gente diz, hoje h\u00e1 maior respeito com as pessoas mais velhas\u201d.<\/p>\n<p style=\"text-align:justify;\">O aposentado Willian de Souza, 69 anos, discorda. Embora reconhe\u00e7a que em certos aspectos houve melhoras, ele reclama que ainda h\u00e1 muito o que fazer pela sa\u00fade e pela qualidade do transporte, dois setores contemplados no estatuto. \u201c\u00c9 preciso que haja uma condi\u00e7\u00e3o de transporte condizente com a terceira idade\u201d, afirmou Souza, fazendo coro com os entrevistados que reclamaram da falta de aten\u00e7\u00e3o de motoristas, da altura dos degraus dos \u00f4nibus e da falta de pontos de \u00f4nibus.<\/p>\n<p style=\"text-align:justify;\">\u201cEles [os motoristas] fingem que n\u00e3o veem e passam direto. Eles n\u00e3o t\u00eam amor \u00e0 pessoa de idade. Pensam que nunca v\u00e3o ficar velhos, mas um dia eles v\u00e3o envelhecer\u201d, queixa-se Iracema Farias, 72 anos.<\/p>\n<p style=\"text-align:justify;\">Na \u00faltima Pesquisa Nacional por Amostra de Domic\u00edlios (Pnad), o Instituto Brasileiro de Geografia e Estat\u00edstica (IBGE) revelou que a popula\u00e7\u00e3o brasileira est\u00e1 ficando mais velha. De acordo com o IBGE, enquanto em 2007 os brasileiros acima de 60 anos eram 10,5% da popula\u00e7\u00e3o, em 2008 esse percentual subiu para 11,1%.<\/p>\n<p style=\"text-align:justify;\">\u201cAcho que \u00e9 preciso garantir maior acesso dos idosos \u00e0 sa\u00fade porque os \u00edndices de longevidade est\u00e3o cada vez melhores\u201d, sugere o jornalista Lu\u00eds Fl\u00e1vio Luz, 35 anos.<\/p>\n<p>_______________________________<\/p>\n<p><strong>Fonte de informa\u00e7\u00e3o:<\/strong> <a href=\"http:\/\/www.agenciabrasil.gov.br\/noticias\/2009\/09\/30\/materia.2009-09-30.1295797713\/view\" target=\"_blank\" rel=\"noopener\">Ag\u00eancia Brasil<\/a><\/p>\n","protected":false},"excerpt":{"rendered":"<p>O Estatuto do Idoso completa\u00a0no dia\u00a01\u00ba\/10 &#8211; Dia Internacional do Idoso &#8211; seis anos de promulga\u00e7\u00e3o. Apesar do tempo em vigor, parte da popula\u00e7\u00e3o ainda desconhece todos os direitos garantidos no documento, criado com o objetivo de assegurar sa\u00fade, lazer e bem-estar aos cidad\u00e3os com mais de 60 anos, idade estabelecida pela Organiza\u00e7\u00e3o Mundial da [&hellip;]<\/p>\n","protected":false},"author":2,"featured_media":0,"comment_status":"open","ping_status":"open","sticky":false,"template":"","format":"standard","meta":{"site-container-style":"default","site-container-layout":"default","site-sidebar-layout":"default","disable-article-header":"default","disable-site-header":"default","disable-site-footer":"default","disable-content-area-spacing":"default","footnotes":""},"categories":[1],"tags":[],"class_list":["post-11972","post","type-post","status-publish","format-standard","hentry","category-blog"],"yoast_head":"<!-- This site is optimized with the Yoast SEO plugin v27.4 - https:\/\/yoast.com\/product\/yoast-seo-wordpress\/ -->\n<title>Estatuto do Idoso completa seis anos e parte da popula\u00e7\u00e3o ainda desconhece direitos -<\/title>\n<meta name=\"robots\" content=\"index, follow, max-snippet:-1, max-image-preview:large, max-video-preview:-1\" \/>\n<link rel=\"canonical\" href=\"https:\/\/inclusivenews.com.br\/?p=11972\" \/>\n<meta property=\"og:locale\" content=\"pt_PT\" \/>\n<meta property=\"og:type\" content=\"article\" \/>\n<meta property=\"og:title\" content=\"Estatuto do Idoso completa seis anos e parte da popula\u00e7\u00e3o ainda desconhece direitos -\" \/>\n<meta property=\"og:description\" content=\"O Estatuto do Idoso completa\u00a0no dia\u00a01\u00ba\/10 &#8211; Dia Internacional do Idoso &#8211; seis anos de promulga\u00e7\u00e3o. Apesar do tempo em vigor, parte da popula\u00e7\u00e3o ainda desconhece todos os direitos garantidos no documento, criado com o objetivo de assegurar sa\u00fade, lazer e bem-estar aos cidad\u00e3os com mais de 60 anos, idade estabelecida pela Organiza\u00e7\u00e3o Mundial da [&hellip;]\" \/>\n<meta property=\"og:url\" content=\"https:\/\/inclusivenews.com.br\/?p=11972\" \/>\n<meta property=\"article:publisher\" content=\"https:\/\/www.facebook.com\/agenciainclusive\/\" \/>\n<meta property=\"article:published_time\" content=\"2009-10-05T09:57:19+00:00\" \/>\n<meta name=\"author\" content=\"Inclusive\" \/>\n<meta name=\"twitter:card\" content=\"summary_large_image\" \/>\n<meta name=\"twitter:label1\" content=\"Escrito por\" \/>\n\t<meta name=\"twitter:data1\" content=\"Inclusive\" \/>\n\t<meta name=\"twitter:label2\" content=\"Tempo estimado de leitura\" \/>\n\t<meta name=\"twitter:data2\" content=\"2 minutos\" \/>\n<script type=\"application\/ld+json\" class=\"yoast-schema-graph\">{\"@context\":\"https:\\\/\\\/schema.org\",\"@graph\":[{\"@type\":\"Article\",\"@id\":\"https:\\\/\\\/inclusivenews.com.br\\\/?p=11972#article\",\"isPartOf\":{\"@id\":\"https:\\\/\\\/inclusivenews.com.br\\\/?p=11972\"},\"author\":{\"name\":\"Inclusive\",\"@id\":\"https:\\\/\\\/inclusivenews.com.br\\\/#\\\/schema\\\/person\\\/0dab492019871b94abb65fa8ee7c8c44\"},\"headline\":\"Estatuto do Idoso completa seis anos e parte da popula\u00e7\u00e3o ainda desconhece direitos\",\"datePublished\":\"2009-10-05T09:57:19+00:00\",\"mainEntityOfPage\":{\"@id\":\"https:\\\/\\\/inclusivenews.com.br\\\/?p=11972\"},\"wordCount\":443,\"commentCount\":0,\"publisher\":{\"@id\":\"https:\\\/\\\/inclusivenews.com.br\\\/#organization\"},\"articleSection\":[\"Blog\"],\"inLanguage\":\"pt-PT\",\"potentialAction\":[{\"@type\":\"CommentAction\",\"name\":\"Comment\",\"target\":[\"https:\\\/\\\/inclusivenews.com.br\\\/?p=11972#respond\"]}]},{\"@type\":\"WebPage\",\"@id\":\"https:\\\/\\\/inclusivenews.com.br\\\/?p=11972\",\"url\":\"https:\\\/\\\/inclusivenews.com.br\\\/?p=11972\",\"name\":\"Estatuto do Idoso completa seis anos e parte da popula\u00e7\u00e3o ainda desconhece direitos -\",\"isPartOf\":{\"@id\":\"https:\\\/\\\/inclusivenews.com.br\\\/#website\"},\"datePublished\":\"2009-10-05T09:57:19+00:00\",\"breadcrumb\":{\"@id\":\"https:\\\/\\\/inclusivenews.com.br\\\/?p=11972#breadcrumb\"},\"inLanguage\":\"pt-PT\",\"potentialAction\":[{\"@type\":\"ReadAction\",\"target\":[\"https:\\\/\\\/inclusivenews.com.br\\\/?p=11972\"]}]},{\"@type\":\"BreadcrumbList\",\"@id\":\"https:\\\/\\\/inclusivenews.com.br\\\/?p=11972#breadcrumb\",\"itemListElement\":[{\"@type\":\"ListItem\",\"position\":1,\"name\":\"In\u00edcio\",\"item\":\"https:\\\/\\\/inclusivenews.com.br\\\/\"},{\"@type\":\"ListItem\",\"position\":2,\"name\":\"Estatuto do Idoso completa seis anos e parte da popula\u00e7\u00e3o ainda desconhece direitos\"}]},{\"@type\":\"WebSite\",\"@id\":\"https:\\\/\\\/inclusivenews.com.br\\\/#website\",\"url\":\"https:\\\/\\\/inclusivenews.com.br\\\/\",\"name\":\"Inclusive News\",\"description\":\"Inclusive News\",\"publisher\":{\"@id\":\"https:\\\/\\\/inclusivenews.com.br\\\/#organization\"},\"potentialAction\":[{\"@type\":\"SearchAction\",\"target\":{\"@type\":\"EntryPoint\",\"urlTemplate\":\"https:\\\/\\\/inclusivenews.com.br\\\/?s={search_term_string}\"},\"query-input\":{\"@type\":\"PropertyValueSpecification\",\"valueRequired\":true,\"valueName\":\"search_term_string\"}}],\"inLanguage\":\"pt-PT\"},{\"@type\":\"Organization\",\"@id\":\"https:\\\/\\\/inclusivenews.com.br\\\/#organization\",\"name\":\"Inclusive - inclus\u00e3o e cidadania\",\"url\":\"https:\\\/\\\/inclusivenews.com.br\\\/\",\"logo\":{\"@type\":\"ImageObject\",\"inLanguage\":\"pt-PT\",\"@id\":\"https:\\\/\\\/inclusivenews.com.br\\\/#\\\/schema\\\/logo\\\/image\\\/\",\"url\":\"https:\\\/\\\/inclusivenews.com.br\\\/wp-content\\\/uploads\\\/2024\\\/03\\\/@grandesite.png\",\"contentUrl\":\"https:\\\/\\\/inclusivenews.com.br\\\/wp-content\\\/uploads\\\/2024\\\/03\\\/@grandesite.png\",\"width\":1080,\"height\":1080,\"caption\":\"Inclusive - inclus\u00e3o e cidadania\"},\"image\":{\"@id\":\"https:\\\/\\\/inclusivenews.com.br\\\/#\\\/schema\\\/logo\\\/image\\\/\"},\"sameAs\":[\"https:\\\/\\\/www.facebook.com\\\/agenciainclusive\\\/\",\"https:\\\/\\\/www.instagram.com\\\/newsinclusive\\\/\"]},{\"@type\":\"Person\",\"@id\":\"https:\\\/\\\/inclusivenews.com.br\\\/#\\\/schema\\\/person\\\/0dab492019871b94abb65fa8ee7c8c44\",\"name\":\"Inclusive\",\"image\":{\"@type\":\"ImageObject\",\"inLanguage\":\"pt-PT\",\"@id\":\"https:\\\/\\\/secure.gravatar.com\\\/avatar\\\/?s=96&d=mm&r=g\",\"url\":\"https:\\\/\\\/secure.gravatar.com\\\/avatar\\\/?s=96&d=mm&r=g\",\"contentUrl\":\"https:\\\/\\\/secure.gravatar.com\\\/avatar\\\/?s=96&d=mm&r=g\",\"caption\":\"Inclusive\"},\"url\":\"https:\\\/\\\/inclusivenews.com.br\\\/?author=2\"}]}<\/script>\n<!-- \/ Yoast SEO plugin. -->","yoast_head_json":{"title":"Estatuto do Idoso completa seis anos e parte da popula\u00e7\u00e3o ainda desconhece direitos -","robots":{"index":"index","follow":"follow","max-snippet":"max-snippet:-1","max-image-preview":"max-image-preview:large","max-video-preview":"max-video-preview:-1"},"canonical":"https:\/\/inclusivenews.com.br\/?p=11972","og_locale":"pt_PT","og_type":"article","og_title":"Estatuto do Idoso completa seis anos e parte da popula\u00e7\u00e3o ainda desconhece direitos -","og_description":"O Estatuto do Idoso completa\u00a0no dia\u00a01\u00ba\/10 &#8211; Dia Internacional do Idoso &#8211; seis anos de promulga\u00e7\u00e3o. Apesar do tempo em vigor, parte da popula\u00e7\u00e3o ainda desconhece todos os direitos garantidos no documento, criado com o objetivo de assegurar sa\u00fade, lazer e bem-estar aos cidad\u00e3os com mais de 60 anos, idade estabelecida pela Organiza\u00e7\u00e3o Mundial da [&hellip;]","og_url":"https:\/\/inclusivenews.com.br\/?p=11972","article_publisher":"https:\/\/www.facebook.com\/agenciainclusive\/","article_published_time":"2009-10-05T09:57:19+00:00","author":"Inclusive","twitter_card":"summary_large_image","twitter_misc":{"Escrito por":"Inclusive","Tempo estimado de leitura":"2 minutos"},"schema":{"@context":"https:\/\/schema.org","@graph":[{"@type":"Article","@id":"https:\/\/inclusivenews.com.br\/?p=11972#article","isPartOf":{"@id":"https:\/\/inclusivenews.com.br\/?p=11972"},"author":{"name":"Inclusive","@id":"https:\/\/inclusivenews.com.br\/#\/schema\/person\/0dab492019871b94abb65fa8ee7c8c44"},"headline":"Estatuto do Idoso completa seis anos e parte da popula\u00e7\u00e3o ainda desconhece direitos","datePublished":"2009-10-05T09:57:19+00:00","mainEntityOfPage":{"@id":"https:\/\/inclusivenews.com.br\/?p=11972"},"wordCount":443,"commentCount":0,"publisher":{"@id":"https:\/\/inclusivenews.com.br\/#organization"},"articleSection":["Blog"],"inLanguage":"pt-PT","potentialAction":[{"@type":"CommentAction","name":"Comment","target":["https:\/\/inclusivenews.com.br\/?p=11972#respond"]}]},{"@type":"WebPage","@id":"https:\/\/inclusivenews.com.br\/?p=11972","url":"https:\/\/inclusivenews.com.br\/?p=11972","name":"Estatuto do Idoso completa seis anos e parte da popula\u00e7\u00e3o ainda desconhece direitos -","isPartOf":{"@id":"https:\/\/inclusivenews.com.br\/#website"},"datePublished":"2009-10-05T09:57:19+00:00","breadcrumb":{"@id":"https:\/\/inclusivenews.com.br\/?p=11972#breadcrumb"},"inLanguage":"pt-PT","potentialAction":[{"@type":"ReadAction","target":["https:\/\/inclusivenews.com.br\/?p=11972"]}]},{"@type":"BreadcrumbList","@id":"https:\/\/inclusivenews.com.br\/?p=11972#breadcrumb","itemListElement":[{"@type":"ListItem","position":1,"name":"In\u00edcio","item":"https:\/\/inclusivenews.com.br\/"},{"@type":"ListItem","position":2,"name":"Estatuto do Idoso completa seis anos e parte da popula\u00e7\u00e3o ainda desconhece direitos"}]},{"@type":"WebSite","@id":"https:\/\/inclusivenews.com.br\/#website","url":"https:\/\/inclusivenews.com.br\/","name":"Inclusive News","description":"Inclusive News","publisher":{"@id":"https:\/\/inclusivenews.com.br\/#organization"},"potentialAction":[{"@type":"SearchAction","target":{"@type":"EntryPoint","urlTemplate":"https:\/\/inclusivenews.com.br\/?s={search_term_string}"},"query-input":{"@type":"PropertyValueSpecification","valueRequired":true,"valueName":"search_term_string"}}],"inLanguage":"pt-PT"},{"@type":"Organization","@id":"https:\/\/inclusivenews.com.br\/#organization","name":"Inclusive - inclus\u00e3o e cidadania","url":"https:\/\/inclusivenews.com.br\/","logo":{"@type":"ImageObject","inLanguage":"pt-PT","@id":"https:\/\/inclusivenews.com.br\/#\/schema\/logo\/image\/","url":"https:\/\/inclusivenews.com.br\/wp-content\/uploads\/2024\/03\/@grandesite.png","contentUrl":"https:\/\/inclusivenews.com.br\/wp-content\/uploads\/2024\/03\/@grandesite.png","width":1080,"height":1080,"caption":"Inclusive - inclus\u00e3o e cidadania"},"image":{"@id":"https:\/\/inclusivenews.com.br\/#\/schema\/logo\/image\/"},"sameAs":["https:\/\/www.facebook.com\/agenciainclusive\/","https:\/\/www.instagram.com\/newsinclusive\/"]},{"@type":"Person","@id":"https:\/\/inclusivenews.com.br\/#\/schema\/person\/0dab492019871b94abb65fa8ee7c8c44","name":"Inclusive","image":{"@type":"ImageObject","inLanguage":"pt-PT","@id":"https:\/\/secure.gravatar.com\/avatar\/?s=96&d=mm&r=g","url":"https:\/\/secure.gravatar.com\/avatar\/?s=96&d=mm&r=g","contentUrl":"https:\/\/secure.gravatar.com\/avatar\/?s=96&d=mm&r=g","caption":"Inclusive"},"url":"https:\/\/inclusivenews.com.br\/?author=2"}]}},"_links":{"self":[{"href":"https:\/\/inclusivenews.com.br\/index.php?rest_route=\/wp\/v2\/posts\/11972","targetHints":{"allow":["GET"]}}],"collection":[{"href":"https:\/\/inclusivenews.com.br\/index.php?rest_route=\/wp\/v2\/posts"}],"about":[{"href":"https:\/\/inclusivenews.com.br\/index.php?rest_route=\/wp\/v2\/types\/post"}],"author":[{"embeddable":true,"href":"https:\/\/inclusivenews.com.br\/index.php?rest_route=\/wp\/v2\/users\/2"}],"replies":[{"embeddable":true,"href":"https:\/\/inclusivenews.com.br\/index.php?rest_route=%2Fwp%2Fv2%2Fcomments&post=11972"}],"version-history":[{"count":0,"href":"https:\/\/inclusivenews.com.br\/index.php?rest_route=\/wp\/v2\/posts\/11972\/revisions"}],"wp:attachment":[{"href":"https:\/\/inclusivenews.com.br\/index.php?rest_route=%2Fwp%2Fv2%2Fmedia&parent=11972"}],"wp:term":[{"taxonomy":"category","embeddable":true,"href":"https:\/\/inclusivenews.com.br\/index.php?rest_route=%2Fwp%2Fv2%2Fcategories&post=11972"},{"taxonomy":"post_tag","embeddable":true,"href":"https:\/\/inclusivenews.com.br\/index.php?rest_route=%2Fwp%2Fv2%2Ftags&post=11972"}],"curies":[{"name":"wp","href":"https:\/\/api.w.org\/{rel}","templated":true}]}}