{"id":11974,"date":"2009-10-05T07:04:53","date_gmt":"2009-10-05T10:04:53","guid":{"rendered":"http:\/\/agenciainclusive.wordpress.com\/?p=11442"},"modified":"2009-10-05T07:04:53","modified_gmt":"2009-10-05T10:04:53","slug":"negro-e-discriminado-no-mercado-de-trabalho-constatam-especialistas","status":"publish","type":"post","link":"https:\/\/inclusivenews.com.br\/?p=11974","title":{"rendered":"Negro \u00e9 discriminado no mercado de trabalho, constatam especialistas"},"content":{"rendered":"<p style=\"text-align:right;\"><strong>Cl\u00e1udio Bernardo<\/strong><\/p>\n<figure style=\"width: 288px\" class=\"wp-caption alignleft\"><img loading=\"lazy\" decoding=\"async\" src=\"http:\/\/www.senado.gov.br\/noticia\/multimidia\/verImagem.aspx?codImagem=178570\" alt=\"\" width=\"288\" height=\"190\" \/><figcaption class=\"wp-caption-text\">Na imagem, o Senador Paulo Paim visto de costas e o plen\u00e1rio do Senado.<\/figcaption><\/figure>\n<p style=\"text-align:justify;\">O negro ainda sofre discrimina\u00e7\u00e3o para ter acesso ao mercado de trabalho. Quando consegue um emprego, na maioria das vezes recebe sal\u00e1rio abaixo da m\u00e9dia, se comparado com o trabalhador branco, apesar de ter o mesmo n\u00edvel de escolaridade.<\/p>\n<p style=\"text-align:justify;\">A constata\u00e7\u00e3o foi feita durante audi\u00eancia p\u00fablica realizada nesta quinta-feira (1\u00ba) pela Comiss\u00e3o de Direitos Humanos e Legisla\u00e7\u00e3o Participativa (CDH), que reuniu representantes de diversas entidades para debater a situa\u00e7\u00e3o do negro no mercado de trabalho.<\/p>\n<p style=\"text-align:justify;\">M\u00e1rio Lisboa, do Instituto de Pesquisa Econ\u00f4mica Aplicada (Ipea), reconheceu que o \u00edndice de desemprego \u00e9 maior entre trabalhadores negros. Ele atribuiu esse fator \u00e0 exist\u00eancia do racismo no Brasil, &#8220;que deve ser combatido sob pena de o pa\u00eds continuar sendo o campe\u00e3o da desigualdade&#8221;.<\/p>\n<p style=\"text-align:justify;\">J\u00e1 o ministro da Secretaria Especial de Pol\u00edticas de Promo\u00e7\u00e3o da Igualdade Racial, Edson Santos, manifestou otimismo com rela\u00e7\u00e3o a avan\u00e7os na luta contra as desigualdades raciais e ascens\u00e3o das minorias na pir\u00e2mide social brasileira. Ele disse que o governo vem formulando pol\u00edticas p\u00fablicas para reduzir qualquer tipo de discrimina\u00e7\u00e3o, &#8220;dialogando com todos os segmentos, incluindo os coorporativos, para que se produza a promo\u00e7\u00e3o da igualdade racial&#8221;.<\/p>\n<p style=\"text-align:justify;\">Mesma posi\u00e7\u00e3o otimista foi manifestada pelo senador Paulo Paim (PT-RS). Ele destacou a exist\u00eancia de mecanismos para reduzir a discrimina\u00e7\u00e3o em todo pa\u00eds, a exemplo do PLS 285\/06, de sua autoria, que autoriza o Poder Executivo a instituir o programa Cantando as Diferen\u00e7as, destinado a promover a inclus\u00e3o social de grupos discriminados.<\/p>\n<p style=\"text-align:justify;\">Autor do requerimento que resultou na realiza\u00e7\u00e3o da audi\u00eancia p\u00fablica, Paim, no entanto, reconheceu que a popula\u00e7\u00e3o negra ainda sofre discrimina\u00e7\u00e3o, principalmente no ingresso, ascens\u00e3o e remunera\u00e7\u00e3o no mercado de trabalho.<\/p>\n<p style=\"text-align:justify;\">Para o senador Jos\u00e9 Nery (PSOL-PA), a reuni\u00e3o serviu para ampliar a proposta de inclus\u00e3o social para a popula\u00e7\u00e3o negra brasileira, com destaque para o pleno acesso ao mercado de trabalho.<\/p>\n<p style=\"text-align:justify;\">Evid\u00eancias<\/p>\n<p style=\"text-align:justify;\">O procurador-geral do Trabalho do Minist\u00e9rio P\u00fablico do Trabalho (MPT), Ot\u00e1vio Brito Lopes, reconheceu a exist\u00eancia da exclus\u00e3o do negro no mercado do trabalho. Como exemplo, e tomando por base estudos, informou que o trabalhador negro, comparado com trabalhadores brancos, ocupa cargos intermedi\u00e1rios com n\u00edvel salarial abaixo da m\u00e9dia, apesar de possuir a mesma escolaridade.<\/p>\n<p style=\"text-align:justify;\">Ot\u00e1vio Lopes informou que essa realidade ocorre principalmente no setor supermercadista. Ele aproveitou a oportunidade para anunciar que o Minist\u00e9rio P\u00fablico do Trabalho ir\u00e1 iniciar a\u00e7\u00f5es para que a discrimina\u00e7\u00e3o diminua nesse segmento do mercado de trabalho, a exemplo do que foi feito na \u00e1rea banc\u00e1ria.<\/p>\n<p style=\"text-align:justify;\">Em apoio \u00e0s afirma\u00e7\u00f5es do procurador do Trabalho, M\u00e1rio S\u00e9rgio Fernandes, representante da Federa\u00e7\u00e3o Brasileira dos Bancos (Febraban) disse que a valoriza\u00e7\u00e3o da diversidade &#8220;\u00e9 importante para as pessoas, para a sociedade e para os neg\u00f3cios&#8221;. Ele reconheceu, no entanto, que ainda h\u00e1 muito por fazer, uma vez que, conforme informou, apenas 19% do total de funcion\u00e1rios que trabalham nos bancos brasileiros s\u00e3o negros.<\/p>\n<p style=\"text-align:justify;\">Tamb\u00e9m tomou parte dos debates Alberto Borges de Ara\u00fajo, da Confedera\u00e7\u00e3o Nacional da Ind\u00fastria (CNI). Ele garantiu que a entidade que representa vem realizando a\u00e7\u00f5es voltadas para a erradica\u00e7\u00e3o de qualquer tipo de discrimina\u00e7\u00e3o.<\/p>\n<p style=\"text-align:justify;\">J\u00e1 Frei David Santos, coordenador da Rede Pr\u00e9-Vestibulares Comunit\u00e1rios e Educa\u00e7\u00e3o para Afrodescendentes e Carentes (Educafro), defendeu a amplia\u00e7\u00e3o do di\u00e1logo com entidades coorporativas, como a Febraban e a CNI, com o objetivo de aprofundar as metas de inclus\u00e3o social.<\/p>\n<p style=\"text-align:justify;\">Cida Bento, do Centro de Estudos das Rela\u00e7\u00f5es de Trabalho e Desigualdade, e Roberto Lopes, da Divis\u00e3o Sindical da Confedera\u00e7\u00e3o Nacional do Com\u00e9rcio (CNC), tamb\u00e9m tomaram parte dos debates.<\/p>\n<p><strong>Fonte de informa\u00e7\u00e3o:<\/strong> <a href=\"http:\/\/www.senado.gov.br\/agencia\/verNoticia.aspx?codNoticia=95976&amp;codAplicativo=2\" target=\"_blank\" rel=\"noopener\">Ag\u00eancia Senado<\/a><\/p>\n","protected":false},"excerpt":{"rendered":"<p>Cl\u00e1udio Bernardo O negro ainda sofre discrimina\u00e7\u00e3o para ter acesso ao mercado de trabalho. Quando consegue um emprego, na maioria das vezes recebe sal\u00e1rio abaixo da m\u00e9dia, se comparado com o trabalhador branco, apesar de ter o mesmo n\u00edvel de escolaridade. A constata\u00e7\u00e3o foi feita durante audi\u00eancia p\u00fablica realizada nesta quinta-feira (1\u00ba) pela Comiss\u00e3o de [&hellip;]<\/p>\n","protected":false},"author":2,"featured_media":0,"comment_status":"open","ping_status":"open","sticky":false,"template":"","format":"standard","meta":{"site-container-style":"default","site-container-layout":"default","site-sidebar-layout":"default","disable-article-header":"default","disable-site-header":"default","disable-site-footer":"default","disable-content-area-spacing":"default","footnotes":""},"categories":[11,4,41],"tags":[],"class_list":["post-11974","post","type-post","status-publish","format-standard","hentry","category-direitos-humanos","category-noticias","category-preconceito"],"yoast_head":"<!-- This site is optimized with the Yoast SEO plugin v27.4 - https:\/\/yoast.com\/product\/yoast-seo-wordpress\/ -->\n<title>Negro \u00e9 discriminado no mercado de trabalho, constatam especialistas -<\/title>\n<meta name=\"robots\" content=\"index, follow, max-snippet:-1, max-image-preview:large, max-video-preview:-1\" \/>\n<link rel=\"canonical\" href=\"https:\/\/inclusivenews.com.br\/?p=11974\" \/>\n<meta property=\"og:locale\" content=\"pt_PT\" \/>\n<meta property=\"og:type\" content=\"article\" \/>\n<meta property=\"og:title\" content=\"Negro \u00e9 discriminado no mercado de trabalho, constatam especialistas -\" \/>\n<meta property=\"og:description\" content=\"Cl\u00e1udio Bernardo O negro ainda sofre discrimina\u00e7\u00e3o para ter acesso ao mercado de trabalho. Quando consegue um emprego, na maioria das vezes recebe sal\u00e1rio abaixo da m\u00e9dia, se comparado com o trabalhador branco, apesar de ter o mesmo n\u00edvel de escolaridade. A constata\u00e7\u00e3o foi feita durante audi\u00eancia p\u00fablica realizada nesta quinta-feira (1\u00ba) pela Comiss\u00e3o de [&hellip;]\" \/>\n<meta property=\"og:url\" content=\"https:\/\/inclusivenews.com.br\/?p=11974\" \/>\n<meta property=\"article:publisher\" content=\"https:\/\/www.facebook.com\/agenciainclusive\/\" \/>\n<meta property=\"article:published_time\" content=\"2009-10-05T10:04:53+00:00\" \/>\n<meta property=\"og:image\" content=\"http:\/\/www.senado.gov.br\/noticia\/multimidia\/verImagem.aspx?codImagem=178570\" \/>\n<meta name=\"author\" content=\"Inclusive\" \/>\n<meta name=\"twitter:card\" content=\"summary_large_image\" \/>\n<meta name=\"twitter:label1\" content=\"Escrito por\" \/>\n\t<meta name=\"twitter:data1\" content=\"Inclusive\" \/>\n\t<meta name=\"twitter:label2\" content=\"Tempo estimado de leitura\" \/>\n\t<meta name=\"twitter:data2\" content=\"3 minutos\" \/>\n<script type=\"application\/ld+json\" class=\"yoast-schema-graph\">{\"@context\":\"https:\\\/\\\/schema.org\",\"@graph\":[{\"@type\":\"Article\",\"@id\":\"https:\\\/\\\/inclusivenews.com.br\\\/?p=11974#article\",\"isPartOf\":{\"@id\":\"https:\\\/\\\/inclusivenews.com.br\\\/?p=11974\"},\"author\":{\"name\":\"Inclusive\",\"@id\":\"https:\\\/\\\/inclusivenews.com.br\\\/#\\\/schema\\\/person\\\/0dab492019871b94abb65fa8ee7c8c44\"},\"headline\":\"Negro \u00e9 discriminado no mercado de trabalho, constatam especialistas\",\"datePublished\":\"2009-10-05T10:04:53+00:00\",\"mainEntityOfPage\":{\"@id\":\"https:\\\/\\\/inclusivenews.com.br\\\/?p=11974\"},\"wordCount\":686,\"commentCount\":0,\"publisher\":{\"@id\":\"https:\\\/\\\/inclusivenews.com.br\\\/#organization\"},\"image\":{\"@id\":\"https:\\\/\\\/inclusivenews.com.br\\\/?p=11974#primaryimage\"},\"thumbnailUrl\":\"http:\\\/\\\/www.senado.gov.br\\\/noticia\\\/multimidia\\\/verImagem.aspx?codImagem=178570\",\"articleSection\":[\"DIREITOS HUMANOS\",\"NOT\u00cdCIAS\",\"Preconceito\"],\"inLanguage\":\"pt-PT\",\"potentialAction\":[{\"@type\":\"CommentAction\",\"name\":\"Comment\",\"target\":[\"https:\\\/\\\/inclusivenews.com.br\\\/?p=11974#respond\"]}]},{\"@type\":\"WebPage\",\"@id\":\"https:\\\/\\\/inclusivenews.com.br\\\/?p=11974\",\"url\":\"https:\\\/\\\/inclusivenews.com.br\\\/?p=11974\",\"name\":\"Negro \u00e9 discriminado no mercado de trabalho, constatam especialistas -\",\"isPartOf\":{\"@id\":\"https:\\\/\\\/inclusivenews.com.br\\\/#website\"},\"primaryImageOfPage\":{\"@id\":\"https:\\\/\\\/inclusivenews.com.br\\\/?p=11974#primaryimage\"},\"image\":{\"@id\":\"https:\\\/\\\/inclusivenews.com.br\\\/?p=11974#primaryimage\"},\"thumbnailUrl\":\"http:\\\/\\\/www.senado.gov.br\\\/noticia\\\/multimidia\\\/verImagem.aspx?codImagem=178570\",\"datePublished\":\"2009-10-05T10:04:53+00:00\",\"breadcrumb\":{\"@id\":\"https:\\\/\\\/inclusivenews.com.br\\\/?p=11974#breadcrumb\"},\"inLanguage\":\"pt-PT\",\"potentialAction\":[{\"@type\":\"ReadAction\",\"target\":[\"https:\\\/\\\/inclusivenews.com.br\\\/?p=11974\"]}]},{\"@type\":\"ImageObject\",\"inLanguage\":\"pt-PT\",\"@id\":\"https:\\\/\\\/inclusivenews.com.br\\\/?p=11974#primaryimage\",\"url\":\"http:\\\/\\\/www.senado.gov.br\\\/noticia\\\/multimidia\\\/verImagem.aspx?codImagem=178570\",\"contentUrl\":\"http:\\\/\\\/www.senado.gov.br\\\/noticia\\\/multimidia\\\/verImagem.aspx?codImagem=178570\"},{\"@type\":\"BreadcrumbList\",\"@id\":\"https:\\\/\\\/inclusivenews.com.br\\\/?p=11974#breadcrumb\",\"itemListElement\":[{\"@type\":\"ListItem\",\"position\":1,\"name\":\"In\u00edcio\",\"item\":\"https:\\\/\\\/inclusivenews.com.br\\\/\"},{\"@type\":\"ListItem\",\"position\":2,\"name\":\"Negro \u00e9 discriminado no mercado de trabalho, constatam especialistas\"}]},{\"@type\":\"WebSite\",\"@id\":\"https:\\\/\\\/inclusivenews.com.br\\\/#website\",\"url\":\"https:\\\/\\\/inclusivenews.com.br\\\/\",\"name\":\"Inclusive News\",\"description\":\"Inclusive News\",\"publisher\":{\"@id\":\"https:\\\/\\\/inclusivenews.com.br\\\/#organization\"},\"potentialAction\":[{\"@type\":\"SearchAction\",\"target\":{\"@type\":\"EntryPoint\",\"urlTemplate\":\"https:\\\/\\\/inclusivenews.com.br\\\/?s={search_term_string}\"},\"query-input\":{\"@type\":\"PropertyValueSpecification\",\"valueRequired\":true,\"valueName\":\"search_term_string\"}}],\"inLanguage\":\"pt-PT\"},{\"@type\":\"Organization\",\"@id\":\"https:\\\/\\\/inclusivenews.com.br\\\/#organization\",\"name\":\"Inclusive - inclus\u00e3o e cidadania\",\"url\":\"https:\\\/\\\/inclusivenews.com.br\\\/\",\"logo\":{\"@type\":\"ImageObject\",\"inLanguage\":\"pt-PT\",\"@id\":\"https:\\\/\\\/inclusivenews.com.br\\\/#\\\/schema\\\/logo\\\/image\\\/\",\"url\":\"https:\\\/\\\/inclusivenews.com.br\\\/wp-content\\\/uploads\\\/2024\\\/03\\\/@grandesite.png\",\"contentUrl\":\"https:\\\/\\\/inclusivenews.com.br\\\/wp-content\\\/uploads\\\/2024\\\/03\\\/@grandesite.png\",\"width\":1080,\"height\":1080,\"caption\":\"Inclusive - inclus\u00e3o e cidadania\"},\"image\":{\"@id\":\"https:\\\/\\\/inclusivenews.com.br\\\/#\\\/schema\\\/logo\\\/image\\\/\"},\"sameAs\":[\"https:\\\/\\\/www.facebook.com\\\/agenciainclusive\\\/\",\"https:\\\/\\\/www.instagram.com\\\/newsinclusive\\\/\"]},{\"@type\":\"Person\",\"@id\":\"https:\\\/\\\/inclusivenews.com.br\\\/#\\\/schema\\\/person\\\/0dab492019871b94abb65fa8ee7c8c44\",\"name\":\"Inclusive\",\"image\":{\"@type\":\"ImageObject\",\"inLanguage\":\"pt-PT\",\"@id\":\"https:\\\/\\\/secure.gravatar.com\\\/avatar\\\/?s=96&d=mm&r=g\",\"url\":\"https:\\\/\\\/secure.gravatar.com\\\/avatar\\\/?s=96&d=mm&r=g\",\"contentUrl\":\"https:\\\/\\\/secure.gravatar.com\\\/avatar\\\/?s=96&d=mm&r=g\",\"caption\":\"Inclusive\"},\"url\":\"https:\\\/\\\/inclusivenews.com.br\\\/?author=2\"}]}<\/script>\n<!-- \/ Yoast SEO plugin. -->","yoast_head_json":{"title":"Negro \u00e9 discriminado no mercado de trabalho, constatam especialistas -","robots":{"index":"index","follow":"follow","max-snippet":"max-snippet:-1","max-image-preview":"max-image-preview:large","max-video-preview":"max-video-preview:-1"},"canonical":"https:\/\/inclusivenews.com.br\/?p=11974","og_locale":"pt_PT","og_type":"article","og_title":"Negro \u00e9 discriminado no mercado de trabalho, constatam especialistas -","og_description":"Cl\u00e1udio Bernardo O negro ainda sofre discrimina\u00e7\u00e3o para ter acesso ao mercado de trabalho. Quando consegue um emprego, na maioria das vezes recebe sal\u00e1rio abaixo da m\u00e9dia, se comparado com o trabalhador branco, apesar de ter o mesmo n\u00edvel de escolaridade. A constata\u00e7\u00e3o foi feita durante audi\u00eancia p\u00fablica realizada nesta quinta-feira (1\u00ba) pela Comiss\u00e3o de [&hellip;]","og_url":"https:\/\/inclusivenews.com.br\/?p=11974","article_publisher":"https:\/\/www.facebook.com\/agenciainclusive\/","article_published_time":"2009-10-05T10:04:53+00:00","og_image":[{"url":"http:\/\/www.senado.gov.br\/noticia\/multimidia\/verImagem.aspx?codImagem=178570","type":"","width":"","height":""}],"author":"Inclusive","twitter_card":"summary_large_image","twitter_misc":{"Escrito por":"Inclusive","Tempo estimado de leitura":"3 minutos"},"schema":{"@context":"https:\/\/schema.org","@graph":[{"@type":"Article","@id":"https:\/\/inclusivenews.com.br\/?p=11974#article","isPartOf":{"@id":"https:\/\/inclusivenews.com.br\/?p=11974"},"author":{"name":"Inclusive","@id":"https:\/\/inclusivenews.com.br\/#\/schema\/person\/0dab492019871b94abb65fa8ee7c8c44"},"headline":"Negro \u00e9 discriminado no mercado de trabalho, constatam especialistas","datePublished":"2009-10-05T10:04:53+00:00","mainEntityOfPage":{"@id":"https:\/\/inclusivenews.com.br\/?p=11974"},"wordCount":686,"commentCount":0,"publisher":{"@id":"https:\/\/inclusivenews.com.br\/#organization"},"image":{"@id":"https:\/\/inclusivenews.com.br\/?p=11974#primaryimage"},"thumbnailUrl":"http:\/\/www.senado.gov.br\/noticia\/multimidia\/verImagem.aspx?codImagem=178570","articleSection":["DIREITOS HUMANOS","NOT\u00cdCIAS","Preconceito"],"inLanguage":"pt-PT","potentialAction":[{"@type":"CommentAction","name":"Comment","target":["https:\/\/inclusivenews.com.br\/?p=11974#respond"]}]},{"@type":"WebPage","@id":"https:\/\/inclusivenews.com.br\/?p=11974","url":"https:\/\/inclusivenews.com.br\/?p=11974","name":"Negro \u00e9 discriminado no mercado de trabalho, constatam especialistas -","isPartOf":{"@id":"https:\/\/inclusivenews.com.br\/#website"},"primaryImageOfPage":{"@id":"https:\/\/inclusivenews.com.br\/?p=11974#primaryimage"},"image":{"@id":"https:\/\/inclusivenews.com.br\/?p=11974#primaryimage"},"thumbnailUrl":"http:\/\/www.senado.gov.br\/noticia\/multimidia\/verImagem.aspx?codImagem=178570","datePublished":"2009-10-05T10:04:53+00:00","breadcrumb":{"@id":"https:\/\/inclusivenews.com.br\/?p=11974#breadcrumb"},"inLanguage":"pt-PT","potentialAction":[{"@type":"ReadAction","target":["https:\/\/inclusivenews.com.br\/?p=11974"]}]},{"@type":"ImageObject","inLanguage":"pt-PT","@id":"https:\/\/inclusivenews.com.br\/?p=11974#primaryimage","url":"http:\/\/www.senado.gov.br\/noticia\/multimidia\/verImagem.aspx?codImagem=178570","contentUrl":"http:\/\/www.senado.gov.br\/noticia\/multimidia\/verImagem.aspx?codImagem=178570"},{"@type":"BreadcrumbList","@id":"https:\/\/inclusivenews.com.br\/?p=11974#breadcrumb","itemListElement":[{"@type":"ListItem","position":1,"name":"In\u00edcio","item":"https:\/\/inclusivenews.com.br\/"},{"@type":"ListItem","position":2,"name":"Negro \u00e9 discriminado no mercado de trabalho, constatam especialistas"}]},{"@type":"WebSite","@id":"https:\/\/inclusivenews.com.br\/#website","url":"https:\/\/inclusivenews.com.br\/","name":"Inclusive News","description":"Inclusive News","publisher":{"@id":"https:\/\/inclusivenews.com.br\/#organization"},"potentialAction":[{"@type":"SearchAction","target":{"@type":"EntryPoint","urlTemplate":"https:\/\/inclusivenews.com.br\/?s={search_term_string}"},"query-input":{"@type":"PropertyValueSpecification","valueRequired":true,"valueName":"search_term_string"}}],"inLanguage":"pt-PT"},{"@type":"Organization","@id":"https:\/\/inclusivenews.com.br\/#organization","name":"Inclusive - inclus\u00e3o e cidadania","url":"https:\/\/inclusivenews.com.br\/","logo":{"@type":"ImageObject","inLanguage":"pt-PT","@id":"https:\/\/inclusivenews.com.br\/#\/schema\/logo\/image\/","url":"https:\/\/inclusivenews.com.br\/wp-content\/uploads\/2024\/03\/@grandesite.png","contentUrl":"https:\/\/inclusivenews.com.br\/wp-content\/uploads\/2024\/03\/@grandesite.png","width":1080,"height":1080,"caption":"Inclusive - inclus\u00e3o e cidadania"},"image":{"@id":"https:\/\/inclusivenews.com.br\/#\/schema\/logo\/image\/"},"sameAs":["https:\/\/www.facebook.com\/agenciainclusive\/","https:\/\/www.instagram.com\/newsinclusive\/"]},{"@type":"Person","@id":"https:\/\/inclusivenews.com.br\/#\/schema\/person\/0dab492019871b94abb65fa8ee7c8c44","name":"Inclusive","image":{"@type":"ImageObject","inLanguage":"pt-PT","@id":"https:\/\/secure.gravatar.com\/avatar\/?s=96&d=mm&r=g","url":"https:\/\/secure.gravatar.com\/avatar\/?s=96&d=mm&r=g","contentUrl":"https:\/\/secure.gravatar.com\/avatar\/?s=96&d=mm&r=g","caption":"Inclusive"},"url":"https:\/\/inclusivenews.com.br\/?author=2"}]}},"_links":{"self":[{"href":"https:\/\/inclusivenews.com.br\/index.php?rest_route=\/wp\/v2\/posts\/11974","targetHints":{"allow":["GET"]}}],"collection":[{"href":"https:\/\/inclusivenews.com.br\/index.php?rest_route=\/wp\/v2\/posts"}],"about":[{"href":"https:\/\/inclusivenews.com.br\/index.php?rest_route=\/wp\/v2\/types\/post"}],"author":[{"embeddable":true,"href":"https:\/\/inclusivenews.com.br\/index.php?rest_route=\/wp\/v2\/users\/2"}],"replies":[{"embeddable":true,"href":"https:\/\/inclusivenews.com.br\/index.php?rest_route=%2Fwp%2Fv2%2Fcomments&post=11974"}],"version-history":[{"count":0,"href":"https:\/\/inclusivenews.com.br\/index.php?rest_route=\/wp\/v2\/posts\/11974\/revisions"}],"wp:attachment":[{"href":"https:\/\/inclusivenews.com.br\/index.php?rest_route=%2Fwp%2Fv2%2Fmedia&parent=11974"}],"wp:term":[{"taxonomy":"category","embeddable":true,"href":"https:\/\/inclusivenews.com.br\/index.php?rest_route=%2Fwp%2Fv2%2Fcategories&post=11974"},{"taxonomy":"post_tag","embeddable":true,"href":"https:\/\/inclusivenews.com.br\/index.php?rest_route=%2Fwp%2Fv2%2Ftags&post=11974"}],"curies":[{"name":"wp","href":"https:\/\/api.w.org\/{rel}","templated":true}]}}