{"id":11975,"date":"2009-10-05T07:14:15","date_gmt":"2009-10-05T10:14:15","guid":{"rendered":"http:\/\/agenciainclusive.wordpress.com\/?p=11432"},"modified":"2009-10-05T07:14:15","modified_gmt":"2009-10-05T10:14:15","slug":"4%c2%aa-mostra-cinema-e-direitos-humanos-na-america-do-sul","status":"publish","type":"post","link":"https:\/\/inclusivenews.com.br\/?p=11975","title":{"rendered":"4\u00aa Mostra Cinema e Direitos Humanos na Am\u00e9rica do Sul"},"content":{"rendered":"<figure id=\"attachment_11434\" aria-describedby=\"caption-attachment-11434\" style=\"width: 499px\" class=\"wp-caption aligncenter\"><a href=\"http:\/\/agenciainclusive.files.wordpress.com\/2009\/10\/image0011.jpg\"><img loading=\"lazy\" decoding=\"async\" class=\"size-full wp-image-11434\" title=\"image001\" src=\"http:\/\/agenciainclusive.files.wordpress.com\/2009\/10\/image0011.jpg\" alt=\"image001\" width=\"499\" height=\"499\" \/><\/a><figcaption id=\"caption-attachment-11434\" class=\"wp-caption-text\">Folder da Mostra. Todos os detalhes do folder est\u00e3o dispon\u00edveis em http:\/\/www.cinedireitoshumanos.org.br<\/figcaption><\/figure>\n<p style=\"text-align:justify;\"><strong>A MOSTRA VEIO PARA FICAR<\/strong><\/p>\n<p style=\"text-align:justify;\">O desafio foi lan\u00e7ado em dezembro de 2006: celebrar o anivers\u00e1rio da Declara\u00e7\u00e3o Universal dos Direitos Humanos por meio da voz, luz, magia e movimentos do cinema.<\/p>\n<p style=\"text-align:justify;\">Foram quatro cidades naquele ano. Passamos a oito em 2007, a doze em 2008. E a 4\u00aa Mostra Cinema e Direitos Humanos na Am\u00e9rica do Sul estende-se a dezesseis capitais em 2009, renovando mais uma vez a proposta de combinar a arte libertadora de Chaplin, Eisenstein e Glauber Rocha com o sonho da igualdade na diversidade.<\/p>\n<p style=\"text-align:justify;\">Em seguimento \u00e0 experi\u00eancia de 2008, a curadoria \u00e9 de Francisco C\u00e9sar Filho, que todos no cinema brasileiro conhecem como Chiquinho. A partir de uma chamada p\u00fablica, amplamente divulgada, e de cuidadosa pesquisa junto a realizadores de dez pa\u00edses, ele selecionou 39 filmes, separados no cat\u00e1logo em quatro blocos.<\/p>\n<p style=\"text-align:justify;\">No bloco maior, reunindo somente produ\u00e7\u00f5es dos \u00faltimos dois anos, a inclus\u00e3o de \u201cGarapa\u201d, de Jos\u00e9 Padilha, busca refor\u00e7ar a consci\u00eancia crescente no Pa\u00eds a respeito da urg\u00eancia da erradica\u00e7\u00e3o da fome e da extrema pobreza. Os outros 21 filmes desse bloco completam a pluralidade de temas que comp\u00f5em o caleidosc\u00f3pio dos Direitos Humanos: preconceito racial, equidade de g\u00eanero, prote\u00e7\u00e3o da crian\u00e7a e do adolescente, sa\u00fade mental, tortura, trabalho escravo, pessoas com defici\u00eancia, diversidade sexual, liberdade religiosa, mem\u00f3ria da repress\u00e3o pol\u00edtica, a quest\u00e3o do idoso e muitas outras.<\/p>\n<p style=\"text-align:justify;\">A Retrospectiva Hist\u00f3rica desta 4\u00aa Mostra coloca em perspectiva o olhar de diretores sul-americanos sobre esses mesmos temas, sempre em produ\u00e7\u00f5es de d\u00e9cadas anteriores.<\/p>\n<p style=\"text-align:justify;\">A se\u00e7\u00e3o Homenagem valoriza, desta vez, o pioneirismo do projeto \u201cV\u00eddeo nas Aldeias\u201d, concebido pelo diretor Vincent Carelli, j\u00e1 premiado em Gramado, que desde 1987 combina a luta indigenista com uma estrat\u00e9gia fascinante de Educa\u00e7\u00e3o em Direitos Humanos para produzir filmes sens\u00edveis e de elevada qualidade.<\/p>\n<p style=\"text-align:justify;\">O respeito aos direitos ancestrais dos povos ind\u00edgenas segue representando um grave desafio \u00e0 consolida\u00e7\u00e3o da conviv\u00eancia democr\u00e1tica em nosso Pa\u00eds, n\u00e3o obstante o desfecho animador da disputa travada em torno da Terra Ind\u00edgena Raposa Serra do Sol.<\/p>\n<p style=\"text-align:justify;\">Basta lembrar que, nesse confronto, quase toda a m\u00eddia alinhou-se com os interesses esp\u00farios de alguns forasteiros que invadiram aquele territ\u00f3rio h\u00e1 poucos anos, usurpando direitos de pessoas que ali vivem e protegem a natureza h\u00e1 s\u00e9culos ou mil\u00eanios.<\/p>\n<p style=\"text-align:justify;\">Entre as Sess\u00f5es Especiais constantes da programa\u00e7\u00e3o, cabe destacar dois t\u00edtulos relacionados com o Direito \u00e0 Mem\u00f3ria e \u00e0 Verdade, assunto que ainda desperta pol\u00eamica acirrada, exigindo um esfor\u00e7o corajoso para ajustar contas com a nossa hist\u00f3ria recente, passo necess\u00e1rio \u00e0 constru\u00e7\u00e3o de garantias no sentido de que o ciclo de viol\u00eancia e ditaduras n\u00e3o se repita nunca mais.<\/p>\n<p style=\"text-align:justify;\">\u201cO Cavaleiro Negro\u201d resgata o hero\u00edsmo internacionalista do embaixador sueco em Santiago do Chile, Harald Edelstam, no momento do golpe militar que dep\u00f4s o governo democr\u00e1tico de Salvador Allende e mergulhou a terra de Neruda em um longo banho de sangue. A coragem e a ousadia do diplomata salvaram a vida de centenas e centenas de refugiados pol\u00edticos que buscavam asilo pol\u00edtico em diferentes embaixadas para escapar da sanha fascista de Pinochet.<\/p>\n<p style=\"text-align:justify;\">Ser\u00e1 apresentada tamb\u00e9m, em duas sess\u00f5es, a mini-s\u00e9rie de TV dirigida por Tata Amaral, com desempenho magistral de Carlos Alberto Riccelli, que focaliza os dramas e traumas provocados pela tortura aplicada rotineiramente aos opositores do regime ditatorial de 1964. Passados 21 anos de reconstru\u00e7\u00e3o democr\u00e1tica ap\u00f3s a promulga\u00e7\u00e3o da Constitui\u00e7\u00e3o Cidad\u00e3 de 1988, o trabalho mostra o quanto nosso Pa\u00eds ainda n\u00e3o conseguiu exorcizar cabalmente os fantasmas daquele per\u00edodo de sombras e de chumbo.<\/p>\n<p style=\"text-align:justify;\">A bandeira da inclus\u00e3o segue presente na 4\u00aa Mostra. Todas as sess\u00f5es s\u00e3o gratuitas e mesmo os filmes brasileiros apresentam legendas para que possam ser acompanhados por pessoas com defici\u00eancia auditiva. Todas as salas de exibi\u00e7\u00e3o s\u00e3o adaptadas para cadeirantes e cada cidade exibir\u00e1 mais de uma sess\u00e3o com \u00e1udio-descri\u00e7\u00e3o, recurso de acessibilidade destinado a pessoas com defici\u00eancia visual.<\/p>\n<p style=\"text-align:justify;\">A 4\u00aa Mostra \u00e9 uma realiza\u00e7\u00e3o da Secretaria Especial dos Direitos Humanos da Presid\u00eancia da Rep\u00fablica, com patroc\u00ednio da Petrobras e produ\u00e7\u00e3o da Cinemateca Brasileira, contando com apoio do SESC\/SP, da TV Brasil e do Minist\u00e9rio das Rela\u00e7\u00f5es Exteriores.<\/p>\n<p style=\"text-align:justify;\">Paulo Vannuchi<br \/>\nMinistro da Secretaria Especial dos Direitos Humanos da Presid\u00eancia da Rep\u00fablica<\/p>\n","protected":false},"excerpt":{"rendered":"<p>A MOSTRA VEIO PARA FICAR O desafio foi lan\u00e7ado em dezembro de 2006: celebrar o anivers\u00e1rio da Declara\u00e7\u00e3o Universal dos Direitos Humanos por meio da voz, luz, magia e movimentos do cinema. Foram quatro cidades naquele ano. Passamos a oito em 2007, a doze em 2008. E a 4\u00aa Mostra Cinema e Direitos Humanos na [&hellip;]<\/p>\n","protected":false},"author":2,"featured_media":0,"comment_status":"open","ping_status":"open","sticky":false,"template":"","format":"standard","meta":{"site-container-style":"default","site-container-layout":"default","site-sidebar-layout":"default","disable-article-header":"default","disable-site-header":"default","disable-site-footer":"default","disable-content-area-spacing":"default","footnotes":""},"categories":[29,11,4],"tags":[],"class_list":["post-11975","post","type-post","status-publish","format-standard","hentry","category-cultura","category-direitos-humanos","category-noticias"],"yoast_head":"<!-- This site is optimized with the Yoast SEO plugin v27.4 - https:\/\/yoast.com\/product\/yoast-seo-wordpress\/ -->\n<title>4\u00aa Mostra Cinema e Direitos Humanos na Am\u00e9rica do Sul -<\/title>\n<meta name=\"robots\" content=\"index, follow, max-snippet:-1, max-image-preview:large, max-video-preview:-1\" \/>\n<link rel=\"canonical\" href=\"https:\/\/inclusivenews.com.br\/?p=11975\" \/>\n<meta property=\"og:locale\" content=\"pt_PT\" \/>\n<meta property=\"og:type\" content=\"article\" \/>\n<meta property=\"og:title\" content=\"4\u00aa Mostra Cinema e Direitos Humanos na Am\u00e9rica do Sul -\" \/>\n<meta property=\"og:description\" content=\"A MOSTRA VEIO PARA FICAR O desafio foi lan\u00e7ado em dezembro de 2006: celebrar o anivers\u00e1rio da Declara\u00e7\u00e3o Universal dos Direitos Humanos por meio da voz, luz, magia e movimentos do cinema. Foram quatro cidades naquele ano. Passamos a oito em 2007, a doze em 2008. E a 4\u00aa Mostra Cinema e Direitos Humanos na [&hellip;]\" \/>\n<meta property=\"og:url\" content=\"https:\/\/inclusivenews.com.br\/?p=11975\" \/>\n<meta property=\"article:publisher\" content=\"https:\/\/www.facebook.com\/agenciainclusive\/\" \/>\n<meta property=\"article:published_time\" content=\"2009-10-05T10:14:15+00:00\" \/>\n<meta property=\"og:image\" content=\"http:\/\/agenciainclusive.files.wordpress.com\/2009\/10\/image0011.jpg\" \/>\n<meta name=\"author\" content=\"Inclusive\" \/>\n<meta name=\"twitter:card\" content=\"summary_large_image\" \/>\n<meta name=\"twitter:label1\" content=\"Escrito por\" \/>\n\t<meta name=\"twitter:data1\" content=\"Inclusive\" \/>\n\t<meta name=\"twitter:label2\" content=\"Tempo estimado de leitura\" \/>\n\t<meta name=\"twitter:data2\" content=\"4 minutos\" \/>\n<script type=\"application\/ld+json\" class=\"yoast-schema-graph\">{\"@context\":\"https:\\\/\\\/schema.org\",\"@graph\":[{\"@type\":\"Article\",\"@id\":\"https:\\\/\\\/inclusivenews.com.br\\\/?p=11975#article\",\"isPartOf\":{\"@id\":\"https:\\\/\\\/inclusivenews.com.br\\\/?p=11975\"},\"author\":{\"name\":\"Inclusive\",\"@id\":\"https:\\\/\\\/inclusivenews.com.br\\\/#\\\/schema\\\/person\\\/0dab492019871b94abb65fa8ee7c8c44\"},\"headline\":\"4\u00aa Mostra Cinema e Direitos Humanos na Am\u00e9rica do Sul\",\"datePublished\":\"2009-10-05T10:14:15+00:00\",\"mainEntityOfPage\":{\"@id\":\"https:\\\/\\\/inclusivenews.com.br\\\/?p=11975\"},\"wordCount\":795,\"commentCount\":0,\"publisher\":{\"@id\":\"https:\\\/\\\/inclusivenews.com.br\\\/#organization\"},\"image\":{\"@id\":\"https:\\\/\\\/inclusivenews.com.br\\\/?p=11975#primaryimage\"},\"thumbnailUrl\":\"http:\\\/\\\/agenciainclusive.files.wordpress.com\\\/2009\\\/10\\\/image0011.jpg\",\"articleSection\":[\"Cultura\",\"DIREITOS HUMANOS\",\"NOT\u00cdCIAS\"],\"inLanguage\":\"pt-PT\",\"potentialAction\":[{\"@type\":\"CommentAction\",\"name\":\"Comment\",\"target\":[\"https:\\\/\\\/inclusivenews.com.br\\\/?p=11975#respond\"]}]},{\"@type\":\"WebPage\",\"@id\":\"https:\\\/\\\/inclusivenews.com.br\\\/?p=11975\",\"url\":\"https:\\\/\\\/inclusivenews.com.br\\\/?p=11975\",\"name\":\"4\u00aa Mostra Cinema e Direitos Humanos na Am\u00e9rica do Sul -\",\"isPartOf\":{\"@id\":\"https:\\\/\\\/inclusivenews.com.br\\\/#website\"},\"primaryImageOfPage\":{\"@id\":\"https:\\\/\\\/inclusivenews.com.br\\\/?p=11975#primaryimage\"},\"image\":{\"@id\":\"https:\\\/\\\/inclusivenews.com.br\\\/?p=11975#primaryimage\"},\"thumbnailUrl\":\"http:\\\/\\\/agenciainclusive.files.wordpress.com\\\/2009\\\/10\\\/image0011.jpg\",\"datePublished\":\"2009-10-05T10:14:15+00:00\",\"breadcrumb\":{\"@id\":\"https:\\\/\\\/inclusivenews.com.br\\\/?p=11975#breadcrumb\"},\"inLanguage\":\"pt-PT\",\"potentialAction\":[{\"@type\":\"ReadAction\",\"target\":[\"https:\\\/\\\/inclusivenews.com.br\\\/?p=11975\"]}]},{\"@type\":\"ImageObject\",\"inLanguage\":\"pt-PT\",\"@id\":\"https:\\\/\\\/inclusivenews.com.br\\\/?p=11975#primaryimage\",\"url\":\"http:\\\/\\\/agenciainclusive.files.wordpress.com\\\/2009\\\/10\\\/image0011.jpg\",\"contentUrl\":\"http:\\\/\\\/agenciainclusive.files.wordpress.com\\\/2009\\\/10\\\/image0011.jpg\"},{\"@type\":\"BreadcrumbList\",\"@id\":\"https:\\\/\\\/inclusivenews.com.br\\\/?p=11975#breadcrumb\",\"itemListElement\":[{\"@type\":\"ListItem\",\"position\":1,\"name\":\"In\u00edcio\",\"item\":\"https:\\\/\\\/inclusivenews.com.br\\\/\"},{\"@type\":\"ListItem\",\"position\":2,\"name\":\"4\u00aa Mostra Cinema e Direitos Humanos na Am\u00e9rica do Sul\"}]},{\"@type\":\"WebSite\",\"@id\":\"https:\\\/\\\/inclusivenews.com.br\\\/#website\",\"url\":\"https:\\\/\\\/inclusivenews.com.br\\\/\",\"name\":\"Inclusive News\",\"description\":\"Inclusive News\",\"publisher\":{\"@id\":\"https:\\\/\\\/inclusivenews.com.br\\\/#organization\"},\"potentialAction\":[{\"@type\":\"SearchAction\",\"target\":{\"@type\":\"EntryPoint\",\"urlTemplate\":\"https:\\\/\\\/inclusivenews.com.br\\\/?s={search_term_string}\"},\"query-input\":{\"@type\":\"PropertyValueSpecification\",\"valueRequired\":true,\"valueName\":\"search_term_string\"}}],\"inLanguage\":\"pt-PT\"},{\"@type\":\"Organization\",\"@id\":\"https:\\\/\\\/inclusivenews.com.br\\\/#organization\",\"name\":\"Inclusive - inclus\u00e3o e cidadania\",\"url\":\"https:\\\/\\\/inclusivenews.com.br\\\/\",\"logo\":{\"@type\":\"ImageObject\",\"inLanguage\":\"pt-PT\",\"@id\":\"https:\\\/\\\/inclusivenews.com.br\\\/#\\\/schema\\\/logo\\\/image\\\/\",\"url\":\"https:\\\/\\\/inclusivenews.com.br\\\/wp-content\\\/uploads\\\/2024\\\/03\\\/@grandesite.png\",\"contentUrl\":\"https:\\\/\\\/inclusivenews.com.br\\\/wp-content\\\/uploads\\\/2024\\\/03\\\/@grandesite.png\",\"width\":1080,\"height\":1080,\"caption\":\"Inclusive - inclus\u00e3o e cidadania\"},\"image\":{\"@id\":\"https:\\\/\\\/inclusivenews.com.br\\\/#\\\/schema\\\/logo\\\/image\\\/\"},\"sameAs\":[\"https:\\\/\\\/www.facebook.com\\\/agenciainclusive\\\/\",\"https:\\\/\\\/www.instagram.com\\\/newsinclusive\\\/\"]},{\"@type\":\"Person\",\"@id\":\"https:\\\/\\\/inclusivenews.com.br\\\/#\\\/schema\\\/person\\\/0dab492019871b94abb65fa8ee7c8c44\",\"name\":\"Inclusive\",\"image\":{\"@type\":\"ImageObject\",\"inLanguage\":\"pt-PT\",\"@id\":\"https:\\\/\\\/secure.gravatar.com\\\/avatar\\\/?s=96&d=mm&r=g\",\"url\":\"https:\\\/\\\/secure.gravatar.com\\\/avatar\\\/?s=96&d=mm&r=g\",\"contentUrl\":\"https:\\\/\\\/secure.gravatar.com\\\/avatar\\\/?s=96&d=mm&r=g\",\"caption\":\"Inclusive\"},\"url\":\"https:\\\/\\\/inclusivenews.com.br\\\/?author=2\"}]}<\/script>\n<!-- \/ Yoast SEO plugin. -->","yoast_head_json":{"title":"4\u00aa Mostra Cinema e Direitos Humanos na Am\u00e9rica do Sul -","robots":{"index":"index","follow":"follow","max-snippet":"max-snippet:-1","max-image-preview":"max-image-preview:large","max-video-preview":"max-video-preview:-1"},"canonical":"https:\/\/inclusivenews.com.br\/?p=11975","og_locale":"pt_PT","og_type":"article","og_title":"4\u00aa Mostra Cinema e Direitos Humanos na Am\u00e9rica do Sul -","og_description":"A MOSTRA VEIO PARA FICAR O desafio foi lan\u00e7ado em dezembro de 2006: celebrar o anivers\u00e1rio da Declara\u00e7\u00e3o Universal dos Direitos Humanos por meio da voz, luz, magia e movimentos do cinema. Foram quatro cidades naquele ano. Passamos a oito em 2007, a doze em 2008. E a 4\u00aa Mostra Cinema e Direitos Humanos na [&hellip;]","og_url":"https:\/\/inclusivenews.com.br\/?p=11975","article_publisher":"https:\/\/www.facebook.com\/agenciainclusive\/","article_published_time":"2009-10-05T10:14:15+00:00","og_image":[{"url":"http:\/\/agenciainclusive.files.wordpress.com\/2009\/10\/image0011.jpg","type":"","width":"","height":""}],"author":"Inclusive","twitter_card":"summary_large_image","twitter_misc":{"Escrito por":"Inclusive","Tempo estimado de leitura":"4 minutos"},"schema":{"@context":"https:\/\/schema.org","@graph":[{"@type":"Article","@id":"https:\/\/inclusivenews.com.br\/?p=11975#article","isPartOf":{"@id":"https:\/\/inclusivenews.com.br\/?p=11975"},"author":{"name":"Inclusive","@id":"https:\/\/inclusivenews.com.br\/#\/schema\/person\/0dab492019871b94abb65fa8ee7c8c44"},"headline":"4\u00aa Mostra Cinema e Direitos Humanos na Am\u00e9rica do Sul","datePublished":"2009-10-05T10:14:15+00:00","mainEntityOfPage":{"@id":"https:\/\/inclusivenews.com.br\/?p=11975"},"wordCount":795,"commentCount":0,"publisher":{"@id":"https:\/\/inclusivenews.com.br\/#organization"},"image":{"@id":"https:\/\/inclusivenews.com.br\/?p=11975#primaryimage"},"thumbnailUrl":"http:\/\/agenciainclusive.files.wordpress.com\/2009\/10\/image0011.jpg","articleSection":["Cultura","DIREITOS HUMANOS","NOT\u00cdCIAS"],"inLanguage":"pt-PT","potentialAction":[{"@type":"CommentAction","name":"Comment","target":["https:\/\/inclusivenews.com.br\/?p=11975#respond"]}]},{"@type":"WebPage","@id":"https:\/\/inclusivenews.com.br\/?p=11975","url":"https:\/\/inclusivenews.com.br\/?p=11975","name":"4\u00aa Mostra Cinema e Direitos Humanos na Am\u00e9rica do Sul -","isPartOf":{"@id":"https:\/\/inclusivenews.com.br\/#website"},"primaryImageOfPage":{"@id":"https:\/\/inclusivenews.com.br\/?p=11975#primaryimage"},"image":{"@id":"https:\/\/inclusivenews.com.br\/?p=11975#primaryimage"},"thumbnailUrl":"http:\/\/agenciainclusive.files.wordpress.com\/2009\/10\/image0011.jpg","datePublished":"2009-10-05T10:14:15+00:00","breadcrumb":{"@id":"https:\/\/inclusivenews.com.br\/?p=11975#breadcrumb"},"inLanguage":"pt-PT","potentialAction":[{"@type":"ReadAction","target":["https:\/\/inclusivenews.com.br\/?p=11975"]}]},{"@type":"ImageObject","inLanguage":"pt-PT","@id":"https:\/\/inclusivenews.com.br\/?p=11975#primaryimage","url":"http:\/\/agenciainclusive.files.wordpress.com\/2009\/10\/image0011.jpg","contentUrl":"http:\/\/agenciainclusive.files.wordpress.com\/2009\/10\/image0011.jpg"},{"@type":"BreadcrumbList","@id":"https:\/\/inclusivenews.com.br\/?p=11975#breadcrumb","itemListElement":[{"@type":"ListItem","position":1,"name":"In\u00edcio","item":"https:\/\/inclusivenews.com.br\/"},{"@type":"ListItem","position":2,"name":"4\u00aa Mostra Cinema e Direitos Humanos na Am\u00e9rica do Sul"}]},{"@type":"WebSite","@id":"https:\/\/inclusivenews.com.br\/#website","url":"https:\/\/inclusivenews.com.br\/","name":"Inclusive News","description":"Inclusive News","publisher":{"@id":"https:\/\/inclusivenews.com.br\/#organization"},"potentialAction":[{"@type":"SearchAction","target":{"@type":"EntryPoint","urlTemplate":"https:\/\/inclusivenews.com.br\/?s={search_term_string}"},"query-input":{"@type":"PropertyValueSpecification","valueRequired":true,"valueName":"search_term_string"}}],"inLanguage":"pt-PT"},{"@type":"Organization","@id":"https:\/\/inclusivenews.com.br\/#organization","name":"Inclusive - inclus\u00e3o e cidadania","url":"https:\/\/inclusivenews.com.br\/","logo":{"@type":"ImageObject","inLanguage":"pt-PT","@id":"https:\/\/inclusivenews.com.br\/#\/schema\/logo\/image\/","url":"https:\/\/inclusivenews.com.br\/wp-content\/uploads\/2024\/03\/@grandesite.png","contentUrl":"https:\/\/inclusivenews.com.br\/wp-content\/uploads\/2024\/03\/@grandesite.png","width":1080,"height":1080,"caption":"Inclusive - inclus\u00e3o e cidadania"},"image":{"@id":"https:\/\/inclusivenews.com.br\/#\/schema\/logo\/image\/"},"sameAs":["https:\/\/www.facebook.com\/agenciainclusive\/","https:\/\/www.instagram.com\/newsinclusive\/"]},{"@type":"Person","@id":"https:\/\/inclusivenews.com.br\/#\/schema\/person\/0dab492019871b94abb65fa8ee7c8c44","name":"Inclusive","image":{"@type":"ImageObject","inLanguage":"pt-PT","@id":"https:\/\/secure.gravatar.com\/avatar\/?s=96&d=mm&r=g","url":"https:\/\/secure.gravatar.com\/avatar\/?s=96&d=mm&r=g","contentUrl":"https:\/\/secure.gravatar.com\/avatar\/?s=96&d=mm&r=g","caption":"Inclusive"},"url":"https:\/\/inclusivenews.com.br\/?author=2"}]}},"_links":{"self":[{"href":"https:\/\/inclusivenews.com.br\/index.php?rest_route=\/wp\/v2\/posts\/11975","targetHints":{"allow":["GET"]}}],"collection":[{"href":"https:\/\/inclusivenews.com.br\/index.php?rest_route=\/wp\/v2\/posts"}],"about":[{"href":"https:\/\/inclusivenews.com.br\/index.php?rest_route=\/wp\/v2\/types\/post"}],"author":[{"embeddable":true,"href":"https:\/\/inclusivenews.com.br\/index.php?rest_route=\/wp\/v2\/users\/2"}],"replies":[{"embeddable":true,"href":"https:\/\/inclusivenews.com.br\/index.php?rest_route=%2Fwp%2Fv2%2Fcomments&post=11975"}],"version-history":[{"count":0,"href":"https:\/\/inclusivenews.com.br\/index.php?rest_route=\/wp\/v2\/posts\/11975\/revisions"}],"wp:attachment":[{"href":"https:\/\/inclusivenews.com.br\/index.php?rest_route=%2Fwp%2Fv2%2Fmedia&parent=11975"}],"wp:term":[{"taxonomy":"category","embeddable":true,"href":"https:\/\/inclusivenews.com.br\/index.php?rest_route=%2Fwp%2Fv2%2Fcategories&post=11975"},{"taxonomy":"post_tag","embeddable":true,"href":"https:\/\/inclusivenews.com.br\/index.php?rest_route=%2Fwp%2Fv2%2Ftags&post=11975"}],"curies":[{"name":"wp","href":"https:\/\/api.w.org\/{rel}","templated":true}]}}