{"id":11977,"date":"2009-10-06T06:58:50","date_gmt":"2009-10-06T09:58:50","guid":{"rendered":"http:\/\/agenciainclusive.wordpress.com\/?p=11481"},"modified":"2009-10-06T06:58:50","modified_gmt":"2009-10-06T09:58:50","slug":"ii-seminario-estadual-sobre-deficiencias-e-inclusao-social-avancos-tecnologicos","status":"publish","type":"post","link":"https:\/\/inclusivenews.com.br\/?p=11977","title":{"rendered":"II Semin\u00e1rio Estadual sobre Defici\u00eancias e Inclus\u00e3o Social: Avan\u00e7os Tecnol\u00f3gicos"},"content":{"rendered":"<p style=\"text-align:justify;\"><strong>07 de outubro de 2009<\/strong><\/p>\n<p style=\"text-align:justify;\">Local: Sal\u00e3o de Atos da PUCRS<br \/>\nAv. Ipiranga, 6681 &#8211; Partenon &#8211; Porto Alegre<\/p>\n<p style=\"text-align:justify;\">Cronograma:<\/p>\n<p style=\"text-align:justify;\">Manh\u00e3 &#8211; ENTRADA GRATUITA<\/p>\n<p style=\"text-align:justify;\">8h \u2013 8h30 Credenciamento<\/p>\n<p style=\"text-align:justify;\">8h30 \u2013 9h20 Abertura com Hino Nacional interpretado pela cantora Karine Rodrigues<\/p>\n<p style=\"text-align:justify;\">Mesa de autoridades<\/p>\n<p style=\"text-align:justify;\">9h20 \u2013 11h Mesa redonda<br \/>\nA TECNOLOGIA A FAVOR DA EDUCA\u00c7\u00c3O, SA\u00daDE E CIDADANIA DA PESSOA COM DEFICI\u00caNCIA<\/p>\n<p style=\"text-align:justify;\">Palestrantes:<br \/>\n* Carlos Alberto Chiarelli &#8211; Advogado, Ex-ministro da Educa\u00e7\u00e3o &#8211; &#8220;Uso do ensino \u00e0 dist\u00e2ncia para a educa\u00e7\u00e3o e profissionaliza\u00e7\u00e3o da pessoa com defici\u00eancia&#8221;.<\/p>\n<p style=\"text-align:justify;\">* Rita Bersch &#8211; Fisioterapeuta e Diretora Cl\u00ednica do CEDI &#8211; &#8220;Contribui\u00e7\u00f5es da tecnologia assistiva para autonomia da pessoa com defici\u00eancia&#8221;.<\/p>\n<p style=\"text-align:justify;\">* Maria Teresa Vieira Sanseverino &#8211; M\u00e9dica Geneticista do HCPA &#8211; &#8220;O uso da tecnologia no aconselhamento gen\u00e9tico&#8221;.<\/p>\n<p style=\"text-align:justify;\">11h \u2013 12h Encerramento \u2013 Fazendo a Diferen\u00e7a \u2013 Relato de Experi\u00eancia<br \/>\nIntegrantes:<br \/>\nEduardo Purper<br \/>\nH\u00e9lio Passos<br \/>\nCl\u00e1udio Mour\u00e3o<\/p>\n<p style=\"text-align:justify;\">12h \u2013 13h30 Almo\u00e7o<\/p>\n<p style=\"text-align:justify;\">Maiores Informa\u00e7\u00f5es: 32282112 ramal 217 ou 32319658<\/p>\n","protected":false},"excerpt":{"rendered":"<p>07 de outubro de 2009 Local: Sal\u00e3o de Atos da PUCRS Av. Ipiranga, 6681 &#8211; Partenon &#8211; Porto Alegre Cronograma: Manh\u00e3 &#8211; ENTRADA GRATUITA 8h \u2013 8h30 Credenciamento 8h30 \u2013 9h20 Abertura com Hino Nacional interpretado pela cantora Karine Rodrigues Mesa de autoridades 9h20 \u2013 11h Mesa redonda A TECNOLOGIA A FAVOR DA EDUCA\u00c7\u00c3O, SA\u00daDE [&hellip;]<\/p>\n","protected":false},"author":2,"featured_media":0,"comment_status":"open","ping_status":"open","sticky":false,"template":"","format":"standard","meta":{"site-container-style":"default","site-container-layout":"default","site-sidebar-layout":"default","disable-article-header":"default","disable-site-header":"default","disable-site-footer":"default","disable-content-area-spacing":"default","footnotes":""},"categories":[12],"tags":[],"class_list":["post-11977","post","type-post","status-publish","format-standard","hentry","category-cursos-e-eventos"],"yoast_head":"<!-- This site is optimized with the Yoast SEO plugin v27.4 - https:\/\/yoast.com\/product\/yoast-seo-wordpress\/ -->\n<title>II Semin\u00e1rio Estadual sobre Defici\u00eancias e Inclus\u00e3o Social: Avan\u00e7os Tecnol\u00f3gicos -<\/title>\n<meta name=\"robots\" content=\"index, follow, max-snippet:-1, max-image-preview:large, max-video-preview:-1\" \/>\n<link rel=\"canonical\" href=\"https:\/\/inclusivenews.com.br\/?p=11977\" \/>\n<meta property=\"og:locale\" content=\"pt_PT\" \/>\n<meta property=\"og:type\" content=\"article\" \/>\n<meta property=\"og:title\" content=\"II Semin\u00e1rio Estadual sobre Defici\u00eancias e Inclus\u00e3o Social: Avan\u00e7os Tecnol\u00f3gicos -\" \/>\n<meta property=\"og:description\" content=\"07 de outubro de 2009 Local: Sal\u00e3o de Atos da PUCRS Av. Ipiranga, 6681 &#8211; Partenon &#8211; Porto Alegre Cronograma: Manh\u00e3 &#8211; ENTRADA GRATUITA 8h \u2013 8h30 Credenciamento 8h30 \u2013 9h20 Abertura com Hino Nacional interpretado pela cantora Karine Rodrigues Mesa de autoridades 9h20 \u2013 11h Mesa redonda A TECNOLOGIA A FAVOR DA EDUCA\u00c7\u00c3O, SA\u00daDE [&hellip;]\" \/>\n<meta property=\"og:url\" content=\"https:\/\/inclusivenews.com.br\/?p=11977\" \/>\n<meta property=\"article:publisher\" content=\"https:\/\/www.facebook.com\/agenciainclusive\/\" \/>\n<meta property=\"article:published_time\" content=\"2009-10-06T09:58:50+00:00\" \/>\n<meta name=\"author\" content=\"Inclusive\" \/>\n<meta name=\"twitter:card\" content=\"summary_large_image\" \/>\n<meta name=\"twitter:label1\" content=\"Escrito por\" \/>\n\t<meta name=\"twitter:data1\" content=\"Inclusive\" \/>\n\t<meta name=\"twitter:label2\" content=\"Tempo estimado de leitura\" \/>\n\t<meta name=\"twitter:data2\" content=\"1 minuto\" \/>\n<script type=\"application\/ld+json\" class=\"yoast-schema-graph\">{\"@context\":\"https:\\\/\\\/schema.org\",\"@graph\":[{\"@type\":\"Article\",\"@id\":\"https:\\\/\\\/inclusivenews.com.br\\\/?p=11977#article\",\"isPartOf\":{\"@id\":\"https:\\\/\\\/inclusivenews.com.br\\\/?p=11977\"},\"author\":{\"name\":\"Inclusive\",\"@id\":\"https:\\\/\\\/inclusivenews.com.br\\\/#\\\/schema\\\/person\\\/0dab492019871b94abb65fa8ee7c8c44\"},\"headline\":\"II Semin\u00e1rio Estadual sobre Defici\u00eancias e Inclus\u00e3o Social: Avan\u00e7os Tecnol\u00f3gicos\",\"datePublished\":\"2009-10-06T09:58:50+00:00\",\"mainEntityOfPage\":{\"@id\":\"https:\\\/\\\/inclusivenews.com.br\\\/?p=11977\"},\"wordCount\":174,\"commentCount\":0,\"publisher\":{\"@id\":\"https:\\\/\\\/inclusivenews.com.br\\\/#organization\"},\"articleSection\":[\"Cursos e eventos\"],\"inLanguage\":\"pt-PT\",\"potentialAction\":[{\"@type\":\"CommentAction\",\"name\":\"Comment\",\"target\":[\"https:\\\/\\\/inclusivenews.com.br\\\/?p=11977#respond\"]}]},{\"@type\":\"WebPage\",\"@id\":\"https:\\\/\\\/inclusivenews.com.br\\\/?p=11977\",\"url\":\"https:\\\/\\\/inclusivenews.com.br\\\/?p=11977\",\"name\":\"II Semin\u00e1rio Estadual sobre Defici\u00eancias e Inclus\u00e3o Social: Avan\u00e7os Tecnol\u00f3gicos -\",\"isPartOf\":{\"@id\":\"https:\\\/\\\/inclusivenews.com.br\\\/#website\"},\"datePublished\":\"2009-10-06T09:58:50+00:00\",\"breadcrumb\":{\"@id\":\"https:\\\/\\\/inclusivenews.com.br\\\/?p=11977#breadcrumb\"},\"inLanguage\":\"pt-PT\",\"potentialAction\":[{\"@type\":\"ReadAction\",\"target\":[\"https:\\\/\\\/inclusivenews.com.br\\\/?p=11977\"]}]},{\"@type\":\"BreadcrumbList\",\"@id\":\"https:\\\/\\\/inclusivenews.com.br\\\/?p=11977#breadcrumb\",\"itemListElement\":[{\"@type\":\"ListItem\",\"position\":1,\"name\":\"In\u00edcio\",\"item\":\"https:\\\/\\\/inclusivenews.com.br\\\/\"},{\"@type\":\"ListItem\",\"position\":2,\"name\":\"II Semin\u00e1rio Estadual sobre Defici\u00eancias e Inclus\u00e3o Social: Avan\u00e7os Tecnol\u00f3gicos\"}]},{\"@type\":\"WebSite\",\"@id\":\"https:\\\/\\\/inclusivenews.com.br\\\/#website\",\"url\":\"https:\\\/\\\/inclusivenews.com.br\\\/\",\"name\":\"Inclusive News\",\"description\":\"Inclusive News\",\"publisher\":{\"@id\":\"https:\\\/\\\/inclusivenews.com.br\\\/#organization\"},\"potentialAction\":[{\"@type\":\"SearchAction\",\"target\":{\"@type\":\"EntryPoint\",\"urlTemplate\":\"https:\\\/\\\/inclusivenews.com.br\\\/?s={search_term_string}\"},\"query-input\":{\"@type\":\"PropertyValueSpecification\",\"valueRequired\":true,\"valueName\":\"search_term_string\"}}],\"inLanguage\":\"pt-PT\"},{\"@type\":\"Organization\",\"@id\":\"https:\\\/\\\/inclusivenews.com.br\\\/#organization\",\"name\":\"Inclusive - inclus\u00e3o e cidadania\",\"url\":\"https:\\\/\\\/inclusivenews.com.br\\\/\",\"logo\":{\"@type\":\"ImageObject\",\"inLanguage\":\"pt-PT\",\"@id\":\"https:\\\/\\\/inclusivenews.com.br\\\/#\\\/schema\\\/logo\\\/image\\\/\",\"url\":\"https:\\\/\\\/inclusivenews.com.br\\\/wp-content\\\/uploads\\\/2024\\\/03\\\/@grandesite.png\",\"contentUrl\":\"https:\\\/\\\/inclusivenews.com.br\\\/wp-content\\\/uploads\\\/2024\\\/03\\\/@grandesite.png\",\"width\":1080,\"height\":1080,\"caption\":\"Inclusive - inclus\u00e3o e cidadania\"},\"image\":{\"@id\":\"https:\\\/\\\/inclusivenews.com.br\\\/#\\\/schema\\\/logo\\\/image\\\/\"},\"sameAs\":[\"https:\\\/\\\/www.facebook.com\\\/agenciainclusive\\\/\",\"https:\\\/\\\/www.instagram.com\\\/newsinclusive\\\/\"]},{\"@type\":\"Person\",\"@id\":\"https:\\\/\\\/inclusivenews.com.br\\\/#\\\/schema\\\/person\\\/0dab492019871b94abb65fa8ee7c8c44\",\"name\":\"Inclusive\",\"image\":{\"@type\":\"ImageObject\",\"inLanguage\":\"pt-PT\",\"@id\":\"https:\\\/\\\/secure.gravatar.com\\\/avatar\\\/?s=96&d=mm&r=g\",\"url\":\"https:\\\/\\\/secure.gravatar.com\\\/avatar\\\/?s=96&d=mm&r=g\",\"contentUrl\":\"https:\\\/\\\/secure.gravatar.com\\\/avatar\\\/?s=96&d=mm&r=g\",\"caption\":\"Inclusive\"},\"url\":\"https:\\\/\\\/inclusivenews.com.br\\\/?author=2\"}]}<\/script>\n<!-- \/ Yoast SEO plugin. -->","yoast_head_json":{"title":"II Semin\u00e1rio Estadual sobre Defici\u00eancias e Inclus\u00e3o Social: Avan\u00e7os Tecnol\u00f3gicos -","robots":{"index":"index","follow":"follow","max-snippet":"max-snippet:-1","max-image-preview":"max-image-preview:large","max-video-preview":"max-video-preview:-1"},"canonical":"https:\/\/inclusivenews.com.br\/?p=11977","og_locale":"pt_PT","og_type":"article","og_title":"II Semin\u00e1rio Estadual sobre Defici\u00eancias e Inclus\u00e3o Social: Avan\u00e7os Tecnol\u00f3gicos -","og_description":"07 de outubro de 2009 Local: Sal\u00e3o de Atos da PUCRS Av. Ipiranga, 6681 &#8211; Partenon &#8211; Porto Alegre Cronograma: Manh\u00e3 &#8211; ENTRADA GRATUITA 8h \u2013 8h30 Credenciamento 8h30 \u2013 9h20 Abertura com Hino Nacional interpretado pela cantora Karine Rodrigues Mesa de autoridades 9h20 \u2013 11h Mesa redonda A TECNOLOGIA A FAVOR DA EDUCA\u00c7\u00c3O, SA\u00daDE [&hellip;]","og_url":"https:\/\/inclusivenews.com.br\/?p=11977","article_publisher":"https:\/\/www.facebook.com\/agenciainclusive\/","article_published_time":"2009-10-06T09:58:50+00:00","author":"Inclusive","twitter_card":"summary_large_image","twitter_misc":{"Escrito por":"Inclusive","Tempo estimado de leitura":"1 minuto"},"schema":{"@context":"https:\/\/schema.org","@graph":[{"@type":"Article","@id":"https:\/\/inclusivenews.com.br\/?p=11977#article","isPartOf":{"@id":"https:\/\/inclusivenews.com.br\/?p=11977"},"author":{"name":"Inclusive","@id":"https:\/\/inclusivenews.com.br\/#\/schema\/person\/0dab492019871b94abb65fa8ee7c8c44"},"headline":"II Semin\u00e1rio Estadual sobre Defici\u00eancias e Inclus\u00e3o Social: Avan\u00e7os Tecnol\u00f3gicos","datePublished":"2009-10-06T09:58:50+00:00","mainEntityOfPage":{"@id":"https:\/\/inclusivenews.com.br\/?p=11977"},"wordCount":174,"commentCount":0,"publisher":{"@id":"https:\/\/inclusivenews.com.br\/#organization"},"articleSection":["Cursos e eventos"],"inLanguage":"pt-PT","potentialAction":[{"@type":"CommentAction","name":"Comment","target":["https:\/\/inclusivenews.com.br\/?p=11977#respond"]}]},{"@type":"WebPage","@id":"https:\/\/inclusivenews.com.br\/?p=11977","url":"https:\/\/inclusivenews.com.br\/?p=11977","name":"II Semin\u00e1rio Estadual sobre Defici\u00eancias e Inclus\u00e3o Social: Avan\u00e7os Tecnol\u00f3gicos -","isPartOf":{"@id":"https:\/\/inclusivenews.com.br\/#website"},"datePublished":"2009-10-06T09:58:50+00:00","breadcrumb":{"@id":"https:\/\/inclusivenews.com.br\/?p=11977#breadcrumb"},"inLanguage":"pt-PT","potentialAction":[{"@type":"ReadAction","target":["https:\/\/inclusivenews.com.br\/?p=11977"]}]},{"@type":"BreadcrumbList","@id":"https:\/\/inclusivenews.com.br\/?p=11977#breadcrumb","itemListElement":[{"@type":"ListItem","position":1,"name":"In\u00edcio","item":"https:\/\/inclusivenews.com.br\/"},{"@type":"ListItem","position":2,"name":"II Semin\u00e1rio Estadual sobre Defici\u00eancias e Inclus\u00e3o Social: Avan\u00e7os Tecnol\u00f3gicos"}]},{"@type":"WebSite","@id":"https:\/\/inclusivenews.com.br\/#website","url":"https:\/\/inclusivenews.com.br\/","name":"Inclusive News","description":"Inclusive News","publisher":{"@id":"https:\/\/inclusivenews.com.br\/#organization"},"potentialAction":[{"@type":"SearchAction","target":{"@type":"EntryPoint","urlTemplate":"https:\/\/inclusivenews.com.br\/?s={search_term_string}"},"query-input":{"@type":"PropertyValueSpecification","valueRequired":true,"valueName":"search_term_string"}}],"inLanguage":"pt-PT"},{"@type":"Organization","@id":"https:\/\/inclusivenews.com.br\/#organization","name":"Inclusive - inclus\u00e3o e cidadania","url":"https:\/\/inclusivenews.com.br\/","logo":{"@type":"ImageObject","inLanguage":"pt-PT","@id":"https:\/\/inclusivenews.com.br\/#\/schema\/logo\/image\/","url":"https:\/\/inclusivenews.com.br\/wp-content\/uploads\/2024\/03\/@grandesite.png","contentUrl":"https:\/\/inclusivenews.com.br\/wp-content\/uploads\/2024\/03\/@grandesite.png","width":1080,"height":1080,"caption":"Inclusive - inclus\u00e3o e cidadania"},"image":{"@id":"https:\/\/inclusivenews.com.br\/#\/schema\/logo\/image\/"},"sameAs":["https:\/\/www.facebook.com\/agenciainclusive\/","https:\/\/www.instagram.com\/newsinclusive\/"]},{"@type":"Person","@id":"https:\/\/inclusivenews.com.br\/#\/schema\/person\/0dab492019871b94abb65fa8ee7c8c44","name":"Inclusive","image":{"@type":"ImageObject","inLanguage":"pt-PT","@id":"https:\/\/secure.gravatar.com\/avatar\/?s=96&d=mm&r=g","url":"https:\/\/secure.gravatar.com\/avatar\/?s=96&d=mm&r=g","contentUrl":"https:\/\/secure.gravatar.com\/avatar\/?s=96&d=mm&r=g","caption":"Inclusive"},"url":"https:\/\/inclusivenews.com.br\/?author=2"}]}},"_links":{"self":[{"href":"https:\/\/inclusivenews.com.br\/index.php?rest_route=\/wp\/v2\/posts\/11977","targetHints":{"allow":["GET"]}}],"collection":[{"href":"https:\/\/inclusivenews.com.br\/index.php?rest_route=\/wp\/v2\/posts"}],"about":[{"href":"https:\/\/inclusivenews.com.br\/index.php?rest_route=\/wp\/v2\/types\/post"}],"author":[{"embeddable":true,"href":"https:\/\/inclusivenews.com.br\/index.php?rest_route=\/wp\/v2\/users\/2"}],"replies":[{"embeddable":true,"href":"https:\/\/inclusivenews.com.br\/index.php?rest_route=%2Fwp%2Fv2%2Fcomments&post=11977"}],"version-history":[{"count":0,"href":"https:\/\/inclusivenews.com.br\/index.php?rest_route=\/wp\/v2\/posts\/11977\/revisions"}],"wp:attachment":[{"href":"https:\/\/inclusivenews.com.br\/index.php?rest_route=%2Fwp%2Fv2%2Fmedia&parent=11977"}],"wp:term":[{"taxonomy":"category","embeddable":true,"href":"https:\/\/inclusivenews.com.br\/index.php?rest_route=%2Fwp%2Fv2%2Fcategories&post=11977"},{"taxonomy":"post_tag","embeddable":true,"href":"https:\/\/inclusivenews.com.br\/index.php?rest_route=%2Fwp%2Fv2%2Ftags&post=11977"}],"curies":[{"name":"wp","href":"https:\/\/api.w.org\/{rel}","templated":true}]}}