{"id":11978,"date":"2009-10-06T07:06:49","date_gmt":"2009-10-06T10:06:49","guid":{"rendered":"http:\/\/agenciainclusive.wordpress.com\/?p=11471"},"modified":"2009-10-06T07:06:49","modified_gmt":"2009-10-06T10:06:49","slug":"idh-do-brasil-cresce-pais-e-75%c2%ba-no-ranking","status":"publish","type":"post","link":"https:\/\/inclusivenews.com.br\/?p=11978","title":{"rendered":"IDH do Brasil cresce; pa\u00eds \u00e9 75\u00ba no ranking"},"content":{"rendered":"<div class=\"mceTemp\" style=\"text-align:center;\">\n<dl class=\"wp-caption alignleft\">\n<dt class=\"wp-caption-dt\"><a href=\"http:\/\/agenciainclusive.files.wordpress.com\/2008\/11\/pnudbrasil.gif\"><img loading=\"lazy\" decoding=\"async\" class=\"size-full wp-image-1894\" title=\"pnudbrasil\" src=\"http:\/\/agenciainclusive.files.wordpress.com\/2008\/11\/pnudbrasil.gif\" alt=\"Logotipo PNUD Brasil\" width=\"160\" height=\"133\" \/><\/a><\/dt>\n<dd class=\"wp-caption-dd\">Logotipo PNUD Brasil<\/dd>\n<\/dl>\n<p style=\"text-align:right;\"><strong>da Primapagina<\/strong><\/p>\n<p style=\"text-align:justify;\">\nO \u00cdndice de Desenvolvimento Humano (IDH) do Brasil melhorou entre 2006 e 2007, mas o pa\u00eds manteve sua posi\u00e7\u00e3o no ranking mundial \u2014 ficou em 75\u00ba numa lista com n\u00famero recorde de 182 pa\u00edses e territ\u00f3rios, aponta o Relat\u00f3rio de Desenvolvimento Humano (RDH) 2009, divulgado nesta segunda-feira pelo PNUD.<\/p>\n<p style=\"text-align:justify;\">Como o estudo usa indicadores e metodologias que foram revisados e aperfei\u00e7oados pelas fontes produtoras dos dados, o IDH deste ano n\u00e3o pode ser comparado com o dos relat\u00f3rios anteriores. Por\u00e9m, a fim de possibilitar que sejam verificadas tend\u00eancias no desenvolvimento humano, o estudo usou as novas s\u00e9ries estat\u00edsticas n\u00e3o s\u00f3 para calcular o IDH referente a 2007 (os relat\u00f3rios sempre se referem ao \u00edndice de dois anos antes), mas tamb\u00e9m para recalcular o IDH de 2006, 2005 e de outros seis anos de refer\u00eancia: 1980, 1985, 1990, 1995 e 2000.<\/p>\n<p style=\"text-align:justify;\">O IDH varia de 0 a 1. \u00c9 a s\u00edntese de tr\u00eas \u00edndices: de renda (que leva em conta o Produto Interno Bruto (PIB) per capita), de longevidade (que usa como indicador a expectativa de vida) e de educa\u00e7\u00e3o (que considera dois indicadores: taxa de alfabetiza\u00e7\u00e3o de pessoas com 15 anos ou mais de idade e taxa de matr\u00edcula bruta nos tr\u00eas n\u00edveis de ensino \u2014 rela\u00e7\u00e3o entre a popula\u00e7\u00e3o em idade escolar e o n\u00famero de pessoas matriculadas no ensino fundamental, m\u00e9dio e superior). Em rela\u00e7\u00e3o ao IDH de 2006, houve revis\u00e3o nos dados de expectativa de vida e PIB per capita.<\/p>\n<p style=\"text-align:justify;\">Os n\u00fameros recalculados para 2006 apontam que o IDH do Brasil era de 0,808. Em 2007, passou para 0,813. Assim, ficou em 75\u00ba, logo acima de B\u00f3snia-Herzeg\u00f3vina (76\u00ba), Col\u00f4mbia (77\u00ba), Peru (78\u00ba), Turquia (79\u00ba) e Equador (80\u00ba) e logo abaixo de Granada (74\u00ba), Dominica (73\u00ba), Maced\u00f4nia (72\u00ba), R\u00fassia (71\u00ba) e Alb\u00e2nia (70\u00ba).<\/p>\n<p style=\"text-align:justify;\">O pa\u00eds se manteve entre os classificados como de desenvolvimento humano elevado (IDH entre 0,800 e 0,899), grupo em que entrou h\u00e1 tr\u00eas anos. Os l\u00edderes do IDH 2007 s\u00e3o Noruega (0,971), Austr\u00e1lia (0,970), Isl\u00e2ndia (0,969), Canad\u00e1 (0,966) e Irlanda (0,965). Eles est\u00e3o entre os 38 pa\u00edses ou territ\u00f3rios classificados pelo PNUD como de desenvolvimento humano muito elevado (0,900 ou mais), categoria criada neste ano. O \u00fanico pa\u00eds da Am\u00e9rica Latina e do Caribe nesse conjunto \u00e9 a ilha caribenha de Barbados (37\u00ba no ranking, IDH de 0,903). Os piores do ranking s\u00e3o N\u00edger (182\u00ba, IDH de 0,340), Afeganist\u00e3o (181\u00ba, IDH de 0,352) e Serra Leoa (180\u00ba, IDH de 0,365). Como os dados s\u00e3o de 2007, eles n\u00e3o captam a fase mais intensa da crise econ\u00f4mica global.<\/p>\n<p style=\"text-align:justify;\">(&#8230;)<\/p>\n<p style=\"text-align:justify;\"><strong><a href=\"http:\/\/www.pnud.org.br\/pobreza_desigualdade\/reportagens\/index.php?id01=3326&amp;lay=pde\" target=\"_blank\" rel=\"noopener\">Leia a \u00edntegra da reportagem e acesse todas as informa\u00e7\u00f5es no site do PNUD Brasil.<\/a><\/strong><\/p>\n<\/div>\n","protected":false},"excerpt":{"rendered":"<p>Logotipo PNUD Brasil da Primapagina O \u00cdndice de Desenvolvimento Humano (IDH) do Brasil melhorou entre 2006 e 2007, mas o pa\u00eds manteve sua posi\u00e7\u00e3o no ranking mundial \u2014 ficou em 75\u00ba numa lista com n\u00famero recorde de 182 pa\u00edses e territ\u00f3rios, aponta o Relat\u00f3rio de Desenvolvimento Humano (RDH) 2009, divulgado nesta segunda-feira pelo PNUD. Como [&hellip;]<\/p>\n","protected":false},"author":2,"featured_media":0,"comment_status":"open","ping_status":"open","sticky":false,"template":"","format":"standard","meta":{"site-container-style":"default","site-container-layout":"default","site-sidebar-layout":"default","disable-article-header":"default","disable-site-header":"default","disable-site-footer":"default","disable-content-area-spacing":"default","footnotes":""},"categories":[11,4,49],"tags":[],"class_list":["post-11978","post","type-post","status-publish","format-standard","hentry","category-direitos-humanos","category-noticias","category-politicas-publicas"],"yoast_head":"<!-- This site is optimized with the Yoast SEO plugin v27.4 - https:\/\/yoast.com\/product\/yoast-seo-wordpress\/ -->\n<title>IDH do Brasil cresce; pa\u00eds \u00e9 75\u00ba no ranking -<\/title>\n<meta name=\"robots\" content=\"index, follow, max-snippet:-1, max-image-preview:large, max-video-preview:-1\" \/>\n<link rel=\"canonical\" href=\"https:\/\/inclusivenews.com.br\/?p=11978\" \/>\n<meta property=\"og:locale\" content=\"pt_PT\" \/>\n<meta property=\"og:type\" content=\"article\" \/>\n<meta property=\"og:title\" content=\"IDH do Brasil cresce; pa\u00eds \u00e9 75\u00ba no ranking -\" \/>\n<meta property=\"og:description\" content=\"Logotipo PNUD Brasil da Primapagina O \u00cdndice de Desenvolvimento Humano (IDH) do Brasil melhorou entre 2006 e 2007, mas o pa\u00eds manteve sua posi\u00e7\u00e3o no ranking mundial \u2014 ficou em 75\u00ba numa lista com n\u00famero recorde de 182 pa\u00edses e territ\u00f3rios, aponta o Relat\u00f3rio de Desenvolvimento Humano (RDH) 2009, divulgado nesta segunda-feira pelo PNUD. Como [&hellip;]\" \/>\n<meta property=\"og:url\" content=\"https:\/\/inclusivenews.com.br\/?p=11978\" \/>\n<meta property=\"article:publisher\" content=\"https:\/\/www.facebook.com\/agenciainclusive\/\" \/>\n<meta property=\"article:published_time\" content=\"2009-10-06T10:06:49+00:00\" \/>\n<meta property=\"og:image\" content=\"http:\/\/agenciainclusive.files.wordpress.com\/2008\/11\/pnudbrasil.gif\" \/>\n<meta name=\"author\" content=\"Inclusive\" \/>\n<meta name=\"twitter:card\" content=\"summary_large_image\" \/>\n<meta name=\"twitter:label1\" content=\"Escrito por\" \/>\n\t<meta name=\"twitter:data1\" content=\"Inclusive\" \/>\n\t<meta name=\"twitter:label2\" content=\"Tempo estimado de leitura\" \/>\n\t<meta name=\"twitter:data2\" content=\"2 minutos\" \/>\n<script type=\"application\/ld+json\" class=\"yoast-schema-graph\">{\"@context\":\"https:\\\/\\\/schema.org\",\"@graph\":[{\"@type\":\"Article\",\"@id\":\"https:\\\/\\\/inclusivenews.com.br\\\/?p=11978#article\",\"isPartOf\":{\"@id\":\"https:\\\/\\\/inclusivenews.com.br\\\/?p=11978\"},\"author\":{\"name\":\"Inclusive\",\"@id\":\"https:\\\/\\\/inclusivenews.com.br\\\/#\\\/schema\\\/person\\\/0dab492019871b94abb65fa8ee7c8c44\"},\"headline\":\"IDH do Brasil cresce; pa\u00eds \u00e9 75\u00ba no ranking\",\"datePublished\":\"2009-10-06T10:06:49+00:00\",\"mainEntityOfPage\":{\"@id\":\"https:\\\/\\\/inclusivenews.com.br\\\/?p=11978\"},\"wordCount\":450,\"commentCount\":0,\"publisher\":{\"@id\":\"https:\\\/\\\/inclusivenews.com.br\\\/#organization\"},\"image\":{\"@id\":\"https:\\\/\\\/inclusivenews.com.br\\\/?p=11978#primaryimage\"},\"thumbnailUrl\":\"http:\\\/\\\/agenciainclusive.files.wordpress.com\\\/2008\\\/11\\\/pnudbrasil.gif\",\"articleSection\":[\"DIREITOS HUMANOS\",\"NOT\u00cdCIAS\",\"Pol\u00edticas p\u00fablicas\"],\"inLanguage\":\"pt-PT\",\"potentialAction\":[{\"@type\":\"CommentAction\",\"name\":\"Comment\",\"target\":[\"https:\\\/\\\/inclusivenews.com.br\\\/?p=11978#respond\"]}]},{\"@type\":\"WebPage\",\"@id\":\"https:\\\/\\\/inclusivenews.com.br\\\/?p=11978\",\"url\":\"https:\\\/\\\/inclusivenews.com.br\\\/?p=11978\",\"name\":\"IDH do Brasil cresce; pa\u00eds \u00e9 75\u00ba no ranking -\",\"isPartOf\":{\"@id\":\"https:\\\/\\\/inclusivenews.com.br\\\/#website\"},\"primaryImageOfPage\":{\"@id\":\"https:\\\/\\\/inclusivenews.com.br\\\/?p=11978#primaryimage\"},\"image\":{\"@id\":\"https:\\\/\\\/inclusivenews.com.br\\\/?p=11978#primaryimage\"},\"thumbnailUrl\":\"http:\\\/\\\/agenciainclusive.files.wordpress.com\\\/2008\\\/11\\\/pnudbrasil.gif\",\"datePublished\":\"2009-10-06T10:06:49+00:00\",\"breadcrumb\":{\"@id\":\"https:\\\/\\\/inclusivenews.com.br\\\/?p=11978#breadcrumb\"},\"inLanguage\":\"pt-PT\",\"potentialAction\":[{\"@type\":\"ReadAction\",\"target\":[\"https:\\\/\\\/inclusivenews.com.br\\\/?p=11978\"]}]},{\"@type\":\"ImageObject\",\"inLanguage\":\"pt-PT\",\"@id\":\"https:\\\/\\\/inclusivenews.com.br\\\/?p=11978#primaryimage\",\"url\":\"http:\\\/\\\/agenciainclusive.files.wordpress.com\\\/2008\\\/11\\\/pnudbrasil.gif\",\"contentUrl\":\"http:\\\/\\\/agenciainclusive.files.wordpress.com\\\/2008\\\/11\\\/pnudbrasil.gif\"},{\"@type\":\"BreadcrumbList\",\"@id\":\"https:\\\/\\\/inclusivenews.com.br\\\/?p=11978#breadcrumb\",\"itemListElement\":[{\"@type\":\"ListItem\",\"position\":1,\"name\":\"In\u00edcio\",\"item\":\"https:\\\/\\\/inclusivenews.com.br\\\/\"},{\"@type\":\"ListItem\",\"position\":2,\"name\":\"IDH do Brasil cresce; pa\u00eds \u00e9 75\u00ba no ranking\"}]},{\"@type\":\"WebSite\",\"@id\":\"https:\\\/\\\/inclusivenews.com.br\\\/#website\",\"url\":\"https:\\\/\\\/inclusivenews.com.br\\\/\",\"name\":\"Inclusive News\",\"description\":\"Inclusive News\",\"publisher\":{\"@id\":\"https:\\\/\\\/inclusivenews.com.br\\\/#organization\"},\"potentialAction\":[{\"@type\":\"SearchAction\",\"target\":{\"@type\":\"EntryPoint\",\"urlTemplate\":\"https:\\\/\\\/inclusivenews.com.br\\\/?s={search_term_string}\"},\"query-input\":{\"@type\":\"PropertyValueSpecification\",\"valueRequired\":true,\"valueName\":\"search_term_string\"}}],\"inLanguage\":\"pt-PT\"},{\"@type\":\"Organization\",\"@id\":\"https:\\\/\\\/inclusivenews.com.br\\\/#organization\",\"name\":\"Inclusive - inclus\u00e3o e cidadania\",\"url\":\"https:\\\/\\\/inclusivenews.com.br\\\/\",\"logo\":{\"@type\":\"ImageObject\",\"inLanguage\":\"pt-PT\",\"@id\":\"https:\\\/\\\/inclusivenews.com.br\\\/#\\\/schema\\\/logo\\\/image\\\/\",\"url\":\"https:\\\/\\\/inclusivenews.com.br\\\/wp-content\\\/uploads\\\/2024\\\/03\\\/@grandesite.png\",\"contentUrl\":\"https:\\\/\\\/inclusivenews.com.br\\\/wp-content\\\/uploads\\\/2024\\\/03\\\/@grandesite.png\",\"width\":1080,\"height\":1080,\"caption\":\"Inclusive - inclus\u00e3o e cidadania\"},\"image\":{\"@id\":\"https:\\\/\\\/inclusivenews.com.br\\\/#\\\/schema\\\/logo\\\/image\\\/\"},\"sameAs\":[\"https:\\\/\\\/www.facebook.com\\\/agenciainclusive\\\/\",\"https:\\\/\\\/www.instagram.com\\\/newsinclusive\\\/\"]},{\"@type\":\"Person\",\"@id\":\"https:\\\/\\\/inclusivenews.com.br\\\/#\\\/schema\\\/person\\\/0dab492019871b94abb65fa8ee7c8c44\",\"name\":\"Inclusive\",\"image\":{\"@type\":\"ImageObject\",\"inLanguage\":\"pt-PT\",\"@id\":\"https:\\\/\\\/secure.gravatar.com\\\/avatar\\\/?s=96&d=mm&r=g\",\"url\":\"https:\\\/\\\/secure.gravatar.com\\\/avatar\\\/?s=96&d=mm&r=g\",\"contentUrl\":\"https:\\\/\\\/secure.gravatar.com\\\/avatar\\\/?s=96&d=mm&r=g\",\"caption\":\"Inclusive\"},\"url\":\"https:\\\/\\\/inclusivenews.com.br\\\/?author=2\"}]}<\/script>\n<!-- \/ Yoast SEO plugin. -->","yoast_head_json":{"title":"IDH do Brasil cresce; pa\u00eds \u00e9 75\u00ba no ranking -","robots":{"index":"index","follow":"follow","max-snippet":"max-snippet:-1","max-image-preview":"max-image-preview:large","max-video-preview":"max-video-preview:-1"},"canonical":"https:\/\/inclusivenews.com.br\/?p=11978","og_locale":"pt_PT","og_type":"article","og_title":"IDH do Brasil cresce; pa\u00eds \u00e9 75\u00ba no ranking -","og_description":"Logotipo PNUD Brasil da Primapagina O \u00cdndice de Desenvolvimento Humano (IDH) do Brasil melhorou entre 2006 e 2007, mas o pa\u00eds manteve sua posi\u00e7\u00e3o no ranking mundial \u2014 ficou em 75\u00ba numa lista com n\u00famero recorde de 182 pa\u00edses e territ\u00f3rios, aponta o Relat\u00f3rio de Desenvolvimento Humano (RDH) 2009, divulgado nesta segunda-feira pelo PNUD. Como [&hellip;]","og_url":"https:\/\/inclusivenews.com.br\/?p=11978","article_publisher":"https:\/\/www.facebook.com\/agenciainclusive\/","article_published_time":"2009-10-06T10:06:49+00:00","og_image":[{"url":"http:\/\/agenciainclusive.files.wordpress.com\/2008\/11\/pnudbrasil.gif","type":"","width":"","height":""}],"author":"Inclusive","twitter_card":"summary_large_image","twitter_misc":{"Escrito por":"Inclusive","Tempo estimado de leitura":"2 minutos"},"schema":{"@context":"https:\/\/schema.org","@graph":[{"@type":"Article","@id":"https:\/\/inclusivenews.com.br\/?p=11978#article","isPartOf":{"@id":"https:\/\/inclusivenews.com.br\/?p=11978"},"author":{"name":"Inclusive","@id":"https:\/\/inclusivenews.com.br\/#\/schema\/person\/0dab492019871b94abb65fa8ee7c8c44"},"headline":"IDH do Brasil cresce; pa\u00eds \u00e9 75\u00ba no ranking","datePublished":"2009-10-06T10:06:49+00:00","mainEntityOfPage":{"@id":"https:\/\/inclusivenews.com.br\/?p=11978"},"wordCount":450,"commentCount":0,"publisher":{"@id":"https:\/\/inclusivenews.com.br\/#organization"},"image":{"@id":"https:\/\/inclusivenews.com.br\/?p=11978#primaryimage"},"thumbnailUrl":"http:\/\/agenciainclusive.files.wordpress.com\/2008\/11\/pnudbrasil.gif","articleSection":["DIREITOS HUMANOS","NOT\u00cdCIAS","Pol\u00edticas p\u00fablicas"],"inLanguage":"pt-PT","potentialAction":[{"@type":"CommentAction","name":"Comment","target":["https:\/\/inclusivenews.com.br\/?p=11978#respond"]}]},{"@type":"WebPage","@id":"https:\/\/inclusivenews.com.br\/?p=11978","url":"https:\/\/inclusivenews.com.br\/?p=11978","name":"IDH do Brasil cresce; pa\u00eds \u00e9 75\u00ba no ranking -","isPartOf":{"@id":"https:\/\/inclusivenews.com.br\/#website"},"primaryImageOfPage":{"@id":"https:\/\/inclusivenews.com.br\/?p=11978#primaryimage"},"image":{"@id":"https:\/\/inclusivenews.com.br\/?p=11978#primaryimage"},"thumbnailUrl":"http:\/\/agenciainclusive.files.wordpress.com\/2008\/11\/pnudbrasil.gif","datePublished":"2009-10-06T10:06:49+00:00","breadcrumb":{"@id":"https:\/\/inclusivenews.com.br\/?p=11978#breadcrumb"},"inLanguage":"pt-PT","potentialAction":[{"@type":"ReadAction","target":["https:\/\/inclusivenews.com.br\/?p=11978"]}]},{"@type":"ImageObject","inLanguage":"pt-PT","@id":"https:\/\/inclusivenews.com.br\/?p=11978#primaryimage","url":"http:\/\/agenciainclusive.files.wordpress.com\/2008\/11\/pnudbrasil.gif","contentUrl":"http:\/\/agenciainclusive.files.wordpress.com\/2008\/11\/pnudbrasil.gif"},{"@type":"BreadcrumbList","@id":"https:\/\/inclusivenews.com.br\/?p=11978#breadcrumb","itemListElement":[{"@type":"ListItem","position":1,"name":"In\u00edcio","item":"https:\/\/inclusivenews.com.br\/"},{"@type":"ListItem","position":2,"name":"IDH do Brasil cresce; pa\u00eds \u00e9 75\u00ba no ranking"}]},{"@type":"WebSite","@id":"https:\/\/inclusivenews.com.br\/#website","url":"https:\/\/inclusivenews.com.br\/","name":"Inclusive News","description":"Inclusive News","publisher":{"@id":"https:\/\/inclusivenews.com.br\/#organization"},"potentialAction":[{"@type":"SearchAction","target":{"@type":"EntryPoint","urlTemplate":"https:\/\/inclusivenews.com.br\/?s={search_term_string}"},"query-input":{"@type":"PropertyValueSpecification","valueRequired":true,"valueName":"search_term_string"}}],"inLanguage":"pt-PT"},{"@type":"Organization","@id":"https:\/\/inclusivenews.com.br\/#organization","name":"Inclusive - inclus\u00e3o e cidadania","url":"https:\/\/inclusivenews.com.br\/","logo":{"@type":"ImageObject","inLanguage":"pt-PT","@id":"https:\/\/inclusivenews.com.br\/#\/schema\/logo\/image\/","url":"https:\/\/inclusivenews.com.br\/wp-content\/uploads\/2024\/03\/@grandesite.png","contentUrl":"https:\/\/inclusivenews.com.br\/wp-content\/uploads\/2024\/03\/@grandesite.png","width":1080,"height":1080,"caption":"Inclusive - inclus\u00e3o e cidadania"},"image":{"@id":"https:\/\/inclusivenews.com.br\/#\/schema\/logo\/image\/"},"sameAs":["https:\/\/www.facebook.com\/agenciainclusive\/","https:\/\/www.instagram.com\/newsinclusive\/"]},{"@type":"Person","@id":"https:\/\/inclusivenews.com.br\/#\/schema\/person\/0dab492019871b94abb65fa8ee7c8c44","name":"Inclusive","image":{"@type":"ImageObject","inLanguage":"pt-PT","@id":"https:\/\/secure.gravatar.com\/avatar\/?s=96&d=mm&r=g","url":"https:\/\/secure.gravatar.com\/avatar\/?s=96&d=mm&r=g","contentUrl":"https:\/\/secure.gravatar.com\/avatar\/?s=96&d=mm&r=g","caption":"Inclusive"},"url":"https:\/\/inclusivenews.com.br\/?author=2"}]}},"_links":{"self":[{"href":"https:\/\/inclusivenews.com.br\/index.php?rest_route=\/wp\/v2\/posts\/11978","targetHints":{"allow":["GET"]}}],"collection":[{"href":"https:\/\/inclusivenews.com.br\/index.php?rest_route=\/wp\/v2\/posts"}],"about":[{"href":"https:\/\/inclusivenews.com.br\/index.php?rest_route=\/wp\/v2\/types\/post"}],"author":[{"embeddable":true,"href":"https:\/\/inclusivenews.com.br\/index.php?rest_route=\/wp\/v2\/users\/2"}],"replies":[{"embeddable":true,"href":"https:\/\/inclusivenews.com.br\/index.php?rest_route=%2Fwp%2Fv2%2Fcomments&post=11978"}],"version-history":[{"count":0,"href":"https:\/\/inclusivenews.com.br\/index.php?rest_route=\/wp\/v2\/posts\/11978\/revisions"}],"wp:attachment":[{"href":"https:\/\/inclusivenews.com.br\/index.php?rest_route=%2Fwp%2Fv2%2Fmedia&parent=11978"}],"wp:term":[{"taxonomy":"category","embeddable":true,"href":"https:\/\/inclusivenews.com.br\/index.php?rest_route=%2Fwp%2Fv2%2Fcategories&post=11978"},{"taxonomy":"post_tag","embeddable":true,"href":"https:\/\/inclusivenews.com.br\/index.php?rest_route=%2Fwp%2Fv2%2Ftags&post=11978"}],"curies":[{"name":"wp","href":"https:\/\/api.w.org\/{rel}","templated":true}]}}