{"id":11983,"date":"2009-10-07T07:10:39","date_gmt":"2009-10-07T10:10:39","guid":{"rendered":"http:\/\/agenciainclusive.wordpress.com\/?p=11511"},"modified":"2009-10-07T07:10:39","modified_gmt":"2009-10-07T10:10:39","slug":"6%c2%ba-encontro-da-midia-legal-universitariosas-pelas-politicas-de-juventude","status":"publish","type":"post","link":"https:\/\/inclusivenews.com.br\/?p=11983","title":{"rendered":"6\u00ba Encontro da M\u00eddia Legal \u2013 Universit\u00e1rios(as) pelas Pol\u00edticas de Juventude"},"content":{"rendered":"<figure id=\"attachment_2615\" aria-describedby=\"caption-attachment-2615\" style=\"width: 119px\" class=\"wp-caption alignleft\"><a href=\"http:\/\/agenciainclusive.files.wordpress.com\/2008\/12\/escoladegente.jpg\"><img loading=\"lazy\" decoding=\"async\" class=\"size-full wp-image-2615 \" title=\"escoladegente\" src=\"http:\/\/agenciainclusive.files.wordpress.com\/2008\/12\/escoladegente.jpg\" alt=\"escoladegente\" width=\"119\" height=\"160\" \/><\/a><figcaption id=\"caption-attachment-2615\" class=\"wp-caption-text\">Logotipo da Escola de Gente, uma pessoa formada pela letra &quot;e&quot; e &quot;g&quot;.<\/figcaption><\/figure>\n<p><strong>6\u00ba Encontro da M\u00eddia Legal \u2013 Universit\u00e1rios(as) pelas Pol\u00edticas de Juventude<\/strong><\/p>\n<p>20 de outubro<\/p>\n<p>Abertura: Audi\u00eancia P\u00fablica na Assembl\u00e9ia Legislativa do Rio de Janeiro (Alerj)<br \/>\nAcessibilidade para a Democratiza\u00e7\u00e3o das Pol\u00edticas Culturais<br \/>\nPal\u00e1cio Tiradentes \u2013 Rua Primeiro de Mar\u00e7o, s\/n\u00ba &#8211; Pra\u00e7a XV<br \/>\n14 horas<\/p>\n<p>21 de outubro<\/p>\n<p>Pol\u00edticas P\u00fablicas de Juventude: O que s\u00e3o?! A quem se dirigem?!<\/p>\n<p>23 de outubro<\/p>\n<p>Comunica\u00e7\u00e3o e Participa\u00e7\u00e3o Juvenil<\/p>\n<p>27 de outubro<\/p>\n<p>Educa\u00e7\u00e3o Inclusiva: Direito Humano dos(as) Jovens<\/p>\n<p>29 de outubro<\/p>\n<p>Juventude e Vulnerabilidade: Diferen\u00e7as e Desigualdades<\/p>\n<p>Universidade do Estado do Rio de Janeiro (UERJ)<br \/>\nSala RAV 102 \u2013 10\u00ba andar<br \/>\nFaculdade de Comunica\u00e7\u00e3o Social (FCS)<br \/>\n9h \u00e0s 12h30min<\/p>\n<p><strong> Mais informa\u00e7\u00f5es<\/strong><br \/>\nEscola de Gente \u2013 Comunica\u00e7\u00e3o em Inclus\u00e3o<br \/>\n(21) 2483-1780 r. 201<br \/>\nescoladegente@escoladegente.org.br :: <a href=\"www.escoladegente.org.br\" target=\"_blank\" rel=\"noopener\">www.escoladegente.org.br<\/a><br \/>\nParticipe :: Aberto ao P\u00fablico<\/p>\n<p>De acordo com o decreto federal 5.296\/04, este evento conta com tradu\u00e7\u00e3o simult\u00e2nea para a L\u00edngua de Sinais Brasileira (Libras)<\/p>\n<p><strong>Concep\u00e7\u00e3o e Realiza\u00e7\u00e3o <\/strong><br \/>\nEscola de Gente \u2013 Comunica\u00e7\u00e3o em Inclus\u00e3o<br \/>\nJuv.In \u2013 Programa de Juventude pela Inclus\u00e3o<\/p>\n<p><strong>Parceria<\/strong><br \/>\nFunda\u00e7\u00e3o Avina<br \/>\nUniversidade do Estado do Rio de Janeiro (UERJ)<br \/>\nEscola Superior do Minist\u00e9rio P\u00fablico da Uni\u00e3o<\/p>\n<p><strong>Patroc\u00ednio<\/strong><br \/>\nPetrobras<br \/>\nPrograma Desenvolvimento e Cidadania<\/p>\n","protected":false},"excerpt":{"rendered":"<p>6\u00ba Encontro da M\u00eddia Legal \u2013 Universit\u00e1rios(as) pelas Pol\u00edticas de Juventude 20 de outubro Abertura: Audi\u00eancia P\u00fablica na Assembl\u00e9ia Legislativa do Rio de Janeiro (Alerj) Acessibilidade para a Democratiza\u00e7\u00e3o das Pol\u00edticas Culturais Pal\u00e1cio Tiradentes \u2013 Rua Primeiro de Mar\u00e7o, s\/n\u00ba &#8211; Pra\u00e7a XV 14 horas 21 de outubro Pol\u00edticas P\u00fablicas de Juventude: O que s\u00e3o?! [&hellip;]<\/p>\n","protected":false},"author":2,"featured_media":0,"comment_status":"open","ping_status":"open","sticky":false,"template":"","format":"standard","meta":{"site-container-style":"default","site-container-layout":"default","site-sidebar-layout":"default","disable-article-header":"default","disable-site-header":"default","disable-site-footer":"default","disable-content-area-spacing":"default","footnotes":""},"categories":[12],"tags":[],"class_list":["post-11983","post","type-post","status-publish","format-standard","hentry","category-cursos-e-eventos"],"yoast_head":"<!-- This site is optimized with the Yoast SEO plugin v27.5 - https:\/\/yoast.com\/product\/yoast-seo-wordpress\/ -->\n<title>6\u00ba Encontro da M\u00eddia Legal \u2013 Universit\u00e1rios(as) pelas Pol\u00edticas de Juventude -<\/title>\n<meta name=\"robots\" content=\"index, follow, max-snippet:-1, max-image-preview:large, max-video-preview:-1\" \/>\n<link rel=\"canonical\" href=\"https:\/\/inclusivenews.com.br\/?p=11983\" \/>\n<meta property=\"og:locale\" content=\"pt_PT\" \/>\n<meta property=\"og:type\" content=\"article\" \/>\n<meta property=\"og:title\" content=\"6\u00ba Encontro da M\u00eddia Legal \u2013 Universit\u00e1rios(as) pelas Pol\u00edticas de Juventude -\" \/>\n<meta property=\"og:description\" content=\"6\u00ba Encontro da M\u00eddia Legal \u2013 Universit\u00e1rios(as) pelas Pol\u00edticas de Juventude 20 de outubro Abertura: Audi\u00eancia P\u00fablica na Assembl\u00e9ia Legislativa do Rio de Janeiro (Alerj) Acessibilidade para a Democratiza\u00e7\u00e3o das Pol\u00edticas Culturais Pal\u00e1cio Tiradentes \u2013 Rua Primeiro de Mar\u00e7o, s\/n\u00ba &#8211; Pra\u00e7a XV 14 horas 21 de outubro Pol\u00edticas P\u00fablicas de Juventude: O que s\u00e3o?! [&hellip;]\" \/>\n<meta property=\"og:url\" content=\"https:\/\/inclusivenews.com.br\/?p=11983\" \/>\n<meta property=\"article:publisher\" content=\"https:\/\/www.facebook.com\/agenciainclusive\/\" \/>\n<meta property=\"article:published_time\" content=\"2009-10-07T10:10:39+00:00\" \/>\n<meta property=\"og:image\" content=\"http:\/\/agenciainclusive.files.wordpress.com\/2008\/12\/escoladegente.jpg\" \/>\n<meta name=\"author\" content=\"Inclusive\" \/>\n<meta name=\"twitter:card\" content=\"summary_large_image\" \/>\n<meta name=\"twitter:label1\" content=\"Escrito por\" \/>\n\t<meta name=\"twitter:data1\" content=\"Inclusive\" \/>\n\t<meta name=\"twitter:label2\" content=\"Tempo estimado de leitura\" \/>\n\t<meta name=\"twitter:data2\" content=\"1 minuto\" \/>\n<script type=\"application\/ld+json\" class=\"yoast-schema-graph\">{\"@context\":\"https:\\\/\\\/schema.org\",\"@graph\":[{\"@type\":\"Article\",\"@id\":\"https:\\\/\\\/inclusivenews.com.br\\\/?p=11983#article\",\"isPartOf\":{\"@id\":\"https:\\\/\\\/inclusivenews.com.br\\\/?p=11983\"},\"author\":{\"name\":\"Inclusive\",\"@id\":\"https:\\\/\\\/inclusivenews.com.br\\\/#\\\/schema\\\/person\\\/0dab492019871b94abb65fa8ee7c8c44\"},\"headline\":\"6\u00ba Encontro da M\u00eddia Legal \u2013 Universit\u00e1rios(as) pelas Pol\u00edticas de Juventude\",\"datePublished\":\"2009-10-07T10:10:39+00:00\",\"mainEntityOfPage\":{\"@id\":\"https:\\\/\\\/inclusivenews.com.br\\\/?p=11983\"},\"wordCount\":253,\"commentCount\":0,\"publisher\":{\"@id\":\"https:\\\/\\\/inclusivenews.com.br\\\/#organization\"},\"image\":{\"@id\":\"https:\\\/\\\/inclusivenews.com.br\\\/?p=11983#primaryimage\"},\"thumbnailUrl\":\"http:\\\/\\\/agenciainclusive.files.wordpress.com\\\/2008\\\/12\\\/escoladegente.jpg\",\"articleSection\":[\"Cursos e eventos\"],\"inLanguage\":\"pt-PT\",\"potentialAction\":[{\"@type\":\"CommentAction\",\"name\":\"Comment\",\"target\":[\"https:\\\/\\\/inclusivenews.com.br\\\/?p=11983#respond\"]}]},{\"@type\":\"WebPage\",\"@id\":\"https:\\\/\\\/inclusivenews.com.br\\\/?p=11983\",\"url\":\"https:\\\/\\\/inclusivenews.com.br\\\/?p=11983\",\"name\":\"6\u00ba Encontro da M\u00eddia Legal \u2013 Universit\u00e1rios(as) pelas Pol\u00edticas de Juventude -\",\"isPartOf\":{\"@id\":\"https:\\\/\\\/inclusivenews.com.br\\\/#website\"},\"primaryImageOfPage\":{\"@id\":\"https:\\\/\\\/inclusivenews.com.br\\\/?p=11983#primaryimage\"},\"image\":{\"@id\":\"https:\\\/\\\/inclusivenews.com.br\\\/?p=11983#primaryimage\"},\"thumbnailUrl\":\"http:\\\/\\\/agenciainclusive.files.wordpress.com\\\/2008\\\/12\\\/escoladegente.jpg\",\"datePublished\":\"2009-10-07T10:10:39+00:00\",\"breadcrumb\":{\"@id\":\"https:\\\/\\\/inclusivenews.com.br\\\/?p=11983#breadcrumb\"},\"inLanguage\":\"pt-PT\",\"potentialAction\":[{\"@type\":\"ReadAction\",\"target\":[\"https:\\\/\\\/inclusivenews.com.br\\\/?p=11983\"]}]},{\"@type\":\"ImageObject\",\"inLanguage\":\"pt-PT\",\"@id\":\"https:\\\/\\\/inclusivenews.com.br\\\/?p=11983#primaryimage\",\"url\":\"http:\\\/\\\/agenciainclusive.files.wordpress.com\\\/2008\\\/12\\\/escoladegente.jpg\",\"contentUrl\":\"http:\\\/\\\/agenciainclusive.files.wordpress.com\\\/2008\\\/12\\\/escoladegente.jpg\"},{\"@type\":\"BreadcrumbList\",\"@id\":\"https:\\\/\\\/inclusivenews.com.br\\\/?p=11983#breadcrumb\",\"itemListElement\":[{\"@type\":\"ListItem\",\"position\":1,\"name\":\"In\u00edcio\",\"item\":\"https:\\\/\\\/inclusivenews.com.br\\\/\"},{\"@type\":\"ListItem\",\"position\":2,\"name\":\"6\u00ba Encontro da M\u00eddia Legal \u2013 Universit\u00e1rios(as) pelas Pol\u00edticas de Juventude\"}]},{\"@type\":\"WebSite\",\"@id\":\"https:\\\/\\\/inclusivenews.com.br\\\/#website\",\"url\":\"https:\\\/\\\/inclusivenews.com.br\\\/\",\"name\":\"Inclusive News\",\"description\":\"Inclusive News\",\"publisher\":{\"@id\":\"https:\\\/\\\/inclusivenews.com.br\\\/#organization\"},\"potentialAction\":[{\"@type\":\"SearchAction\",\"target\":{\"@type\":\"EntryPoint\",\"urlTemplate\":\"https:\\\/\\\/inclusivenews.com.br\\\/?s={search_term_string}\"},\"query-input\":{\"@type\":\"PropertyValueSpecification\",\"valueRequired\":true,\"valueName\":\"search_term_string\"}}],\"inLanguage\":\"pt-PT\"},{\"@type\":\"Organization\",\"@id\":\"https:\\\/\\\/inclusivenews.com.br\\\/#organization\",\"name\":\"Inclusive - inclus\u00e3o e cidadania\",\"url\":\"https:\\\/\\\/inclusivenews.com.br\\\/\",\"logo\":{\"@type\":\"ImageObject\",\"inLanguage\":\"pt-PT\",\"@id\":\"https:\\\/\\\/inclusivenews.com.br\\\/#\\\/schema\\\/logo\\\/image\\\/\",\"url\":\"https:\\\/\\\/inclusivenews.com.br\\\/wp-content\\\/uploads\\\/2024\\\/03\\\/@grandesite.png\",\"contentUrl\":\"https:\\\/\\\/inclusivenews.com.br\\\/wp-content\\\/uploads\\\/2024\\\/03\\\/@grandesite.png\",\"width\":1080,\"height\":1080,\"caption\":\"Inclusive - inclus\u00e3o e cidadania\"},\"image\":{\"@id\":\"https:\\\/\\\/inclusivenews.com.br\\\/#\\\/schema\\\/logo\\\/image\\\/\"},\"sameAs\":[\"https:\\\/\\\/www.facebook.com\\\/agenciainclusive\\\/\",\"https:\\\/\\\/www.instagram.com\\\/newsinclusive\\\/\"]},{\"@type\":\"Person\",\"@id\":\"https:\\\/\\\/inclusivenews.com.br\\\/#\\\/schema\\\/person\\\/0dab492019871b94abb65fa8ee7c8c44\",\"name\":\"Inclusive\",\"image\":{\"@type\":\"ImageObject\",\"inLanguage\":\"pt-PT\",\"@id\":\"https:\\\/\\\/secure.gravatar.com\\\/avatar\\\/?s=96&d=mm&r=g\",\"url\":\"https:\\\/\\\/secure.gravatar.com\\\/avatar\\\/?s=96&d=mm&r=g\",\"contentUrl\":\"https:\\\/\\\/secure.gravatar.com\\\/avatar\\\/?s=96&d=mm&r=g\",\"caption\":\"Inclusive\"},\"url\":\"https:\\\/\\\/inclusivenews.com.br\\\/?author=2\"}]}<\/script>\n<!-- \/ Yoast SEO plugin. -->","yoast_head_json":{"title":"6\u00ba Encontro da M\u00eddia Legal \u2013 Universit\u00e1rios(as) pelas Pol\u00edticas de Juventude -","robots":{"index":"index","follow":"follow","max-snippet":"max-snippet:-1","max-image-preview":"max-image-preview:large","max-video-preview":"max-video-preview:-1"},"canonical":"https:\/\/inclusivenews.com.br\/?p=11983","og_locale":"pt_PT","og_type":"article","og_title":"6\u00ba Encontro da M\u00eddia Legal \u2013 Universit\u00e1rios(as) pelas Pol\u00edticas de Juventude -","og_description":"6\u00ba Encontro da M\u00eddia Legal \u2013 Universit\u00e1rios(as) pelas Pol\u00edticas de Juventude 20 de outubro Abertura: Audi\u00eancia P\u00fablica na Assembl\u00e9ia Legislativa do Rio de Janeiro (Alerj) Acessibilidade para a Democratiza\u00e7\u00e3o das Pol\u00edticas Culturais Pal\u00e1cio Tiradentes \u2013 Rua Primeiro de Mar\u00e7o, s\/n\u00ba &#8211; Pra\u00e7a XV 14 horas 21 de outubro Pol\u00edticas P\u00fablicas de Juventude: O que s\u00e3o?! [&hellip;]","og_url":"https:\/\/inclusivenews.com.br\/?p=11983","article_publisher":"https:\/\/www.facebook.com\/agenciainclusive\/","article_published_time":"2009-10-07T10:10:39+00:00","og_image":[{"url":"http:\/\/agenciainclusive.files.wordpress.com\/2008\/12\/escoladegente.jpg","type":"","width":"","height":""}],"author":"Inclusive","twitter_card":"summary_large_image","twitter_misc":{"Escrito por":"Inclusive","Tempo estimado de leitura":"1 minuto"},"schema":{"@context":"https:\/\/schema.org","@graph":[{"@type":"Article","@id":"https:\/\/inclusivenews.com.br\/?p=11983#article","isPartOf":{"@id":"https:\/\/inclusivenews.com.br\/?p=11983"},"author":{"name":"Inclusive","@id":"https:\/\/inclusivenews.com.br\/#\/schema\/person\/0dab492019871b94abb65fa8ee7c8c44"},"headline":"6\u00ba Encontro da M\u00eddia Legal \u2013 Universit\u00e1rios(as) pelas Pol\u00edticas de Juventude","datePublished":"2009-10-07T10:10:39+00:00","mainEntityOfPage":{"@id":"https:\/\/inclusivenews.com.br\/?p=11983"},"wordCount":253,"commentCount":0,"publisher":{"@id":"https:\/\/inclusivenews.com.br\/#organization"},"image":{"@id":"https:\/\/inclusivenews.com.br\/?p=11983#primaryimage"},"thumbnailUrl":"http:\/\/agenciainclusive.files.wordpress.com\/2008\/12\/escoladegente.jpg","articleSection":["Cursos e eventos"],"inLanguage":"pt-PT","potentialAction":[{"@type":"CommentAction","name":"Comment","target":["https:\/\/inclusivenews.com.br\/?p=11983#respond"]}]},{"@type":"WebPage","@id":"https:\/\/inclusivenews.com.br\/?p=11983","url":"https:\/\/inclusivenews.com.br\/?p=11983","name":"6\u00ba Encontro da M\u00eddia Legal \u2013 Universit\u00e1rios(as) pelas Pol\u00edticas de Juventude -","isPartOf":{"@id":"https:\/\/inclusivenews.com.br\/#website"},"primaryImageOfPage":{"@id":"https:\/\/inclusivenews.com.br\/?p=11983#primaryimage"},"image":{"@id":"https:\/\/inclusivenews.com.br\/?p=11983#primaryimage"},"thumbnailUrl":"http:\/\/agenciainclusive.files.wordpress.com\/2008\/12\/escoladegente.jpg","datePublished":"2009-10-07T10:10:39+00:00","breadcrumb":{"@id":"https:\/\/inclusivenews.com.br\/?p=11983#breadcrumb"},"inLanguage":"pt-PT","potentialAction":[{"@type":"ReadAction","target":["https:\/\/inclusivenews.com.br\/?p=11983"]}]},{"@type":"ImageObject","inLanguage":"pt-PT","@id":"https:\/\/inclusivenews.com.br\/?p=11983#primaryimage","url":"http:\/\/agenciainclusive.files.wordpress.com\/2008\/12\/escoladegente.jpg","contentUrl":"http:\/\/agenciainclusive.files.wordpress.com\/2008\/12\/escoladegente.jpg"},{"@type":"BreadcrumbList","@id":"https:\/\/inclusivenews.com.br\/?p=11983#breadcrumb","itemListElement":[{"@type":"ListItem","position":1,"name":"In\u00edcio","item":"https:\/\/inclusivenews.com.br\/"},{"@type":"ListItem","position":2,"name":"6\u00ba Encontro da M\u00eddia Legal \u2013 Universit\u00e1rios(as) pelas Pol\u00edticas de Juventude"}]},{"@type":"WebSite","@id":"https:\/\/inclusivenews.com.br\/#website","url":"https:\/\/inclusivenews.com.br\/","name":"Inclusive News","description":"Inclusive News","publisher":{"@id":"https:\/\/inclusivenews.com.br\/#organization"},"potentialAction":[{"@type":"SearchAction","target":{"@type":"EntryPoint","urlTemplate":"https:\/\/inclusivenews.com.br\/?s={search_term_string}"},"query-input":{"@type":"PropertyValueSpecification","valueRequired":true,"valueName":"search_term_string"}}],"inLanguage":"pt-PT"},{"@type":"Organization","@id":"https:\/\/inclusivenews.com.br\/#organization","name":"Inclusive - inclus\u00e3o e cidadania","url":"https:\/\/inclusivenews.com.br\/","logo":{"@type":"ImageObject","inLanguage":"pt-PT","@id":"https:\/\/inclusivenews.com.br\/#\/schema\/logo\/image\/","url":"https:\/\/inclusivenews.com.br\/wp-content\/uploads\/2024\/03\/@grandesite.png","contentUrl":"https:\/\/inclusivenews.com.br\/wp-content\/uploads\/2024\/03\/@grandesite.png","width":1080,"height":1080,"caption":"Inclusive - inclus\u00e3o e cidadania"},"image":{"@id":"https:\/\/inclusivenews.com.br\/#\/schema\/logo\/image\/"},"sameAs":["https:\/\/www.facebook.com\/agenciainclusive\/","https:\/\/www.instagram.com\/newsinclusive\/"]},{"@type":"Person","@id":"https:\/\/inclusivenews.com.br\/#\/schema\/person\/0dab492019871b94abb65fa8ee7c8c44","name":"Inclusive","image":{"@type":"ImageObject","inLanguage":"pt-PT","@id":"https:\/\/secure.gravatar.com\/avatar\/?s=96&d=mm&r=g","url":"https:\/\/secure.gravatar.com\/avatar\/?s=96&d=mm&r=g","contentUrl":"https:\/\/secure.gravatar.com\/avatar\/?s=96&d=mm&r=g","caption":"Inclusive"},"url":"https:\/\/inclusivenews.com.br\/?author=2"}]}},"_links":{"self":[{"href":"https:\/\/inclusivenews.com.br\/index.php?rest_route=\/wp\/v2\/posts\/11983","targetHints":{"allow":["GET"]}}],"collection":[{"href":"https:\/\/inclusivenews.com.br\/index.php?rest_route=\/wp\/v2\/posts"}],"about":[{"href":"https:\/\/inclusivenews.com.br\/index.php?rest_route=\/wp\/v2\/types\/post"}],"author":[{"embeddable":true,"href":"https:\/\/inclusivenews.com.br\/index.php?rest_route=\/wp\/v2\/users\/2"}],"replies":[{"embeddable":true,"href":"https:\/\/inclusivenews.com.br\/index.php?rest_route=%2Fwp%2Fv2%2Fcomments&post=11983"}],"version-history":[{"count":0,"href":"https:\/\/inclusivenews.com.br\/index.php?rest_route=\/wp\/v2\/posts\/11983\/revisions"}],"wp:attachment":[{"href":"https:\/\/inclusivenews.com.br\/index.php?rest_route=%2Fwp%2Fv2%2Fmedia&parent=11983"}],"wp:term":[{"taxonomy":"category","embeddable":true,"href":"https:\/\/inclusivenews.com.br\/index.php?rest_route=%2Fwp%2Fv2%2Fcategories&post=11983"},{"taxonomy":"post_tag","embeddable":true,"href":"https:\/\/inclusivenews.com.br\/index.php?rest_route=%2Fwp%2Fv2%2Ftags&post=11983"}],"curies":[{"name":"wp","href":"https:\/\/api.w.org\/{rel}","templated":true}]}}