{"id":11984,"date":"2009-10-07T07:13:54","date_gmt":"2009-10-07T10:13:54","guid":{"rendered":"http:\/\/agenciainclusive.wordpress.com\/?p=11509"},"modified":"2009-10-07T07:13:54","modified_gmt":"2009-10-07T10:13:54","slug":"unesco-lanca-estudo-inedito-sobre-professores-brasileiros","status":"publish","type":"post","link":"https:\/\/inclusivenews.com.br\/?p=11984","title":{"rendered":"UNESCO lan\u00e7a estudo in\u00e9dito sobre professores brasileiros"},"content":{"rendered":"<p style=\"text-align:justify;\">Bras\u00edlia \u2013 A UNESCO no Brasil lan\u00e7a nesta ter\u00e7a-feira, 6, na 32\u00aa Reuni\u00e3o Anual da Associa\u00e7\u00e3o Nacional de P\u00f3s-Gradua\u00e7\u00e3o e Pesquisa em Educa\u00e7\u00e3o (Anped), em Caxambu (MG), um estudo in\u00e9dito sobre a situa\u00e7\u00e3o dos professores brasileiros. \u201cProfessores do Brasil: impasses e desafios\u201d \u00e9 a pesquisa mais abrangente sobre a condi\u00e7\u00e3o docente j\u00e1 feita no pa\u00eds, envolvendo diferentes abordagens tais como as condi\u00e7\u00f5es de trabalho, a forma\u00e7\u00e3o inicial e continuada, a carreira e a remunera\u00e7\u00e3o.<\/p>\n<p>O objetivo deste estudo foi o de examinar aspectos ligados \u00e0 forma\u00e7\u00e3o e \u00e0 profiss\u00e3o docente no ensino b\u00e1sico brasileiro, quest\u00f5es cr\u00edticas no cen\u00e1rio das pol\u00edticas contempor\u00e2neas, particularmente ligadas ao grande desafio da melhoria da qualidade da educa\u00e7\u00e3o para todos. Entre outras coisas a pesquisa aborda a doc\u00eancia no mundo do trabalho e suas caracter\u00edsticas, bem como o perfil dos docentes em exerc\u00edcio; a legisla\u00e7\u00e3o sobre forma\u00e7\u00e3o de professores e suas decorr\u00eancias; a forma\u00e7\u00e3o inicial em cursos presenciais e a dist\u00e2ncia; o curr\u00edculo nas licenciaturas e o perfil dos licenciandos; os modelos especiais de forma\u00e7\u00e3o de professores; a forma\u00e7\u00e3o continuada e seus problemas; carreira e sal\u00e1rios e suas implica\u00e7\u00f5es.<\/p>\n<p>O estudo ser\u00e1 lan\u00e7ado em uma mesa-redonda no encontro da Anped, que tem como tema central \u201cSociedade, cultura e educa\u00e7\u00e3o: novas regula\u00e7\u00f5es\u201d. A Reuni\u00e3o contemplar\u00e1 tem\u00e1ticas de interesse da comunidade cient\u00edfica e contar\u00e1 com confer\u00eancias, mesas-redondas, debates, minicursos, ciclo de cinema e apresenta\u00e7\u00f5es de trabalhos e de p\u00f4steres, proporcionando a divulga\u00e7\u00e3o da produ\u00e7\u00e3o acad\u00eamica, bem como o interc\u00e2mbio de experi\u00eancias e informa\u00e7\u00f5es entre pesquisadores e pesquisadoras, docentes e estudantes da p\u00f3s-gradua\u00e7\u00e3o na \u00e1rea da educa\u00e7\u00e3o.<\/p>\n<p>____________________________________<\/p>\n<p><strong>Fonte de informa\u00e7\u00e3o:<\/strong> <a href=\"http:\/\/envolverde.ig.com.br\/materia.php?cod=64102&amp;edt=1\" target=\"_blank\" rel=\"noopener\">Envolverde\/UNESCO<\/a><\/p>\n","protected":false},"excerpt":{"rendered":"<p>Bras\u00edlia \u2013 A UNESCO no Brasil lan\u00e7a nesta ter\u00e7a-feira, 6, na 32\u00aa Reuni\u00e3o Anual da Associa\u00e7\u00e3o Nacional de P\u00f3s-Gradua\u00e7\u00e3o e Pesquisa em Educa\u00e7\u00e3o (Anped), em Caxambu (MG), um estudo in\u00e9dito sobre a situa\u00e7\u00e3o dos professores brasileiros. \u201cProfessores do Brasil: impasses e desafios\u201d \u00e9 a pesquisa mais abrangente sobre a condi\u00e7\u00e3o docente j\u00e1 feita no pa\u00eds, [&hellip;]<\/p>\n","protected":false},"author":2,"featured_media":0,"comment_status":"open","ping_status":"open","sticky":false,"template":"","format":"standard","meta":{"site-container-style":"default","site-container-layout":"default","site-sidebar-layout":"default","disable-article-header":"default","disable-site-header":"default","disable-site-footer":"default","disable-content-area-spacing":"default","footnotes":""},"categories":[6,4],"tags":[],"class_list":["post-11984","post","type-post","status-publish","format-standard","hentry","category-educacao","category-noticias"],"yoast_head":"<!-- This site is optimized with the Yoast SEO plugin v27.5 - https:\/\/yoast.com\/product\/yoast-seo-wordpress\/ -->\n<title>UNESCO lan\u00e7a estudo in\u00e9dito sobre professores brasileiros -<\/title>\n<meta name=\"robots\" content=\"index, follow, max-snippet:-1, max-image-preview:large, max-video-preview:-1\" \/>\n<link rel=\"canonical\" href=\"https:\/\/inclusivenews.com.br\/?p=11984\" \/>\n<meta property=\"og:locale\" content=\"pt_PT\" \/>\n<meta property=\"og:type\" content=\"article\" \/>\n<meta property=\"og:title\" content=\"UNESCO lan\u00e7a estudo in\u00e9dito sobre professores brasileiros -\" \/>\n<meta property=\"og:description\" content=\"Bras\u00edlia \u2013 A UNESCO no Brasil lan\u00e7a nesta ter\u00e7a-feira, 6, na 32\u00aa Reuni\u00e3o Anual da Associa\u00e7\u00e3o Nacional de P\u00f3s-Gradua\u00e7\u00e3o e Pesquisa em Educa\u00e7\u00e3o (Anped), em Caxambu (MG), um estudo in\u00e9dito sobre a situa\u00e7\u00e3o dos professores brasileiros. \u201cProfessores do Brasil: impasses e desafios\u201d \u00e9 a pesquisa mais abrangente sobre a condi\u00e7\u00e3o docente j\u00e1 feita no pa\u00eds, [&hellip;]\" \/>\n<meta property=\"og:url\" content=\"https:\/\/inclusivenews.com.br\/?p=11984\" \/>\n<meta property=\"article:publisher\" content=\"https:\/\/www.facebook.com\/agenciainclusive\/\" \/>\n<meta property=\"article:published_time\" content=\"2009-10-07T10:13:54+00:00\" \/>\n<meta name=\"author\" content=\"Inclusive\" \/>\n<meta name=\"twitter:card\" content=\"summary_large_image\" \/>\n<meta name=\"twitter:label1\" content=\"Escrito por\" \/>\n\t<meta name=\"twitter:data1\" content=\"Inclusive\" \/>\n\t<meta name=\"twitter:label2\" content=\"Tempo estimado de leitura\" \/>\n\t<meta name=\"twitter:data2\" content=\"2 minutos\" \/>\n<script type=\"application\/ld+json\" class=\"yoast-schema-graph\">{\"@context\":\"https:\\\/\\\/schema.org\",\"@graph\":[{\"@type\":\"Article\",\"@id\":\"https:\\\/\\\/inclusivenews.com.br\\\/?p=11984#article\",\"isPartOf\":{\"@id\":\"https:\\\/\\\/inclusivenews.com.br\\\/?p=11984\"},\"author\":{\"name\":\"Inclusive\",\"@id\":\"https:\\\/\\\/inclusivenews.com.br\\\/#\\\/schema\\\/person\\\/0dab492019871b94abb65fa8ee7c8c44\"},\"headline\":\"UNESCO lan\u00e7a estudo in\u00e9dito sobre professores brasileiros\",\"datePublished\":\"2009-10-07T10:13:54+00:00\",\"mainEntityOfPage\":{\"@id\":\"https:\\\/\\\/inclusivenews.com.br\\\/?p=11984\"},\"wordCount\":322,\"commentCount\":0,\"publisher\":{\"@id\":\"https:\\\/\\\/inclusivenews.com.br\\\/#organization\"},\"articleSection\":[\"EDUCA\u00c7\u00c3O\",\"NOT\u00cdCIAS\"],\"inLanguage\":\"pt-PT\",\"potentialAction\":[{\"@type\":\"CommentAction\",\"name\":\"Comment\",\"target\":[\"https:\\\/\\\/inclusivenews.com.br\\\/?p=11984#respond\"]}]},{\"@type\":\"WebPage\",\"@id\":\"https:\\\/\\\/inclusivenews.com.br\\\/?p=11984\",\"url\":\"https:\\\/\\\/inclusivenews.com.br\\\/?p=11984\",\"name\":\"UNESCO lan\u00e7a estudo in\u00e9dito sobre professores brasileiros -\",\"isPartOf\":{\"@id\":\"https:\\\/\\\/inclusivenews.com.br\\\/#website\"},\"datePublished\":\"2009-10-07T10:13:54+00:00\",\"breadcrumb\":{\"@id\":\"https:\\\/\\\/inclusivenews.com.br\\\/?p=11984#breadcrumb\"},\"inLanguage\":\"pt-PT\",\"potentialAction\":[{\"@type\":\"ReadAction\",\"target\":[\"https:\\\/\\\/inclusivenews.com.br\\\/?p=11984\"]}]},{\"@type\":\"BreadcrumbList\",\"@id\":\"https:\\\/\\\/inclusivenews.com.br\\\/?p=11984#breadcrumb\",\"itemListElement\":[{\"@type\":\"ListItem\",\"position\":1,\"name\":\"In\u00edcio\",\"item\":\"https:\\\/\\\/inclusivenews.com.br\\\/\"},{\"@type\":\"ListItem\",\"position\":2,\"name\":\"UNESCO lan\u00e7a estudo in\u00e9dito sobre professores brasileiros\"}]},{\"@type\":\"WebSite\",\"@id\":\"https:\\\/\\\/inclusivenews.com.br\\\/#website\",\"url\":\"https:\\\/\\\/inclusivenews.com.br\\\/\",\"name\":\"Inclusive News\",\"description\":\"Inclusive News\",\"publisher\":{\"@id\":\"https:\\\/\\\/inclusivenews.com.br\\\/#organization\"},\"potentialAction\":[{\"@type\":\"SearchAction\",\"target\":{\"@type\":\"EntryPoint\",\"urlTemplate\":\"https:\\\/\\\/inclusivenews.com.br\\\/?s={search_term_string}\"},\"query-input\":{\"@type\":\"PropertyValueSpecification\",\"valueRequired\":true,\"valueName\":\"search_term_string\"}}],\"inLanguage\":\"pt-PT\"},{\"@type\":\"Organization\",\"@id\":\"https:\\\/\\\/inclusivenews.com.br\\\/#organization\",\"name\":\"Inclusive - inclus\u00e3o e cidadania\",\"url\":\"https:\\\/\\\/inclusivenews.com.br\\\/\",\"logo\":{\"@type\":\"ImageObject\",\"inLanguage\":\"pt-PT\",\"@id\":\"https:\\\/\\\/inclusivenews.com.br\\\/#\\\/schema\\\/logo\\\/image\\\/\",\"url\":\"https:\\\/\\\/inclusivenews.com.br\\\/wp-content\\\/uploads\\\/2024\\\/03\\\/@grandesite.png\",\"contentUrl\":\"https:\\\/\\\/inclusivenews.com.br\\\/wp-content\\\/uploads\\\/2024\\\/03\\\/@grandesite.png\",\"width\":1080,\"height\":1080,\"caption\":\"Inclusive - inclus\u00e3o e cidadania\"},\"image\":{\"@id\":\"https:\\\/\\\/inclusivenews.com.br\\\/#\\\/schema\\\/logo\\\/image\\\/\"},\"sameAs\":[\"https:\\\/\\\/www.facebook.com\\\/agenciainclusive\\\/\",\"https:\\\/\\\/www.instagram.com\\\/newsinclusive\\\/\"]},{\"@type\":\"Person\",\"@id\":\"https:\\\/\\\/inclusivenews.com.br\\\/#\\\/schema\\\/person\\\/0dab492019871b94abb65fa8ee7c8c44\",\"name\":\"Inclusive\",\"image\":{\"@type\":\"ImageObject\",\"inLanguage\":\"pt-PT\",\"@id\":\"https:\\\/\\\/secure.gravatar.com\\\/avatar\\\/?s=96&d=mm&r=g\",\"url\":\"https:\\\/\\\/secure.gravatar.com\\\/avatar\\\/?s=96&d=mm&r=g\",\"contentUrl\":\"https:\\\/\\\/secure.gravatar.com\\\/avatar\\\/?s=96&d=mm&r=g\",\"caption\":\"Inclusive\"},\"url\":\"https:\\\/\\\/inclusivenews.com.br\\\/?author=2\"}]}<\/script>\n<!-- \/ Yoast SEO plugin. -->","yoast_head_json":{"title":"UNESCO lan\u00e7a estudo in\u00e9dito sobre professores brasileiros -","robots":{"index":"index","follow":"follow","max-snippet":"max-snippet:-1","max-image-preview":"max-image-preview:large","max-video-preview":"max-video-preview:-1"},"canonical":"https:\/\/inclusivenews.com.br\/?p=11984","og_locale":"pt_PT","og_type":"article","og_title":"UNESCO lan\u00e7a estudo in\u00e9dito sobre professores brasileiros -","og_description":"Bras\u00edlia \u2013 A UNESCO no Brasil lan\u00e7a nesta ter\u00e7a-feira, 6, na 32\u00aa Reuni\u00e3o Anual da Associa\u00e7\u00e3o Nacional de P\u00f3s-Gradua\u00e7\u00e3o e Pesquisa em Educa\u00e7\u00e3o (Anped), em Caxambu (MG), um estudo in\u00e9dito sobre a situa\u00e7\u00e3o dos professores brasileiros. \u201cProfessores do Brasil: impasses e desafios\u201d \u00e9 a pesquisa mais abrangente sobre a condi\u00e7\u00e3o docente j\u00e1 feita no pa\u00eds, [&hellip;]","og_url":"https:\/\/inclusivenews.com.br\/?p=11984","article_publisher":"https:\/\/www.facebook.com\/agenciainclusive\/","article_published_time":"2009-10-07T10:13:54+00:00","author":"Inclusive","twitter_card":"summary_large_image","twitter_misc":{"Escrito por":"Inclusive","Tempo estimado de leitura":"2 minutos"},"schema":{"@context":"https:\/\/schema.org","@graph":[{"@type":"Article","@id":"https:\/\/inclusivenews.com.br\/?p=11984#article","isPartOf":{"@id":"https:\/\/inclusivenews.com.br\/?p=11984"},"author":{"name":"Inclusive","@id":"https:\/\/inclusivenews.com.br\/#\/schema\/person\/0dab492019871b94abb65fa8ee7c8c44"},"headline":"UNESCO lan\u00e7a estudo in\u00e9dito sobre professores brasileiros","datePublished":"2009-10-07T10:13:54+00:00","mainEntityOfPage":{"@id":"https:\/\/inclusivenews.com.br\/?p=11984"},"wordCount":322,"commentCount":0,"publisher":{"@id":"https:\/\/inclusivenews.com.br\/#organization"},"articleSection":["EDUCA\u00c7\u00c3O","NOT\u00cdCIAS"],"inLanguage":"pt-PT","potentialAction":[{"@type":"CommentAction","name":"Comment","target":["https:\/\/inclusivenews.com.br\/?p=11984#respond"]}]},{"@type":"WebPage","@id":"https:\/\/inclusivenews.com.br\/?p=11984","url":"https:\/\/inclusivenews.com.br\/?p=11984","name":"UNESCO lan\u00e7a estudo in\u00e9dito sobre professores brasileiros -","isPartOf":{"@id":"https:\/\/inclusivenews.com.br\/#website"},"datePublished":"2009-10-07T10:13:54+00:00","breadcrumb":{"@id":"https:\/\/inclusivenews.com.br\/?p=11984#breadcrumb"},"inLanguage":"pt-PT","potentialAction":[{"@type":"ReadAction","target":["https:\/\/inclusivenews.com.br\/?p=11984"]}]},{"@type":"BreadcrumbList","@id":"https:\/\/inclusivenews.com.br\/?p=11984#breadcrumb","itemListElement":[{"@type":"ListItem","position":1,"name":"In\u00edcio","item":"https:\/\/inclusivenews.com.br\/"},{"@type":"ListItem","position":2,"name":"UNESCO lan\u00e7a estudo in\u00e9dito sobre professores brasileiros"}]},{"@type":"WebSite","@id":"https:\/\/inclusivenews.com.br\/#website","url":"https:\/\/inclusivenews.com.br\/","name":"Inclusive News","description":"Inclusive News","publisher":{"@id":"https:\/\/inclusivenews.com.br\/#organization"},"potentialAction":[{"@type":"SearchAction","target":{"@type":"EntryPoint","urlTemplate":"https:\/\/inclusivenews.com.br\/?s={search_term_string}"},"query-input":{"@type":"PropertyValueSpecification","valueRequired":true,"valueName":"search_term_string"}}],"inLanguage":"pt-PT"},{"@type":"Organization","@id":"https:\/\/inclusivenews.com.br\/#organization","name":"Inclusive - inclus\u00e3o e cidadania","url":"https:\/\/inclusivenews.com.br\/","logo":{"@type":"ImageObject","inLanguage":"pt-PT","@id":"https:\/\/inclusivenews.com.br\/#\/schema\/logo\/image\/","url":"https:\/\/inclusivenews.com.br\/wp-content\/uploads\/2024\/03\/@grandesite.png","contentUrl":"https:\/\/inclusivenews.com.br\/wp-content\/uploads\/2024\/03\/@grandesite.png","width":1080,"height":1080,"caption":"Inclusive - inclus\u00e3o e cidadania"},"image":{"@id":"https:\/\/inclusivenews.com.br\/#\/schema\/logo\/image\/"},"sameAs":["https:\/\/www.facebook.com\/agenciainclusive\/","https:\/\/www.instagram.com\/newsinclusive\/"]},{"@type":"Person","@id":"https:\/\/inclusivenews.com.br\/#\/schema\/person\/0dab492019871b94abb65fa8ee7c8c44","name":"Inclusive","image":{"@type":"ImageObject","inLanguage":"pt-PT","@id":"https:\/\/secure.gravatar.com\/avatar\/?s=96&d=mm&r=g","url":"https:\/\/secure.gravatar.com\/avatar\/?s=96&d=mm&r=g","contentUrl":"https:\/\/secure.gravatar.com\/avatar\/?s=96&d=mm&r=g","caption":"Inclusive"},"url":"https:\/\/inclusivenews.com.br\/?author=2"}]}},"_links":{"self":[{"href":"https:\/\/inclusivenews.com.br\/index.php?rest_route=\/wp\/v2\/posts\/11984","targetHints":{"allow":["GET"]}}],"collection":[{"href":"https:\/\/inclusivenews.com.br\/index.php?rest_route=\/wp\/v2\/posts"}],"about":[{"href":"https:\/\/inclusivenews.com.br\/index.php?rest_route=\/wp\/v2\/types\/post"}],"author":[{"embeddable":true,"href":"https:\/\/inclusivenews.com.br\/index.php?rest_route=\/wp\/v2\/users\/2"}],"replies":[{"embeddable":true,"href":"https:\/\/inclusivenews.com.br\/index.php?rest_route=%2Fwp%2Fv2%2Fcomments&post=11984"}],"version-history":[{"count":0,"href":"https:\/\/inclusivenews.com.br\/index.php?rest_route=\/wp\/v2\/posts\/11984\/revisions"}],"wp:attachment":[{"href":"https:\/\/inclusivenews.com.br\/index.php?rest_route=%2Fwp%2Fv2%2Fmedia&parent=11984"}],"wp:term":[{"taxonomy":"category","embeddable":true,"href":"https:\/\/inclusivenews.com.br\/index.php?rest_route=%2Fwp%2Fv2%2Fcategories&post=11984"},{"taxonomy":"post_tag","embeddable":true,"href":"https:\/\/inclusivenews.com.br\/index.php?rest_route=%2Fwp%2Fv2%2Ftags&post=11984"}],"curies":[{"name":"wp","href":"https:\/\/api.w.org\/{rel}","templated":true}]}}