{"id":11986,"date":"2009-10-07T08:15:33","date_gmt":"2009-10-07T11:15:33","guid":{"rendered":"http:\/\/agenciainclusive.wordpress.com\/?p=11519"},"modified":"2009-10-07T08:15:33","modified_gmt":"2009-10-07T11:15:33","slug":"a-falta-do-professor","status":"publish","type":"post","link":"https:\/\/inclusivenews.com.br\/?p=11986","title":{"rendered":"A Falta do Professor"},"content":{"rendered":"<figure style=\"width: 300px\" class=\"wp-caption alignnone\"><a href=\"http:\/\/www.observatoriodaeducacao.org.br\/\"><img loading=\"lazy\" decoding=\"async\" class=\" \" src=\"http:\/\/www.observatoriodaeducacao.org.br\/templates\/beez\/images\/observ.jpg\" alt=\"\" width=\"300\" height=\"64\" \/><\/a><figcaption class=\"wp-caption-text\">Descri\u00e7\u00e3o da imagem: Logotipo do Observat\u00f3rio da Educa\u00e7\u00e3o, onde aparece caixa de di\u00e1logo com ponto de afirma\u00e7\u00e3o ao centro.<\/figcaption><\/figure>\n<figure id=\"attachment_11522\" aria-describedby=\"caption-attachment-11522\" style=\"width: 500px\" class=\"wp-caption alignnone\"><a href=\"http:\/\/agenciainclusive.files.wordpress.com\/2009\/10\/conviteobs061009.jpg\"><img loading=\"lazy\" decoding=\"async\" class=\"size-full wp-image-11522\" title=\"conviteobs061009\" src=\"http:\/\/agenciainclusive.files.wordpress.com\/2009\/10\/conviteobs061009.jpg\" alt=\"conviteobs061009\" width=\"500\" height=\"768\" \/><\/a><figcaption id=\"caption-attachment-11522\" class=\"wp-caption-text\">Convite para o debate. Descri\u00e7\u00e3o no texto abaixo.<\/figcaption><\/figure>\n<p>Debates Desafios da Conjuntura<br \/>\nA <a href=\"http:\/\/www.acaoeducativa.org.br\/portal\/\" target=\"_blank\" rel=\"noopener\">A\u00e7\u00e3o Educativa<\/a> convida para o debate:<\/p>\n<p style=\"text-align:justify;\"><strong>A FALTA DO PROFESSOR<\/strong><\/p>\n<p style=\"text-align:center;\"><em>Por que os professores faltam? Quais as estrat\u00e9gias dos sistemas educacionais para garantir o direito \u00e0 aprendizagem quando falta o professor? O que as pesquisas apontam sobre a rela\u00e7\u00e3o entre falta e condi\u00e7\u00f5es do trabalho docente? Como tem sido a cobertura da m\u00eddia sobre esse assunto? Essas ser\u00e3o as principais quest\u00f5es que estar\u00e3o em debate na A\u00e7\u00e3o Educativa, no dia 15 de outubro, das 10h \u00e0s 13h. Participe!<\/em><\/p>\n<p style=\"text-align:justify;\"><strong>Convidados:<\/strong><br \/>\nSilmar Leila dos Santos &#8211; pesquisadora sobre absente\u00edsmo docente e professora da rede municipal de educa\u00e7\u00e3o de S\u00e3o Paulo<br \/>\nMaria Auxiliadora Albergaria Ravelli &#8211; assessora da Secretaria da Educa\u00e7\u00e3o do Estado de S\u00e3o Paulo<br \/>\nMaria Izabel Noronha &#8211; presidenta da Apeoesp &#8211; Sindicato dos Professores do Ensino Oficial do Estado de S\u00e3o Paulo (a confirmar)<br \/>\nSilvana Marques Pacheco &#8211; diretora de escola municipal de ensino fundamental de S\u00e3o Paulo<br \/>\nEduardo Garcia do Amaral &#8211; professor de filosofia da rede estadual de S\u00e3o Paulo<br \/>\nCoord. da mesa: Aparecida Neri de Souza &#8211; professora da Faculdade de Educa\u00e7\u00e3o da Unicamp<\/p>\n<p style=\"text-align:justify;\">Se voc\u00ea possui algum tipo de defici\u00eancia, por favor, entre em contato para que possamos garantir sua acessibilidade. Haver\u00e1 interpreta\u00e7\u00e3o em LIBRAS.<\/p>\n<p style=\"text-align:justify;\">Transmiss\u00e3o ao vivo pela internet, com interpreta\u00e7\u00e3o em LIBRAS. Acesse: <a href=\"http:\/\/www.observatoriodaeducacao.org.br\/\" target=\"_blank\" rel=\"noopener\">http:\/\/www.observatoriodaeducacao.org.br\/<\/a><\/p>\n<p style=\"text-align:justify;\">O evento \u00e9 gratuito.<\/p>\n<p style=\"text-align:justify;\">Data: 15 de outubro de 2009<br \/>\nHor\u00e1rio: 9h30 \u00e0s 10h &#8211; credenciamento e caf\u00e9 da manh\u00e3; 10h \u00e0s 13h &#8211; debate<br \/>\nLocal: Audit\u00f3rio da A\u00e7\u00e3o Educativa<br \/>\nRua General Jardim, 660 &#8211; Vila Buarque &#8211; S\u00e3o Paulo &#8211; SP<br \/>\n(pr\u00f3ximo \u00e0 esta\u00e7\u00e3o do Metr\u00f4 Santa Cec\u00edlia)<br \/>\nInscri\u00e7\u00f5es: geusilene.costa@acaoeducativa.org ou pelo telefone (11) 3151-2333 ramal 103, \u00a0das 11h \u00e0s 18h.<\/p>\n<p><strong>Realiza\u00e7\u00e3o:<\/strong><br \/>\nA\u00e7\u00e3o Educativa\/Observat\u00f3rio da Educa\u00e7\u00e3o<\/p>\n<p><strong>Apoio Institucional:<\/strong><br \/>\nEED<\/p>\n<p><strong>Apoio:<\/strong><br \/>\nAvina<br \/>\nFunda\u00e7\u00e3o Ford<br \/>\nSave the Children UK<\/p>\n","protected":false},"excerpt":{"rendered":"<p>Debates Desafios da Conjuntura A A\u00e7\u00e3o Educativa convida para o debate: A FALTA DO PROFESSOR Por que os professores faltam? Quais as estrat\u00e9gias dos sistemas educacionais para garantir o direito \u00e0 aprendizagem quando falta o professor? O que as pesquisas apontam sobre a rela\u00e7\u00e3o entre falta e condi\u00e7\u00f5es do trabalho docente? Como tem sido a [&hellip;]<\/p>\n","protected":false},"author":2,"featured_media":0,"comment_status":"open","ping_status":"open","sticky":false,"template":"","format":"standard","meta":{"site-container-style":"default","site-container-layout":"default","site-sidebar-layout":"default","disable-article-header":"default","disable-site-header":"default","disable-site-footer":"default","disable-content-area-spacing":"default","footnotes":""},"categories":[12,6,4],"tags":[],"class_list":["post-11986","post","type-post","status-publish","format-standard","hentry","category-cursos-e-eventos","category-educacao","category-noticias"],"yoast_head":"<!-- This site is optimized with the Yoast SEO plugin v27.5 - https:\/\/yoast.com\/product\/yoast-seo-wordpress\/ -->\n<title>A Falta do Professor -<\/title>\n<meta name=\"robots\" content=\"index, follow, max-snippet:-1, max-image-preview:large, max-video-preview:-1\" \/>\n<link rel=\"canonical\" href=\"https:\/\/inclusivenews.com.br\/?p=11986\" \/>\n<meta property=\"og:locale\" content=\"pt_PT\" \/>\n<meta property=\"og:type\" content=\"article\" \/>\n<meta property=\"og:title\" content=\"A Falta do Professor -\" \/>\n<meta property=\"og:description\" content=\"Debates Desafios da Conjuntura A A\u00e7\u00e3o Educativa convida para o debate: A FALTA DO PROFESSOR Por que os professores faltam? Quais as estrat\u00e9gias dos sistemas educacionais para garantir o direito \u00e0 aprendizagem quando falta o professor? O que as pesquisas apontam sobre a rela\u00e7\u00e3o entre falta e condi\u00e7\u00f5es do trabalho docente? Como tem sido a [&hellip;]\" \/>\n<meta property=\"og:url\" content=\"https:\/\/inclusivenews.com.br\/?p=11986\" \/>\n<meta property=\"article:publisher\" content=\"https:\/\/www.facebook.com\/agenciainclusive\/\" \/>\n<meta property=\"article:published_time\" content=\"2009-10-07T11:15:33+00:00\" \/>\n<meta property=\"og:image\" content=\"http:\/\/www.observatoriodaeducacao.org.br\/templates\/beez\/images\/observ.jpg\" \/>\n<meta name=\"author\" content=\"Inclusive\" \/>\n<meta name=\"twitter:card\" content=\"summary_large_image\" \/>\n<meta name=\"twitter:label1\" content=\"Escrito por\" \/>\n\t<meta name=\"twitter:data1\" content=\"Inclusive\" \/>\n\t<meta name=\"twitter:label2\" content=\"Tempo estimado de leitura\" \/>\n\t<meta name=\"twitter:data2\" content=\"2 minutos\" \/>\n<script type=\"application\/ld+json\" class=\"yoast-schema-graph\">{\"@context\":\"https:\\\/\\\/schema.org\",\"@graph\":[{\"@type\":\"Article\",\"@id\":\"https:\\\/\\\/inclusivenews.com.br\\\/?p=11986#article\",\"isPartOf\":{\"@id\":\"https:\\\/\\\/inclusivenews.com.br\\\/?p=11986\"},\"author\":{\"name\":\"Inclusive\",\"@id\":\"https:\\\/\\\/inclusivenews.com.br\\\/#\\\/schema\\\/person\\\/0dab492019871b94abb65fa8ee7c8c44\"},\"headline\":\"A Falta do Professor\",\"datePublished\":\"2009-10-07T11:15:33+00:00\",\"mainEntityOfPage\":{\"@id\":\"https:\\\/\\\/inclusivenews.com.br\\\/?p=11986\"},\"wordCount\":379,\"commentCount\":0,\"publisher\":{\"@id\":\"https:\\\/\\\/inclusivenews.com.br\\\/#organization\"},\"image\":{\"@id\":\"https:\\\/\\\/inclusivenews.com.br\\\/?p=11986#primaryimage\"},\"thumbnailUrl\":\"http:\\\/\\\/www.observatoriodaeducacao.org.br\\\/templates\\\/beez\\\/images\\\/observ.jpg\",\"articleSection\":[\"Cursos e eventos\",\"EDUCA\u00c7\u00c3O\",\"NOT\u00cdCIAS\"],\"inLanguage\":\"pt-PT\",\"potentialAction\":[{\"@type\":\"CommentAction\",\"name\":\"Comment\",\"target\":[\"https:\\\/\\\/inclusivenews.com.br\\\/?p=11986#respond\"]}]},{\"@type\":\"WebPage\",\"@id\":\"https:\\\/\\\/inclusivenews.com.br\\\/?p=11986\",\"url\":\"https:\\\/\\\/inclusivenews.com.br\\\/?p=11986\",\"name\":\"A Falta do Professor -\",\"isPartOf\":{\"@id\":\"https:\\\/\\\/inclusivenews.com.br\\\/#website\"},\"primaryImageOfPage\":{\"@id\":\"https:\\\/\\\/inclusivenews.com.br\\\/?p=11986#primaryimage\"},\"image\":{\"@id\":\"https:\\\/\\\/inclusivenews.com.br\\\/?p=11986#primaryimage\"},\"thumbnailUrl\":\"http:\\\/\\\/www.observatoriodaeducacao.org.br\\\/templates\\\/beez\\\/images\\\/observ.jpg\",\"datePublished\":\"2009-10-07T11:15:33+00:00\",\"breadcrumb\":{\"@id\":\"https:\\\/\\\/inclusivenews.com.br\\\/?p=11986#breadcrumb\"},\"inLanguage\":\"pt-PT\",\"potentialAction\":[{\"@type\":\"ReadAction\",\"target\":[\"https:\\\/\\\/inclusivenews.com.br\\\/?p=11986\"]}]},{\"@type\":\"ImageObject\",\"inLanguage\":\"pt-PT\",\"@id\":\"https:\\\/\\\/inclusivenews.com.br\\\/?p=11986#primaryimage\",\"url\":\"http:\\\/\\\/www.observatoriodaeducacao.org.br\\\/templates\\\/beez\\\/images\\\/observ.jpg\",\"contentUrl\":\"http:\\\/\\\/www.observatoriodaeducacao.org.br\\\/templates\\\/beez\\\/images\\\/observ.jpg\"},{\"@type\":\"BreadcrumbList\",\"@id\":\"https:\\\/\\\/inclusivenews.com.br\\\/?p=11986#breadcrumb\",\"itemListElement\":[{\"@type\":\"ListItem\",\"position\":1,\"name\":\"In\u00edcio\",\"item\":\"https:\\\/\\\/inclusivenews.com.br\\\/\"},{\"@type\":\"ListItem\",\"position\":2,\"name\":\"A Falta do Professor\"}]},{\"@type\":\"WebSite\",\"@id\":\"https:\\\/\\\/inclusivenews.com.br\\\/#website\",\"url\":\"https:\\\/\\\/inclusivenews.com.br\\\/\",\"name\":\"Inclusive News\",\"description\":\"Inclusive News\",\"publisher\":{\"@id\":\"https:\\\/\\\/inclusivenews.com.br\\\/#organization\"},\"potentialAction\":[{\"@type\":\"SearchAction\",\"target\":{\"@type\":\"EntryPoint\",\"urlTemplate\":\"https:\\\/\\\/inclusivenews.com.br\\\/?s={search_term_string}\"},\"query-input\":{\"@type\":\"PropertyValueSpecification\",\"valueRequired\":true,\"valueName\":\"search_term_string\"}}],\"inLanguage\":\"pt-PT\"},{\"@type\":\"Organization\",\"@id\":\"https:\\\/\\\/inclusivenews.com.br\\\/#organization\",\"name\":\"Inclusive - inclus\u00e3o e cidadania\",\"url\":\"https:\\\/\\\/inclusivenews.com.br\\\/\",\"logo\":{\"@type\":\"ImageObject\",\"inLanguage\":\"pt-PT\",\"@id\":\"https:\\\/\\\/inclusivenews.com.br\\\/#\\\/schema\\\/logo\\\/image\\\/\",\"url\":\"https:\\\/\\\/inclusivenews.com.br\\\/wp-content\\\/uploads\\\/2024\\\/03\\\/@grandesite.png\",\"contentUrl\":\"https:\\\/\\\/inclusivenews.com.br\\\/wp-content\\\/uploads\\\/2024\\\/03\\\/@grandesite.png\",\"width\":1080,\"height\":1080,\"caption\":\"Inclusive - inclus\u00e3o e cidadania\"},\"image\":{\"@id\":\"https:\\\/\\\/inclusivenews.com.br\\\/#\\\/schema\\\/logo\\\/image\\\/\"},\"sameAs\":[\"https:\\\/\\\/www.facebook.com\\\/agenciainclusive\\\/\",\"https:\\\/\\\/www.instagram.com\\\/newsinclusive\\\/\"]},{\"@type\":\"Person\",\"@id\":\"https:\\\/\\\/inclusivenews.com.br\\\/#\\\/schema\\\/person\\\/0dab492019871b94abb65fa8ee7c8c44\",\"name\":\"Inclusive\",\"image\":{\"@type\":\"ImageObject\",\"inLanguage\":\"pt-PT\",\"@id\":\"https:\\\/\\\/secure.gravatar.com\\\/avatar\\\/?s=96&d=mm&r=g\",\"url\":\"https:\\\/\\\/secure.gravatar.com\\\/avatar\\\/?s=96&d=mm&r=g\",\"contentUrl\":\"https:\\\/\\\/secure.gravatar.com\\\/avatar\\\/?s=96&d=mm&r=g\",\"caption\":\"Inclusive\"},\"url\":\"https:\\\/\\\/inclusivenews.com.br\\\/?author=2\"}]}<\/script>\n<!-- \/ Yoast SEO plugin. -->","yoast_head_json":{"title":"A Falta do Professor -","robots":{"index":"index","follow":"follow","max-snippet":"max-snippet:-1","max-image-preview":"max-image-preview:large","max-video-preview":"max-video-preview:-1"},"canonical":"https:\/\/inclusivenews.com.br\/?p=11986","og_locale":"pt_PT","og_type":"article","og_title":"A Falta do Professor -","og_description":"Debates Desafios da Conjuntura A A\u00e7\u00e3o Educativa convida para o debate: A FALTA DO PROFESSOR Por que os professores faltam? Quais as estrat\u00e9gias dos sistemas educacionais para garantir o direito \u00e0 aprendizagem quando falta o professor? O que as pesquisas apontam sobre a rela\u00e7\u00e3o entre falta e condi\u00e7\u00f5es do trabalho docente? Como tem sido a [&hellip;]","og_url":"https:\/\/inclusivenews.com.br\/?p=11986","article_publisher":"https:\/\/www.facebook.com\/agenciainclusive\/","article_published_time":"2009-10-07T11:15:33+00:00","og_image":[{"url":"http:\/\/www.observatoriodaeducacao.org.br\/templates\/beez\/images\/observ.jpg","type":"","width":"","height":""}],"author":"Inclusive","twitter_card":"summary_large_image","twitter_misc":{"Escrito por":"Inclusive","Tempo estimado de leitura":"2 minutos"},"schema":{"@context":"https:\/\/schema.org","@graph":[{"@type":"Article","@id":"https:\/\/inclusivenews.com.br\/?p=11986#article","isPartOf":{"@id":"https:\/\/inclusivenews.com.br\/?p=11986"},"author":{"name":"Inclusive","@id":"https:\/\/inclusivenews.com.br\/#\/schema\/person\/0dab492019871b94abb65fa8ee7c8c44"},"headline":"A Falta do Professor","datePublished":"2009-10-07T11:15:33+00:00","mainEntityOfPage":{"@id":"https:\/\/inclusivenews.com.br\/?p=11986"},"wordCount":379,"commentCount":0,"publisher":{"@id":"https:\/\/inclusivenews.com.br\/#organization"},"image":{"@id":"https:\/\/inclusivenews.com.br\/?p=11986#primaryimage"},"thumbnailUrl":"http:\/\/www.observatoriodaeducacao.org.br\/templates\/beez\/images\/observ.jpg","articleSection":["Cursos e eventos","EDUCA\u00c7\u00c3O","NOT\u00cdCIAS"],"inLanguage":"pt-PT","potentialAction":[{"@type":"CommentAction","name":"Comment","target":["https:\/\/inclusivenews.com.br\/?p=11986#respond"]}]},{"@type":"WebPage","@id":"https:\/\/inclusivenews.com.br\/?p=11986","url":"https:\/\/inclusivenews.com.br\/?p=11986","name":"A Falta do Professor -","isPartOf":{"@id":"https:\/\/inclusivenews.com.br\/#website"},"primaryImageOfPage":{"@id":"https:\/\/inclusivenews.com.br\/?p=11986#primaryimage"},"image":{"@id":"https:\/\/inclusivenews.com.br\/?p=11986#primaryimage"},"thumbnailUrl":"http:\/\/www.observatoriodaeducacao.org.br\/templates\/beez\/images\/observ.jpg","datePublished":"2009-10-07T11:15:33+00:00","breadcrumb":{"@id":"https:\/\/inclusivenews.com.br\/?p=11986#breadcrumb"},"inLanguage":"pt-PT","potentialAction":[{"@type":"ReadAction","target":["https:\/\/inclusivenews.com.br\/?p=11986"]}]},{"@type":"ImageObject","inLanguage":"pt-PT","@id":"https:\/\/inclusivenews.com.br\/?p=11986#primaryimage","url":"http:\/\/www.observatoriodaeducacao.org.br\/templates\/beez\/images\/observ.jpg","contentUrl":"http:\/\/www.observatoriodaeducacao.org.br\/templates\/beez\/images\/observ.jpg"},{"@type":"BreadcrumbList","@id":"https:\/\/inclusivenews.com.br\/?p=11986#breadcrumb","itemListElement":[{"@type":"ListItem","position":1,"name":"In\u00edcio","item":"https:\/\/inclusivenews.com.br\/"},{"@type":"ListItem","position":2,"name":"A Falta do Professor"}]},{"@type":"WebSite","@id":"https:\/\/inclusivenews.com.br\/#website","url":"https:\/\/inclusivenews.com.br\/","name":"Inclusive News","description":"Inclusive News","publisher":{"@id":"https:\/\/inclusivenews.com.br\/#organization"},"potentialAction":[{"@type":"SearchAction","target":{"@type":"EntryPoint","urlTemplate":"https:\/\/inclusivenews.com.br\/?s={search_term_string}"},"query-input":{"@type":"PropertyValueSpecification","valueRequired":true,"valueName":"search_term_string"}}],"inLanguage":"pt-PT"},{"@type":"Organization","@id":"https:\/\/inclusivenews.com.br\/#organization","name":"Inclusive - inclus\u00e3o e cidadania","url":"https:\/\/inclusivenews.com.br\/","logo":{"@type":"ImageObject","inLanguage":"pt-PT","@id":"https:\/\/inclusivenews.com.br\/#\/schema\/logo\/image\/","url":"https:\/\/inclusivenews.com.br\/wp-content\/uploads\/2024\/03\/@grandesite.png","contentUrl":"https:\/\/inclusivenews.com.br\/wp-content\/uploads\/2024\/03\/@grandesite.png","width":1080,"height":1080,"caption":"Inclusive - inclus\u00e3o e cidadania"},"image":{"@id":"https:\/\/inclusivenews.com.br\/#\/schema\/logo\/image\/"},"sameAs":["https:\/\/www.facebook.com\/agenciainclusive\/","https:\/\/www.instagram.com\/newsinclusive\/"]},{"@type":"Person","@id":"https:\/\/inclusivenews.com.br\/#\/schema\/person\/0dab492019871b94abb65fa8ee7c8c44","name":"Inclusive","image":{"@type":"ImageObject","inLanguage":"pt-PT","@id":"https:\/\/secure.gravatar.com\/avatar\/?s=96&d=mm&r=g","url":"https:\/\/secure.gravatar.com\/avatar\/?s=96&d=mm&r=g","contentUrl":"https:\/\/secure.gravatar.com\/avatar\/?s=96&d=mm&r=g","caption":"Inclusive"},"url":"https:\/\/inclusivenews.com.br\/?author=2"}]}},"_links":{"self":[{"href":"https:\/\/inclusivenews.com.br\/index.php?rest_route=\/wp\/v2\/posts\/11986","targetHints":{"allow":["GET"]}}],"collection":[{"href":"https:\/\/inclusivenews.com.br\/index.php?rest_route=\/wp\/v2\/posts"}],"about":[{"href":"https:\/\/inclusivenews.com.br\/index.php?rest_route=\/wp\/v2\/types\/post"}],"author":[{"embeddable":true,"href":"https:\/\/inclusivenews.com.br\/index.php?rest_route=\/wp\/v2\/users\/2"}],"replies":[{"embeddable":true,"href":"https:\/\/inclusivenews.com.br\/index.php?rest_route=%2Fwp%2Fv2%2Fcomments&post=11986"}],"version-history":[{"count":0,"href":"https:\/\/inclusivenews.com.br\/index.php?rest_route=\/wp\/v2\/posts\/11986\/revisions"}],"wp:attachment":[{"href":"https:\/\/inclusivenews.com.br\/index.php?rest_route=%2Fwp%2Fv2%2Fmedia&parent=11986"}],"wp:term":[{"taxonomy":"category","embeddable":true,"href":"https:\/\/inclusivenews.com.br\/index.php?rest_route=%2Fwp%2Fv2%2Fcategories&post=11986"},{"taxonomy":"post_tag","embeddable":true,"href":"https:\/\/inclusivenews.com.br\/index.php?rest_route=%2Fwp%2Fv2%2Ftags&post=11986"}],"curies":[{"name":"wp","href":"https:\/\/api.w.org\/{rel}","templated":true}]}}