{"id":11988,"date":"2009-10-08T07:01:18","date_gmt":"2009-10-08T10:01:18","guid":{"rendered":"http:\/\/agenciainclusive.wordpress.com\/?p=11502"},"modified":"2009-10-08T07:01:18","modified_gmt":"2009-10-08T10:01:18","slug":"seminario-diversidade-nas-escolas","status":"publish","type":"post","link":"https:\/\/inclusivenews.com.br\/?p=11988","title":{"rendered":"Semin\u00e1rio Diversidade nas Escolas"},"content":{"rendered":"<p style=\"border:medium none;text-align:center;margin:0;padding:0;\" align=\"center\"><strong><span style=\"font-size:18pt;font-family:'Trebuchet MS';\">SEMIN\u00c1RIO <\/span><\/strong><\/p>\n<p style=\"border:medium none;text-align:center;margin:0;padding:0;\" align=\"center\"><strong><span style=\"font-size:11pt;font-family:'Trebuchet MS';\"> <\/span><\/strong><\/p>\n<p style=\"border:medium none;text-align:center;margin:0;padding:0;\" align=\"center\"><span style=\"font-size:11pt;font-family:'Trebuchet MS';\">\u201c<\/span><strong><span style=\"font-family:'Trebuchet MS';\">DIVERSIDADE NAS  ESCOLAS: PRECONCEITO E INCLUS\u00c3O\u201d<\/span><\/strong><\/p>\n<p style=\"border:medium none;text-align:center;margin:0;padding:0;\" align=\"center\"><span style=\"font-size:11pt;font-family:'Trebuchet MS';\"> <\/span><\/p>\n<p style=\"border:medium none;text-align:center;margin:0;padding:0;\" align=\"center\"><strong><span style=\"font-size:16pt;font-family:'Trebuchet MS';\">1\u00ba  PAINEL<\/span><\/strong><\/p>\n<p style=\"border:medium none;text-align:center;margin:0;padding:0;\" align=\"center\"><strong><span style=\"font-size:11pt;font-family:'Trebuchet MS';\"> <\/span><\/strong><\/p>\n<p style=\"border:medium none;text-align:center;margin:0;padding:0;\" align=\"center\"><strong><span style=\"font-family:'Trebuchet MS';\">\u201cORIENTA\u00c7\u00c3O  SEXUAL,\u00a0IDENTIDADE DE G\u00caNERO \u00a0E RELA\u00c7\u00d5ES DE G\u00caNERO\u201d <\/span><\/strong><\/p>\n<p style=\"border:medium none;text-align:center;margin:0;padding:0;\" align=\"center\"><span style=\"font-size:11pt;font-family:'Trebuchet MS';\"> <\/span><\/p>\n<p style=\"border:medium none;text-align:center;margin:0;padding:0;\" align=\"center\"><span style=\"font-size:11pt;font-family:'Trebuchet MS';\"> <\/span><\/p>\n<p style=\"border:medium none;text-align:center;margin:0;padding:0;\" align=\"center\"><span style=\"font-size:11pt;font-family:'Trebuchet MS';\"> <\/span><\/p>\n<p style=\"border:medium none;margin:0;padding:0;\"><strong><span style=\"font-size:11pt;font-family:'Trebuchet MS';\">Data:<\/span><\/strong><span style=\"font-size:11pt;font-family:'Trebuchet MS';\"> 21 de outubro de 2009<\/span><\/p>\n<p style=\"border:medium none;margin:0;padding:0;\"><strong><span style=\"font-size:11pt;font-family:'Trebuchet MS';\">Hor\u00e1rio:<\/span><\/strong><span style=\"font-size:11pt;font-family:'Trebuchet MS';\"> 10 horas<\/span><\/p>\n<p style=\"border:medium none;margin:0;padding:0;\"><strong><span style=\"font-size:11pt;font-family:'Trebuchet MS';\">Local:<\/span><\/strong><span style=\"font-size:11pt;font-family:'Trebuchet MS';\"> Senado Federal <\/span><\/p>\n<p style=\"border:medium none;margin:0;padding:0;\">\n<p style=\"border:medium none;margin:0;padding:0;\"><span style=\"font-size:11pt;font-family:'Trebuchet MS';\"> Comiss\u00e3o de Educa\u00e7\u00e3o, Cultura e Esporte <\/span><\/p>\n<p style=\"border:medium none;margin:0;padding:0;\"><span style=\"font-size:11pt;font-family:'Trebuchet MS';\"> Anexo II, Ala Alexandre Costa, Sala 15 \u2013 Plen\u00e1rio <\/span><\/p>\n<p style=\"border:medium none;margin:0;padding:0;\"><span style=\"font-size:11pt;font-family:'Trebuchet MS';\"> Bras\u00edlia-DF<\/span><\/p>\n<p style=\"border:medium none;margin:0;padding:0;\"><span style=\"font-size:11pt;font-family:'Trebuchet MS';\"> <\/span><\/p>\n<p style=\"border:medium none;margin:0;padding:0;\"><span style=\"font-size:11pt;font-family:'Trebuchet MS';\"> <\/span><\/p>\n<p style=\"border:medium none;margin:0;padding:0;\">\n<p style=\"border:medium none;margin:0;padding:0;\"><span style=\"font-size:11pt;font-family:'Trebuchet MS';\">Palestrante  1: <strong>Fernando Haddad,<\/strong> Ministro de  Estado da Educa\u00e7\u00e3o <\/span><span style=\"font-size:10pt;color:blue;font-family:'Trebuchet MS';\">\u2013  10\u2019<\/span><\/p>\n<p style=\"border:medium none;text-align:justify;margin:0;padding:0;\"><span style=\"font-size:11pt;font-family:'Trebuchet MS';\"> <\/span><\/p>\n<p style=\"border:medium none;margin:0;padding:0;\"><span style=\"font-size:11pt;font-family:'Trebuchet MS';\"> <\/span><\/p>\n<p style=\"border:medium none;margin:0;padding:0;\"><span style=\"font-size:11pt;font-family:'Trebuchet MS';\">Palestrante  2: <strong>Nilc\u00e9a Freire<\/strong>, Ministra da  Secretaria Especial de Pol\u00edticas para as Mulheres <\/span><\/p>\n<p style=\"border:medium none;margin:0;padding:0;\"><span style=\"font-size:11pt;font-family:'Trebuchet MS';\"> da Presid\u00eancia da Rep\u00fablica \u2013 SPM <\/span><span style=\"font-size:10pt;color:blue;font-family:'Trebuchet MS';\">\u2013  10\u2019<\/span><\/p>\n<p style=\"border:medium none;margin:0;padding:0;\"><span style=\"font-size:11pt;font-family:'Trebuchet MS';\"> <\/span><\/p>\n<p style=\"border:medium none;margin:0;padding:0;\"><span style=\"font-size:11pt;font-family:'Trebuchet MS';\"> <\/span><\/p>\n<p style=\"border:medium none;margin:0;padding:0;\"><span style=\"font-size:11pt;font-family:'Trebuchet MS';\">Palestrante  3: <strong>Toni Reis<\/strong>, Presidente da  Associa\u00e7\u00e3o Brasileira de Gays, L\u00e9sbicas, Bissexuais, <\/span><\/p>\n<p style=\"border:medium none;margin:0;padding:0;\"><span style=\"font-size:11pt;font-family:'Trebuchet MS';\"> Travestis e Transexuais \u2013 ABGLT <\/span><span style=\"font-size:10pt;color:blue;font-family:'Trebuchet MS';\">\u2013  10\u2019<\/span><\/p>\n<p style=\"border:medium none;margin:0;padding:0;\"><span style=\"font-size:11pt;font-family:'Trebuchet MS';\"> <\/span><\/p>\n<p style=\"border:medium none;margin:0;padding:0;\"><span style=\"font-size:11pt;font-family:'Trebuchet MS';\"> <\/span><\/p>\n<p style=\"border:medium none;margin:0;padding:0;\"><span style=\"font-size:11pt;font-family:'Trebuchet MS';\">Palestrante  4: <strong>Carlos Laudari,<\/strong> Diretor da  Pathfinder do Brasil <\/span><span style=\"font-size:10pt;color:blue;font-family:'Trebuchet MS';\">\u2013  10\u2019<\/span><\/p>\n<p style=\"border:medium none;margin:0;padding:0;\"><span style=\"font-size:11pt;font-family:'Trebuchet MS';\"> <\/span><\/p>\n<p style=\"border:medium none;margin:0;padding:0;\"><span style=\"font-size:11pt;font-family:'Trebuchet MS';\"> <\/span><\/p>\n<p style=\"border:medium none;margin:0;padding:0;\"><span style=\"font-size:11pt;font-family:'Trebuchet MS';\">Palestrante  5:<strong> Miriam Abramovay, <\/strong><\/span><span style=\"font-size:11pt;font-family:'Trebuchet MS';\">Soci\u00f3loga, Pesquisadora da  Organiza\u00e7\u00e3o <\/span><span style=\"font-size:11pt;font-family:'Trebuchet MS';\">dos  Estados <\/span><\/p>\n<p style=\"border:medium none;margin:0;padding:0;\"><span style=\"font-size:11pt;font-family:'Trebuchet MS';\"> Ibero-Americanos e Secret\u00e1ria Executiva do Observat\u00f3rio Ibero-Americano <\/span><\/p>\n<p style=\"border:medium none;margin:0;padding:0;\"><span style=\"font-size:11pt;font-family:'Trebuchet MS';\"> de Viol\u00eancias nas Escolas <\/span><span style=\"font-size:10pt;color:blue;font-family:'Trebuchet MS';\">\u2013  10\u2019<\/span><\/p>\n<p style=\"border:medium none;margin:0;padding:0;\"><span style=\"font-size:11pt;font-family:'Trebuchet MS';\"> <\/span><\/p>\n<p style=\"border:medium none;margin:0;padding:0;\"><span style=\"font-size:11pt;font-family:'Trebuchet MS';\"> <\/span><\/p>\n<p style=\"border:medium none;margin:0;padding:0;\"><span style=\"font-size:11pt;font-family:'Trebuchet MS';\">Palestrante  6: <strong>Pedro Chequer, <\/strong>M\u00e9dico e<strong> <\/strong>Coordenador do UNAIDS no Brasil <\/span><span style=\"font-size:11pt;font-family:'Trebuchet MS';\">(Programa <\/span><\/p>\n<p style=\"border:medium none;margin:0;padding:0;\"><span style=\"font-size:11pt;font-family:'Trebuchet MS';\"> Conjunto das Na\u00e7\u00f5es <\/span><span style=\"font-size:11pt;font-family:'Trebuchet MS';\">Unidas  para o HIV\/Aids) <\/span><span style=\"font-size:10pt;color:blue;font-family:'Trebuchet MS';\">\u2013  10\u2019<\/span><strong> <\/strong><\/p>\n<p style=\"border:medium none;margin:0;padding:0;\"><span style=\"font-size:11pt;font-family:'Trebuchet MS';\"> <\/span><\/p>\n<p style=\"border:medium none;margin:0;padding:0;\"><span style=\"font-size:11pt;font-family:'Trebuchet MS';\"> <\/span><\/p>\n<p style=\"border:medium none;margin:0;padding:0;\"><span style=\"font-size:11pt;font-family:'Trebuchet MS';\">Moderador:  <strong>Senador Fl\u00e1vio Arns<\/strong>, Presidente da  Comiss\u00e3o de Educa\u00e7\u00e3o, Cultura e Esporte <\/span><\/p>\n<p style=\"border:medium none;margin:0;padding:0;\"><span style=\"font-size:11pt;font-family:'Trebuchet MS';\"> do Senado Federal<\/span><\/p>\n<p style=\"border:medium none;margin:0;padding:0;\"><strong><span style=\"font-size:11pt;font-family:Arial;\"> <\/span><\/strong><\/p>\n","protected":false},"excerpt":{"rendered":"<p>SEMIN\u00c1RIO \u201cDIVERSIDADE NAS ESCOLAS: PRECONCEITO E INCLUS\u00c3O\u201d 1\u00ba PAINEL \u201cORIENTA\u00c7\u00c3O SEXUAL,\u00a0IDENTIDADE DE G\u00caNERO \u00a0E RELA\u00c7\u00d5ES DE G\u00caNERO\u201d Data: 21 de outubro de 2009 Hor\u00e1rio: 10 horas Local: Senado Federal Comiss\u00e3o de Educa\u00e7\u00e3o, Cultura e Esporte Anexo II, Ala Alexandre Costa, Sala 15 \u2013 Plen\u00e1rio Bras\u00edlia-DF Palestrante 1: Fernando Haddad, Ministro de Estado da Educa\u00e7\u00e3o \u2013 [&hellip;]<\/p>\n","protected":false},"author":2,"featured_media":0,"comment_status":"open","ping_status":"open","sticky":false,"template":"","format":"standard","meta":{"site-container-style":"default","site-container-layout":"default","site-sidebar-layout":"default","disable-article-header":"default","disable-site-header":"default","disable-site-footer":"default","disable-content-area-spacing":"default","footnotes":""},"categories":[12,6,4],"tags":[],"class_list":["post-11988","post","type-post","status-publish","format-standard","hentry","category-cursos-e-eventos","category-educacao","category-noticias"],"yoast_head":"<!-- This site is optimized with the Yoast SEO plugin v27.5 - https:\/\/yoast.com\/product\/yoast-seo-wordpress\/ -->\n<title>Semin\u00e1rio Diversidade nas Escolas -<\/title>\n<meta name=\"robots\" content=\"index, follow, max-snippet:-1, max-image-preview:large, max-video-preview:-1\" \/>\n<link rel=\"canonical\" href=\"https:\/\/inclusivenews.com.br\/?p=11988\" \/>\n<meta property=\"og:locale\" content=\"pt_PT\" \/>\n<meta property=\"og:type\" content=\"article\" \/>\n<meta property=\"og:title\" content=\"Semin\u00e1rio Diversidade nas Escolas -\" \/>\n<meta property=\"og:description\" content=\"SEMIN\u00c1RIO \u201cDIVERSIDADE NAS ESCOLAS: PRECONCEITO E INCLUS\u00c3O\u201d 1\u00ba PAINEL \u201cORIENTA\u00c7\u00c3O SEXUAL,\u00a0IDENTIDADE DE G\u00caNERO \u00a0E RELA\u00c7\u00d5ES DE G\u00caNERO\u201d Data: 21 de outubro de 2009 Hor\u00e1rio: 10 horas Local: Senado Federal Comiss\u00e3o de Educa\u00e7\u00e3o, Cultura e Esporte Anexo II, Ala Alexandre Costa, Sala 15 \u2013 Plen\u00e1rio Bras\u00edlia-DF Palestrante 1: Fernando Haddad, Ministro de Estado da Educa\u00e7\u00e3o \u2013 [&hellip;]\" \/>\n<meta property=\"og:url\" content=\"https:\/\/inclusivenews.com.br\/?p=11988\" \/>\n<meta property=\"article:publisher\" content=\"https:\/\/www.facebook.com\/agenciainclusive\/\" \/>\n<meta property=\"article:published_time\" content=\"2009-10-08T10:01:18+00:00\" \/>\n<meta name=\"author\" content=\"Inclusive\" \/>\n<meta name=\"twitter:card\" content=\"summary_large_image\" \/>\n<meta name=\"twitter:label1\" content=\"Escrito por\" \/>\n\t<meta name=\"twitter:data1\" content=\"Inclusive\" \/>\n\t<meta name=\"twitter:label2\" content=\"Tempo estimado de leitura\" \/>\n\t<meta name=\"twitter:data2\" content=\"1 minuto\" \/>\n<script type=\"application\/ld+json\" class=\"yoast-schema-graph\">{\"@context\":\"https:\\\/\\\/schema.org\",\"@graph\":[{\"@type\":\"Article\",\"@id\":\"https:\\\/\\\/inclusivenews.com.br\\\/?p=11988#article\",\"isPartOf\":{\"@id\":\"https:\\\/\\\/inclusivenews.com.br\\\/?p=11988\"},\"author\":{\"name\":\"Inclusive\",\"@id\":\"https:\\\/\\\/inclusivenews.com.br\\\/#\\\/schema\\\/person\\\/0dab492019871b94abb65fa8ee7c8c44\"},\"headline\":\"Semin\u00e1rio Diversidade nas Escolas\",\"datePublished\":\"2009-10-08T10:01:18+00:00\",\"mainEntityOfPage\":{\"@id\":\"https:\\\/\\\/inclusivenews.com.br\\\/?p=11988\"},\"wordCount\":175,\"commentCount\":0,\"publisher\":{\"@id\":\"https:\\\/\\\/inclusivenews.com.br\\\/#organization\"},\"articleSection\":[\"Cursos e eventos\",\"EDUCA\u00c7\u00c3O\",\"NOT\u00cdCIAS\"],\"inLanguage\":\"pt-PT\",\"potentialAction\":[{\"@type\":\"CommentAction\",\"name\":\"Comment\",\"target\":[\"https:\\\/\\\/inclusivenews.com.br\\\/?p=11988#respond\"]}]},{\"@type\":\"WebPage\",\"@id\":\"https:\\\/\\\/inclusivenews.com.br\\\/?p=11988\",\"url\":\"https:\\\/\\\/inclusivenews.com.br\\\/?p=11988\",\"name\":\"Semin\u00e1rio Diversidade nas Escolas -\",\"isPartOf\":{\"@id\":\"https:\\\/\\\/inclusivenews.com.br\\\/#website\"},\"datePublished\":\"2009-10-08T10:01:18+00:00\",\"breadcrumb\":{\"@id\":\"https:\\\/\\\/inclusivenews.com.br\\\/?p=11988#breadcrumb\"},\"inLanguage\":\"pt-PT\",\"potentialAction\":[{\"@type\":\"ReadAction\",\"target\":[\"https:\\\/\\\/inclusivenews.com.br\\\/?p=11988\"]}]},{\"@type\":\"BreadcrumbList\",\"@id\":\"https:\\\/\\\/inclusivenews.com.br\\\/?p=11988#breadcrumb\",\"itemListElement\":[{\"@type\":\"ListItem\",\"position\":1,\"name\":\"In\u00edcio\",\"item\":\"https:\\\/\\\/inclusivenews.com.br\\\/\"},{\"@type\":\"ListItem\",\"position\":2,\"name\":\"Semin\u00e1rio Diversidade nas Escolas\"}]},{\"@type\":\"WebSite\",\"@id\":\"https:\\\/\\\/inclusivenews.com.br\\\/#website\",\"url\":\"https:\\\/\\\/inclusivenews.com.br\\\/\",\"name\":\"Inclusive News\",\"description\":\"Inclusive News\",\"publisher\":{\"@id\":\"https:\\\/\\\/inclusivenews.com.br\\\/#organization\"},\"potentialAction\":[{\"@type\":\"SearchAction\",\"target\":{\"@type\":\"EntryPoint\",\"urlTemplate\":\"https:\\\/\\\/inclusivenews.com.br\\\/?s={search_term_string}\"},\"query-input\":{\"@type\":\"PropertyValueSpecification\",\"valueRequired\":true,\"valueName\":\"search_term_string\"}}],\"inLanguage\":\"pt-PT\"},{\"@type\":\"Organization\",\"@id\":\"https:\\\/\\\/inclusivenews.com.br\\\/#organization\",\"name\":\"Inclusive - inclus\u00e3o e cidadania\",\"url\":\"https:\\\/\\\/inclusivenews.com.br\\\/\",\"logo\":{\"@type\":\"ImageObject\",\"inLanguage\":\"pt-PT\",\"@id\":\"https:\\\/\\\/inclusivenews.com.br\\\/#\\\/schema\\\/logo\\\/image\\\/\",\"url\":\"https:\\\/\\\/inclusivenews.com.br\\\/wp-content\\\/uploads\\\/2024\\\/03\\\/@grandesite.png\",\"contentUrl\":\"https:\\\/\\\/inclusivenews.com.br\\\/wp-content\\\/uploads\\\/2024\\\/03\\\/@grandesite.png\",\"width\":1080,\"height\":1080,\"caption\":\"Inclusive - inclus\u00e3o e cidadania\"},\"image\":{\"@id\":\"https:\\\/\\\/inclusivenews.com.br\\\/#\\\/schema\\\/logo\\\/image\\\/\"},\"sameAs\":[\"https:\\\/\\\/www.facebook.com\\\/agenciainclusive\\\/\",\"https:\\\/\\\/www.instagram.com\\\/newsinclusive\\\/\"]},{\"@type\":\"Person\",\"@id\":\"https:\\\/\\\/inclusivenews.com.br\\\/#\\\/schema\\\/person\\\/0dab492019871b94abb65fa8ee7c8c44\",\"name\":\"Inclusive\",\"image\":{\"@type\":\"ImageObject\",\"inLanguage\":\"pt-PT\",\"@id\":\"https:\\\/\\\/secure.gravatar.com\\\/avatar\\\/?s=96&d=mm&r=g\",\"url\":\"https:\\\/\\\/secure.gravatar.com\\\/avatar\\\/?s=96&d=mm&r=g\",\"contentUrl\":\"https:\\\/\\\/secure.gravatar.com\\\/avatar\\\/?s=96&d=mm&r=g\",\"caption\":\"Inclusive\"},\"url\":\"https:\\\/\\\/inclusivenews.com.br\\\/?author=2\"}]}<\/script>\n<!-- \/ Yoast SEO plugin. -->","yoast_head_json":{"title":"Semin\u00e1rio Diversidade nas Escolas -","robots":{"index":"index","follow":"follow","max-snippet":"max-snippet:-1","max-image-preview":"max-image-preview:large","max-video-preview":"max-video-preview:-1"},"canonical":"https:\/\/inclusivenews.com.br\/?p=11988","og_locale":"pt_PT","og_type":"article","og_title":"Semin\u00e1rio Diversidade nas Escolas -","og_description":"SEMIN\u00c1RIO \u201cDIVERSIDADE NAS ESCOLAS: PRECONCEITO E INCLUS\u00c3O\u201d 1\u00ba PAINEL \u201cORIENTA\u00c7\u00c3O SEXUAL,\u00a0IDENTIDADE DE G\u00caNERO \u00a0E RELA\u00c7\u00d5ES DE G\u00caNERO\u201d Data: 21 de outubro de 2009 Hor\u00e1rio: 10 horas Local: Senado Federal Comiss\u00e3o de Educa\u00e7\u00e3o, Cultura e Esporte Anexo II, Ala Alexandre Costa, Sala 15 \u2013 Plen\u00e1rio Bras\u00edlia-DF Palestrante 1: Fernando Haddad, Ministro de Estado da Educa\u00e7\u00e3o \u2013 [&hellip;]","og_url":"https:\/\/inclusivenews.com.br\/?p=11988","article_publisher":"https:\/\/www.facebook.com\/agenciainclusive\/","article_published_time":"2009-10-08T10:01:18+00:00","author":"Inclusive","twitter_card":"summary_large_image","twitter_misc":{"Escrito por":"Inclusive","Tempo estimado de leitura":"1 minuto"},"schema":{"@context":"https:\/\/schema.org","@graph":[{"@type":"Article","@id":"https:\/\/inclusivenews.com.br\/?p=11988#article","isPartOf":{"@id":"https:\/\/inclusivenews.com.br\/?p=11988"},"author":{"name":"Inclusive","@id":"https:\/\/inclusivenews.com.br\/#\/schema\/person\/0dab492019871b94abb65fa8ee7c8c44"},"headline":"Semin\u00e1rio Diversidade nas Escolas","datePublished":"2009-10-08T10:01:18+00:00","mainEntityOfPage":{"@id":"https:\/\/inclusivenews.com.br\/?p=11988"},"wordCount":175,"commentCount":0,"publisher":{"@id":"https:\/\/inclusivenews.com.br\/#organization"},"articleSection":["Cursos e eventos","EDUCA\u00c7\u00c3O","NOT\u00cdCIAS"],"inLanguage":"pt-PT","potentialAction":[{"@type":"CommentAction","name":"Comment","target":["https:\/\/inclusivenews.com.br\/?p=11988#respond"]}]},{"@type":"WebPage","@id":"https:\/\/inclusivenews.com.br\/?p=11988","url":"https:\/\/inclusivenews.com.br\/?p=11988","name":"Semin\u00e1rio Diversidade nas Escolas -","isPartOf":{"@id":"https:\/\/inclusivenews.com.br\/#website"},"datePublished":"2009-10-08T10:01:18+00:00","breadcrumb":{"@id":"https:\/\/inclusivenews.com.br\/?p=11988#breadcrumb"},"inLanguage":"pt-PT","potentialAction":[{"@type":"ReadAction","target":["https:\/\/inclusivenews.com.br\/?p=11988"]}]},{"@type":"BreadcrumbList","@id":"https:\/\/inclusivenews.com.br\/?p=11988#breadcrumb","itemListElement":[{"@type":"ListItem","position":1,"name":"In\u00edcio","item":"https:\/\/inclusivenews.com.br\/"},{"@type":"ListItem","position":2,"name":"Semin\u00e1rio Diversidade nas Escolas"}]},{"@type":"WebSite","@id":"https:\/\/inclusivenews.com.br\/#website","url":"https:\/\/inclusivenews.com.br\/","name":"Inclusive News","description":"Inclusive News","publisher":{"@id":"https:\/\/inclusivenews.com.br\/#organization"},"potentialAction":[{"@type":"SearchAction","target":{"@type":"EntryPoint","urlTemplate":"https:\/\/inclusivenews.com.br\/?s={search_term_string}"},"query-input":{"@type":"PropertyValueSpecification","valueRequired":true,"valueName":"search_term_string"}}],"inLanguage":"pt-PT"},{"@type":"Organization","@id":"https:\/\/inclusivenews.com.br\/#organization","name":"Inclusive - inclus\u00e3o e cidadania","url":"https:\/\/inclusivenews.com.br\/","logo":{"@type":"ImageObject","inLanguage":"pt-PT","@id":"https:\/\/inclusivenews.com.br\/#\/schema\/logo\/image\/","url":"https:\/\/inclusivenews.com.br\/wp-content\/uploads\/2024\/03\/@grandesite.png","contentUrl":"https:\/\/inclusivenews.com.br\/wp-content\/uploads\/2024\/03\/@grandesite.png","width":1080,"height":1080,"caption":"Inclusive - inclus\u00e3o e cidadania"},"image":{"@id":"https:\/\/inclusivenews.com.br\/#\/schema\/logo\/image\/"},"sameAs":["https:\/\/www.facebook.com\/agenciainclusive\/","https:\/\/www.instagram.com\/newsinclusive\/"]},{"@type":"Person","@id":"https:\/\/inclusivenews.com.br\/#\/schema\/person\/0dab492019871b94abb65fa8ee7c8c44","name":"Inclusive","image":{"@type":"ImageObject","inLanguage":"pt-PT","@id":"https:\/\/secure.gravatar.com\/avatar\/?s=96&d=mm&r=g","url":"https:\/\/secure.gravatar.com\/avatar\/?s=96&d=mm&r=g","contentUrl":"https:\/\/secure.gravatar.com\/avatar\/?s=96&d=mm&r=g","caption":"Inclusive"},"url":"https:\/\/inclusivenews.com.br\/?author=2"}]}},"_links":{"self":[{"href":"https:\/\/inclusivenews.com.br\/index.php?rest_route=\/wp\/v2\/posts\/11988","targetHints":{"allow":["GET"]}}],"collection":[{"href":"https:\/\/inclusivenews.com.br\/index.php?rest_route=\/wp\/v2\/posts"}],"about":[{"href":"https:\/\/inclusivenews.com.br\/index.php?rest_route=\/wp\/v2\/types\/post"}],"author":[{"embeddable":true,"href":"https:\/\/inclusivenews.com.br\/index.php?rest_route=\/wp\/v2\/users\/2"}],"replies":[{"embeddable":true,"href":"https:\/\/inclusivenews.com.br\/index.php?rest_route=%2Fwp%2Fv2%2Fcomments&post=11988"}],"version-history":[{"count":0,"href":"https:\/\/inclusivenews.com.br\/index.php?rest_route=\/wp\/v2\/posts\/11988\/revisions"}],"wp:attachment":[{"href":"https:\/\/inclusivenews.com.br\/index.php?rest_route=%2Fwp%2Fv2%2Fmedia&parent=11988"}],"wp:term":[{"taxonomy":"category","embeddable":true,"href":"https:\/\/inclusivenews.com.br\/index.php?rest_route=%2Fwp%2Fv2%2Fcategories&post=11988"},{"taxonomy":"post_tag","embeddable":true,"href":"https:\/\/inclusivenews.com.br\/index.php?rest_route=%2Fwp%2Fv2%2Ftags&post=11988"}],"curies":[{"name":"wp","href":"https:\/\/api.w.org\/{rel}","templated":true}]}}