{"id":12061,"date":"2009-10-19T07:50:41","date_gmt":"2009-10-19T10:50:41","guid":{"rendered":"http:\/\/www.inclusive.org.br\/?p=12061"},"modified":"2009-10-19T07:50:41","modified_gmt":"2009-10-19T10:50:41","slug":"criancas-aprovam-criacao-do-site-turminha-do-mpf","status":"publish","type":"post","link":"https:\/\/inclusivenews.com.br\/?p=12061","title":{"rendered":"Crian\u00e7as aprovam cria\u00e7\u00e3o do site Turminha do MPF"},"content":{"rendered":"<figure id=\"attachment_12069\" aria-describedby=\"caption-attachment-12069\" style=\"width: 319px\" class=\"wp-caption aligncenter\"><a rel=\"attachment wp-att-12069\" href=\"http:\/\/www.inclusive.org.br\/?attachment_id=12069\"><img loading=\"lazy\" decoding=\"async\" class=\"size-full wp-image-12069\" title=\"Captura de tela do webste Turminha do MPF, onde aparecem menu, ilustra\u00e7\u00f5es e textos.\" src=\"http:\/\/inclusivenews.com.br\/wp-content\/uploads\/2009\/10\/turminha.jpg\" alt=\"Captura de tela do webste Turminha do MPF, onde aparecem menu, ilustra\u00e7\u00f5es e textos.\" width=\"319\" height=\"272\" srcset=\"https:\/\/inclusivenews.com.br\/wp-content\/uploads\/2009\/10\/turminha.jpg 319w, https:\/\/inclusivenews.com.br\/wp-content\/uploads\/2009\/10\/turminha-300x256.jpg 300w\" sizes=\"auto, (max-width: 319px) 100vw, 319px\" \/><\/a><figcaption id=\"caption-attachment-12069\" class=\"wp-caption-text\">Captura de tela do webste Turminha do MPF, onde aparecem menu, ilustra\u00e7\u00f5es e textos.<\/figcaption><\/figure>\n<p style=\"text-align: center;\"><em>Durante solenidade de lan\u00e7amento realizada na Procuradoria Geral da Rep\u00fablica, em Bras\u00edlia, elas disseram que v\u00e3o acessar o site para saber mais sobre seus direitos<\/em><\/p>\n<p style=\"text-align: justify\"><em> <\/em>O Minist\u00e9rio P\u00fablico Federal conta agora com uma ferramenta de comunica\u00e7\u00e3o inteiramente voltada para o p\u00fablico infanto-juvenil. O site \u201cTurminha do MPF\u201d j\u00e1 est\u00e1 no ar e promete contribuir para a forma\u00e7\u00e3o da cidadania de crian\u00e7as e adolescentes, com dez personagens ajudando a falar sobre temas como cidadania, direitos humanos e diversidade. O lan\u00e7amento foi realizado no Memorial do MPF, na Procuradoria Geral da Rep\u00fablica, e contou com a participa\u00e7\u00e3o de 45 alunos da Escola Classe 08 de Brazl\u00e2ndia, cidade que fica pr\u00f3xima a Bras\u00edlia.<\/p>\n<p>Falando diretamente \u00e0s crian\u00e7as presentes, que representaram o p\u00fablico para o qual o site \u00e9 voltado, o procurador-geral da Rep\u00fablica, Roberto Gurgel, explicou que a Turminha do MPF \u00e9 uma iniciativa com o objetivo de aproximar o Minist\u00e9rio P\u00fablico Federal das crian\u00e7as, para que conhe\u00e7am melhor o que faz o procurador da Rep\u00fablica. \u201cE, acima disso, para entenderem o que voc\u00eas podem fazer pra melhorar o nosso pa\u00eds, o que voc\u00eas desde pequenos precisam conhecer pra que no futuro sejam cidad\u00e3os conscientes dos seus direitos e dos seus deveres\u201d, sustentou.<\/p>\n<p>Roberto Gurgel esclareceu que a iniciativa foi integralmente desenvolvida pelos servidores da Secretaria de Comunica\u00e7\u00e3o Social da Procuradoria Geral da Rep\u00fablica. \u201cN\u00f3s n\u00e3o contratamos empresa para absolutamente nada, \u00e9 um trabalho desenvolvido pelo nosso pessoal, sem nenhum custo adicional\u201d, frisou.<\/p>\n<p>De acordo com a procuradora federal dos Direitos do Cidad\u00e3o, Gilda Carvalho, a partir de agora vai haver uma comunica\u00e7\u00e3o mais direta com o p\u00fablico infanto-juvenil, preparando quem sabe futuros procuradores da Rep\u00fablica, futuros servidores que vir\u00e3o tamb\u00e9m contribuir para o engrandecimento da institui\u00e7\u00e3o. \u201cEssa ideia foi das mais afinadas com o que se quer da educa\u00e7\u00e3o no Brasil, que \u00e9 justamente trazer as crian\u00e7as a conhecer a democracia, as institui\u00e7\u00f5es, a participar desde pequeninas j\u00e1 dos destinos desta na\u00e7\u00e3o\u201d, afirmou.<\/p>\n<p>Interatividade &#8211; Ao final da solenidade, as crian\u00e7as testaram a novidade em computadores destinados a elas. A estudante Camila de Queiroz, de 10 anos, aprovou a iniciativa e disse que vai acessar o site em casa e na escola. \u201cEu achei muito interessante, porque fala sobre os direitos de um jeito legal, com a turminha e as crian\u00e7as\u201d, disse. Vin\u00edcius Lima, de 11 anos, tamb\u00e9m gostou porque, segundo ele, d\u00e1 direito para as pessoas aprenderem mais da Justi\u00e7a e do Minist\u00e9rio P\u00fablico. \u201cTamb\u00e9m d\u00e1 pra acessar jogo na hora que a gente n\u00e3o tiver fazendo nada\u201d, acrescentou. J\u00e1 Lucas Campos, 12 anos, declarou que o site \u00e9 bom porque ensina a respeitar as diferen\u00e7as e aprender sobre os direitos.<\/p>\n<p>A vice-diretora da Escola Classe 08 de Brazl\u00e2ndia, Fernanda Pereira, afirmou que as crian\u00e7as escutam falar do Minist\u00e9rio P\u00fablico, mas n\u00e3o t\u00eam esse contato, n\u00e3o sabem exatamente o que \u00e9 e, por mais que o professor trabalhe isso em sala de aula, ainda \u00e9 abstrato para elas. \u201cA presen\u00e7a do aluno aqui ou mesmo tendo contato atrav\u00e9s do site, \u00e9 mais f\u00e1cil pra gente trabalhar, at\u00e9 a quest\u00e3o da cidadania mesmo, que \u00e9 uma base e tem que ser constru\u00edda desde crian\u00e7a\u201d, defendeu. Ela disse tamb\u00e9m que, por serem crian\u00e7as carentes, podem levar isso para casa at\u00e9 para ensinar aos pais, que \u00e0s vezes desconhecem seus direitos.<\/p>\n<p>Para a secret\u00e1ria de Comunica\u00e7\u00e3o do MPF, Giselly Siqueira, a ideia de criar uma \u00e1rea para conversar com esse p\u00fablico espec\u00edfico surgiu em 2007, porque havia muita demanda da sociedade, como escolas querendo informa\u00e7\u00e3o sobre o Minist\u00e9rio P\u00fablico Federal. \u201cA partir da\u00ed a gente percebeu que para conversar com crian\u00e7as, pr\u00e9-adolescentes, era preciso ter uma forma espec\u00edfica, ainda mais que a nossa \u00e1rea de atua\u00e7\u00e3o \u00e9 muito dura, com palavras dif\u00edceis de se entender. Ent\u00e3o, a gente achou que criando personagens infantis, usando desenho, a gente chegaria mais f\u00e1cil\u201d, concluiu.<\/p>\n<p>Funcionamento &#8211; No site, dez personagens ajudam a explicar e contar a atua\u00e7\u00e3o do Minist\u00e9rio MPF: Malu, Professor Ari, V\u00f3 Zita, Rafinha, Alex e B\u00f3ris (o cachorro), Sol, Munani, Rod e Maressa. Para a concep\u00e7\u00e3o do conte\u00fado, foram selecionados alguns temas priorit\u00e1rios de interesse da sociedade e pertinentes \u00e0s fun\u00e7\u00f5es do MPF: cidadania, direitos humanos, patrim\u00f4nio cultural, meio ambiente, diversidade, equidade, justi\u00e7a, \u00e9tica, moralidade, democracia, corrup\u00e7\u00e3o, viol\u00eancia e criminalidade. Esses assuntos s\u00e3o abordados por meio de ferramentas e recursos que permitem efetividade na comunica\u00e7\u00e3o, como blogs e enquetes.<\/p>\n<p>Secretaria de Comunica\u00e7\u00e3o Social<br \/>\nProcuradoria Geral da Rep\u00fablica<br \/>\n(61) 3105-6404\/6408<\/p>\n<p style=\"text-align: justify\">___________________________________<\/p>\n<p style=\"text-align: justify\"><strong>Fonte de informa\u00e7\u00e3o:<\/strong> <a href=\"http:\/\/noticias.pgr.mpf.gov.br\/noticias-do-site\/geral\/criancas-aprovam-criacao-do-site-turminha-do-mpf\/\" target=\"_blank\" rel=\"noopener\">Not\u00edcias do MPF <img loading=\"lazy\" decoding=\"async\" title=\"Link abrir\u00e1 em uma nova janela ou aba.\" src=\"http:\/\/www.inclusive.org.br\/images\/new_window.gif\" alt=\"Link abrir\u00e1 em uma nova janela ou aba.\" width=\"16\" height=\"14\" \/><\/a><\/p>\n","protected":false},"excerpt":{"rendered":"<p>Durante solenidade de lan\u00e7amento realizada na Procuradoria Geral da Rep\u00fablica, em Bras\u00edlia, elas disseram que v\u00e3o acessar o site para saber mais sobre seus direitos O Minist\u00e9rio P\u00fablico Federal conta agora com uma ferramenta de comunica\u00e7\u00e3o inteiramente voltada para o p\u00fablico infanto-juvenil. O site \u201cTurminha do MPF\u201d j\u00e1 est\u00e1 no ar e promete contribuir para [&hellip;]<\/p>\n","protected":false},"author":1,"featured_media":0,"comment_status":"open","ping_status":"open","sticky":false,"template":"","format":"standard","meta":{"site-container-style":"default","site-container-layout":"default","site-sidebar-layout":"default","disable-article-header":"default","disable-site-header":"default","disable-site-footer":"default","disable-content-area-spacing":"default","footnotes":""},"categories":[54,11,4,10],"tags":[60],"class_list":["post-12061","post","type-post","status-publish","format-standard","hentry","category-blogs-e-webs","category-direitos-humanos","category-noticias","category-publicacoes","tag-infancia"],"yoast_head":"<!-- This site is optimized with the Yoast SEO plugin v27.4 - https:\/\/yoast.com\/product\/yoast-seo-wordpress\/ -->\n<title>Crian\u00e7as aprovam cria\u00e7\u00e3o do site Turminha do MPF -<\/title>\n<meta name=\"robots\" content=\"index, follow, max-snippet:-1, max-image-preview:large, max-video-preview:-1\" \/>\n<link rel=\"canonical\" href=\"https:\/\/inclusivenews.com.br\/?p=12061\" \/>\n<meta property=\"og:locale\" content=\"pt_PT\" \/>\n<meta property=\"og:type\" content=\"article\" \/>\n<meta property=\"og:title\" content=\"Crian\u00e7as aprovam cria\u00e7\u00e3o do site Turminha do MPF -\" \/>\n<meta property=\"og:description\" content=\"Durante solenidade de lan\u00e7amento realizada na Procuradoria Geral da Rep\u00fablica, em Bras\u00edlia, elas disseram que v\u00e3o acessar o site para saber mais sobre seus direitos O Minist\u00e9rio P\u00fablico Federal conta agora com uma ferramenta de comunica\u00e7\u00e3o inteiramente voltada para o p\u00fablico infanto-juvenil. O site \u201cTurminha do MPF\u201d j\u00e1 est\u00e1 no ar e promete contribuir para [&hellip;]\" \/>\n<meta property=\"og:url\" content=\"https:\/\/inclusivenews.com.br\/?p=12061\" \/>\n<meta property=\"article:publisher\" content=\"https:\/\/www.facebook.com\/agenciainclusive\/\" \/>\n<meta property=\"article:published_time\" content=\"2009-10-19T10:50:41+00:00\" \/>\n<meta property=\"og:image\" content=\"http:\/\/inclusivenews.com.br\/wp-content\/uploads\/2009\/10\/turminha.jpg\" \/>\n<meta name=\"author\" content=\"inclusivenews2024\" \/>\n<meta name=\"twitter:card\" content=\"summary_large_image\" \/>\n<meta name=\"twitter:label1\" content=\"Escrito por\" \/>\n\t<meta name=\"twitter:data1\" content=\"inclusivenews2024\" \/>\n\t<meta name=\"twitter:label2\" content=\"Tempo estimado de leitura\" \/>\n\t<meta name=\"twitter:data2\" content=\"4 minutos\" \/>\n<script type=\"application\/ld+json\" class=\"yoast-schema-graph\">{\"@context\":\"https:\\\/\\\/schema.org\",\"@graph\":[{\"@type\":\"Article\",\"@id\":\"https:\\\/\\\/inclusivenews.com.br\\\/?p=12061#article\",\"isPartOf\":{\"@id\":\"https:\\\/\\\/inclusivenews.com.br\\\/?p=12061\"},\"author\":{\"name\":\"inclusivenews2024\",\"@id\":\"https:\\\/\\\/inclusivenews.com.br\\\/#\\\/schema\\\/person\\\/ae4ec7087559b8692fb33b6fffd2273b\"},\"headline\":\"Crian\u00e7as aprovam cria\u00e7\u00e3o do site Turminha do MPF\",\"datePublished\":\"2009-10-19T10:50:41+00:00\",\"mainEntityOfPage\":{\"@id\":\"https:\\\/\\\/inclusivenews.com.br\\\/?p=12061\"},\"wordCount\":855,\"commentCount\":0,\"publisher\":{\"@id\":\"https:\\\/\\\/inclusivenews.com.br\\\/#organization\"},\"image\":{\"@id\":\"https:\\\/\\\/inclusivenews.com.br\\\/?p=12061#primaryimage\"},\"thumbnailUrl\":\"http:\\\/\\\/inclusivenews.com.br\\\/wp-content\\\/uploads\\\/2009\\\/10\\\/turminha.jpg\",\"keywords\":[\"Inf\u00e2ncia\"],\"articleSection\":[\"Blogs e Webs\",\"DIREITOS HUMANOS\",\"NOT\u00cdCIAS\",\"PUBLICA\u00c7\u00d5ES\"],\"inLanguage\":\"pt-PT\",\"potentialAction\":[{\"@type\":\"CommentAction\",\"name\":\"Comment\",\"target\":[\"https:\\\/\\\/inclusivenews.com.br\\\/?p=12061#respond\"]}]},{\"@type\":\"WebPage\",\"@id\":\"https:\\\/\\\/inclusivenews.com.br\\\/?p=12061\",\"url\":\"https:\\\/\\\/inclusivenews.com.br\\\/?p=12061\",\"name\":\"Crian\u00e7as aprovam cria\u00e7\u00e3o do site Turminha do MPF -\",\"isPartOf\":{\"@id\":\"https:\\\/\\\/inclusivenews.com.br\\\/#website\"},\"primaryImageOfPage\":{\"@id\":\"https:\\\/\\\/inclusivenews.com.br\\\/?p=12061#primaryimage\"},\"image\":{\"@id\":\"https:\\\/\\\/inclusivenews.com.br\\\/?p=12061#primaryimage\"},\"thumbnailUrl\":\"http:\\\/\\\/inclusivenews.com.br\\\/wp-content\\\/uploads\\\/2009\\\/10\\\/turminha.jpg\",\"datePublished\":\"2009-10-19T10:50:41+00:00\",\"breadcrumb\":{\"@id\":\"https:\\\/\\\/inclusivenews.com.br\\\/?p=12061#breadcrumb\"},\"inLanguage\":\"pt-PT\",\"potentialAction\":[{\"@type\":\"ReadAction\",\"target\":[\"https:\\\/\\\/inclusivenews.com.br\\\/?p=12061\"]}]},{\"@type\":\"ImageObject\",\"inLanguage\":\"pt-PT\",\"@id\":\"https:\\\/\\\/inclusivenews.com.br\\\/?p=12061#primaryimage\",\"url\":\"https:\\\/\\\/inclusivenews.com.br\\\/wp-content\\\/uploads\\\/2009\\\/10\\\/turminha.jpg\",\"contentUrl\":\"https:\\\/\\\/inclusivenews.com.br\\\/wp-content\\\/uploads\\\/2009\\\/10\\\/turminha.jpg\",\"width\":319,\"height\":272},{\"@type\":\"BreadcrumbList\",\"@id\":\"https:\\\/\\\/inclusivenews.com.br\\\/?p=12061#breadcrumb\",\"itemListElement\":[{\"@type\":\"ListItem\",\"position\":1,\"name\":\"In\u00edcio\",\"item\":\"https:\\\/\\\/inclusivenews.com.br\\\/\"},{\"@type\":\"ListItem\",\"position\":2,\"name\":\"Crian\u00e7as aprovam cria\u00e7\u00e3o do site Turminha do MPF\"}]},{\"@type\":\"WebSite\",\"@id\":\"https:\\\/\\\/inclusivenews.com.br\\\/#website\",\"url\":\"https:\\\/\\\/inclusivenews.com.br\\\/\",\"name\":\"Inclusive News\",\"description\":\"Inclusive News\",\"publisher\":{\"@id\":\"https:\\\/\\\/inclusivenews.com.br\\\/#organization\"},\"potentialAction\":[{\"@type\":\"SearchAction\",\"target\":{\"@type\":\"EntryPoint\",\"urlTemplate\":\"https:\\\/\\\/inclusivenews.com.br\\\/?s={search_term_string}\"},\"query-input\":{\"@type\":\"PropertyValueSpecification\",\"valueRequired\":true,\"valueName\":\"search_term_string\"}}],\"inLanguage\":\"pt-PT\"},{\"@type\":\"Organization\",\"@id\":\"https:\\\/\\\/inclusivenews.com.br\\\/#organization\",\"name\":\"Inclusive - inclus\u00e3o e cidadania\",\"url\":\"https:\\\/\\\/inclusivenews.com.br\\\/\",\"logo\":{\"@type\":\"ImageObject\",\"inLanguage\":\"pt-PT\",\"@id\":\"https:\\\/\\\/inclusivenews.com.br\\\/#\\\/schema\\\/logo\\\/image\\\/\",\"url\":\"https:\\\/\\\/inclusivenews.com.br\\\/wp-content\\\/uploads\\\/2024\\\/03\\\/@grandesite.png\",\"contentUrl\":\"https:\\\/\\\/inclusivenews.com.br\\\/wp-content\\\/uploads\\\/2024\\\/03\\\/@grandesite.png\",\"width\":1080,\"height\":1080,\"caption\":\"Inclusive - inclus\u00e3o e cidadania\"},\"image\":{\"@id\":\"https:\\\/\\\/inclusivenews.com.br\\\/#\\\/schema\\\/logo\\\/image\\\/\"},\"sameAs\":[\"https:\\\/\\\/www.facebook.com\\\/agenciainclusive\\\/\",\"https:\\\/\\\/www.instagram.com\\\/newsinclusive\\\/\"]},{\"@type\":\"Person\",\"@id\":\"https:\\\/\\\/inclusivenews.com.br\\\/#\\\/schema\\\/person\\\/ae4ec7087559b8692fb33b6fffd2273b\",\"name\":\"inclusivenews2024\",\"image\":{\"@type\":\"ImageObject\",\"inLanguage\":\"pt-PT\",\"@id\":\"https:\\\/\\\/secure.gravatar.com\\\/avatar\\\/c5a7ef84c66fa914f55bc4f7ce26cfa275a3b9a1c5568b907bd184fb4dde7b40?s=96&d=mm&r=g\",\"url\":\"https:\\\/\\\/secure.gravatar.com\\\/avatar\\\/c5a7ef84c66fa914f55bc4f7ce26cfa275a3b9a1c5568b907bd184fb4dde7b40?s=96&d=mm&r=g\",\"contentUrl\":\"https:\\\/\\\/secure.gravatar.com\\\/avatar\\\/c5a7ef84c66fa914f55bc4f7ce26cfa275a3b9a1c5568b907bd184fb4dde7b40?s=96&d=mm&r=g\",\"caption\":\"inclusivenews2024\"},\"sameAs\":[\"https:\\\/\\\/inclusivenews.com.br\"],\"url\":\"https:\\\/\\\/inclusivenews.com.br\\\/?author=1\"}]}<\/script>\n<!-- \/ Yoast SEO plugin. -->","yoast_head_json":{"title":"Crian\u00e7as aprovam cria\u00e7\u00e3o do site Turminha do MPF -","robots":{"index":"index","follow":"follow","max-snippet":"max-snippet:-1","max-image-preview":"max-image-preview:large","max-video-preview":"max-video-preview:-1"},"canonical":"https:\/\/inclusivenews.com.br\/?p=12061","og_locale":"pt_PT","og_type":"article","og_title":"Crian\u00e7as aprovam cria\u00e7\u00e3o do site Turminha do MPF -","og_description":"Durante solenidade de lan\u00e7amento realizada na Procuradoria Geral da Rep\u00fablica, em Bras\u00edlia, elas disseram que v\u00e3o acessar o site para saber mais sobre seus direitos O Minist\u00e9rio P\u00fablico Federal conta agora com uma ferramenta de comunica\u00e7\u00e3o inteiramente voltada para o p\u00fablico infanto-juvenil. O site \u201cTurminha do MPF\u201d j\u00e1 est\u00e1 no ar e promete contribuir para [&hellip;]","og_url":"https:\/\/inclusivenews.com.br\/?p=12061","article_publisher":"https:\/\/www.facebook.com\/agenciainclusive\/","article_published_time":"2009-10-19T10:50:41+00:00","og_image":[{"url":"http:\/\/inclusivenews.com.br\/wp-content\/uploads\/2009\/10\/turminha.jpg","type":"","width":"","height":""}],"author":"inclusivenews2024","twitter_card":"summary_large_image","twitter_misc":{"Escrito por":"inclusivenews2024","Tempo estimado de leitura":"4 minutos"},"schema":{"@context":"https:\/\/schema.org","@graph":[{"@type":"Article","@id":"https:\/\/inclusivenews.com.br\/?p=12061#article","isPartOf":{"@id":"https:\/\/inclusivenews.com.br\/?p=12061"},"author":{"name":"inclusivenews2024","@id":"https:\/\/inclusivenews.com.br\/#\/schema\/person\/ae4ec7087559b8692fb33b6fffd2273b"},"headline":"Crian\u00e7as aprovam cria\u00e7\u00e3o do site Turminha do MPF","datePublished":"2009-10-19T10:50:41+00:00","mainEntityOfPage":{"@id":"https:\/\/inclusivenews.com.br\/?p=12061"},"wordCount":855,"commentCount":0,"publisher":{"@id":"https:\/\/inclusivenews.com.br\/#organization"},"image":{"@id":"https:\/\/inclusivenews.com.br\/?p=12061#primaryimage"},"thumbnailUrl":"http:\/\/inclusivenews.com.br\/wp-content\/uploads\/2009\/10\/turminha.jpg","keywords":["Inf\u00e2ncia"],"articleSection":["Blogs e Webs","DIREITOS HUMANOS","NOT\u00cdCIAS","PUBLICA\u00c7\u00d5ES"],"inLanguage":"pt-PT","potentialAction":[{"@type":"CommentAction","name":"Comment","target":["https:\/\/inclusivenews.com.br\/?p=12061#respond"]}]},{"@type":"WebPage","@id":"https:\/\/inclusivenews.com.br\/?p=12061","url":"https:\/\/inclusivenews.com.br\/?p=12061","name":"Crian\u00e7as aprovam cria\u00e7\u00e3o do site Turminha do MPF -","isPartOf":{"@id":"https:\/\/inclusivenews.com.br\/#website"},"primaryImageOfPage":{"@id":"https:\/\/inclusivenews.com.br\/?p=12061#primaryimage"},"image":{"@id":"https:\/\/inclusivenews.com.br\/?p=12061#primaryimage"},"thumbnailUrl":"http:\/\/inclusivenews.com.br\/wp-content\/uploads\/2009\/10\/turminha.jpg","datePublished":"2009-10-19T10:50:41+00:00","breadcrumb":{"@id":"https:\/\/inclusivenews.com.br\/?p=12061#breadcrumb"},"inLanguage":"pt-PT","potentialAction":[{"@type":"ReadAction","target":["https:\/\/inclusivenews.com.br\/?p=12061"]}]},{"@type":"ImageObject","inLanguage":"pt-PT","@id":"https:\/\/inclusivenews.com.br\/?p=12061#primaryimage","url":"https:\/\/inclusivenews.com.br\/wp-content\/uploads\/2009\/10\/turminha.jpg","contentUrl":"https:\/\/inclusivenews.com.br\/wp-content\/uploads\/2009\/10\/turminha.jpg","width":319,"height":272},{"@type":"BreadcrumbList","@id":"https:\/\/inclusivenews.com.br\/?p=12061#breadcrumb","itemListElement":[{"@type":"ListItem","position":1,"name":"In\u00edcio","item":"https:\/\/inclusivenews.com.br\/"},{"@type":"ListItem","position":2,"name":"Crian\u00e7as aprovam cria\u00e7\u00e3o do site Turminha do MPF"}]},{"@type":"WebSite","@id":"https:\/\/inclusivenews.com.br\/#website","url":"https:\/\/inclusivenews.com.br\/","name":"Inclusive News","description":"Inclusive News","publisher":{"@id":"https:\/\/inclusivenews.com.br\/#organization"},"potentialAction":[{"@type":"SearchAction","target":{"@type":"EntryPoint","urlTemplate":"https:\/\/inclusivenews.com.br\/?s={search_term_string}"},"query-input":{"@type":"PropertyValueSpecification","valueRequired":true,"valueName":"search_term_string"}}],"inLanguage":"pt-PT"},{"@type":"Organization","@id":"https:\/\/inclusivenews.com.br\/#organization","name":"Inclusive - inclus\u00e3o e cidadania","url":"https:\/\/inclusivenews.com.br\/","logo":{"@type":"ImageObject","inLanguage":"pt-PT","@id":"https:\/\/inclusivenews.com.br\/#\/schema\/logo\/image\/","url":"https:\/\/inclusivenews.com.br\/wp-content\/uploads\/2024\/03\/@grandesite.png","contentUrl":"https:\/\/inclusivenews.com.br\/wp-content\/uploads\/2024\/03\/@grandesite.png","width":1080,"height":1080,"caption":"Inclusive - inclus\u00e3o e cidadania"},"image":{"@id":"https:\/\/inclusivenews.com.br\/#\/schema\/logo\/image\/"},"sameAs":["https:\/\/www.facebook.com\/agenciainclusive\/","https:\/\/www.instagram.com\/newsinclusive\/"]},{"@type":"Person","@id":"https:\/\/inclusivenews.com.br\/#\/schema\/person\/ae4ec7087559b8692fb33b6fffd2273b","name":"inclusivenews2024","image":{"@type":"ImageObject","inLanguage":"pt-PT","@id":"https:\/\/secure.gravatar.com\/avatar\/c5a7ef84c66fa914f55bc4f7ce26cfa275a3b9a1c5568b907bd184fb4dde7b40?s=96&d=mm&r=g","url":"https:\/\/secure.gravatar.com\/avatar\/c5a7ef84c66fa914f55bc4f7ce26cfa275a3b9a1c5568b907bd184fb4dde7b40?s=96&d=mm&r=g","contentUrl":"https:\/\/secure.gravatar.com\/avatar\/c5a7ef84c66fa914f55bc4f7ce26cfa275a3b9a1c5568b907bd184fb4dde7b40?s=96&d=mm&r=g","caption":"inclusivenews2024"},"sameAs":["https:\/\/inclusivenews.com.br"],"url":"https:\/\/inclusivenews.com.br\/?author=1"}]}},"_links":{"self":[{"href":"https:\/\/inclusivenews.com.br\/index.php?rest_route=\/wp\/v2\/posts\/12061","targetHints":{"allow":["GET"]}}],"collection":[{"href":"https:\/\/inclusivenews.com.br\/index.php?rest_route=\/wp\/v2\/posts"}],"about":[{"href":"https:\/\/inclusivenews.com.br\/index.php?rest_route=\/wp\/v2\/types\/post"}],"author":[{"embeddable":true,"href":"https:\/\/inclusivenews.com.br\/index.php?rest_route=\/wp\/v2\/users\/1"}],"replies":[{"embeddable":true,"href":"https:\/\/inclusivenews.com.br\/index.php?rest_route=%2Fwp%2Fv2%2Fcomments&post=12061"}],"version-history":[{"count":0,"href":"https:\/\/inclusivenews.com.br\/index.php?rest_route=\/wp\/v2\/posts\/12061\/revisions"}],"wp:attachment":[{"href":"https:\/\/inclusivenews.com.br\/index.php?rest_route=%2Fwp%2Fv2%2Fmedia&parent=12061"}],"wp:term":[{"taxonomy":"category","embeddable":true,"href":"https:\/\/inclusivenews.com.br\/index.php?rest_route=%2Fwp%2Fv2%2Fcategories&post=12061"},{"taxonomy":"post_tag","embeddable":true,"href":"https:\/\/inclusivenews.com.br\/index.php?rest_route=%2Fwp%2Fv2%2Ftags&post=12061"}],"curies":[{"name":"wp","href":"https:\/\/api.w.org\/{rel}","templated":true}]}}