{"id":12077,"date":"2009-10-20T08:13:40","date_gmt":"2009-10-20T11:13:40","guid":{"rendered":"http:\/\/www.inclusive.org.br\/?p=12077"},"modified":"2009-10-20T08:13:40","modified_gmt":"2009-10-20T11:13:40","slug":"diversidade-cultural","status":"publish","type":"post","link":"https:\/\/inclusivenews.com.br\/?p=12077","title":{"rendered":"Diversidade Cultural"},"content":{"rendered":"<p style=\"text-align: center;\"><em>Acessibilidade para a Democratiza\u00e7\u00e3o das Pol\u00edticas Culturais no Rio de Janeiro<\/em><\/p>\n<figure style=\"width: 163px\" class=\"wp-caption alignleft\"><img loading=\"lazy\" decoding=\"async\" title=\"6\u00ba Encontro da M\u00eddia Legal: univesrit\u00e1rios(as) pelas pol\u00edticas de juventude.\" src=\"http:\/\/www.cultura.gov.br\/site\/wp-content\/uploads\/2009\/10\/filipeta_final-163x163.jpg\" alt=\"\" width=\"163\" height=\"163\" \/><figcaption class=\"wp-caption-text\">6\u00ba Encontro da M\u00eddia Legal: univesrit\u00e1rios(as) pelas pol\u00edticas de juventude.<\/figcaption><\/figure>\n<p style=\"text-align: justify;\">O secret\u00e1rio da Identidade e da Diversidade Cultural do Minist\u00e9rio da Cultura (SID\/MinC), Am\u00e9rico C\u00f3rdula, participar\u00e1 da audi\u00eancia p\u00fablica Acessibilidade para a Democratiza\u00e7\u00e3o das Pol\u00edticas Culturais, no dia 20 de outubro, na Assembl\u00e9ia Legislativa do Estado do Rio de Janeiro (Alerj), \u00e0s 14h. A audi\u00eancia foi convocada pela Comiss\u00e3o de Cultura da Alerj, em parceria com a Escola de Gente &#8211; Comunica\u00e7\u00e3o em Inclus\u00e3o e a SID\/MinC, e faz parte das atividades do 6\u00b0 Encontro da M\u00eddia Legal.<\/p>\n<p style=\"text-align: justify;\">Al\u00e9m de discutir a garantia do direito \u00e0 produ\u00e7\u00e3o e participa\u00e7\u00e3o na vida cultural por parte das pessoas com defici\u00eancia, como a acessibilidade no teatro, na literatura e no campo audiovisual, a audi\u00eancia visa tamb\u00e9m divulgar a Campanha Acessibilidade &#8211; Siga Essa Id\u00e9ia!, do Conselho Nacional dos Direitos da Pessoa com Defici\u00eancia (CONADE).<\/p>\n<p style=\"text-align: justify;\">A campanha tem por objetivo mobilizar e sensibilizar a sociedade para a elimina\u00e7\u00e3o das barreiras de informa\u00e7\u00e3o e arquitet\u00f4nicas que geram preconceito e impedem as pessoas com defici\u00eancia ou com mobilidade reduzida a participarem efetivamente da vida social. Al\u00e9m disso, objetiva criar um grupo de trabalho para mapear a acessibilidade dos equipamentos culturais do estado do Rio de Janeiro<\/p>\n<p style=\"text-align: justify;\">O Minist\u00e9rio da Cultura vem desenvolvendo diversas a\u00e7\u00f5es e programas voltados para promover a Acessibilidade e a Diversidade Cultural como, por exemplo, a 1\u00aa Oficina Nacional de Indica\u00e7\u00e3o de Pol\u00edticas P\u00fablicas Culturais para a Inclus\u00e3o de Pessoas com Defici\u00eancia, realizada em outubro de 2008, no Rio de Janeiro. Chamada de Nada sobre N\u00f3s sem N\u00f3s, a oficina teve ampla participa\u00e7\u00e3o de pessoas com defici\u00eancia e resultou em um relat\u00f3rio contendo diretrizes e a\u00e7\u00f5es para nortear as pol\u00edticas p\u00fablicas do MinC sobre a inclus\u00e3o social e cultural do segmento.<\/p>\n<p style=\"text-align: justify;\">Seguindo o Decreto Federal 5.296\/04, a audi\u00eancia p\u00fablica ser\u00e1 realizada com acessibilidade. Haver\u00e1 tradu\u00e7\u00e3o simult\u00e2nea para a L\u00edngua Brasileira de Sinais (Libras), garantindo o direito \u00e0 participa\u00e7\u00e3o de pessoas surdas. As pessoas com defici\u00eancia e\/ou mobilidade reduzida ter\u00e3o assentos reservados.<\/p>\n<p style=\"text-align: justify;\">No 6\u00b0 Encontro da M\u00eddia Legal ser\u00e3o debatidos os temas Pol\u00edticas Culturais, acessibilidade e inclus\u00e3o. O Encontro tem patroc\u00ednio da Petrobras e parceria da Escola Superior do Minist\u00e9rio P\u00fablico da Uni\u00e3o (ESMPU), Funda\u00e7\u00e3o Avina e UERJ.<\/p>\n<p style=\"text-align: justify;\">Ap\u00f3iam a iniciativa: Ashoka Empreendedores Sociais; Conjuve; Campanha Nacional pelo Direito \u00e0 Educa\u00e7\u00e3o; Centro de Apoio a M\u00e3es de Portadores de Efici\u00eancia (Campe); Cip\u00f3 &#8211; Comunica\u00e7\u00e3o Interativa; Comiss\u00e3o de Cultura da Alerj; Coordenadoria Nacional para Integra\u00e7\u00e3o da Pessoa Portadora de Defici\u00eancia da Instituto de Juventude Contempor\u00e2nea (IJC); Instituto Brasileiro de An\u00e1lises Sociais e Econ\u00f4micas (Ibase); Aracati &#8211; Ag\u00eancia de Mobiliza\u00e7\u00e3o Social; Intervozes &#8211; Coletivo Brasil de Comunica\u00e7\u00e3o Social; Rede Andi; Rompendo Barreiras; Rompendo Barreiras; Secretaria da Identidade e da Diversidade Cultural do Minist\u00e9rio da Cultura (SID\/Minc); Revista Vira\u00e7\u00e3o; Secretaria de Educa\u00e7\u00e3o Especial do Minist\u00e9rio da Educa\u00e7\u00e3o (Seesp\/MEC); Secretaria Especial dos Direitos Humanos (Corde\/SEDH); Secretaria Nacional de Juventude da Secretaria Geral da Presid\u00eancia da Rep\u00fablica; Uni\u00e3o e Inclus\u00e3o em Redes de R\u00e1dio (UNIRR); Uni\u00e3o Nacional dos Estudantes (UNE); e WVA Editora.<\/p>\n<p><strong>Confira a programa\u00e7\u00e3o:<\/strong><\/p>\n<p>Abertura<\/p>\n<p>Acessibilidade para a Democratiza\u00e7\u00e3o das Pol\u00edticas Culturais<\/p>\n<p>Data: 20 de outubro<br \/>\nHora: 14h<br \/>\nLocal: Audi\u00eancia P\u00fablica na Assembl\u00e9ia Legislativa do Rio de Janeiro (Alerj) &#8211; Pal\u00e1cio Tiradentes<\/p>\n<p>Semin\u00e1rios<\/p>\n<p>Pol\u00edticas P\u00fablicas de juventude: O que s\u00e3o? A quem se dirigem?<br \/>\nData: 21 de outubro<\/p>\n<p>Comunica\u00e7\u00e3o e Participa\u00e7\u00e3o Juvenil<br \/>\nData: 23 de outubro<\/p>\n<p>Educa\u00e7\u00e3o Inclusiva: Direito Humano dos(as) Jovens<br \/>\nData: 27 de outubro<\/p>\n<p>Juventude e Vulnerabilidade: Diferen\u00e7as e Desigualdades<br \/>\nData: 29 de outubro<\/p>\n<p>Hor\u00e1rio: de 9h \u00e0s 12:30h<\/p>\n<p>Local: Universidade do Estado do Rio de Janeiro (Faculdade de Comunica\u00e7\u00e3o Social).<br \/>\nA entrada \u00e9 gratuita e n\u00e3o \u00e9 preciso fazer inscri\u00e7\u00e3o.<\/p>\n<p>Cique aqui, para visualizar o folder de divulga\u00e7\u00e3o acess\u00edvel.<\/p>\n<p>Informa\u00e7\u00f5es: (21) 8885-1486, com Liseane Morosini; (21) 8131-9210, com Eliane Araujo.<\/p>\n<p style=\"text-align: justify;\"><strong>Fonte de informa\u00e7\u00e3o:<\/strong> <a href=\"www.escoladegente.org.br\" target=\"_blank\" rel=\"noopener\">Escola de Gente <img loading=\"lazy\" decoding=\"async\" title=\"Link abrir\u00e1 em uma nova janela ou aba.\" src=\"http:\/\/www.inclusive.org.br\/images\/new_window.gif\" alt=\"Link abrir\u00e1 em uma nova janela ou aba.\" width=\"16\" height=\"14\" \/><\/a><\/p>\n","protected":false},"excerpt":{"rendered":"<p>Acessibilidade para a Democratiza\u00e7\u00e3o das Pol\u00edticas Culturais no Rio de Janeiro O secret\u00e1rio da Identidade e da Diversidade Cultural do Minist\u00e9rio da Cultura (SID\/MinC), Am\u00e9rico C\u00f3rdula, participar\u00e1 da audi\u00eancia p\u00fablica Acessibilidade para a Democratiza\u00e7\u00e3o das Pol\u00edticas Culturais, no dia 20 de outubro, na Assembl\u00e9ia Legislativa do Estado do Rio de Janeiro (Alerj), \u00e0s 14h. A [&hellip;]<\/p>\n","protected":false},"author":1,"featured_media":0,"comment_status":"open","ping_status":"open","sticky":false,"template":"","format":"standard","meta":{"site-container-style":"default","site-container-layout":"default","site-sidebar-layout":"default","disable-article-header":"default","disable-site-header":"default","disable-site-footer":"default","disable-content-area-spacing":"default","footnotes":""},"categories":[12,48,4],"tags":[],"class_list":["post-12077","post","type-post","status-publish","format-standard","hentry","category-cursos-e-eventos","category-inclusao","category-noticias"],"yoast_head":"<!-- This site is optimized with the Yoast SEO plugin v27.4 - https:\/\/yoast.com\/product\/yoast-seo-wordpress\/ -->\n<title>Diversidade Cultural -<\/title>\n<meta name=\"robots\" content=\"index, follow, max-snippet:-1, max-image-preview:large, max-video-preview:-1\" \/>\n<link rel=\"canonical\" href=\"https:\/\/inclusivenews.com.br\/?p=12077\" \/>\n<meta property=\"og:locale\" content=\"pt_PT\" \/>\n<meta property=\"og:type\" content=\"article\" \/>\n<meta property=\"og:title\" content=\"Diversidade Cultural -\" \/>\n<meta property=\"og:description\" content=\"Acessibilidade para a Democratiza\u00e7\u00e3o das Pol\u00edticas Culturais no Rio de Janeiro O secret\u00e1rio da Identidade e da Diversidade Cultural do Minist\u00e9rio da Cultura (SID\/MinC), Am\u00e9rico C\u00f3rdula, participar\u00e1 da audi\u00eancia p\u00fablica Acessibilidade para a Democratiza\u00e7\u00e3o das Pol\u00edticas Culturais, no dia 20 de outubro, na Assembl\u00e9ia Legislativa do Estado do Rio de Janeiro (Alerj), \u00e0s 14h. A [&hellip;]\" \/>\n<meta property=\"og:url\" content=\"https:\/\/inclusivenews.com.br\/?p=12077\" \/>\n<meta property=\"article:publisher\" content=\"https:\/\/www.facebook.com\/agenciainclusive\/\" \/>\n<meta property=\"article:published_time\" content=\"2009-10-20T11:13:40+00:00\" \/>\n<meta property=\"og:image\" content=\"http:\/\/www.cultura.gov.br\/site\/wp-content\/uploads\/2009\/10\/filipeta_final-163x163.jpg\" \/>\n<meta name=\"author\" content=\"inclusivenews2024\" \/>\n<meta name=\"twitter:card\" content=\"summary_large_image\" \/>\n<meta name=\"twitter:label1\" content=\"Escrito por\" \/>\n\t<meta name=\"twitter:data1\" content=\"inclusivenews2024\" \/>\n\t<meta name=\"twitter:label2\" content=\"Tempo estimado de leitura\" \/>\n\t<meta name=\"twitter:data2\" content=\"4 minutos\" \/>\n<script type=\"application\/ld+json\" class=\"yoast-schema-graph\">{\"@context\":\"https:\\\/\\\/schema.org\",\"@graph\":[{\"@type\":\"Article\",\"@id\":\"https:\\\/\\\/inclusivenews.com.br\\\/?p=12077#article\",\"isPartOf\":{\"@id\":\"https:\\\/\\\/inclusivenews.com.br\\\/?p=12077\"},\"author\":{\"name\":\"inclusivenews2024\",\"@id\":\"https:\\\/\\\/inclusivenews.com.br\\\/#\\\/schema\\\/person\\\/ae4ec7087559b8692fb33b6fffd2273b\"},\"headline\":\"Diversidade Cultural\",\"datePublished\":\"2009-10-20T11:13:40+00:00\",\"mainEntityOfPage\":{\"@id\":\"https:\\\/\\\/inclusivenews.com.br\\\/?p=12077\"},\"wordCount\":744,\"commentCount\":0,\"publisher\":{\"@id\":\"https:\\\/\\\/inclusivenews.com.br\\\/#organization\"},\"image\":{\"@id\":\"https:\\\/\\\/inclusivenews.com.br\\\/?p=12077#primaryimage\"},\"thumbnailUrl\":\"http:\\\/\\\/www.cultura.gov.br\\\/site\\\/wp-content\\\/uploads\\\/2009\\\/10\\\/filipeta_final-163x163.jpg\",\"articleSection\":[\"Cursos e eventos\",\"INCLUS\u00c3O SOCIAL\",\"NOT\u00cdCIAS\"],\"inLanguage\":\"pt-PT\",\"potentialAction\":[{\"@type\":\"CommentAction\",\"name\":\"Comment\",\"target\":[\"https:\\\/\\\/inclusivenews.com.br\\\/?p=12077#respond\"]}]},{\"@type\":\"WebPage\",\"@id\":\"https:\\\/\\\/inclusivenews.com.br\\\/?p=12077\",\"url\":\"https:\\\/\\\/inclusivenews.com.br\\\/?p=12077\",\"name\":\"Diversidade Cultural -\",\"isPartOf\":{\"@id\":\"https:\\\/\\\/inclusivenews.com.br\\\/#website\"},\"primaryImageOfPage\":{\"@id\":\"https:\\\/\\\/inclusivenews.com.br\\\/?p=12077#primaryimage\"},\"image\":{\"@id\":\"https:\\\/\\\/inclusivenews.com.br\\\/?p=12077#primaryimage\"},\"thumbnailUrl\":\"http:\\\/\\\/www.cultura.gov.br\\\/site\\\/wp-content\\\/uploads\\\/2009\\\/10\\\/filipeta_final-163x163.jpg\",\"datePublished\":\"2009-10-20T11:13:40+00:00\",\"breadcrumb\":{\"@id\":\"https:\\\/\\\/inclusivenews.com.br\\\/?p=12077#breadcrumb\"},\"inLanguage\":\"pt-PT\",\"potentialAction\":[{\"@type\":\"ReadAction\",\"target\":[\"https:\\\/\\\/inclusivenews.com.br\\\/?p=12077\"]}]},{\"@type\":\"ImageObject\",\"inLanguage\":\"pt-PT\",\"@id\":\"https:\\\/\\\/inclusivenews.com.br\\\/?p=12077#primaryimage\",\"url\":\"http:\\\/\\\/www.cultura.gov.br\\\/site\\\/wp-content\\\/uploads\\\/2009\\\/10\\\/filipeta_final-163x163.jpg\",\"contentUrl\":\"http:\\\/\\\/www.cultura.gov.br\\\/site\\\/wp-content\\\/uploads\\\/2009\\\/10\\\/filipeta_final-163x163.jpg\"},{\"@type\":\"BreadcrumbList\",\"@id\":\"https:\\\/\\\/inclusivenews.com.br\\\/?p=12077#breadcrumb\",\"itemListElement\":[{\"@type\":\"ListItem\",\"position\":1,\"name\":\"In\u00edcio\",\"item\":\"https:\\\/\\\/inclusivenews.com.br\\\/\"},{\"@type\":\"ListItem\",\"position\":2,\"name\":\"Diversidade Cultural\"}]},{\"@type\":\"WebSite\",\"@id\":\"https:\\\/\\\/inclusivenews.com.br\\\/#website\",\"url\":\"https:\\\/\\\/inclusivenews.com.br\\\/\",\"name\":\"Inclusive News\",\"description\":\"Inclusive News\",\"publisher\":{\"@id\":\"https:\\\/\\\/inclusivenews.com.br\\\/#organization\"},\"potentialAction\":[{\"@type\":\"SearchAction\",\"target\":{\"@type\":\"EntryPoint\",\"urlTemplate\":\"https:\\\/\\\/inclusivenews.com.br\\\/?s={search_term_string}\"},\"query-input\":{\"@type\":\"PropertyValueSpecification\",\"valueRequired\":true,\"valueName\":\"search_term_string\"}}],\"inLanguage\":\"pt-PT\"},{\"@type\":\"Organization\",\"@id\":\"https:\\\/\\\/inclusivenews.com.br\\\/#organization\",\"name\":\"Inclusive - inclus\u00e3o e cidadania\",\"url\":\"https:\\\/\\\/inclusivenews.com.br\\\/\",\"logo\":{\"@type\":\"ImageObject\",\"inLanguage\":\"pt-PT\",\"@id\":\"https:\\\/\\\/inclusivenews.com.br\\\/#\\\/schema\\\/logo\\\/image\\\/\",\"url\":\"https:\\\/\\\/inclusivenews.com.br\\\/wp-content\\\/uploads\\\/2024\\\/03\\\/@grandesite.png\",\"contentUrl\":\"https:\\\/\\\/inclusivenews.com.br\\\/wp-content\\\/uploads\\\/2024\\\/03\\\/@grandesite.png\",\"width\":1080,\"height\":1080,\"caption\":\"Inclusive - inclus\u00e3o e cidadania\"},\"image\":{\"@id\":\"https:\\\/\\\/inclusivenews.com.br\\\/#\\\/schema\\\/logo\\\/image\\\/\"},\"sameAs\":[\"https:\\\/\\\/www.facebook.com\\\/agenciainclusive\\\/\",\"https:\\\/\\\/www.instagram.com\\\/newsinclusive\\\/\"]},{\"@type\":\"Person\",\"@id\":\"https:\\\/\\\/inclusivenews.com.br\\\/#\\\/schema\\\/person\\\/ae4ec7087559b8692fb33b6fffd2273b\",\"name\":\"inclusivenews2024\",\"image\":{\"@type\":\"ImageObject\",\"inLanguage\":\"pt-PT\",\"@id\":\"https:\\\/\\\/secure.gravatar.com\\\/avatar\\\/c5a7ef84c66fa914f55bc4f7ce26cfa275a3b9a1c5568b907bd184fb4dde7b40?s=96&d=mm&r=g\",\"url\":\"https:\\\/\\\/secure.gravatar.com\\\/avatar\\\/c5a7ef84c66fa914f55bc4f7ce26cfa275a3b9a1c5568b907bd184fb4dde7b40?s=96&d=mm&r=g\",\"contentUrl\":\"https:\\\/\\\/secure.gravatar.com\\\/avatar\\\/c5a7ef84c66fa914f55bc4f7ce26cfa275a3b9a1c5568b907bd184fb4dde7b40?s=96&d=mm&r=g\",\"caption\":\"inclusivenews2024\"},\"sameAs\":[\"https:\\\/\\\/inclusivenews.com.br\"],\"url\":\"https:\\\/\\\/inclusivenews.com.br\\\/?author=1\"}]}<\/script>\n<!-- \/ Yoast SEO plugin. -->","yoast_head_json":{"title":"Diversidade Cultural -","robots":{"index":"index","follow":"follow","max-snippet":"max-snippet:-1","max-image-preview":"max-image-preview:large","max-video-preview":"max-video-preview:-1"},"canonical":"https:\/\/inclusivenews.com.br\/?p=12077","og_locale":"pt_PT","og_type":"article","og_title":"Diversidade Cultural -","og_description":"Acessibilidade para a Democratiza\u00e7\u00e3o das Pol\u00edticas Culturais no Rio de Janeiro O secret\u00e1rio da Identidade e da Diversidade Cultural do Minist\u00e9rio da Cultura (SID\/MinC), Am\u00e9rico C\u00f3rdula, participar\u00e1 da audi\u00eancia p\u00fablica Acessibilidade para a Democratiza\u00e7\u00e3o das Pol\u00edticas Culturais, no dia 20 de outubro, na Assembl\u00e9ia Legislativa do Estado do Rio de Janeiro (Alerj), \u00e0s 14h. A [&hellip;]","og_url":"https:\/\/inclusivenews.com.br\/?p=12077","article_publisher":"https:\/\/www.facebook.com\/agenciainclusive\/","article_published_time":"2009-10-20T11:13:40+00:00","og_image":[{"url":"http:\/\/www.cultura.gov.br\/site\/wp-content\/uploads\/2009\/10\/filipeta_final-163x163.jpg","type":"","width":"","height":""}],"author":"inclusivenews2024","twitter_card":"summary_large_image","twitter_misc":{"Escrito por":"inclusivenews2024","Tempo estimado de leitura":"4 minutos"},"schema":{"@context":"https:\/\/schema.org","@graph":[{"@type":"Article","@id":"https:\/\/inclusivenews.com.br\/?p=12077#article","isPartOf":{"@id":"https:\/\/inclusivenews.com.br\/?p=12077"},"author":{"name":"inclusivenews2024","@id":"https:\/\/inclusivenews.com.br\/#\/schema\/person\/ae4ec7087559b8692fb33b6fffd2273b"},"headline":"Diversidade Cultural","datePublished":"2009-10-20T11:13:40+00:00","mainEntityOfPage":{"@id":"https:\/\/inclusivenews.com.br\/?p=12077"},"wordCount":744,"commentCount":0,"publisher":{"@id":"https:\/\/inclusivenews.com.br\/#organization"},"image":{"@id":"https:\/\/inclusivenews.com.br\/?p=12077#primaryimage"},"thumbnailUrl":"http:\/\/www.cultura.gov.br\/site\/wp-content\/uploads\/2009\/10\/filipeta_final-163x163.jpg","articleSection":["Cursos e eventos","INCLUS\u00c3O SOCIAL","NOT\u00cdCIAS"],"inLanguage":"pt-PT","potentialAction":[{"@type":"CommentAction","name":"Comment","target":["https:\/\/inclusivenews.com.br\/?p=12077#respond"]}]},{"@type":"WebPage","@id":"https:\/\/inclusivenews.com.br\/?p=12077","url":"https:\/\/inclusivenews.com.br\/?p=12077","name":"Diversidade Cultural -","isPartOf":{"@id":"https:\/\/inclusivenews.com.br\/#website"},"primaryImageOfPage":{"@id":"https:\/\/inclusivenews.com.br\/?p=12077#primaryimage"},"image":{"@id":"https:\/\/inclusivenews.com.br\/?p=12077#primaryimage"},"thumbnailUrl":"http:\/\/www.cultura.gov.br\/site\/wp-content\/uploads\/2009\/10\/filipeta_final-163x163.jpg","datePublished":"2009-10-20T11:13:40+00:00","breadcrumb":{"@id":"https:\/\/inclusivenews.com.br\/?p=12077#breadcrumb"},"inLanguage":"pt-PT","potentialAction":[{"@type":"ReadAction","target":["https:\/\/inclusivenews.com.br\/?p=12077"]}]},{"@type":"ImageObject","inLanguage":"pt-PT","@id":"https:\/\/inclusivenews.com.br\/?p=12077#primaryimage","url":"http:\/\/www.cultura.gov.br\/site\/wp-content\/uploads\/2009\/10\/filipeta_final-163x163.jpg","contentUrl":"http:\/\/www.cultura.gov.br\/site\/wp-content\/uploads\/2009\/10\/filipeta_final-163x163.jpg"},{"@type":"BreadcrumbList","@id":"https:\/\/inclusivenews.com.br\/?p=12077#breadcrumb","itemListElement":[{"@type":"ListItem","position":1,"name":"In\u00edcio","item":"https:\/\/inclusivenews.com.br\/"},{"@type":"ListItem","position":2,"name":"Diversidade Cultural"}]},{"@type":"WebSite","@id":"https:\/\/inclusivenews.com.br\/#website","url":"https:\/\/inclusivenews.com.br\/","name":"Inclusive News","description":"Inclusive News","publisher":{"@id":"https:\/\/inclusivenews.com.br\/#organization"},"potentialAction":[{"@type":"SearchAction","target":{"@type":"EntryPoint","urlTemplate":"https:\/\/inclusivenews.com.br\/?s={search_term_string}"},"query-input":{"@type":"PropertyValueSpecification","valueRequired":true,"valueName":"search_term_string"}}],"inLanguage":"pt-PT"},{"@type":"Organization","@id":"https:\/\/inclusivenews.com.br\/#organization","name":"Inclusive - inclus\u00e3o e cidadania","url":"https:\/\/inclusivenews.com.br\/","logo":{"@type":"ImageObject","inLanguage":"pt-PT","@id":"https:\/\/inclusivenews.com.br\/#\/schema\/logo\/image\/","url":"https:\/\/inclusivenews.com.br\/wp-content\/uploads\/2024\/03\/@grandesite.png","contentUrl":"https:\/\/inclusivenews.com.br\/wp-content\/uploads\/2024\/03\/@grandesite.png","width":1080,"height":1080,"caption":"Inclusive - inclus\u00e3o e cidadania"},"image":{"@id":"https:\/\/inclusivenews.com.br\/#\/schema\/logo\/image\/"},"sameAs":["https:\/\/www.facebook.com\/agenciainclusive\/","https:\/\/www.instagram.com\/newsinclusive\/"]},{"@type":"Person","@id":"https:\/\/inclusivenews.com.br\/#\/schema\/person\/ae4ec7087559b8692fb33b6fffd2273b","name":"inclusivenews2024","image":{"@type":"ImageObject","inLanguage":"pt-PT","@id":"https:\/\/secure.gravatar.com\/avatar\/c5a7ef84c66fa914f55bc4f7ce26cfa275a3b9a1c5568b907bd184fb4dde7b40?s=96&d=mm&r=g","url":"https:\/\/secure.gravatar.com\/avatar\/c5a7ef84c66fa914f55bc4f7ce26cfa275a3b9a1c5568b907bd184fb4dde7b40?s=96&d=mm&r=g","contentUrl":"https:\/\/secure.gravatar.com\/avatar\/c5a7ef84c66fa914f55bc4f7ce26cfa275a3b9a1c5568b907bd184fb4dde7b40?s=96&d=mm&r=g","caption":"inclusivenews2024"},"sameAs":["https:\/\/inclusivenews.com.br"],"url":"https:\/\/inclusivenews.com.br\/?author=1"}]}},"_links":{"self":[{"href":"https:\/\/inclusivenews.com.br\/index.php?rest_route=\/wp\/v2\/posts\/12077","targetHints":{"allow":["GET"]}}],"collection":[{"href":"https:\/\/inclusivenews.com.br\/index.php?rest_route=\/wp\/v2\/posts"}],"about":[{"href":"https:\/\/inclusivenews.com.br\/index.php?rest_route=\/wp\/v2\/types\/post"}],"author":[{"embeddable":true,"href":"https:\/\/inclusivenews.com.br\/index.php?rest_route=\/wp\/v2\/users\/1"}],"replies":[{"embeddable":true,"href":"https:\/\/inclusivenews.com.br\/index.php?rest_route=%2Fwp%2Fv2%2Fcomments&post=12077"}],"version-history":[{"count":0,"href":"https:\/\/inclusivenews.com.br\/index.php?rest_route=\/wp\/v2\/posts\/12077\/revisions"}],"wp:attachment":[{"href":"https:\/\/inclusivenews.com.br\/index.php?rest_route=%2Fwp%2Fv2%2Fmedia&parent=12077"}],"wp:term":[{"taxonomy":"category","embeddable":true,"href":"https:\/\/inclusivenews.com.br\/index.php?rest_route=%2Fwp%2Fv2%2Fcategories&post=12077"},{"taxonomy":"post_tag","embeddable":true,"href":"https:\/\/inclusivenews.com.br\/index.php?rest_route=%2Fwp%2Fv2%2Ftags&post=12077"}],"curies":[{"name":"wp","href":"https:\/\/api.w.org\/{rel}","templated":true}]}}