{"id":12079,"date":"2009-10-20T08:17:22","date_gmt":"2009-10-20T11:17:22","guid":{"rendered":"http:\/\/www.inclusive.org.br\/?p=12079"},"modified":"2009-10-20T08:17:22","modified_gmt":"2009-10-20T11:17:22","slug":"meninos-de-rua-ou-meninos-na-rua","status":"publish","type":"post","link":"https:\/\/inclusivenews.com.br\/?p=12079","title":{"rendered":"Meninos \u201cde\u201d rua ou meninos \u201cna\u201d rua?"},"content":{"rendered":"<p style=\"text-align: justify;\">&#8211; Crian\u00e7as e adolescentes com direitos violados no Brasil em 19 anos de Estatuto da Crian\u00e7a e do Adolescente e 20 anos de Conven\u00e7\u00e3o da ONU sobre os Direitos da Crian\u00e7a;<\/p>\n<p style=\"text-align: justify;\">&#8211; A import\u00e2ncia da m\u00eddia na elimina\u00e7\u00e3o de equ\u00edvocos hist\u00f3ricos e o caminho da conviv\u00eancia familiar e comunit\u00e1ria com o exemplo da Mangueirinha.<\/p>\n<p>O Clube de Comunica\u00e7\u00e3o convida para a palestra\/debate sobre os 19 anos de Estatuto da Crian\u00e7a e do Adolescente, que ser\u00e1 realizada no pr\u00f3ximo dia 20\/10, das 19h \u00e0s 21h, no Sindicato dos Jornalistas Profissionais do Munic\u00edpio do Rio de Janeiro, Rua Evaristo da Veiga, 16, 17\u00ba andar \u2013 Centro, Tel.: (21) 3906-2450.<\/p>\n<p>O papo ser\u00e1 mediado pelo nosso colega Andrei Bastos e ter\u00e1 a presen\u00e7a de Claudia Cabral, diretora executiva da ONG Terra dos Homens, de Walace Rocha dos Santos, que integra a equipe do Programa Ra\u00edzes Locais da Terra dos Homens, e de Isabela Regina Gon\u00e7alves, uma jovem lideran\u00e7a da comunidade, al\u00e9m do relato da experi\u00eancia desta ONG na comunidade da Mangueirinha, em Duque de Caxias.<\/p>\n<p>\u201cCom a evid\u00eancia de que as express\u00f5es \u2018meninos de rua\u2019 e \u2018menores infratores\u2019, assim como os m\u00e9todos de enfrentamento ao que seriam os problemas criados por eles nas cidades, estavam equivocados, a ONG Terra dos Homens j\u00e1 nasceu com a bandeira da conviv\u00eancia familiar e comunit\u00e1ria como meio de resgat\u00e1-los \u00e0 cidadania. Para isso, desenvolveu a metodologia que \u00e9 aplicada na comunidade da Mangueirinha, localidade indicada por pesquisa realizada na cidade do Rio de Janeiro como proced\u00eancia da maioria deles\u201d, adianta Andrei.<\/p>\n<p><strong>Palestrantes:<\/strong><\/p>\n<p>Claudia Cabral &#8211; Diretora executiva da Terra dos Homens com forma\u00e7\u00e3o em psicologia, especialista em terapia de fam\u00edlia; Mestre em Pedagogia pela Universidade Cat\u00f3lica de Paris; Consultora Internacional do UNICEF no tema da Conviv\u00eancia Familiar e Comunit\u00e1ria; Consultora do Servi\u00e7o Social Internacional de Genebra \u2013 SSI; Membro da International Foster Care (IFCO) e da Rede Latino Americana de Acolhimento Familiar (Relaf).<\/p>\n<p>Walace Rocha dos Santos &#8211; Formado em direito pela Unigranrio, exerceu a profiss\u00e3o de advogado por 8 anos na Organiza\u00e7\u00e3o Jur\u00eddica Paula Freitas, com especializa\u00e7\u00e3o nas \u00e1reas c\u00edvel e fam\u00edlia. Possui, ainda, forma\u00e7\u00e3o em Hist\u00f3ria, obtida na Universidade Gama Filho, conclu\u00edda em 2007, ano em que tamb\u00e9m concluiu sua disserta\u00e7\u00e3o de Mestrado na Universidade Federal Fluminense (PPGSD\/UFF), na qual pesquisou o car\u00e1ter associativo comunit\u00e1rio de uma comunidade da Baixada Fluminense \u2013 A Mangueirinha, de Duque de Caxias\/RJ. Atualmente integra a equipe do Programa Ra\u00edzes Locais da Terra dos Homens na mesma Comunidade da Mangueirinha, como soci\u00f3logo.<\/p>\n<p>Isabela Regina Gon\u00e7alves \u2013 Com 19 anos, Isabela \u00e9 uma jovem lideran\u00e7a na Mangueirinha; Ensino M\u00e9dio em andamento; Cursos: teatro no Sesc, Raul Cortez, Armando Mello, interpreta\u00e7\u00e3o para TV, b\u00e1sico de espanhol on-line, gar\u00e7onete, bijuteria; experi\u00eancias profissionais: vendedora aut\u00f4noma, ajudante de projeto de teatro, ONGs, dan\u00e7arina, aula b\u00e1sica e avan\u00e7ada de teatro, bab\u00e1, professora de teatro, oficina de r\u00e1dio, dan\u00e7a e movimento corporal, coral.<\/p>\n<p><strong>Os tr\u00eas eixos de atua\u00e7\u00e3o da <a href=\"http:\/\/www.terradoshomens.org.br\/\" target=\"_blank\" rel=\"noopener\">ONG Terra dos Homens <img loading=\"lazy\" decoding=\"async\" title=\"Link abrir\u00e1 em uma nova janela ou aba.\" src=\"http:\/\/www.inclusive.org.br\/images\/new_window.gif\" alt=\"Link abrir\u00e1 em uma nova janela ou aba.\" width=\"16\" height=\"14\" \/><\/a><\/strong><\/p>\n<p>I &#8211; Atendimento direto: Atendimento a crian\u00e7as, adolescentes e suas fam\u00edlias com interven\u00e7\u00e3o direta dos profissionais da Terra dos Homens nas fam\u00edlias e comunidades de crian\u00e7as e adolescentes com direitos violados no Rio de Janeiro, por meio de acompanhamento psicol\u00f3gico, social e econ\u00f4mico.<\/p>\n<p>II &#8211; Difus\u00e3o de metodologia: Repasse da metodologia do trabalho social com fam\u00edlia em \u00e2mbito nacional, capacitando profissionais que atuam no sistema de garantia de direitos de crian\u00e7as e adolescentes \u2013 dirigentes de abrigos, psic\u00f3logos, assistentes sociais, educadores, membros do judici\u00e1rio, conselheiros tutelares e pedagogos, entre outros. A Terra dos Homens consegue ampliar significativamente o atendimento \u00e0s crian\u00e7as e adolescentes no pa\u00eds atrav\u00e9s da atua\u00e7\u00e3o destes profissionais, fortalecendo a rede de prote\u00e7\u00e3o e defesa dos direitos infanto-juvenis. A capacita\u00e7\u00e3o ocorre por meio de cursos, oficinas e assessorias.<\/p>\n<p>III &#8211; Defesa de Direitos: A Terra dos Homens atua para o fortalecimento da estrutura jur\u00eddica e pol\u00edtica da \u00e1rea da inf\u00e2ncia. Isto se d\u00e1 por meio da articula\u00e7\u00e3o de pol\u00edticas p\u00fablicas e de redes e da participa\u00e7\u00e3o ativa em f\u00f3runs e conselhos de direitos da inf\u00e2ncia e juventude, assim como de consultorias na elabora\u00e7\u00e3o de normativas e diretrizes para promo\u00e7\u00e3o e defesa dos direitos de crian\u00e7as e adolescentes.<\/p>\n<p>Favor confirmar presen\u00e7a pelos e-mails:<\/p>\n<p>tsantos@tfscomunicacao.com.br<br \/>\nbetter@background.com.br<\/p>\n","protected":false},"excerpt":{"rendered":"<p>&#8211; Crian\u00e7as e adolescentes com direitos violados no Brasil em 19 anos de Estatuto da Crian\u00e7a e do Adolescente e 20 anos de Conven\u00e7\u00e3o da ONU sobre os Direitos da Crian\u00e7a; &#8211; A import\u00e2ncia da m\u00eddia na elimina\u00e7\u00e3o de equ\u00edvocos hist\u00f3ricos e o caminho da conviv\u00eancia familiar e comunit\u00e1ria com o exemplo da Mangueirinha. O [&hellip;]<\/p>\n","protected":false},"author":1,"featured_media":0,"comment_status":"open","ping_status":"open","sticky":false,"template":"","format":"standard","meta":{"site-container-style":"default","site-container-layout":"default","site-sidebar-layout":"default","disable-article-header":"default","disable-site-header":"default","disable-site-footer":"default","disable-content-area-spacing":"default","footnotes":""},"categories":[12,11],"tags":[],"class_list":["post-12079","post","type-post","status-publish","format-standard","hentry","category-cursos-e-eventos","category-direitos-humanos"],"yoast_head":"<!-- This site is optimized with the Yoast SEO plugin v27.4 - https:\/\/yoast.com\/product\/yoast-seo-wordpress\/ -->\n<title>Meninos \u201cde\u201d rua ou meninos \u201cna\u201d rua? -<\/title>\n<meta name=\"robots\" content=\"index, follow, max-snippet:-1, max-image-preview:large, max-video-preview:-1\" \/>\n<link rel=\"canonical\" href=\"https:\/\/inclusivenews.com.br\/?p=12079\" \/>\n<meta property=\"og:locale\" content=\"pt_PT\" \/>\n<meta property=\"og:type\" content=\"article\" \/>\n<meta property=\"og:title\" content=\"Meninos \u201cde\u201d rua ou meninos \u201cna\u201d rua? -\" \/>\n<meta property=\"og:description\" content=\"&#8211; Crian\u00e7as e adolescentes com direitos violados no Brasil em 19 anos de Estatuto da Crian\u00e7a e do Adolescente e 20 anos de Conven\u00e7\u00e3o da ONU sobre os Direitos da Crian\u00e7a; &#8211; A import\u00e2ncia da m\u00eddia na elimina\u00e7\u00e3o de equ\u00edvocos hist\u00f3ricos e o caminho da conviv\u00eancia familiar e comunit\u00e1ria com o exemplo da Mangueirinha. O [&hellip;]\" \/>\n<meta property=\"og:url\" content=\"https:\/\/inclusivenews.com.br\/?p=12079\" \/>\n<meta property=\"article:publisher\" content=\"https:\/\/www.facebook.com\/agenciainclusive\/\" \/>\n<meta property=\"article:published_time\" content=\"2009-10-20T11:17:22+00:00\" \/>\n<meta property=\"og:image\" content=\"http:\/\/www.inclusive.org.br\/images\/new_window.gif\" \/>\n<meta name=\"author\" content=\"inclusivenews2024\" \/>\n<meta name=\"twitter:card\" content=\"summary_large_image\" \/>\n<meta name=\"twitter:label1\" content=\"Escrito por\" \/>\n\t<meta name=\"twitter:data1\" content=\"inclusivenews2024\" \/>\n\t<meta name=\"twitter:label2\" content=\"Tempo estimado de leitura\" \/>\n\t<meta name=\"twitter:data2\" content=\"4 minutos\" \/>\n<script type=\"application\/ld+json\" class=\"yoast-schema-graph\">{\"@context\":\"https:\\\/\\\/schema.org\",\"@graph\":[{\"@type\":\"Article\",\"@id\":\"https:\\\/\\\/inclusivenews.com.br\\\/?p=12079#article\",\"isPartOf\":{\"@id\":\"https:\\\/\\\/inclusivenews.com.br\\\/?p=12079\"},\"author\":{\"name\":\"inclusivenews2024\",\"@id\":\"https:\\\/\\\/inclusivenews.com.br\\\/#\\\/schema\\\/person\\\/ae4ec7087559b8692fb33b6fffd2273b\"},\"headline\":\"Meninos \u201cde\u201d rua ou meninos \u201cna\u201d rua?\",\"datePublished\":\"2009-10-20T11:17:22+00:00\",\"mainEntityOfPage\":{\"@id\":\"https:\\\/\\\/inclusivenews.com.br\\\/?p=12079\"},\"wordCount\":785,\"commentCount\":0,\"publisher\":{\"@id\":\"https:\\\/\\\/inclusivenews.com.br\\\/#organization\"},\"image\":{\"@id\":\"https:\\\/\\\/inclusivenews.com.br\\\/?p=12079#primaryimage\"},\"thumbnailUrl\":\"http:\\\/\\\/www.inclusive.org.br\\\/images\\\/new_window.gif\",\"articleSection\":[\"Cursos e eventos\",\"DIREITOS HUMANOS\"],\"inLanguage\":\"pt-PT\",\"potentialAction\":[{\"@type\":\"CommentAction\",\"name\":\"Comment\",\"target\":[\"https:\\\/\\\/inclusivenews.com.br\\\/?p=12079#respond\"]}]},{\"@type\":\"WebPage\",\"@id\":\"https:\\\/\\\/inclusivenews.com.br\\\/?p=12079\",\"url\":\"https:\\\/\\\/inclusivenews.com.br\\\/?p=12079\",\"name\":\"Meninos \u201cde\u201d rua ou meninos \u201cna\u201d rua? -\",\"isPartOf\":{\"@id\":\"https:\\\/\\\/inclusivenews.com.br\\\/#website\"},\"primaryImageOfPage\":{\"@id\":\"https:\\\/\\\/inclusivenews.com.br\\\/?p=12079#primaryimage\"},\"image\":{\"@id\":\"https:\\\/\\\/inclusivenews.com.br\\\/?p=12079#primaryimage\"},\"thumbnailUrl\":\"http:\\\/\\\/www.inclusive.org.br\\\/images\\\/new_window.gif\",\"datePublished\":\"2009-10-20T11:17:22+00:00\",\"breadcrumb\":{\"@id\":\"https:\\\/\\\/inclusivenews.com.br\\\/?p=12079#breadcrumb\"},\"inLanguage\":\"pt-PT\",\"potentialAction\":[{\"@type\":\"ReadAction\",\"target\":[\"https:\\\/\\\/inclusivenews.com.br\\\/?p=12079\"]}]},{\"@type\":\"ImageObject\",\"inLanguage\":\"pt-PT\",\"@id\":\"https:\\\/\\\/inclusivenews.com.br\\\/?p=12079#primaryimage\",\"url\":\"http:\\\/\\\/www.inclusive.org.br\\\/images\\\/new_window.gif\",\"contentUrl\":\"http:\\\/\\\/www.inclusive.org.br\\\/images\\\/new_window.gif\"},{\"@type\":\"BreadcrumbList\",\"@id\":\"https:\\\/\\\/inclusivenews.com.br\\\/?p=12079#breadcrumb\",\"itemListElement\":[{\"@type\":\"ListItem\",\"position\":1,\"name\":\"In\u00edcio\",\"item\":\"https:\\\/\\\/inclusivenews.com.br\\\/\"},{\"@type\":\"ListItem\",\"position\":2,\"name\":\"Meninos \u201cde\u201d rua ou meninos \u201cna\u201d rua?\"}]},{\"@type\":\"WebSite\",\"@id\":\"https:\\\/\\\/inclusivenews.com.br\\\/#website\",\"url\":\"https:\\\/\\\/inclusivenews.com.br\\\/\",\"name\":\"Inclusive News\",\"description\":\"Inclusive News\",\"publisher\":{\"@id\":\"https:\\\/\\\/inclusivenews.com.br\\\/#organization\"},\"potentialAction\":[{\"@type\":\"SearchAction\",\"target\":{\"@type\":\"EntryPoint\",\"urlTemplate\":\"https:\\\/\\\/inclusivenews.com.br\\\/?s={search_term_string}\"},\"query-input\":{\"@type\":\"PropertyValueSpecification\",\"valueRequired\":true,\"valueName\":\"search_term_string\"}}],\"inLanguage\":\"pt-PT\"},{\"@type\":\"Organization\",\"@id\":\"https:\\\/\\\/inclusivenews.com.br\\\/#organization\",\"name\":\"Inclusive - inclus\u00e3o e cidadania\",\"url\":\"https:\\\/\\\/inclusivenews.com.br\\\/\",\"logo\":{\"@type\":\"ImageObject\",\"inLanguage\":\"pt-PT\",\"@id\":\"https:\\\/\\\/inclusivenews.com.br\\\/#\\\/schema\\\/logo\\\/image\\\/\",\"url\":\"https:\\\/\\\/inclusivenews.com.br\\\/wp-content\\\/uploads\\\/2024\\\/03\\\/@grandesite.png\",\"contentUrl\":\"https:\\\/\\\/inclusivenews.com.br\\\/wp-content\\\/uploads\\\/2024\\\/03\\\/@grandesite.png\",\"width\":1080,\"height\":1080,\"caption\":\"Inclusive - inclus\u00e3o e cidadania\"},\"image\":{\"@id\":\"https:\\\/\\\/inclusivenews.com.br\\\/#\\\/schema\\\/logo\\\/image\\\/\"},\"sameAs\":[\"https:\\\/\\\/www.facebook.com\\\/agenciainclusive\\\/\",\"https:\\\/\\\/www.instagram.com\\\/newsinclusive\\\/\"]},{\"@type\":\"Person\",\"@id\":\"https:\\\/\\\/inclusivenews.com.br\\\/#\\\/schema\\\/person\\\/ae4ec7087559b8692fb33b6fffd2273b\",\"name\":\"inclusivenews2024\",\"image\":{\"@type\":\"ImageObject\",\"inLanguage\":\"pt-PT\",\"@id\":\"https:\\\/\\\/secure.gravatar.com\\\/avatar\\\/c5a7ef84c66fa914f55bc4f7ce26cfa275a3b9a1c5568b907bd184fb4dde7b40?s=96&d=mm&r=g\",\"url\":\"https:\\\/\\\/secure.gravatar.com\\\/avatar\\\/c5a7ef84c66fa914f55bc4f7ce26cfa275a3b9a1c5568b907bd184fb4dde7b40?s=96&d=mm&r=g\",\"contentUrl\":\"https:\\\/\\\/secure.gravatar.com\\\/avatar\\\/c5a7ef84c66fa914f55bc4f7ce26cfa275a3b9a1c5568b907bd184fb4dde7b40?s=96&d=mm&r=g\",\"caption\":\"inclusivenews2024\"},\"sameAs\":[\"https:\\\/\\\/inclusivenews.com.br\"],\"url\":\"https:\\\/\\\/inclusivenews.com.br\\\/?author=1\"}]}<\/script>\n<!-- \/ Yoast SEO plugin. -->","yoast_head_json":{"title":"Meninos \u201cde\u201d rua ou meninos \u201cna\u201d rua? -","robots":{"index":"index","follow":"follow","max-snippet":"max-snippet:-1","max-image-preview":"max-image-preview:large","max-video-preview":"max-video-preview:-1"},"canonical":"https:\/\/inclusivenews.com.br\/?p=12079","og_locale":"pt_PT","og_type":"article","og_title":"Meninos \u201cde\u201d rua ou meninos \u201cna\u201d rua? -","og_description":"&#8211; Crian\u00e7as e adolescentes com direitos violados no Brasil em 19 anos de Estatuto da Crian\u00e7a e do Adolescente e 20 anos de Conven\u00e7\u00e3o da ONU sobre os Direitos da Crian\u00e7a; &#8211; A import\u00e2ncia da m\u00eddia na elimina\u00e7\u00e3o de equ\u00edvocos hist\u00f3ricos e o caminho da conviv\u00eancia familiar e comunit\u00e1ria com o exemplo da Mangueirinha. O [&hellip;]","og_url":"https:\/\/inclusivenews.com.br\/?p=12079","article_publisher":"https:\/\/www.facebook.com\/agenciainclusive\/","article_published_time":"2009-10-20T11:17:22+00:00","og_image":[{"url":"http:\/\/www.inclusive.org.br\/images\/new_window.gif","type":"","width":"","height":""}],"author":"inclusivenews2024","twitter_card":"summary_large_image","twitter_misc":{"Escrito por":"inclusivenews2024","Tempo estimado de leitura":"4 minutos"},"schema":{"@context":"https:\/\/schema.org","@graph":[{"@type":"Article","@id":"https:\/\/inclusivenews.com.br\/?p=12079#article","isPartOf":{"@id":"https:\/\/inclusivenews.com.br\/?p=12079"},"author":{"name":"inclusivenews2024","@id":"https:\/\/inclusivenews.com.br\/#\/schema\/person\/ae4ec7087559b8692fb33b6fffd2273b"},"headline":"Meninos \u201cde\u201d rua ou meninos \u201cna\u201d rua?","datePublished":"2009-10-20T11:17:22+00:00","mainEntityOfPage":{"@id":"https:\/\/inclusivenews.com.br\/?p=12079"},"wordCount":785,"commentCount":0,"publisher":{"@id":"https:\/\/inclusivenews.com.br\/#organization"},"image":{"@id":"https:\/\/inclusivenews.com.br\/?p=12079#primaryimage"},"thumbnailUrl":"http:\/\/www.inclusive.org.br\/images\/new_window.gif","articleSection":["Cursos e eventos","DIREITOS HUMANOS"],"inLanguage":"pt-PT","potentialAction":[{"@type":"CommentAction","name":"Comment","target":["https:\/\/inclusivenews.com.br\/?p=12079#respond"]}]},{"@type":"WebPage","@id":"https:\/\/inclusivenews.com.br\/?p=12079","url":"https:\/\/inclusivenews.com.br\/?p=12079","name":"Meninos \u201cde\u201d rua ou meninos \u201cna\u201d rua? -","isPartOf":{"@id":"https:\/\/inclusivenews.com.br\/#website"},"primaryImageOfPage":{"@id":"https:\/\/inclusivenews.com.br\/?p=12079#primaryimage"},"image":{"@id":"https:\/\/inclusivenews.com.br\/?p=12079#primaryimage"},"thumbnailUrl":"http:\/\/www.inclusive.org.br\/images\/new_window.gif","datePublished":"2009-10-20T11:17:22+00:00","breadcrumb":{"@id":"https:\/\/inclusivenews.com.br\/?p=12079#breadcrumb"},"inLanguage":"pt-PT","potentialAction":[{"@type":"ReadAction","target":["https:\/\/inclusivenews.com.br\/?p=12079"]}]},{"@type":"ImageObject","inLanguage":"pt-PT","@id":"https:\/\/inclusivenews.com.br\/?p=12079#primaryimage","url":"http:\/\/www.inclusive.org.br\/images\/new_window.gif","contentUrl":"http:\/\/www.inclusive.org.br\/images\/new_window.gif"},{"@type":"BreadcrumbList","@id":"https:\/\/inclusivenews.com.br\/?p=12079#breadcrumb","itemListElement":[{"@type":"ListItem","position":1,"name":"In\u00edcio","item":"https:\/\/inclusivenews.com.br\/"},{"@type":"ListItem","position":2,"name":"Meninos \u201cde\u201d rua ou meninos \u201cna\u201d rua?"}]},{"@type":"WebSite","@id":"https:\/\/inclusivenews.com.br\/#website","url":"https:\/\/inclusivenews.com.br\/","name":"Inclusive News","description":"Inclusive News","publisher":{"@id":"https:\/\/inclusivenews.com.br\/#organization"},"potentialAction":[{"@type":"SearchAction","target":{"@type":"EntryPoint","urlTemplate":"https:\/\/inclusivenews.com.br\/?s={search_term_string}"},"query-input":{"@type":"PropertyValueSpecification","valueRequired":true,"valueName":"search_term_string"}}],"inLanguage":"pt-PT"},{"@type":"Organization","@id":"https:\/\/inclusivenews.com.br\/#organization","name":"Inclusive - inclus\u00e3o e cidadania","url":"https:\/\/inclusivenews.com.br\/","logo":{"@type":"ImageObject","inLanguage":"pt-PT","@id":"https:\/\/inclusivenews.com.br\/#\/schema\/logo\/image\/","url":"https:\/\/inclusivenews.com.br\/wp-content\/uploads\/2024\/03\/@grandesite.png","contentUrl":"https:\/\/inclusivenews.com.br\/wp-content\/uploads\/2024\/03\/@grandesite.png","width":1080,"height":1080,"caption":"Inclusive - inclus\u00e3o e cidadania"},"image":{"@id":"https:\/\/inclusivenews.com.br\/#\/schema\/logo\/image\/"},"sameAs":["https:\/\/www.facebook.com\/agenciainclusive\/","https:\/\/www.instagram.com\/newsinclusive\/"]},{"@type":"Person","@id":"https:\/\/inclusivenews.com.br\/#\/schema\/person\/ae4ec7087559b8692fb33b6fffd2273b","name":"inclusivenews2024","image":{"@type":"ImageObject","inLanguage":"pt-PT","@id":"https:\/\/secure.gravatar.com\/avatar\/c5a7ef84c66fa914f55bc4f7ce26cfa275a3b9a1c5568b907bd184fb4dde7b40?s=96&d=mm&r=g","url":"https:\/\/secure.gravatar.com\/avatar\/c5a7ef84c66fa914f55bc4f7ce26cfa275a3b9a1c5568b907bd184fb4dde7b40?s=96&d=mm&r=g","contentUrl":"https:\/\/secure.gravatar.com\/avatar\/c5a7ef84c66fa914f55bc4f7ce26cfa275a3b9a1c5568b907bd184fb4dde7b40?s=96&d=mm&r=g","caption":"inclusivenews2024"},"sameAs":["https:\/\/inclusivenews.com.br"],"url":"https:\/\/inclusivenews.com.br\/?author=1"}]}},"_links":{"self":[{"href":"https:\/\/inclusivenews.com.br\/index.php?rest_route=\/wp\/v2\/posts\/12079","targetHints":{"allow":["GET"]}}],"collection":[{"href":"https:\/\/inclusivenews.com.br\/index.php?rest_route=\/wp\/v2\/posts"}],"about":[{"href":"https:\/\/inclusivenews.com.br\/index.php?rest_route=\/wp\/v2\/types\/post"}],"author":[{"embeddable":true,"href":"https:\/\/inclusivenews.com.br\/index.php?rest_route=\/wp\/v2\/users\/1"}],"replies":[{"embeddable":true,"href":"https:\/\/inclusivenews.com.br\/index.php?rest_route=%2Fwp%2Fv2%2Fcomments&post=12079"}],"version-history":[{"count":0,"href":"https:\/\/inclusivenews.com.br\/index.php?rest_route=\/wp\/v2\/posts\/12079\/revisions"}],"wp:attachment":[{"href":"https:\/\/inclusivenews.com.br\/index.php?rest_route=%2Fwp%2Fv2%2Fmedia&parent=12079"}],"wp:term":[{"taxonomy":"category","embeddable":true,"href":"https:\/\/inclusivenews.com.br\/index.php?rest_route=%2Fwp%2Fv2%2Fcategories&post=12079"},{"taxonomy":"post_tag","embeddable":true,"href":"https:\/\/inclusivenews.com.br\/index.php?rest_route=%2Fwp%2Fv2%2Ftags&post=12079"}],"curies":[{"name":"wp","href":"https:\/\/api.w.org\/{rel}","templated":true}]}}