{"id":12081,"date":"2009-10-20T07:59:05","date_gmt":"2009-10-20T10:59:05","guid":{"rendered":"http:\/\/www.inclusive.org.br\/?p=12081"},"modified":"2009-10-20T07:59:05","modified_gmt":"2009-10-20T10:59:05","slug":"escola-publica-nao-e-lugar-de-religiao","status":"publish","type":"post","link":"https:\/\/inclusivenews.com.br\/?p=12081","title":{"rendered":"Escola p\u00fablica n\u00e3o \u00e9 lugar de religi\u00e3o"},"content":{"rendered":"<p style=\"text-align: center;\"><em>Acordo aprovado no Senado, que estabelece obrigatoriedade do ensino religioso na rede p\u00fablica, fere a Constitui\u00e7\u00e3o Federal &#8211; Centro de M\u00eddia Independente &#8211; 10 de outubro de 2009<\/em><\/p>\n<p style=\"text-align: justify;\"><em><\/em>* Equ\u00edvocos em s\u00e9rie<\/p>\n<p>Foi aprovado pelo Senado brasileiro na \u00faltima quarta-feira, 7 de outubro, o acordo firmado pelo presidente Lu\u00eds In\u00e1cio Lula da Silva e a Santa S\u00e9, em novembro do ano passado, que estabelece a obrigatoriedade do oferecimento de ensino religioso pelas escolas p\u00fablicas brasileiras. Diz o par\u00e1grafo 1 do Artigo 11: &#8220;O ensino religioso, cat\u00f3lico e de outras confiss\u00f5es religiosas, de matr\u00edcula facultativa, constitui disciplina dos hor\u00e1rios normais das escolas p\u00fablicas de ensino fundamental, assegurado o respeito \u00e0 diversidade cultural religiosa do Brasil, em conformidade com a Constitui\u00e7\u00e3o e as outras leis vigentes, sem qualquer forma de discrimina\u00e7\u00e3o.&#8221;<\/p>\n<p>&#8220;Se essa lei for sancionada pelo presidente, nossa constitui\u00e7\u00e3o ser\u00e1 violada&#8221;, afirma a professora Roseli Fischmann, da Faculdade de Educa\u00e7\u00e3o da Universidade de S\u00e3o Paulo (USP) e da Universidade Metodista, de S\u00e3o Bernardo do Campo, na regi\u00e3o metropolitana da capital paulista. Perita da Organiza\u00e7\u00e3o das Na\u00e7\u00f5es Unidas para a Educa\u00e7\u00e3o, a Ci\u00eancia e a Cultura (Unesco) para a Coaliz\u00e3o de Cidades contra o Racismo e a Discrimina\u00e7\u00e3o, respons\u00e1vel pelo cap\u00edtulo sobre pluralidade cultural dos Par\u00e2metros Curriculares Nacionais (PCNs), coordenadora do grupo de pesquisa Discrimina\u00e7\u00e3o, Preconceito e Estigma, vinculado \u00e0 USP, e do N\u00facleo de Educa\u00e7\u00e3o em Direitos Humanos, da Universidade Metodista e autora do livro Ensino Religioso em Escolas P\u00fablicas: Impactos sobre o Estado Laico, Roseli critica o acordo e fala, nesta entrevista a NOVA ESCOLA GEST\u00c3O ESCOLAR, sobre as diversas e sempre irregulares maneiras de manifesta\u00e7\u00e3o religiosa no cotidiano escolar.<\/p>\n<p style=\"text-align: justify;\"><strong><a href=\"http:\/\/www.direitos.org.br\/index.php?option=com_content&amp;task=view&amp;id=5430&amp;Itemid=1\" target=\"_blank\" rel=\"noopener\">Leia neste link a entrevista completa.<\/a><\/strong><\/p>\n","protected":false},"excerpt":{"rendered":"<p>Acordo aprovado no Senado, que estabelece obrigatoriedade do ensino religioso na rede p\u00fablica, fere a Constitui\u00e7\u00e3o Federal &#8211; Centro de M\u00eddia Independente &#8211; 10 de outubro de 2009 * Equ\u00edvocos em s\u00e9rie Foi aprovado pelo Senado brasileiro na \u00faltima quarta-feira, 7 de outubro, o acordo firmado pelo presidente Lu\u00eds In\u00e1cio Lula da Silva e a [&hellip;]<\/p>\n","protected":false},"author":1,"featured_media":0,"comment_status":"open","ping_status":"open","sticky":false,"template":"","format":"standard","meta":{"site-container-style":"default","site-container-layout":"default","site-sidebar-layout":"default","disable-article-header":"default","disable-site-header":"default","disable-site-footer":"default","disable-content-area-spacing":"default","footnotes":""},"categories":[6,42,4],"tags":[],"class_list":["post-12081","post","type-post","status-publish","format-standard","hentry","category-educacao","category-entrevista","category-noticias"],"yoast_head":"<!-- This site is optimized with the Yoast SEO plugin v27.4 - https:\/\/yoast.com\/product\/yoast-seo-wordpress\/ -->\n<title>Escola p\u00fablica n\u00e3o \u00e9 lugar de religi\u00e3o -<\/title>\n<meta name=\"robots\" content=\"index, follow, max-snippet:-1, max-image-preview:large, max-video-preview:-1\" \/>\n<link rel=\"canonical\" href=\"https:\/\/inclusivenews.com.br\/?p=12081\" \/>\n<meta property=\"og:locale\" content=\"pt_PT\" \/>\n<meta property=\"og:type\" content=\"article\" \/>\n<meta property=\"og:title\" content=\"Escola p\u00fablica n\u00e3o \u00e9 lugar de religi\u00e3o -\" \/>\n<meta property=\"og:description\" content=\"Acordo aprovado no Senado, que estabelece obrigatoriedade do ensino religioso na rede p\u00fablica, fere a Constitui\u00e7\u00e3o Federal &#8211; Centro de M\u00eddia Independente &#8211; 10 de outubro de 2009 * Equ\u00edvocos em s\u00e9rie Foi aprovado pelo Senado brasileiro na \u00faltima quarta-feira, 7 de outubro, o acordo firmado pelo presidente Lu\u00eds In\u00e1cio Lula da Silva e a [&hellip;]\" \/>\n<meta property=\"og:url\" content=\"https:\/\/inclusivenews.com.br\/?p=12081\" \/>\n<meta property=\"article:publisher\" content=\"https:\/\/www.facebook.com\/agenciainclusive\/\" \/>\n<meta property=\"article:published_time\" content=\"2009-10-20T10:59:05+00:00\" \/>\n<meta name=\"author\" content=\"inclusivenews2024\" \/>\n<meta name=\"twitter:card\" content=\"summary_large_image\" \/>\n<meta name=\"twitter:label1\" content=\"Escrito por\" \/>\n\t<meta name=\"twitter:data1\" content=\"inclusivenews2024\" \/>\n\t<meta name=\"twitter:label2\" content=\"Tempo estimado de leitura\" \/>\n\t<meta name=\"twitter:data2\" content=\"2 minutos\" \/>\n<script type=\"application\/ld+json\" class=\"yoast-schema-graph\">{\"@context\":\"https:\\\/\\\/schema.org\",\"@graph\":[{\"@type\":\"Article\",\"@id\":\"https:\\\/\\\/inclusivenews.com.br\\\/?p=12081#article\",\"isPartOf\":{\"@id\":\"https:\\\/\\\/inclusivenews.com.br\\\/?p=12081\"},\"author\":{\"name\":\"inclusivenews2024\",\"@id\":\"https:\\\/\\\/inclusivenews.com.br\\\/#\\\/schema\\\/person\\\/ae4ec7087559b8692fb33b6fffd2273b\"},\"headline\":\"Escola p\u00fablica n\u00e3o \u00e9 lugar de religi\u00e3o\",\"datePublished\":\"2009-10-20T10:59:05+00:00\",\"mainEntityOfPage\":{\"@id\":\"https:\\\/\\\/inclusivenews.com.br\\\/?p=12081\"},\"wordCount\":313,\"commentCount\":0,\"publisher\":{\"@id\":\"https:\\\/\\\/inclusivenews.com.br\\\/#organization\"},\"articleSection\":[\"EDUCA\u00c7\u00c3O\",\"ENTREVISTAS\",\"NOT\u00cdCIAS\"],\"inLanguage\":\"pt-PT\",\"potentialAction\":[{\"@type\":\"CommentAction\",\"name\":\"Comment\",\"target\":[\"https:\\\/\\\/inclusivenews.com.br\\\/?p=12081#respond\"]}]},{\"@type\":\"WebPage\",\"@id\":\"https:\\\/\\\/inclusivenews.com.br\\\/?p=12081\",\"url\":\"https:\\\/\\\/inclusivenews.com.br\\\/?p=12081\",\"name\":\"Escola p\u00fablica n\u00e3o \u00e9 lugar de religi\u00e3o -\",\"isPartOf\":{\"@id\":\"https:\\\/\\\/inclusivenews.com.br\\\/#website\"},\"datePublished\":\"2009-10-20T10:59:05+00:00\",\"breadcrumb\":{\"@id\":\"https:\\\/\\\/inclusivenews.com.br\\\/?p=12081#breadcrumb\"},\"inLanguage\":\"pt-PT\",\"potentialAction\":[{\"@type\":\"ReadAction\",\"target\":[\"https:\\\/\\\/inclusivenews.com.br\\\/?p=12081\"]}]},{\"@type\":\"BreadcrumbList\",\"@id\":\"https:\\\/\\\/inclusivenews.com.br\\\/?p=12081#breadcrumb\",\"itemListElement\":[{\"@type\":\"ListItem\",\"position\":1,\"name\":\"In\u00edcio\",\"item\":\"https:\\\/\\\/inclusivenews.com.br\\\/\"},{\"@type\":\"ListItem\",\"position\":2,\"name\":\"Escola p\u00fablica n\u00e3o \u00e9 lugar de religi\u00e3o\"}]},{\"@type\":\"WebSite\",\"@id\":\"https:\\\/\\\/inclusivenews.com.br\\\/#website\",\"url\":\"https:\\\/\\\/inclusivenews.com.br\\\/\",\"name\":\"Inclusive News\",\"description\":\"Inclusive News\",\"publisher\":{\"@id\":\"https:\\\/\\\/inclusivenews.com.br\\\/#organization\"},\"potentialAction\":[{\"@type\":\"SearchAction\",\"target\":{\"@type\":\"EntryPoint\",\"urlTemplate\":\"https:\\\/\\\/inclusivenews.com.br\\\/?s={search_term_string}\"},\"query-input\":{\"@type\":\"PropertyValueSpecification\",\"valueRequired\":true,\"valueName\":\"search_term_string\"}}],\"inLanguage\":\"pt-PT\"},{\"@type\":\"Organization\",\"@id\":\"https:\\\/\\\/inclusivenews.com.br\\\/#organization\",\"name\":\"Inclusive - inclus\u00e3o e cidadania\",\"url\":\"https:\\\/\\\/inclusivenews.com.br\\\/\",\"logo\":{\"@type\":\"ImageObject\",\"inLanguage\":\"pt-PT\",\"@id\":\"https:\\\/\\\/inclusivenews.com.br\\\/#\\\/schema\\\/logo\\\/image\\\/\",\"url\":\"https:\\\/\\\/inclusivenews.com.br\\\/wp-content\\\/uploads\\\/2024\\\/03\\\/@grandesite.png\",\"contentUrl\":\"https:\\\/\\\/inclusivenews.com.br\\\/wp-content\\\/uploads\\\/2024\\\/03\\\/@grandesite.png\",\"width\":1080,\"height\":1080,\"caption\":\"Inclusive - inclus\u00e3o e cidadania\"},\"image\":{\"@id\":\"https:\\\/\\\/inclusivenews.com.br\\\/#\\\/schema\\\/logo\\\/image\\\/\"},\"sameAs\":[\"https:\\\/\\\/www.facebook.com\\\/agenciainclusive\\\/\",\"https:\\\/\\\/www.instagram.com\\\/newsinclusive\\\/\"]},{\"@type\":\"Person\",\"@id\":\"https:\\\/\\\/inclusivenews.com.br\\\/#\\\/schema\\\/person\\\/ae4ec7087559b8692fb33b6fffd2273b\",\"name\":\"inclusivenews2024\",\"image\":{\"@type\":\"ImageObject\",\"inLanguage\":\"pt-PT\",\"@id\":\"https:\\\/\\\/secure.gravatar.com\\\/avatar\\\/c5a7ef84c66fa914f55bc4f7ce26cfa275a3b9a1c5568b907bd184fb4dde7b40?s=96&d=mm&r=g\",\"url\":\"https:\\\/\\\/secure.gravatar.com\\\/avatar\\\/c5a7ef84c66fa914f55bc4f7ce26cfa275a3b9a1c5568b907bd184fb4dde7b40?s=96&d=mm&r=g\",\"contentUrl\":\"https:\\\/\\\/secure.gravatar.com\\\/avatar\\\/c5a7ef84c66fa914f55bc4f7ce26cfa275a3b9a1c5568b907bd184fb4dde7b40?s=96&d=mm&r=g\",\"caption\":\"inclusivenews2024\"},\"sameAs\":[\"https:\\\/\\\/inclusivenews.com.br\"],\"url\":\"https:\\\/\\\/inclusivenews.com.br\\\/?author=1\"}]}<\/script>\n<!-- \/ Yoast SEO plugin. -->","yoast_head_json":{"title":"Escola p\u00fablica n\u00e3o \u00e9 lugar de religi\u00e3o -","robots":{"index":"index","follow":"follow","max-snippet":"max-snippet:-1","max-image-preview":"max-image-preview:large","max-video-preview":"max-video-preview:-1"},"canonical":"https:\/\/inclusivenews.com.br\/?p=12081","og_locale":"pt_PT","og_type":"article","og_title":"Escola p\u00fablica n\u00e3o \u00e9 lugar de religi\u00e3o -","og_description":"Acordo aprovado no Senado, que estabelece obrigatoriedade do ensino religioso na rede p\u00fablica, fere a Constitui\u00e7\u00e3o Federal &#8211; Centro de M\u00eddia Independente &#8211; 10 de outubro de 2009 * Equ\u00edvocos em s\u00e9rie Foi aprovado pelo Senado brasileiro na \u00faltima quarta-feira, 7 de outubro, o acordo firmado pelo presidente Lu\u00eds In\u00e1cio Lula da Silva e a [&hellip;]","og_url":"https:\/\/inclusivenews.com.br\/?p=12081","article_publisher":"https:\/\/www.facebook.com\/agenciainclusive\/","article_published_time":"2009-10-20T10:59:05+00:00","author":"inclusivenews2024","twitter_card":"summary_large_image","twitter_misc":{"Escrito por":"inclusivenews2024","Tempo estimado de leitura":"2 minutos"},"schema":{"@context":"https:\/\/schema.org","@graph":[{"@type":"Article","@id":"https:\/\/inclusivenews.com.br\/?p=12081#article","isPartOf":{"@id":"https:\/\/inclusivenews.com.br\/?p=12081"},"author":{"name":"inclusivenews2024","@id":"https:\/\/inclusivenews.com.br\/#\/schema\/person\/ae4ec7087559b8692fb33b6fffd2273b"},"headline":"Escola p\u00fablica n\u00e3o \u00e9 lugar de religi\u00e3o","datePublished":"2009-10-20T10:59:05+00:00","mainEntityOfPage":{"@id":"https:\/\/inclusivenews.com.br\/?p=12081"},"wordCount":313,"commentCount":0,"publisher":{"@id":"https:\/\/inclusivenews.com.br\/#organization"},"articleSection":["EDUCA\u00c7\u00c3O","ENTREVISTAS","NOT\u00cdCIAS"],"inLanguage":"pt-PT","potentialAction":[{"@type":"CommentAction","name":"Comment","target":["https:\/\/inclusivenews.com.br\/?p=12081#respond"]}]},{"@type":"WebPage","@id":"https:\/\/inclusivenews.com.br\/?p=12081","url":"https:\/\/inclusivenews.com.br\/?p=12081","name":"Escola p\u00fablica n\u00e3o \u00e9 lugar de religi\u00e3o -","isPartOf":{"@id":"https:\/\/inclusivenews.com.br\/#website"},"datePublished":"2009-10-20T10:59:05+00:00","breadcrumb":{"@id":"https:\/\/inclusivenews.com.br\/?p=12081#breadcrumb"},"inLanguage":"pt-PT","potentialAction":[{"@type":"ReadAction","target":["https:\/\/inclusivenews.com.br\/?p=12081"]}]},{"@type":"BreadcrumbList","@id":"https:\/\/inclusivenews.com.br\/?p=12081#breadcrumb","itemListElement":[{"@type":"ListItem","position":1,"name":"In\u00edcio","item":"https:\/\/inclusivenews.com.br\/"},{"@type":"ListItem","position":2,"name":"Escola p\u00fablica n\u00e3o \u00e9 lugar de religi\u00e3o"}]},{"@type":"WebSite","@id":"https:\/\/inclusivenews.com.br\/#website","url":"https:\/\/inclusivenews.com.br\/","name":"Inclusive News","description":"Inclusive News","publisher":{"@id":"https:\/\/inclusivenews.com.br\/#organization"},"potentialAction":[{"@type":"SearchAction","target":{"@type":"EntryPoint","urlTemplate":"https:\/\/inclusivenews.com.br\/?s={search_term_string}"},"query-input":{"@type":"PropertyValueSpecification","valueRequired":true,"valueName":"search_term_string"}}],"inLanguage":"pt-PT"},{"@type":"Organization","@id":"https:\/\/inclusivenews.com.br\/#organization","name":"Inclusive - inclus\u00e3o e cidadania","url":"https:\/\/inclusivenews.com.br\/","logo":{"@type":"ImageObject","inLanguage":"pt-PT","@id":"https:\/\/inclusivenews.com.br\/#\/schema\/logo\/image\/","url":"https:\/\/inclusivenews.com.br\/wp-content\/uploads\/2024\/03\/@grandesite.png","contentUrl":"https:\/\/inclusivenews.com.br\/wp-content\/uploads\/2024\/03\/@grandesite.png","width":1080,"height":1080,"caption":"Inclusive - inclus\u00e3o e cidadania"},"image":{"@id":"https:\/\/inclusivenews.com.br\/#\/schema\/logo\/image\/"},"sameAs":["https:\/\/www.facebook.com\/agenciainclusive\/","https:\/\/www.instagram.com\/newsinclusive\/"]},{"@type":"Person","@id":"https:\/\/inclusivenews.com.br\/#\/schema\/person\/ae4ec7087559b8692fb33b6fffd2273b","name":"inclusivenews2024","image":{"@type":"ImageObject","inLanguage":"pt-PT","@id":"https:\/\/secure.gravatar.com\/avatar\/c5a7ef84c66fa914f55bc4f7ce26cfa275a3b9a1c5568b907bd184fb4dde7b40?s=96&d=mm&r=g","url":"https:\/\/secure.gravatar.com\/avatar\/c5a7ef84c66fa914f55bc4f7ce26cfa275a3b9a1c5568b907bd184fb4dde7b40?s=96&d=mm&r=g","contentUrl":"https:\/\/secure.gravatar.com\/avatar\/c5a7ef84c66fa914f55bc4f7ce26cfa275a3b9a1c5568b907bd184fb4dde7b40?s=96&d=mm&r=g","caption":"inclusivenews2024"},"sameAs":["https:\/\/inclusivenews.com.br"],"url":"https:\/\/inclusivenews.com.br\/?author=1"}]}},"_links":{"self":[{"href":"https:\/\/inclusivenews.com.br\/index.php?rest_route=\/wp\/v2\/posts\/12081","targetHints":{"allow":["GET"]}}],"collection":[{"href":"https:\/\/inclusivenews.com.br\/index.php?rest_route=\/wp\/v2\/posts"}],"about":[{"href":"https:\/\/inclusivenews.com.br\/index.php?rest_route=\/wp\/v2\/types\/post"}],"author":[{"embeddable":true,"href":"https:\/\/inclusivenews.com.br\/index.php?rest_route=\/wp\/v2\/users\/1"}],"replies":[{"embeddable":true,"href":"https:\/\/inclusivenews.com.br\/index.php?rest_route=%2Fwp%2Fv2%2Fcomments&post=12081"}],"version-history":[{"count":0,"href":"https:\/\/inclusivenews.com.br\/index.php?rest_route=\/wp\/v2\/posts\/12081\/revisions"}],"wp:attachment":[{"href":"https:\/\/inclusivenews.com.br\/index.php?rest_route=%2Fwp%2Fv2%2Fmedia&parent=12081"}],"wp:term":[{"taxonomy":"category","embeddable":true,"href":"https:\/\/inclusivenews.com.br\/index.php?rest_route=%2Fwp%2Fv2%2Fcategories&post=12081"},{"taxonomy":"post_tag","embeddable":true,"href":"https:\/\/inclusivenews.com.br\/index.php?rest_route=%2Fwp%2Fv2%2Ftags&post=12081"}],"curies":[{"name":"wp","href":"https:\/\/api.w.org\/{rel}","templated":true}]}}