{"id":12083,"date":"2009-10-20T07:53:46","date_gmt":"2009-10-20T10:53:46","guid":{"rendered":"http:\/\/www.inclusive.org.br\/?p=12083"},"modified":"2009-10-20T07:53:46","modified_gmt":"2009-10-20T10:53:46","slug":"pesquisa-identifica-falta-de-qualificacao-na-educacao-infantil","status":"publish","type":"post","link":"https:\/\/inclusivenews.com.br\/?p=12083","title":{"rendered":"Pesquisa identifica falta de qualifica\u00e7\u00e3o na Educa\u00e7\u00e3o Infantil"},"content":{"rendered":"<p style=\"text-align: justify;\">Talita Mochiute &#8211;\u00a0<a href=\"mailto:talitamochiute@aprendiz.org.br\">talitamochiute@aprendiz.org.br<\/a><\/p>\n<p>Falta de qualifica\u00e7\u00e3o. Concursos que n\u00e3o exigem forma\u00e7\u00e3o superior. Menor remunera\u00e7\u00e3o. Esses s\u00e3o alguns dos problemas identificados nas redes de Educa\u00e7\u00e3o Infantil das cidades capixabas segundo a pesquisa \u201cMapeamento da Educa\u00e7\u00e3o Infantil no Esp\u00edrito Santo\u201d, coordenada pela professora da Universidade Federal do Esp\u00edrito Santo (UFES), Valdete C\u00f4co.<\/p>\n<p>Entre 2007 e 2009, os pesquisadores acompanharam 42 editais de concursos p\u00fablicos e enviaram question\u00e1rio aos 78 munic\u00edpios capixabas, mas apenas 41 responderam. Um dos objetivos da pesquisa era analisar a configura\u00e7\u00e3o do campo de trabalho dos profissionais que atuam na Educa\u00e7\u00e3o Infantil no estado, verificando, por exemplo, a forma\u00e7\u00e3o inicial e o plano de carreira.<\/p>\n<p style=\"text-align: justify;\">(&#8230;)<\/p>\n<p style=\"text-align: justify;\"><a href=\"http:\/\/aprendiz.uol.com.br\/content\/swemecuswe.mmp\" target=\"_blank\" rel=\"noopener\"><strong>Leia a \u00edntegra da reportagem no Portal Aprendiz. <img loading=\"lazy\" decoding=\"async\" title=\"Link abrir\u00e1 em uma nova janela ou aba.\" src=\"http:\/\/www.inclusive.org.br\/images\/new_window.gif\" alt=\"Link abrir\u00e1 em uma nova janela ou aba.\" width=\"16\" height=\"14\" \/><\/strong><\/a><\/p>\n","protected":false},"excerpt":{"rendered":"<p>Talita Mochiute &#8211;\u00a0talitamochiute@aprendiz.org.br Falta de qualifica\u00e7\u00e3o. Concursos que n\u00e3o exigem forma\u00e7\u00e3o superior. Menor remunera\u00e7\u00e3o. Esses s\u00e3o alguns dos problemas identificados nas redes de Educa\u00e7\u00e3o Infantil das cidades capixabas segundo a pesquisa \u201cMapeamento da Educa\u00e7\u00e3o Infantil no Esp\u00edrito Santo\u201d, coordenada pela professora da Universidade Federal do Esp\u00edrito Santo (UFES), Valdete C\u00f4co. Entre 2007 e 2009, os [&hellip;]<\/p>\n","protected":false},"author":1,"featured_media":0,"comment_status":"open","ping_status":"open","sticky":false,"template":"","format":"standard","meta":{"site-container-style":"default","site-container-layout":"default","site-sidebar-layout":"default","disable-article-header":"default","disable-site-header":"default","disable-site-footer":"default","disable-content-area-spacing":"default","footnotes":""},"categories":[6,33],"tags":[],"class_list":["post-12083","post","type-post","status-publish","format-standard","hentry","category-educacao","category-reportagem"],"yoast_head":"<!-- This site is optimized with the Yoast SEO plugin v27.4 - https:\/\/yoast.com\/product\/yoast-seo-wordpress\/ -->\n<title>Pesquisa identifica falta de qualifica\u00e7\u00e3o na Educa\u00e7\u00e3o Infantil -<\/title>\n<meta name=\"robots\" content=\"index, follow, max-snippet:-1, max-image-preview:large, max-video-preview:-1\" \/>\n<link rel=\"canonical\" href=\"https:\/\/inclusivenews.com.br\/?p=12083\" \/>\n<meta property=\"og:locale\" content=\"pt_PT\" \/>\n<meta property=\"og:type\" content=\"article\" \/>\n<meta property=\"og:title\" content=\"Pesquisa identifica falta de qualifica\u00e7\u00e3o na Educa\u00e7\u00e3o Infantil -\" \/>\n<meta property=\"og:description\" content=\"Talita Mochiute &#8211;\u00a0talitamochiute@aprendiz.org.br Falta de qualifica\u00e7\u00e3o. Concursos que n\u00e3o exigem forma\u00e7\u00e3o superior. Menor remunera\u00e7\u00e3o. Esses s\u00e3o alguns dos problemas identificados nas redes de Educa\u00e7\u00e3o Infantil das cidades capixabas segundo a pesquisa \u201cMapeamento da Educa\u00e7\u00e3o Infantil no Esp\u00edrito Santo\u201d, coordenada pela professora da Universidade Federal do Esp\u00edrito Santo (UFES), Valdete C\u00f4co. Entre 2007 e 2009, os [&hellip;]\" \/>\n<meta property=\"og:url\" content=\"https:\/\/inclusivenews.com.br\/?p=12083\" \/>\n<meta property=\"article:publisher\" content=\"https:\/\/www.facebook.com\/agenciainclusive\/\" \/>\n<meta property=\"article:published_time\" content=\"2009-10-20T10:53:46+00:00\" \/>\n<meta property=\"og:image\" content=\"http:\/\/www.inclusive.org.br\/images\/new_window.gif\" \/>\n<meta name=\"author\" content=\"inclusivenews2024\" \/>\n<meta name=\"twitter:card\" content=\"summary_large_image\" \/>\n<meta name=\"twitter:label1\" content=\"Escrito por\" \/>\n\t<meta name=\"twitter:data1\" content=\"inclusivenews2024\" \/>\n\t<meta name=\"twitter:label2\" content=\"Tempo estimado de leitura\" \/>\n\t<meta name=\"twitter:data2\" content=\"1 minuto\" \/>\n<script type=\"application\/ld+json\" class=\"yoast-schema-graph\">{\"@context\":\"https:\\\/\\\/schema.org\",\"@graph\":[{\"@type\":\"Article\",\"@id\":\"https:\\\/\\\/inclusivenews.com.br\\\/?p=12083#article\",\"isPartOf\":{\"@id\":\"https:\\\/\\\/inclusivenews.com.br\\\/?p=12083\"},\"author\":{\"name\":\"inclusivenews2024\",\"@id\":\"https:\\\/\\\/inclusivenews.com.br\\\/#\\\/schema\\\/person\\\/ae4ec7087559b8692fb33b6fffd2273b\"},\"headline\":\"Pesquisa identifica falta de qualifica\u00e7\u00e3o na Educa\u00e7\u00e3o Infantil\",\"datePublished\":\"2009-10-20T10:53:46+00:00\",\"mainEntityOfPage\":{\"@id\":\"https:\\\/\\\/inclusivenews.com.br\\\/?p=12083\"},\"wordCount\":139,\"commentCount\":0,\"publisher\":{\"@id\":\"https:\\\/\\\/inclusivenews.com.br\\\/#organization\"},\"image\":{\"@id\":\"https:\\\/\\\/inclusivenews.com.br\\\/?p=12083#primaryimage\"},\"thumbnailUrl\":\"http:\\\/\\\/www.inclusive.org.br\\\/images\\\/new_window.gif\",\"articleSection\":[\"EDUCA\u00c7\u00c3O\",\"Reportagem\"],\"inLanguage\":\"pt-PT\",\"potentialAction\":[{\"@type\":\"CommentAction\",\"name\":\"Comment\",\"target\":[\"https:\\\/\\\/inclusivenews.com.br\\\/?p=12083#respond\"]}]},{\"@type\":\"WebPage\",\"@id\":\"https:\\\/\\\/inclusivenews.com.br\\\/?p=12083\",\"url\":\"https:\\\/\\\/inclusivenews.com.br\\\/?p=12083\",\"name\":\"Pesquisa identifica falta de qualifica\u00e7\u00e3o na Educa\u00e7\u00e3o Infantil -\",\"isPartOf\":{\"@id\":\"https:\\\/\\\/inclusivenews.com.br\\\/#website\"},\"primaryImageOfPage\":{\"@id\":\"https:\\\/\\\/inclusivenews.com.br\\\/?p=12083#primaryimage\"},\"image\":{\"@id\":\"https:\\\/\\\/inclusivenews.com.br\\\/?p=12083#primaryimage\"},\"thumbnailUrl\":\"http:\\\/\\\/www.inclusive.org.br\\\/images\\\/new_window.gif\",\"datePublished\":\"2009-10-20T10:53:46+00:00\",\"breadcrumb\":{\"@id\":\"https:\\\/\\\/inclusivenews.com.br\\\/?p=12083#breadcrumb\"},\"inLanguage\":\"pt-PT\",\"potentialAction\":[{\"@type\":\"ReadAction\",\"target\":[\"https:\\\/\\\/inclusivenews.com.br\\\/?p=12083\"]}]},{\"@type\":\"ImageObject\",\"inLanguage\":\"pt-PT\",\"@id\":\"https:\\\/\\\/inclusivenews.com.br\\\/?p=12083#primaryimage\",\"url\":\"http:\\\/\\\/www.inclusive.org.br\\\/images\\\/new_window.gif\",\"contentUrl\":\"http:\\\/\\\/www.inclusive.org.br\\\/images\\\/new_window.gif\"},{\"@type\":\"BreadcrumbList\",\"@id\":\"https:\\\/\\\/inclusivenews.com.br\\\/?p=12083#breadcrumb\",\"itemListElement\":[{\"@type\":\"ListItem\",\"position\":1,\"name\":\"In\u00edcio\",\"item\":\"https:\\\/\\\/inclusivenews.com.br\\\/\"},{\"@type\":\"ListItem\",\"position\":2,\"name\":\"Pesquisa identifica falta de qualifica\u00e7\u00e3o na Educa\u00e7\u00e3o Infantil\"}]},{\"@type\":\"WebSite\",\"@id\":\"https:\\\/\\\/inclusivenews.com.br\\\/#website\",\"url\":\"https:\\\/\\\/inclusivenews.com.br\\\/\",\"name\":\"Inclusive News\",\"description\":\"Inclusive News\",\"publisher\":{\"@id\":\"https:\\\/\\\/inclusivenews.com.br\\\/#organization\"},\"potentialAction\":[{\"@type\":\"SearchAction\",\"target\":{\"@type\":\"EntryPoint\",\"urlTemplate\":\"https:\\\/\\\/inclusivenews.com.br\\\/?s={search_term_string}\"},\"query-input\":{\"@type\":\"PropertyValueSpecification\",\"valueRequired\":true,\"valueName\":\"search_term_string\"}}],\"inLanguage\":\"pt-PT\"},{\"@type\":\"Organization\",\"@id\":\"https:\\\/\\\/inclusivenews.com.br\\\/#organization\",\"name\":\"Inclusive - inclus\u00e3o e cidadania\",\"url\":\"https:\\\/\\\/inclusivenews.com.br\\\/\",\"logo\":{\"@type\":\"ImageObject\",\"inLanguage\":\"pt-PT\",\"@id\":\"https:\\\/\\\/inclusivenews.com.br\\\/#\\\/schema\\\/logo\\\/image\\\/\",\"url\":\"https:\\\/\\\/inclusivenews.com.br\\\/wp-content\\\/uploads\\\/2024\\\/03\\\/@grandesite.png\",\"contentUrl\":\"https:\\\/\\\/inclusivenews.com.br\\\/wp-content\\\/uploads\\\/2024\\\/03\\\/@grandesite.png\",\"width\":1080,\"height\":1080,\"caption\":\"Inclusive - inclus\u00e3o e cidadania\"},\"image\":{\"@id\":\"https:\\\/\\\/inclusivenews.com.br\\\/#\\\/schema\\\/logo\\\/image\\\/\"},\"sameAs\":[\"https:\\\/\\\/www.facebook.com\\\/agenciainclusive\\\/\",\"https:\\\/\\\/www.instagram.com\\\/newsinclusive\\\/\"]},{\"@type\":\"Person\",\"@id\":\"https:\\\/\\\/inclusivenews.com.br\\\/#\\\/schema\\\/person\\\/ae4ec7087559b8692fb33b6fffd2273b\",\"name\":\"inclusivenews2024\",\"image\":{\"@type\":\"ImageObject\",\"inLanguage\":\"pt-PT\",\"@id\":\"https:\\\/\\\/secure.gravatar.com\\\/avatar\\\/c5a7ef84c66fa914f55bc4f7ce26cfa275a3b9a1c5568b907bd184fb4dde7b40?s=96&d=mm&r=g\",\"url\":\"https:\\\/\\\/secure.gravatar.com\\\/avatar\\\/c5a7ef84c66fa914f55bc4f7ce26cfa275a3b9a1c5568b907bd184fb4dde7b40?s=96&d=mm&r=g\",\"contentUrl\":\"https:\\\/\\\/secure.gravatar.com\\\/avatar\\\/c5a7ef84c66fa914f55bc4f7ce26cfa275a3b9a1c5568b907bd184fb4dde7b40?s=96&d=mm&r=g\",\"caption\":\"inclusivenews2024\"},\"sameAs\":[\"https:\\\/\\\/inclusivenews.com.br\"],\"url\":\"https:\\\/\\\/inclusivenews.com.br\\\/?author=1\"}]}<\/script>\n<!-- \/ Yoast SEO plugin. -->","yoast_head_json":{"title":"Pesquisa identifica falta de qualifica\u00e7\u00e3o na Educa\u00e7\u00e3o Infantil -","robots":{"index":"index","follow":"follow","max-snippet":"max-snippet:-1","max-image-preview":"max-image-preview:large","max-video-preview":"max-video-preview:-1"},"canonical":"https:\/\/inclusivenews.com.br\/?p=12083","og_locale":"pt_PT","og_type":"article","og_title":"Pesquisa identifica falta de qualifica\u00e7\u00e3o na Educa\u00e7\u00e3o Infantil -","og_description":"Talita Mochiute &#8211;\u00a0talitamochiute@aprendiz.org.br Falta de qualifica\u00e7\u00e3o. Concursos que n\u00e3o exigem forma\u00e7\u00e3o superior. Menor remunera\u00e7\u00e3o. Esses s\u00e3o alguns dos problemas identificados nas redes de Educa\u00e7\u00e3o Infantil das cidades capixabas segundo a pesquisa \u201cMapeamento da Educa\u00e7\u00e3o Infantil no Esp\u00edrito Santo\u201d, coordenada pela professora da Universidade Federal do Esp\u00edrito Santo (UFES), Valdete C\u00f4co. Entre 2007 e 2009, os [&hellip;]","og_url":"https:\/\/inclusivenews.com.br\/?p=12083","article_publisher":"https:\/\/www.facebook.com\/agenciainclusive\/","article_published_time":"2009-10-20T10:53:46+00:00","og_image":[{"url":"http:\/\/www.inclusive.org.br\/images\/new_window.gif","type":"","width":"","height":""}],"author":"inclusivenews2024","twitter_card":"summary_large_image","twitter_misc":{"Escrito por":"inclusivenews2024","Tempo estimado de leitura":"1 minuto"},"schema":{"@context":"https:\/\/schema.org","@graph":[{"@type":"Article","@id":"https:\/\/inclusivenews.com.br\/?p=12083#article","isPartOf":{"@id":"https:\/\/inclusivenews.com.br\/?p=12083"},"author":{"name":"inclusivenews2024","@id":"https:\/\/inclusivenews.com.br\/#\/schema\/person\/ae4ec7087559b8692fb33b6fffd2273b"},"headline":"Pesquisa identifica falta de qualifica\u00e7\u00e3o na Educa\u00e7\u00e3o Infantil","datePublished":"2009-10-20T10:53:46+00:00","mainEntityOfPage":{"@id":"https:\/\/inclusivenews.com.br\/?p=12083"},"wordCount":139,"commentCount":0,"publisher":{"@id":"https:\/\/inclusivenews.com.br\/#organization"},"image":{"@id":"https:\/\/inclusivenews.com.br\/?p=12083#primaryimage"},"thumbnailUrl":"http:\/\/www.inclusive.org.br\/images\/new_window.gif","articleSection":["EDUCA\u00c7\u00c3O","Reportagem"],"inLanguage":"pt-PT","potentialAction":[{"@type":"CommentAction","name":"Comment","target":["https:\/\/inclusivenews.com.br\/?p=12083#respond"]}]},{"@type":"WebPage","@id":"https:\/\/inclusivenews.com.br\/?p=12083","url":"https:\/\/inclusivenews.com.br\/?p=12083","name":"Pesquisa identifica falta de qualifica\u00e7\u00e3o na Educa\u00e7\u00e3o Infantil -","isPartOf":{"@id":"https:\/\/inclusivenews.com.br\/#website"},"primaryImageOfPage":{"@id":"https:\/\/inclusivenews.com.br\/?p=12083#primaryimage"},"image":{"@id":"https:\/\/inclusivenews.com.br\/?p=12083#primaryimage"},"thumbnailUrl":"http:\/\/www.inclusive.org.br\/images\/new_window.gif","datePublished":"2009-10-20T10:53:46+00:00","breadcrumb":{"@id":"https:\/\/inclusivenews.com.br\/?p=12083#breadcrumb"},"inLanguage":"pt-PT","potentialAction":[{"@type":"ReadAction","target":["https:\/\/inclusivenews.com.br\/?p=12083"]}]},{"@type":"ImageObject","inLanguage":"pt-PT","@id":"https:\/\/inclusivenews.com.br\/?p=12083#primaryimage","url":"http:\/\/www.inclusive.org.br\/images\/new_window.gif","contentUrl":"http:\/\/www.inclusive.org.br\/images\/new_window.gif"},{"@type":"BreadcrumbList","@id":"https:\/\/inclusivenews.com.br\/?p=12083#breadcrumb","itemListElement":[{"@type":"ListItem","position":1,"name":"In\u00edcio","item":"https:\/\/inclusivenews.com.br\/"},{"@type":"ListItem","position":2,"name":"Pesquisa identifica falta de qualifica\u00e7\u00e3o na Educa\u00e7\u00e3o Infantil"}]},{"@type":"WebSite","@id":"https:\/\/inclusivenews.com.br\/#website","url":"https:\/\/inclusivenews.com.br\/","name":"Inclusive News","description":"Inclusive News","publisher":{"@id":"https:\/\/inclusivenews.com.br\/#organization"},"potentialAction":[{"@type":"SearchAction","target":{"@type":"EntryPoint","urlTemplate":"https:\/\/inclusivenews.com.br\/?s={search_term_string}"},"query-input":{"@type":"PropertyValueSpecification","valueRequired":true,"valueName":"search_term_string"}}],"inLanguage":"pt-PT"},{"@type":"Organization","@id":"https:\/\/inclusivenews.com.br\/#organization","name":"Inclusive - inclus\u00e3o e cidadania","url":"https:\/\/inclusivenews.com.br\/","logo":{"@type":"ImageObject","inLanguage":"pt-PT","@id":"https:\/\/inclusivenews.com.br\/#\/schema\/logo\/image\/","url":"https:\/\/inclusivenews.com.br\/wp-content\/uploads\/2024\/03\/@grandesite.png","contentUrl":"https:\/\/inclusivenews.com.br\/wp-content\/uploads\/2024\/03\/@grandesite.png","width":1080,"height":1080,"caption":"Inclusive - inclus\u00e3o e cidadania"},"image":{"@id":"https:\/\/inclusivenews.com.br\/#\/schema\/logo\/image\/"},"sameAs":["https:\/\/www.facebook.com\/agenciainclusive\/","https:\/\/www.instagram.com\/newsinclusive\/"]},{"@type":"Person","@id":"https:\/\/inclusivenews.com.br\/#\/schema\/person\/ae4ec7087559b8692fb33b6fffd2273b","name":"inclusivenews2024","image":{"@type":"ImageObject","inLanguage":"pt-PT","@id":"https:\/\/secure.gravatar.com\/avatar\/c5a7ef84c66fa914f55bc4f7ce26cfa275a3b9a1c5568b907bd184fb4dde7b40?s=96&d=mm&r=g","url":"https:\/\/secure.gravatar.com\/avatar\/c5a7ef84c66fa914f55bc4f7ce26cfa275a3b9a1c5568b907bd184fb4dde7b40?s=96&d=mm&r=g","contentUrl":"https:\/\/secure.gravatar.com\/avatar\/c5a7ef84c66fa914f55bc4f7ce26cfa275a3b9a1c5568b907bd184fb4dde7b40?s=96&d=mm&r=g","caption":"inclusivenews2024"},"sameAs":["https:\/\/inclusivenews.com.br"],"url":"https:\/\/inclusivenews.com.br\/?author=1"}]}},"_links":{"self":[{"href":"https:\/\/inclusivenews.com.br\/index.php?rest_route=\/wp\/v2\/posts\/12083","targetHints":{"allow":["GET"]}}],"collection":[{"href":"https:\/\/inclusivenews.com.br\/index.php?rest_route=\/wp\/v2\/posts"}],"about":[{"href":"https:\/\/inclusivenews.com.br\/index.php?rest_route=\/wp\/v2\/types\/post"}],"author":[{"embeddable":true,"href":"https:\/\/inclusivenews.com.br\/index.php?rest_route=\/wp\/v2\/users\/1"}],"replies":[{"embeddable":true,"href":"https:\/\/inclusivenews.com.br\/index.php?rest_route=%2Fwp%2Fv2%2Fcomments&post=12083"}],"version-history":[{"count":0,"href":"https:\/\/inclusivenews.com.br\/index.php?rest_route=\/wp\/v2\/posts\/12083\/revisions"}],"wp:attachment":[{"href":"https:\/\/inclusivenews.com.br\/index.php?rest_route=%2Fwp%2Fv2%2Fmedia&parent=12083"}],"wp:term":[{"taxonomy":"category","embeddable":true,"href":"https:\/\/inclusivenews.com.br\/index.php?rest_route=%2Fwp%2Fv2%2Fcategories&post=12083"},{"taxonomy":"post_tag","embeddable":true,"href":"https:\/\/inclusivenews.com.br\/index.php?rest_route=%2Fwp%2Fv2%2Ftags&post=12083"}],"curies":[{"name":"wp","href":"https:\/\/api.w.org\/{rel}","templated":true}]}}