{"id":12131,"date":"2009-10-22T07:10:11","date_gmt":"2009-10-22T10:10:11","guid":{"rendered":"http:\/\/www.inclusive.org.br\/?p=12131"},"modified":"2009-10-22T07:10:11","modified_gmt":"2009-10-22T10:10:11","slug":"mulher-e-espancada-por-ser-gorda","status":"publish","type":"post","link":"https:\/\/inclusivenews.com.br\/?p=12131","title":{"rendered":"Mulher \u00e9 espancada por ser gorda"},"content":{"rendered":"<figure style=\"width: 140px\" class=\"wp-caption alignleft\"><img loading=\"lazy\" decoding=\"async\" title=\"Fotografia de Marsha Coupe.\" src=\"http:\/\/www.papodegordo.com.br\/wp-content\/uploads\/marshacoupe.jpg\" alt=\"Fotografia de Marsha Coupe.\" width=\"140\" height=\"204\" \/><figcaption class=\"wp-caption-text\"> <\/figcaption><\/figure>\n<p style=\"text-align: justify;\">Quando dizem que o preconceito contra os gordos n\u00e3o \u00e9 algo que deva ser levado a s\u00e9rio, not\u00edcias como essa recisam ser apresentadas: Uma mulher foi espancada num trem apenas por ser gorda.<\/p>\n<p style=\"text-align: justify;\">O fato ocorreu em Londres, Inglaterra, quando a brit\u00e2nica Marsha Coupe, de 53 anos, voltava para casa de trem. Outra mulher, b\u00eabada, come\u00e7ou a gritar frases como \u201cEi, gorda! Voc\u00ea n\u00e3o deveria estar neste trem. Voc\u00ea precisa de dois assentos!\u201d. Depois de xingar, a mulher partiu para a agress\u00e3o f\u00edsica. Marsha recebeu chutes e pontap\u00e9s e ficou com v\u00e1rios hematomas.<\/p>\n<p style=\"text-align: justify;\">Isso aconteceu em maio, mas s\u00f3 agora est\u00e1 ganhando destaque na m\u00eddia porque Marsha come\u00e7ou a trabalhar em uma campanha para p\u00f4r fim \u00e0 discrimina\u00e7\u00e3o contra os gordos em Londres, aproveitando que a capital brit\u00e2nica ser\u00e1 a sede dos Jogos Ol\u00edmpicos de 2012.<\/p>\n<p style=\"text-align: justify;\">Segundo Marsha, apesar de Londres se vangloriar de ser uma cidade com grande diversidade cultural, os obesos sofrem bastante preconceito. A BBC far\u00e1 um programa sobre o assunto, apresentando tamb\u00e9m o caso de Eve Hart, de 25 anos, que foi barrada em boates londrinas porque a apar\u00eancia n\u00e3o era \u201cadequada\u201d.<\/p>\n<p style=\"text-align: justify;\">Ser\u00e1 feito um paralelo com a cidade norte-americana de San Francisco, onde \u00e9 ilegal discriminar algu\u00e9m por causa do peso. L\u00e1, cinemas e restaurantes, por exemplo, s\u00e3o obrigados a disponibilizar assentos de tamanho grande e at\u00e9 mesmo m\u00e9dicos s\u00e3o impedidos de falar com pacientes sobre quest\u00f5es relacionadas a peso se eles assim desejarem.<\/p>\n<p style=\"text-align: justify;\">_________________________________<\/p>\n<p style=\"text-align: justify;\"><strong>Fonte de informa\u00e7\u00e3o:<\/strong> <a href=\"http:\/\/www.papodegordo.com.br\/index.php\/2009\/10\/21\/mulher-e-espancada-por-ser-gorda\/\" target=\"_blank\" rel=\"noopener\">Papo de gordo <img loading=\"lazy\" decoding=\"async\" title=\"Link abrir\u00e1 em uma nova janela ou aba.\" src=\"http:\/\/www.inclusive.org.br\/images\/new_window.gif\" alt=\"Link abrir\u00e1 em uma nova janela ou aba.\" width=\"16\" height=\"14\" \/><\/a><\/p>\n","protected":false},"excerpt":{"rendered":"<p>Quando dizem que o preconceito contra os gordos n\u00e3o \u00e9 algo que deva ser levado a s\u00e9rio, not\u00edcias como essa recisam ser apresentadas: Uma mulher foi espancada num trem apenas por ser gorda. O fato ocorreu em Londres, Inglaterra, quando a brit\u00e2nica Marsha Coupe, de 53 anos, voltava para casa de trem. Outra mulher, b\u00eabada, [&hellip;]<\/p>\n","protected":false},"author":1,"featured_media":0,"comment_status":"open","ping_status":"open","sticky":false,"template":"","format":"standard","meta":{"site-container-style":"default","site-container-layout":"default","site-sidebar-layout":"default","disable-article-header":"default","disable-site-header":"default","disable-site-footer":"default","disable-content-area-spacing":"default","footnotes":""},"categories":[13,11,4,41],"tags":[],"class_list":["post-12131","post","type-post","status-publish","format-standard","hentry","category-denuncias","category-direitos-humanos","category-noticias","category-preconceito"],"yoast_head":"<!-- This site is optimized with the Yoast SEO plugin v27.4 - https:\/\/yoast.com\/product\/yoast-seo-wordpress\/ -->\n<title>Mulher \u00e9 espancada por ser gorda -<\/title>\n<meta name=\"robots\" content=\"index, follow, max-snippet:-1, max-image-preview:large, max-video-preview:-1\" \/>\n<link rel=\"canonical\" href=\"https:\/\/inclusivenews.com.br\/?p=12131\" \/>\n<meta property=\"og:locale\" content=\"pt_PT\" \/>\n<meta property=\"og:type\" content=\"article\" \/>\n<meta property=\"og:title\" content=\"Mulher \u00e9 espancada por ser gorda -\" \/>\n<meta property=\"og:description\" content=\"Quando dizem que o preconceito contra os gordos n\u00e3o \u00e9 algo que deva ser levado a s\u00e9rio, not\u00edcias como essa recisam ser apresentadas: Uma mulher foi espancada num trem apenas por ser gorda. O fato ocorreu em Londres, Inglaterra, quando a brit\u00e2nica Marsha Coupe, de 53 anos, voltava para casa de trem. Outra mulher, b\u00eabada, [&hellip;]\" \/>\n<meta property=\"og:url\" content=\"https:\/\/inclusivenews.com.br\/?p=12131\" \/>\n<meta property=\"article:publisher\" content=\"https:\/\/www.facebook.com\/agenciainclusive\/\" \/>\n<meta property=\"article:published_time\" content=\"2009-10-22T10:10:11+00:00\" \/>\n<meta property=\"og:image\" content=\"http:\/\/www.papodegordo.com.br\/wp-content\/uploads\/marshacoupe.jpg\" \/>\n<meta name=\"author\" content=\"inclusivenews2024\" \/>\n<meta name=\"twitter:card\" content=\"summary_large_image\" \/>\n<meta name=\"twitter:label1\" content=\"Escrito por\" \/>\n\t<meta name=\"twitter:data1\" content=\"inclusivenews2024\" \/>\n\t<meta name=\"twitter:label2\" content=\"Tempo estimado de leitura\" \/>\n\t<meta name=\"twitter:data2\" content=\"1 minuto\" \/>\n<script type=\"application\/ld+json\" class=\"yoast-schema-graph\">{\"@context\":\"https:\\\/\\\/schema.org\",\"@graph\":[{\"@type\":\"Article\",\"@id\":\"https:\\\/\\\/inclusivenews.com.br\\\/?p=12131#article\",\"isPartOf\":{\"@id\":\"https:\\\/\\\/inclusivenews.com.br\\\/?p=12131\"},\"author\":{\"name\":\"inclusivenews2024\",\"@id\":\"https:\\\/\\\/inclusivenews.com.br\\\/#\\\/schema\\\/person\\\/ae4ec7087559b8692fb33b6fffd2273b\"},\"headline\":\"Mulher \u00e9 espancada por ser gorda\",\"datePublished\":\"2009-10-22T10:10:11+00:00\",\"mainEntityOfPage\":{\"@id\":\"https:\\\/\\\/inclusivenews.com.br\\\/?p=12131\"},\"wordCount\":277,\"commentCount\":1,\"publisher\":{\"@id\":\"https:\\\/\\\/inclusivenews.com.br\\\/#organization\"},\"image\":{\"@id\":\"https:\\\/\\\/inclusivenews.com.br\\\/?p=12131#primaryimage\"},\"thumbnailUrl\":\"http:\\\/\\\/www.papodegordo.com.br\\\/wp-content\\\/uploads\\\/marshacoupe.jpg\",\"articleSection\":[\"Den\u00fancias\",\"DIREITOS HUMANOS\",\"NOT\u00cdCIAS\",\"Preconceito\"],\"inLanguage\":\"pt-PT\",\"potentialAction\":[{\"@type\":\"CommentAction\",\"name\":\"Comment\",\"target\":[\"https:\\\/\\\/inclusivenews.com.br\\\/?p=12131#respond\"]}]},{\"@type\":\"WebPage\",\"@id\":\"https:\\\/\\\/inclusivenews.com.br\\\/?p=12131\",\"url\":\"https:\\\/\\\/inclusivenews.com.br\\\/?p=12131\",\"name\":\"Mulher \u00e9 espancada por ser gorda -\",\"isPartOf\":{\"@id\":\"https:\\\/\\\/inclusivenews.com.br\\\/#website\"},\"primaryImageOfPage\":{\"@id\":\"https:\\\/\\\/inclusivenews.com.br\\\/?p=12131#primaryimage\"},\"image\":{\"@id\":\"https:\\\/\\\/inclusivenews.com.br\\\/?p=12131#primaryimage\"},\"thumbnailUrl\":\"http:\\\/\\\/www.papodegordo.com.br\\\/wp-content\\\/uploads\\\/marshacoupe.jpg\",\"datePublished\":\"2009-10-22T10:10:11+00:00\",\"breadcrumb\":{\"@id\":\"https:\\\/\\\/inclusivenews.com.br\\\/?p=12131#breadcrumb\"},\"inLanguage\":\"pt-PT\",\"potentialAction\":[{\"@type\":\"ReadAction\",\"target\":[\"https:\\\/\\\/inclusivenews.com.br\\\/?p=12131\"]}]},{\"@type\":\"ImageObject\",\"inLanguage\":\"pt-PT\",\"@id\":\"https:\\\/\\\/inclusivenews.com.br\\\/?p=12131#primaryimage\",\"url\":\"http:\\\/\\\/www.papodegordo.com.br\\\/wp-content\\\/uploads\\\/marshacoupe.jpg\",\"contentUrl\":\"http:\\\/\\\/www.papodegordo.com.br\\\/wp-content\\\/uploads\\\/marshacoupe.jpg\"},{\"@type\":\"BreadcrumbList\",\"@id\":\"https:\\\/\\\/inclusivenews.com.br\\\/?p=12131#breadcrumb\",\"itemListElement\":[{\"@type\":\"ListItem\",\"position\":1,\"name\":\"In\u00edcio\",\"item\":\"https:\\\/\\\/inclusivenews.com.br\\\/\"},{\"@type\":\"ListItem\",\"position\":2,\"name\":\"Mulher \u00e9 espancada por ser gorda\"}]},{\"@type\":\"WebSite\",\"@id\":\"https:\\\/\\\/inclusivenews.com.br\\\/#website\",\"url\":\"https:\\\/\\\/inclusivenews.com.br\\\/\",\"name\":\"Inclusive News\",\"description\":\"Inclusive News\",\"publisher\":{\"@id\":\"https:\\\/\\\/inclusivenews.com.br\\\/#organization\"},\"potentialAction\":[{\"@type\":\"SearchAction\",\"target\":{\"@type\":\"EntryPoint\",\"urlTemplate\":\"https:\\\/\\\/inclusivenews.com.br\\\/?s={search_term_string}\"},\"query-input\":{\"@type\":\"PropertyValueSpecification\",\"valueRequired\":true,\"valueName\":\"search_term_string\"}}],\"inLanguage\":\"pt-PT\"},{\"@type\":\"Organization\",\"@id\":\"https:\\\/\\\/inclusivenews.com.br\\\/#organization\",\"name\":\"Inclusive - inclus\u00e3o e cidadania\",\"url\":\"https:\\\/\\\/inclusivenews.com.br\\\/\",\"logo\":{\"@type\":\"ImageObject\",\"inLanguage\":\"pt-PT\",\"@id\":\"https:\\\/\\\/inclusivenews.com.br\\\/#\\\/schema\\\/logo\\\/image\\\/\",\"url\":\"https:\\\/\\\/inclusivenews.com.br\\\/wp-content\\\/uploads\\\/2024\\\/03\\\/@grandesite.png\",\"contentUrl\":\"https:\\\/\\\/inclusivenews.com.br\\\/wp-content\\\/uploads\\\/2024\\\/03\\\/@grandesite.png\",\"width\":1080,\"height\":1080,\"caption\":\"Inclusive - inclus\u00e3o e cidadania\"},\"image\":{\"@id\":\"https:\\\/\\\/inclusivenews.com.br\\\/#\\\/schema\\\/logo\\\/image\\\/\"},\"sameAs\":[\"https:\\\/\\\/www.facebook.com\\\/agenciainclusive\\\/\",\"https:\\\/\\\/www.instagram.com\\\/newsinclusive\\\/\"]},{\"@type\":\"Person\",\"@id\":\"https:\\\/\\\/inclusivenews.com.br\\\/#\\\/schema\\\/person\\\/ae4ec7087559b8692fb33b6fffd2273b\",\"name\":\"inclusivenews2024\",\"image\":{\"@type\":\"ImageObject\",\"inLanguage\":\"pt-PT\",\"@id\":\"https:\\\/\\\/secure.gravatar.com\\\/avatar\\\/c5a7ef84c66fa914f55bc4f7ce26cfa275a3b9a1c5568b907bd184fb4dde7b40?s=96&d=mm&r=g\",\"url\":\"https:\\\/\\\/secure.gravatar.com\\\/avatar\\\/c5a7ef84c66fa914f55bc4f7ce26cfa275a3b9a1c5568b907bd184fb4dde7b40?s=96&d=mm&r=g\",\"contentUrl\":\"https:\\\/\\\/secure.gravatar.com\\\/avatar\\\/c5a7ef84c66fa914f55bc4f7ce26cfa275a3b9a1c5568b907bd184fb4dde7b40?s=96&d=mm&r=g\",\"caption\":\"inclusivenews2024\"},\"sameAs\":[\"https:\\\/\\\/inclusivenews.com.br\"],\"url\":\"https:\\\/\\\/inclusivenews.com.br\\\/?author=1\"}]}<\/script>\n<!-- \/ Yoast SEO plugin. -->","yoast_head_json":{"title":"Mulher \u00e9 espancada por ser gorda -","robots":{"index":"index","follow":"follow","max-snippet":"max-snippet:-1","max-image-preview":"max-image-preview:large","max-video-preview":"max-video-preview:-1"},"canonical":"https:\/\/inclusivenews.com.br\/?p=12131","og_locale":"pt_PT","og_type":"article","og_title":"Mulher \u00e9 espancada por ser gorda -","og_description":"Quando dizem que o preconceito contra os gordos n\u00e3o \u00e9 algo que deva ser levado a s\u00e9rio, not\u00edcias como essa recisam ser apresentadas: Uma mulher foi espancada num trem apenas por ser gorda. O fato ocorreu em Londres, Inglaterra, quando a brit\u00e2nica Marsha Coupe, de 53 anos, voltava para casa de trem. Outra mulher, b\u00eabada, [&hellip;]","og_url":"https:\/\/inclusivenews.com.br\/?p=12131","article_publisher":"https:\/\/www.facebook.com\/agenciainclusive\/","article_published_time":"2009-10-22T10:10:11+00:00","og_image":[{"url":"http:\/\/www.papodegordo.com.br\/wp-content\/uploads\/marshacoupe.jpg","type":"","width":"","height":""}],"author":"inclusivenews2024","twitter_card":"summary_large_image","twitter_misc":{"Escrito por":"inclusivenews2024","Tempo estimado de leitura":"1 minuto"},"schema":{"@context":"https:\/\/schema.org","@graph":[{"@type":"Article","@id":"https:\/\/inclusivenews.com.br\/?p=12131#article","isPartOf":{"@id":"https:\/\/inclusivenews.com.br\/?p=12131"},"author":{"name":"inclusivenews2024","@id":"https:\/\/inclusivenews.com.br\/#\/schema\/person\/ae4ec7087559b8692fb33b6fffd2273b"},"headline":"Mulher \u00e9 espancada por ser gorda","datePublished":"2009-10-22T10:10:11+00:00","mainEntityOfPage":{"@id":"https:\/\/inclusivenews.com.br\/?p=12131"},"wordCount":277,"commentCount":1,"publisher":{"@id":"https:\/\/inclusivenews.com.br\/#organization"},"image":{"@id":"https:\/\/inclusivenews.com.br\/?p=12131#primaryimage"},"thumbnailUrl":"http:\/\/www.papodegordo.com.br\/wp-content\/uploads\/marshacoupe.jpg","articleSection":["Den\u00fancias","DIREITOS HUMANOS","NOT\u00cdCIAS","Preconceito"],"inLanguage":"pt-PT","potentialAction":[{"@type":"CommentAction","name":"Comment","target":["https:\/\/inclusivenews.com.br\/?p=12131#respond"]}]},{"@type":"WebPage","@id":"https:\/\/inclusivenews.com.br\/?p=12131","url":"https:\/\/inclusivenews.com.br\/?p=12131","name":"Mulher \u00e9 espancada por ser gorda -","isPartOf":{"@id":"https:\/\/inclusivenews.com.br\/#website"},"primaryImageOfPage":{"@id":"https:\/\/inclusivenews.com.br\/?p=12131#primaryimage"},"image":{"@id":"https:\/\/inclusivenews.com.br\/?p=12131#primaryimage"},"thumbnailUrl":"http:\/\/www.papodegordo.com.br\/wp-content\/uploads\/marshacoupe.jpg","datePublished":"2009-10-22T10:10:11+00:00","breadcrumb":{"@id":"https:\/\/inclusivenews.com.br\/?p=12131#breadcrumb"},"inLanguage":"pt-PT","potentialAction":[{"@type":"ReadAction","target":["https:\/\/inclusivenews.com.br\/?p=12131"]}]},{"@type":"ImageObject","inLanguage":"pt-PT","@id":"https:\/\/inclusivenews.com.br\/?p=12131#primaryimage","url":"http:\/\/www.papodegordo.com.br\/wp-content\/uploads\/marshacoupe.jpg","contentUrl":"http:\/\/www.papodegordo.com.br\/wp-content\/uploads\/marshacoupe.jpg"},{"@type":"BreadcrumbList","@id":"https:\/\/inclusivenews.com.br\/?p=12131#breadcrumb","itemListElement":[{"@type":"ListItem","position":1,"name":"In\u00edcio","item":"https:\/\/inclusivenews.com.br\/"},{"@type":"ListItem","position":2,"name":"Mulher \u00e9 espancada por ser gorda"}]},{"@type":"WebSite","@id":"https:\/\/inclusivenews.com.br\/#website","url":"https:\/\/inclusivenews.com.br\/","name":"Inclusive News","description":"Inclusive News","publisher":{"@id":"https:\/\/inclusivenews.com.br\/#organization"},"potentialAction":[{"@type":"SearchAction","target":{"@type":"EntryPoint","urlTemplate":"https:\/\/inclusivenews.com.br\/?s={search_term_string}"},"query-input":{"@type":"PropertyValueSpecification","valueRequired":true,"valueName":"search_term_string"}}],"inLanguage":"pt-PT"},{"@type":"Organization","@id":"https:\/\/inclusivenews.com.br\/#organization","name":"Inclusive - inclus\u00e3o e cidadania","url":"https:\/\/inclusivenews.com.br\/","logo":{"@type":"ImageObject","inLanguage":"pt-PT","@id":"https:\/\/inclusivenews.com.br\/#\/schema\/logo\/image\/","url":"https:\/\/inclusivenews.com.br\/wp-content\/uploads\/2024\/03\/@grandesite.png","contentUrl":"https:\/\/inclusivenews.com.br\/wp-content\/uploads\/2024\/03\/@grandesite.png","width":1080,"height":1080,"caption":"Inclusive - inclus\u00e3o e cidadania"},"image":{"@id":"https:\/\/inclusivenews.com.br\/#\/schema\/logo\/image\/"},"sameAs":["https:\/\/www.facebook.com\/agenciainclusive\/","https:\/\/www.instagram.com\/newsinclusive\/"]},{"@type":"Person","@id":"https:\/\/inclusivenews.com.br\/#\/schema\/person\/ae4ec7087559b8692fb33b6fffd2273b","name":"inclusivenews2024","image":{"@type":"ImageObject","inLanguage":"pt-PT","@id":"https:\/\/secure.gravatar.com\/avatar\/c5a7ef84c66fa914f55bc4f7ce26cfa275a3b9a1c5568b907bd184fb4dde7b40?s=96&d=mm&r=g","url":"https:\/\/secure.gravatar.com\/avatar\/c5a7ef84c66fa914f55bc4f7ce26cfa275a3b9a1c5568b907bd184fb4dde7b40?s=96&d=mm&r=g","contentUrl":"https:\/\/secure.gravatar.com\/avatar\/c5a7ef84c66fa914f55bc4f7ce26cfa275a3b9a1c5568b907bd184fb4dde7b40?s=96&d=mm&r=g","caption":"inclusivenews2024"},"sameAs":["https:\/\/inclusivenews.com.br"],"url":"https:\/\/inclusivenews.com.br\/?author=1"}]}},"_links":{"self":[{"href":"https:\/\/inclusivenews.com.br\/index.php?rest_route=\/wp\/v2\/posts\/12131","targetHints":{"allow":["GET"]}}],"collection":[{"href":"https:\/\/inclusivenews.com.br\/index.php?rest_route=\/wp\/v2\/posts"}],"about":[{"href":"https:\/\/inclusivenews.com.br\/index.php?rest_route=\/wp\/v2\/types\/post"}],"author":[{"embeddable":true,"href":"https:\/\/inclusivenews.com.br\/index.php?rest_route=\/wp\/v2\/users\/1"}],"replies":[{"embeddable":true,"href":"https:\/\/inclusivenews.com.br\/index.php?rest_route=%2Fwp%2Fv2%2Fcomments&post=12131"}],"version-history":[{"count":0,"href":"https:\/\/inclusivenews.com.br\/index.php?rest_route=\/wp\/v2\/posts\/12131\/revisions"}],"wp:attachment":[{"href":"https:\/\/inclusivenews.com.br\/index.php?rest_route=%2Fwp%2Fv2%2Fmedia&parent=12131"}],"wp:term":[{"taxonomy":"category","embeddable":true,"href":"https:\/\/inclusivenews.com.br\/index.php?rest_route=%2Fwp%2Fv2%2Fcategories&post=12131"},{"taxonomy":"post_tag","embeddable":true,"href":"https:\/\/inclusivenews.com.br\/index.php?rest_route=%2Fwp%2Fv2%2Ftags&post=12131"}],"curies":[{"name":"wp","href":"https:\/\/api.w.org\/{rel}","templated":true}]}}