{"id":12134,"date":"2009-10-22T08:05:41","date_gmt":"2009-10-22T11:05:41","guid":{"rendered":"http:\/\/www.inclusive.org.br\/?p=12134"},"modified":"2009-10-22T08:05:41","modified_gmt":"2009-10-22T11:05:41","slug":"seminario-sobre-igualdade-racial-na-midia-defende-militancia-e-aproximacao-etnica","status":"publish","type":"post","link":"https:\/\/inclusivenews.com.br\/?p=12134","title":{"rendered":"Semin\u00e1rio sobre igualdade racial na m\u00eddia defende milit\u00e2ncia e aproxima\u00e7\u00e3o \u00e9tnica"},"content":{"rendered":"<p style=\"text-align: justify;\">Os ve\u00edculos de comunica\u00e7\u00e3o desde 2003 v\u00eam aumentando seu espa\u00e7o editorial em artigos, reportagens e colunas assinadas para combater as a\u00e7\u00f5es afirmativas em busca da igualdade social. A solu\u00e7\u00e3o para combater o problema est\u00e1 em manter a defesa das propostas de aproxima\u00e7\u00e3o de todas as etnias e a continuidade da milit\u00e2ncia permanente contra a discrimina\u00e7\u00e3o em todas as formas.<\/p>\n<p style=\"text-align: justify;\">No semin\u00e1rio \u201cComunica\u00e7\u00e3o e a\u00e7\u00e3o afirmativa: o papel da m\u00eddia no debate sobre igualdade social\u201d, os debates se concentraram em tr\u00eas pain\u00e9is: \u201cCobertura da a\u00e7\u00e3o afirmativa no Brasil\u201d, \u201cResponsabilidade social da m\u00eddia e o debate sobre ra\u00e7a\u201d e \u201cDa opini\u00e3o publicada \u00e0 opini\u00e3o p\u00fablica: a fabrica\u00e7\u00e3o de um consenso anticotas no Brasil\u201d.<\/p>\n<p style=\"text-align: justify;\">Escravid\u00e3o sem racismo<\/p>\n<p style=\"text-align: justify;\">Muniz Sodr\u00e9 disse que em geral n\u00e3o havia racismo na escravid\u00e3o que tornou-se anacr\u00f4nica diante dos interesses industriais da sociedade capitalista. Lembrou personagens de \u00e9poca, como Alberto Torres, presidente do Estado do Rio, que era um fazendeiro conservador, mas nunca pregou a inferioridade do negro. \u201cA escravid\u00e3o era pau, ningu\u00e9m discute. Destinava tr\u00eas \u2018P\u2019s aos escravos: pano, p\u00e3o e pau, mas nunca foi racista.\u201d<\/p>\n<p style=\"text-align: justify;\">Para fazer valer as a\u00e7\u00f5es afirmativas, o professor da UFRJ e atual diretor da Biblioteca Nacional, considera fundamental pol\u00edticas que favore\u00e7am a aproxima\u00e7\u00e3o das diversas cores em todos os ambientes sociais. \u201cO que n\u00e3o pode \u00e9 ficar parado. \u00c9 preciso ir para as ruas. A milit\u00e2ncia \u00e9 fundamental para a mudan\u00e7a desse quadro. Nesse sentido, a pol\u00edtica de cotas nas universidades \u00e9 uma das prioridades\u201d, acentuou.<\/p>\n<p style=\"text-align: justify;\">Discrimina\u00e7\u00e3o sem fronteiras<\/p>\n<p style=\"text-align: justify;\">Na sua opini\u00e3o, o racismo est\u00e1 disseminado por todo o mundo, associado em geral a um \u201cmal-estar\u201d provocado pelas correntes conservadoras, embora n\u00e3o se possa colocar como um problema pr\u00f3prio da direita. \u201cH\u00e1 jornalistas como Elio Gaspari, Miriam Leit\u00e3o, entre outros, que n\u00e3o s\u00e3o de esquerda e defendem as cotas como uma tese justa e necess\u00e1ria para a afirma\u00e7\u00e3o do negro.\u201d<\/p>\n<p style=\"text-align: justify;\">A discrimina\u00e7\u00e3o est\u00e1 latente em todas as institui\u00e7\u00f5es e, segundo Sodr\u00e9, n\u00e3o \u00e9 diferente nos ve\u00edculos de comunica\u00e7\u00e3o e no mundo acad\u00eamico. Disse que est\u00e1 h\u00e1 cerca de 40 anos na UFRJ e \u00e9 o \u00fanico professor negro a passar pela institui\u00e7\u00e3o nesse per\u00edodo. A UFRJ n\u00e3o fez nada com rela\u00e7\u00e3o ao problema e apenas na Bahia a situa\u00e7\u00e3o melhorou muito com a implanta\u00e7\u00e3o das cotas.<\/p>\n<p style=\"text-align: justify;\">Mau exemplo na academia<\/p>\n<p style=\"text-align: justify;\">\u201cPoderia contar muitos epis\u00f3dios chatos ocorridos comigo, mas falarei de apenas um. Tive um aluno muito bom, negr\u00e3o, que fez concurso para a UFRJ e UFF e n\u00e3o passou. Depois, na Fiocruz, passou em segundo lugar, disseram que n\u00e3o tinha vaga e tempo depois o terceiro colocado \u00e9 que foi chamado. Ele foi claramente discriminado em todos esses concursos\u201d, enfatizou.<\/p>\n<p style=\"text-align: justify;\">Os primeiros resultados de uma pesquisa realizada por professores do Iuperj (Instituto Universit\u00e1rio de Pesquisas do Rio de Janeiro) apontam que desde 2003 aumenta a cada ano o espa\u00e7o editorial contr\u00e1rio \u00e0s a\u00e7\u00f5es afirmativas e principalmente \u00e0s cotas nas universidades. \u201cNa revista Veja e no jornal O Globo, praticamente a metade do espa\u00e7o em editoriais, reportagens e coment\u00e1rios em colunas s\u00e3o destinados a ataques contra as a\u00e7\u00f5es afirmativas\u201d, informou Jo\u00e3o F\u00e9res, professor e pesquisador do Iuperj. Na Veja, 77% dos artigos pesquisados no per\u00edodo s\u00e3o contra as a\u00e7\u00f5es afirmativas.<\/p>\n<p style=\"text-align: justify;\">Cotas? Somos contra!<\/p>\n<p style=\"text-align: justify;\">A pesquisa \u201cA m\u00eddia impressa no Brasil e a agenda de promo\u00e7\u00e3o de igualdade racial\u201d teve como principal conclus\u00e3o o fato de que os jornais s\u00e3o contra a cria\u00e7\u00e3o de pol\u00edticas que incentivam a mobilidade social dos negros no Brasil. \u201cN\u00e3o podemos nos iludir porque os jornais t\u00eam uma l\u00f3gica capitalista. Mas podemos reagir e este evento serve como exemplo\u201d, explicou Ros\u00e2ngela Malachias, professora do Ceert. Realizada pelo Ceert (Centro de Estudo de Trabalho e Desigualdade), a pesquisa analisou o conte\u00fado editorial dos jornais O Globo, Estado de S.Paulo e Folha de S.Paulo entre 2001 e 2008.<\/p>\n<p style=\"text-align: justify;\">Os resultados dessas pesquisas foram corrobados pela jornalista M\u00edriam Leit\u00e3o, do jornal O Globo. Lembrou que em 2003, quando se iniciou o debate sobre cotas, participou da edi\u00e7\u00e3o do caderno \u201cA cor do Brasil\u201d, vencedor de um pr\u00eamio relevante. \u201cNaquela \u00e9poca pensei que o Brasil daria in\u00edcio a um debate na m\u00eddia que favorecesse a valoriza\u00e7\u00e3o do negro na sociedade. Hoje, vejo que os ve\u00edculos de comunica\u00e7\u00e3o foram dando muito mais espa\u00e7o para criticar a proposta. At\u00e9 as reportagens j\u00e1 s\u00e3o escritas de forma editorializada, sempre com opini\u00f5es contr\u00e1rias.\u201d<\/p>\n<p style=\"text-align: justify;\">Sem medo da hegemonia<\/p>\n<p style=\"text-align: justify;\">Especializada em economia, a jornalista disse que o racismo no Brasil \u00e9 muito bem-sucedido porque aqui n\u00e3o houve necessidade de adotar medidas expl\u00edcitas de segrega\u00e7\u00e3o. \u201cEle foi se construindo aos poucos, minando as consci\u00eancias, estabelecendo padr\u00f5es de beleza, dividiu a sociedade. Os brancos n\u00e3o se importam de serem hegem\u00f4nicos.\u201d<\/p>\n<p style=\"text-align: justify;\">As festas promovidas pelas pessoas das classes mais ricas, h\u00e1 120 anos, s\u00e3o exatamente iguais \u00e0s de hoje com rela\u00e7\u00e3o aos pap\u00e9is vividos por brancos e negros. \u201cOs negros n\u00e3o s\u00e3o convidados para participar. S\u00f3 est\u00e3o ali como subalternos, servindo canap\u00e9s ou divertindo os brancos\u201d. Para mudar essa realidade, a cota \u00e9 valiosa como ferramenta para gerar novas a\u00e7\u00f5es afirmativas e permitir que o Brasil se encontre com ele mesmo, acentuou a jornalista.<\/p>\n<p style=\"text-align: justify;\">S\u00f3 mudam os discursos<\/p>\n<p style=\"text-align: justify;\">As justificativas contra as a\u00e7\u00f5es afirmativas se modificam de acordo com a evolu\u00e7\u00e3o do debate. As pesquisas revelam que os argumentos contra as cotas em 2003 estavam muito mais relacionadas com o fato de \u201cn\u00e3o levarem em conta o m\u00e9rito\u201d e que o caminho indicado seria investir no ensino m\u00e9dio. \u201cOs artigos a favor praticamente desaparecem das p\u00e1ginas e os contr\u00e1rios dispararam entre 2008 e 2009. Agora, prevalesce o argumento de que a cota acirra o conflito racial\u201d, disse o professor Jo\u00e3o F\u00e9res.<\/p>\n<p style=\"text-align: justify;\">Al\u00e9m dos ve\u00edculos de comunica\u00e7\u00e3o, as publica\u00e7\u00f5es contr\u00e1rias \u00e0s a\u00e7\u00f5es afirmativas tamb\u00e9m foram muito citadas e criticadas, como o livro \u201cN\u00e3o somos racistas\u201d, do jornalista Ali Kamel, diretor de Jornalismo da Rede Globo, e a participa\u00e7\u00e3o ativa do pensador Dem\u00e9trio Magnoli. Apesar dos frequentes e sucessivos ataques da m\u00eddia, que aumentaram de intensidade nos \u00faltimos anos, Miriam Leit\u00e3o acredita que n\u00e3o existe um consenso anticotas no Brasil.<\/p>\n<p style=\"text-align: justify;\">____________________________<\/p>\n<p style=\"text-align: justify;\"><strong>Fonte de informa\u00e7\u00e3o:<\/strong> <a href=\"http:\/\/www.abong.org.br\/final\/noticia.php?faq=20224\" target=\"_blank\" rel=\"noopener\">ABONG <img loading=\"lazy\" decoding=\"async\" title=\"Link abrir\u00e1 em uma nova janela ou aba.\" src=\"http:\/\/www.inclusive.org.br\/images\/new_window.gif\" alt=\"Link abrir\u00e1 em uma nova janela ou aba.\" width=\"16\" height=\"14\" \/><\/a><\/p>\n","protected":false},"excerpt":{"rendered":"<p>Os ve\u00edculos de comunica\u00e7\u00e3o desde 2003 v\u00eam aumentando seu espa\u00e7o editorial em artigos, reportagens e colunas assinadas para combater as a\u00e7\u00f5es afirmativas em busca da igualdade social. A solu\u00e7\u00e3o para combater o problema est\u00e1 em manter a defesa das propostas de aproxima\u00e7\u00e3o de todas as etnias e a continuidade da milit\u00e2ncia permanente contra a discrimina\u00e7\u00e3o [&hellip;]<\/p>\n","protected":false},"author":1,"featured_media":0,"comment_status":"open","ping_status":"open","sticky":false,"template":"","format":"standard","meta":{"site-container-style":"default","site-container-layout":"default","site-sidebar-layout":"default","disable-article-header":"default","disable-site-header":"default","disable-site-footer":"default","disable-content-area-spacing":"default","footnotes":""},"categories":[56,11,4],"tags":[],"class_list":["post-12134","post","type-post","status-publish","format-standard","hentry","category-acoes-afirmativas","category-direitos-humanos","category-noticias"],"yoast_head":"<!-- This site is optimized with the Yoast SEO plugin v27.4 - https:\/\/yoast.com\/product\/yoast-seo-wordpress\/ -->\n<title>Semin\u00e1rio sobre igualdade racial na m\u00eddia defende milit\u00e2ncia e aproxima\u00e7\u00e3o \u00e9tnica -<\/title>\n<meta name=\"robots\" content=\"index, follow, max-snippet:-1, max-image-preview:large, max-video-preview:-1\" \/>\n<link rel=\"canonical\" href=\"https:\/\/inclusivenews.com.br\/?p=12134\" \/>\n<meta property=\"og:locale\" content=\"pt_PT\" \/>\n<meta property=\"og:type\" content=\"article\" \/>\n<meta property=\"og:title\" content=\"Semin\u00e1rio sobre igualdade racial na m\u00eddia defende milit\u00e2ncia e aproxima\u00e7\u00e3o \u00e9tnica -\" \/>\n<meta property=\"og:description\" content=\"Os ve\u00edculos de comunica\u00e7\u00e3o desde 2003 v\u00eam aumentando seu espa\u00e7o editorial em artigos, reportagens e colunas assinadas para combater as a\u00e7\u00f5es afirmativas em busca da igualdade social. A solu\u00e7\u00e3o para combater o problema est\u00e1 em manter a defesa das propostas de aproxima\u00e7\u00e3o de todas as etnias e a continuidade da milit\u00e2ncia permanente contra a discrimina\u00e7\u00e3o [&hellip;]\" \/>\n<meta property=\"og:url\" content=\"https:\/\/inclusivenews.com.br\/?p=12134\" \/>\n<meta property=\"article:publisher\" content=\"https:\/\/www.facebook.com\/agenciainclusive\/\" \/>\n<meta property=\"article:published_time\" content=\"2009-10-22T11:05:41+00:00\" \/>\n<meta property=\"og:image\" content=\"http:\/\/www.inclusive.org.br\/images\/new_window.gif\" \/>\n<meta name=\"author\" content=\"inclusivenews2024\" \/>\n<meta name=\"twitter:card\" content=\"summary_large_image\" \/>\n<meta name=\"twitter:label1\" content=\"Escrito por\" \/>\n\t<meta name=\"twitter:data1\" content=\"inclusivenews2024\" \/>\n\t<meta name=\"twitter:label2\" content=\"Tempo estimado de leitura\" \/>\n\t<meta name=\"twitter:data2\" content=\"6 minutos\" \/>\n<script type=\"application\/ld+json\" class=\"yoast-schema-graph\">{\"@context\":\"https:\\\/\\\/schema.org\",\"@graph\":[{\"@type\":\"Article\",\"@id\":\"https:\\\/\\\/inclusivenews.com.br\\\/?p=12134#article\",\"isPartOf\":{\"@id\":\"https:\\\/\\\/inclusivenews.com.br\\\/?p=12134\"},\"author\":{\"name\":\"inclusivenews2024\",\"@id\":\"https:\\\/\\\/inclusivenews.com.br\\\/#\\\/schema\\\/person\\\/ae4ec7087559b8692fb33b6fffd2273b\"},\"headline\":\"Semin\u00e1rio sobre igualdade racial na m\u00eddia defende milit\u00e2ncia e aproxima\u00e7\u00e3o \u00e9tnica\",\"datePublished\":\"2009-10-22T11:05:41+00:00\",\"mainEntityOfPage\":{\"@id\":\"https:\\\/\\\/inclusivenews.com.br\\\/?p=12134\"},\"wordCount\":1135,\"commentCount\":0,\"publisher\":{\"@id\":\"https:\\\/\\\/inclusivenews.com.br\\\/#organization\"},\"image\":{\"@id\":\"https:\\\/\\\/inclusivenews.com.br\\\/?p=12134#primaryimage\"},\"thumbnailUrl\":\"http:\\\/\\\/www.inclusive.org.br\\\/images\\\/new_window.gif\",\"articleSection\":[\"A\u00e7\u00f5es afirmativas\",\"DIREITOS HUMANOS\",\"NOT\u00cdCIAS\"],\"inLanguage\":\"pt-PT\",\"potentialAction\":[{\"@type\":\"CommentAction\",\"name\":\"Comment\",\"target\":[\"https:\\\/\\\/inclusivenews.com.br\\\/?p=12134#respond\"]}]},{\"@type\":\"WebPage\",\"@id\":\"https:\\\/\\\/inclusivenews.com.br\\\/?p=12134\",\"url\":\"https:\\\/\\\/inclusivenews.com.br\\\/?p=12134\",\"name\":\"Semin\u00e1rio sobre igualdade racial na m\u00eddia defende milit\u00e2ncia e aproxima\u00e7\u00e3o \u00e9tnica -\",\"isPartOf\":{\"@id\":\"https:\\\/\\\/inclusivenews.com.br\\\/#website\"},\"primaryImageOfPage\":{\"@id\":\"https:\\\/\\\/inclusivenews.com.br\\\/?p=12134#primaryimage\"},\"image\":{\"@id\":\"https:\\\/\\\/inclusivenews.com.br\\\/?p=12134#primaryimage\"},\"thumbnailUrl\":\"http:\\\/\\\/www.inclusive.org.br\\\/images\\\/new_window.gif\",\"datePublished\":\"2009-10-22T11:05:41+00:00\",\"breadcrumb\":{\"@id\":\"https:\\\/\\\/inclusivenews.com.br\\\/?p=12134#breadcrumb\"},\"inLanguage\":\"pt-PT\",\"potentialAction\":[{\"@type\":\"ReadAction\",\"target\":[\"https:\\\/\\\/inclusivenews.com.br\\\/?p=12134\"]}]},{\"@type\":\"ImageObject\",\"inLanguage\":\"pt-PT\",\"@id\":\"https:\\\/\\\/inclusivenews.com.br\\\/?p=12134#primaryimage\",\"url\":\"http:\\\/\\\/www.inclusive.org.br\\\/images\\\/new_window.gif\",\"contentUrl\":\"http:\\\/\\\/www.inclusive.org.br\\\/images\\\/new_window.gif\"},{\"@type\":\"BreadcrumbList\",\"@id\":\"https:\\\/\\\/inclusivenews.com.br\\\/?p=12134#breadcrumb\",\"itemListElement\":[{\"@type\":\"ListItem\",\"position\":1,\"name\":\"In\u00edcio\",\"item\":\"https:\\\/\\\/inclusivenews.com.br\\\/\"},{\"@type\":\"ListItem\",\"position\":2,\"name\":\"Semin\u00e1rio sobre igualdade racial na m\u00eddia defende milit\u00e2ncia e aproxima\u00e7\u00e3o \u00e9tnica\"}]},{\"@type\":\"WebSite\",\"@id\":\"https:\\\/\\\/inclusivenews.com.br\\\/#website\",\"url\":\"https:\\\/\\\/inclusivenews.com.br\\\/\",\"name\":\"Inclusive News\",\"description\":\"Inclusive News\",\"publisher\":{\"@id\":\"https:\\\/\\\/inclusivenews.com.br\\\/#organization\"},\"potentialAction\":[{\"@type\":\"SearchAction\",\"target\":{\"@type\":\"EntryPoint\",\"urlTemplate\":\"https:\\\/\\\/inclusivenews.com.br\\\/?s={search_term_string}\"},\"query-input\":{\"@type\":\"PropertyValueSpecification\",\"valueRequired\":true,\"valueName\":\"search_term_string\"}}],\"inLanguage\":\"pt-PT\"},{\"@type\":\"Organization\",\"@id\":\"https:\\\/\\\/inclusivenews.com.br\\\/#organization\",\"name\":\"Inclusive - inclus\u00e3o e cidadania\",\"url\":\"https:\\\/\\\/inclusivenews.com.br\\\/\",\"logo\":{\"@type\":\"ImageObject\",\"inLanguage\":\"pt-PT\",\"@id\":\"https:\\\/\\\/inclusivenews.com.br\\\/#\\\/schema\\\/logo\\\/image\\\/\",\"url\":\"https:\\\/\\\/inclusivenews.com.br\\\/wp-content\\\/uploads\\\/2024\\\/03\\\/@grandesite.png\",\"contentUrl\":\"https:\\\/\\\/inclusivenews.com.br\\\/wp-content\\\/uploads\\\/2024\\\/03\\\/@grandesite.png\",\"width\":1080,\"height\":1080,\"caption\":\"Inclusive - inclus\u00e3o e cidadania\"},\"image\":{\"@id\":\"https:\\\/\\\/inclusivenews.com.br\\\/#\\\/schema\\\/logo\\\/image\\\/\"},\"sameAs\":[\"https:\\\/\\\/www.facebook.com\\\/agenciainclusive\\\/\",\"https:\\\/\\\/www.instagram.com\\\/newsinclusive\\\/\"]},{\"@type\":\"Person\",\"@id\":\"https:\\\/\\\/inclusivenews.com.br\\\/#\\\/schema\\\/person\\\/ae4ec7087559b8692fb33b6fffd2273b\",\"name\":\"inclusivenews2024\",\"image\":{\"@type\":\"ImageObject\",\"inLanguage\":\"pt-PT\",\"@id\":\"https:\\\/\\\/secure.gravatar.com\\\/avatar\\\/c5a7ef84c66fa914f55bc4f7ce26cfa275a3b9a1c5568b907bd184fb4dde7b40?s=96&d=mm&r=g\",\"url\":\"https:\\\/\\\/secure.gravatar.com\\\/avatar\\\/c5a7ef84c66fa914f55bc4f7ce26cfa275a3b9a1c5568b907bd184fb4dde7b40?s=96&d=mm&r=g\",\"contentUrl\":\"https:\\\/\\\/secure.gravatar.com\\\/avatar\\\/c5a7ef84c66fa914f55bc4f7ce26cfa275a3b9a1c5568b907bd184fb4dde7b40?s=96&d=mm&r=g\",\"caption\":\"inclusivenews2024\"},\"sameAs\":[\"https:\\\/\\\/inclusivenews.com.br\"],\"url\":\"https:\\\/\\\/inclusivenews.com.br\\\/?author=1\"}]}<\/script>\n<!-- \/ Yoast SEO plugin. -->","yoast_head_json":{"title":"Semin\u00e1rio sobre igualdade racial na m\u00eddia defende milit\u00e2ncia e aproxima\u00e7\u00e3o \u00e9tnica -","robots":{"index":"index","follow":"follow","max-snippet":"max-snippet:-1","max-image-preview":"max-image-preview:large","max-video-preview":"max-video-preview:-1"},"canonical":"https:\/\/inclusivenews.com.br\/?p=12134","og_locale":"pt_PT","og_type":"article","og_title":"Semin\u00e1rio sobre igualdade racial na m\u00eddia defende milit\u00e2ncia e aproxima\u00e7\u00e3o \u00e9tnica -","og_description":"Os ve\u00edculos de comunica\u00e7\u00e3o desde 2003 v\u00eam aumentando seu espa\u00e7o editorial em artigos, reportagens e colunas assinadas para combater as a\u00e7\u00f5es afirmativas em busca da igualdade social. A solu\u00e7\u00e3o para combater o problema est\u00e1 em manter a defesa das propostas de aproxima\u00e7\u00e3o de todas as etnias e a continuidade da milit\u00e2ncia permanente contra a discrimina\u00e7\u00e3o [&hellip;]","og_url":"https:\/\/inclusivenews.com.br\/?p=12134","article_publisher":"https:\/\/www.facebook.com\/agenciainclusive\/","article_published_time":"2009-10-22T11:05:41+00:00","og_image":[{"url":"http:\/\/www.inclusive.org.br\/images\/new_window.gif","type":"","width":"","height":""}],"author":"inclusivenews2024","twitter_card":"summary_large_image","twitter_misc":{"Escrito por":"inclusivenews2024","Tempo estimado de leitura":"6 minutos"},"schema":{"@context":"https:\/\/schema.org","@graph":[{"@type":"Article","@id":"https:\/\/inclusivenews.com.br\/?p=12134#article","isPartOf":{"@id":"https:\/\/inclusivenews.com.br\/?p=12134"},"author":{"name":"inclusivenews2024","@id":"https:\/\/inclusivenews.com.br\/#\/schema\/person\/ae4ec7087559b8692fb33b6fffd2273b"},"headline":"Semin\u00e1rio sobre igualdade racial na m\u00eddia defende milit\u00e2ncia e aproxima\u00e7\u00e3o \u00e9tnica","datePublished":"2009-10-22T11:05:41+00:00","mainEntityOfPage":{"@id":"https:\/\/inclusivenews.com.br\/?p=12134"},"wordCount":1135,"commentCount":0,"publisher":{"@id":"https:\/\/inclusivenews.com.br\/#organization"},"image":{"@id":"https:\/\/inclusivenews.com.br\/?p=12134#primaryimage"},"thumbnailUrl":"http:\/\/www.inclusive.org.br\/images\/new_window.gif","articleSection":["A\u00e7\u00f5es afirmativas","DIREITOS HUMANOS","NOT\u00cdCIAS"],"inLanguage":"pt-PT","potentialAction":[{"@type":"CommentAction","name":"Comment","target":["https:\/\/inclusivenews.com.br\/?p=12134#respond"]}]},{"@type":"WebPage","@id":"https:\/\/inclusivenews.com.br\/?p=12134","url":"https:\/\/inclusivenews.com.br\/?p=12134","name":"Semin\u00e1rio sobre igualdade racial na m\u00eddia defende milit\u00e2ncia e aproxima\u00e7\u00e3o \u00e9tnica -","isPartOf":{"@id":"https:\/\/inclusivenews.com.br\/#website"},"primaryImageOfPage":{"@id":"https:\/\/inclusivenews.com.br\/?p=12134#primaryimage"},"image":{"@id":"https:\/\/inclusivenews.com.br\/?p=12134#primaryimage"},"thumbnailUrl":"http:\/\/www.inclusive.org.br\/images\/new_window.gif","datePublished":"2009-10-22T11:05:41+00:00","breadcrumb":{"@id":"https:\/\/inclusivenews.com.br\/?p=12134#breadcrumb"},"inLanguage":"pt-PT","potentialAction":[{"@type":"ReadAction","target":["https:\/\/inclusivenews.com.br\/?p=12134"]}]},{"@type":"ImageObject","inLanguage":"pt-PT","@id":"https:\/\/inclusivenews.com.br\/?p=12134#primaryimage","url":"http:\/\/www.inclusive.org.br\/images\/new_window.gif","contentUrl":"http:\/\/www.inclusive.org.br\/images\/new_window.gif"},{"@type":"BreadcrumbList","@id":"https:\/\/inclusivenews.com.br\/?p=12134#breadcrumb","itemListElement":[{"@type":"ListItem","position":1,"name":"In\u00edcio","item":"https:\/\/inclusivenews.com.br\/"},{"@type":"ListItem","position":2,"name":"Semin\u00e1rio sobre igualdade racial na m\u00eddia defende milit\u00e2ncia e aproxima\u00e7\u00e3o \u00e9tnica"}]},{"@type":"WebSite","@id":"https:\/\/inclusivenews.com.br\/#website","url":"https:\/\/inclusivenews.com.br\/","name":"Inclusive News","description":"Inclusive News","publisher":{"@id":"https:\/\/inclusivenews.com.br\/#organization"},"potentialAction":[{"@type":"SearchAction","target":{"@type":"EntryPoint","urlTemplate":"https:\/\/inclusivenews.com.br\/?s={search_term_string}"},"query-input":{"@type":"PropertyValueSpecification","valueRequired":true,"valueName":"search_term_string"}}],"inLanguage":"pt-PT"},{"@type":"Organization","@id":"https:\/\/inclusivenews.com.br\/#organization","name":"Inclusive - inclus\u00e3o e cidadania","url":"https:\/\/inclusivenews.com.br\/","logo":{"@type":"ImageObject","inLanguage":"pt-PT","@id":"https:\/\/inclusivenews.com.br\/#\/schema\/logo\/image\/","url":"https:\/\/inclusivenews.com.br\/wp-content\/uploads\/2024\/03\/@grandesite.png","contentUrl":"https:\/\/inclusivenews.com.br\/wp-content\/uploads\/2024\/03\/@grandesite.png","width":1080,"height":1080,"caption":"Inclusive - inclus\u00e3o e cidadania"},"image":{"@id":"https:\/\/inclusivenews.com.br\/#\/schema\/logo\/image\/"},"sameAs":["https:\/\/www.facebook.com\/agenciainclusive\/","https:\/\/www.instagram.com\/newsinclusive\/"]},{"@type":"Person","@id":"https:\/\/inclusivenews.com.br\/#\/schema\/person\/ae4ec7087559b8692fb33b6fffd2273b","name":"inclusivenews2024","image":{"@type":"ImageObject","inLanguage":"pt-PT","@id":"https:\/\/secure.gravatar.com\/avatar\/c5a7ef84c66fa914f55bc4f7ce26cfa275a3b9a1c5568b907bd184fb4dde7b40?s=96&d=mm&r=g","url":"https:\/\/secure.gravatar.com\/avatar\/c5a7ef84c66fa914f55bc4f7ce26cfa275a3b9a1c5568b907bd184fb4dde7b40?s=96&d=mm&r=g","contentUrl":"https:\/\/secure.gravatar.com\/avatar\/c5a7ef84c66fa914f55bc4f7ce26cfa275a3b9a1c5568b907bd184fb4dde7b40?s=96&d=mm&r=g","caption":"inclusivenews2024"},"sameAs":["https:\/\/inclusivenews.com.br"],"url":"https:\/\/inclusivenews.com.br\/?author=1"}]}},"_links":{"self":[{"href":"https:\/\/inclusivenews.com.br\/index.php?rest_route=\/wp\/v2\/posts\/12134","targetHints":{"allow":["GET"]}}],"collection":[{"href":"https:\/\/inclusivenews.com.br\/index.php?rest_route=\/wp\/v2\/posts"}],"about":[{"href":"https:\/\/inclusivenews.com.br\/index.php?rest_route=\/wp\/v2\/types\/post"}],"author":[{"embeddable":true,"href":"https:\/\/inclusivenews.com.br\/index.php?rest_route=\/wp\/v2\/users\/1"}],"replies":[{"embeddable":true,"href":"https:\/\/inclusivenews.com.br\/index.php?rest_route=%2Fwp%2Fv2%2Fcomments&post=12134"}],"version-history":[{"count":0,"href":"https:\/\/inclusivenews.com.br\/index.php?rest_route=\/wp\/v2\/posts\/12134\/revisions"}],"wp:attachment":[{"href":"https:\/\/inclusivenews.com.br\/index.php?rest_route=%2Fwp%2Fv2%2Fmedia&parent=12134"}],"wp:term":[{"taxonomy":"category","embeddable":true,"href":"https:\/\/inclusivenews.com.br\/index.php?rest_route=%2Fwp%2Fv2%2Fcategories&post=12134"},{"taxonomy":"post_tag","embeddable":true,"href":"https:\/\/inclusivenews.com.br\/index.php?rest_route=%2Fwp%2Fv2%2Ftags&post=12134"}],"curies":[{"name":"wp","href":"https:\/\/api.w.org\/{rel}","templated":true}]}}