{"id":12164,"date":"2009-10-25T07:58:48","date_gmt":"2009-10-25T10:58:48","guid":{"rendered":"http:\/\/www.inclusive.org.br\/?p=12164"},"modified":"2009-10-25T07:58:48","modified_gmt":"2009-10-25T10:58:48","slug":"curso-online-fazer-a-ponte-com-professores-da-escola-da-ponte","status":"publish","type":"post","link":"https:\/\/inclusivenews.com.br\/?p=12164","title":{"rendered":"Curso online FAZER A PONTE, com professores da Escola da Ponte"},"content":{"rendered":"<p>Curso online com professores da Escola da Ponte<br \/>\ncom 60h em 6 semanas<br \/>\nde\u00a0 04\/01 a 12\/02\/2009<br \/>\n<a href=\"http:\/\/www.aquifolium.com.br\/educacional\/ponte\/\">http:\/\/www.aquifolium.com.br\/educacional\/ponte\/ <img loading=\"lazy\" decoding=\"async\" title=\"Link abrir\u00e1 em uma nova janela ou aba.\" src=\"http:\/\/www.inclusive.org.br\/images\/new_window.gif\" alt=\"Link abrir\u00e1 em uma nova janela ou aba.\" width=\"16\" height=\"14\" \/><\/a><\/p>\n<p>A Escola da Ponte <a href=\"http:\/\/www.eb1-ponte-n1.rcts.pt\/\">http:\/\/www.eb1-ponte-n1.rcts.pt\/ <img loading=\"lazy\" decoding=\"async\" title=\"Link abrir\u00e1 em uma nova janela ou aba.\" src=\"http:\/\/www.inclusive.org.br\/images\/new_window.gif\" alt=\"Link abrir\u00e1 em uma nova janela ou aba.\" width=\"16\" height=\"14\" \/><\/a>, situada em Vila<br \/>\ndas Aves, Portugal, \u00e9 hoje uma das mais importantes refer\u00eancias em<br \/>\neduca\u00e7\u00e3o b\u00e1sica em todo o mundo. A partir da publica\u00e7\u00e3o de uma s\u00e9rie<br \/>\nde artigos, e posteriormente um livro, por Rubem Alves (&#8220;A Escola Com<br \/>\nque Sempre Sonhei Sem Imaginar que Pudesse Existir&#8221;), tornou-se<br \/>\nconhecida de um p\u00fablico mais amplo, despertando a um s\u00f3 tempo<br \/>\ncuriosidade, espanto e esperan\u00e7a por conta de sua maneira peculiar de<br \/>\norganizar o espa\u00e7o e o cotidiano escolar e da excel\u00eancia dos<br \/>\nresultados que vem produzindo na vida de seus alunos nos \u00faltimos 30 anos.<\/p>\n<p>Este curso oferece aos que dele participarem a oportunidade de<br \/>\nconhecer melhor como funciona a Escola da Ponte, sua metodologia e<br \/>\npr\u00e1tica educativa, com especial aten\u00e7\u00e3o aos aspectos relacionados ao<br \/>\ndesenvolvimento da autonomia, da motiva\u00e7\u00e3o, da disciplina e da<br \/>\navalia\u00e7\u00e3o dos alunos. Espera-se que aqueles que participarem deste<br \/>\ncurso saiam dele n\u00e3o apenas com mais e mais detalhadas informa\u00e7\u00f5es<br \/>\nsobre a Escola da Ponte, mas principalmente que apliquem no seu<br \/>\ncotidiano id\u00e9ias, estrat\u00e9gias e procedimentos inspirados nesta outra<br \/>\nforma de fazer educa\u00e7\u00e3o.<\/p>\n<p><strong>Docentes<br \/>\n<\/strong><br \/>\nProfessores da Escola da Ponte coordenados pela profa. Ana Moreira (atual<br \/>\ncoordenadora da escola).<\/p>\n<p>Coordena\u00e7\u00e3o geral e tutoria: prof. Wilson Azevedo.<\/p>\n<p><strong>Programa<br \/>\n<\/strong><br \/>\n&#8211; Ambienta\u00e7\u00e3o Online<br \/>\n&#8211; Escola da Ponte: uma vis\u00e3o geral<br \/>\n&#8211; Fundamentos te\u00f3ricos<br \/>\n&#8211; Motiva\u00e7\u00e3o dos alunos<br \/>\n&#8211; Disciplina<br \/>\n&#8211; Avalia\u00e7\u00e3o<\/p>\n<p><strong>P\u00fablico-alvo<br \/>\n<\/strong><br \/>\nEducadores em geral, professores da rede p\u00fablica e\/ou privada de n\u00edvel<br \/>\nfundamental ou m\u00e9dio, estudantes de Pedagogia e profissionais da educa\u00e7\u00e3o.<\/p>\n<p><strong>Pr\u00e9-requisitos\u00a0\u00a0\u00a0\u00a0\u00a0\u00a0<br \/>\n<\/strong><br \/>\n&#8211; Conex\u00e3o est\u00e1vel e regular com a Internet.<br \/>\n&#8211; Conhecimentos, em n\u00edvel de usu\u00e1rio, de navega\u00e7\u00e3o na web e de uso de<br \/>\n\u00a0\u00a0 correio eletr\u00f4nico (ler, redigir, responder e enviar mensagens).<br \/>\n&#8211; Disponibilidade de 10 horas (2 horas por dia \u00fatil em m\u00e9dia) ao longo<br \/>\n\u00a0\u00a0 de cada uma das 6 semanas de dura\u00e7\u00e3o do curso.<\/p>\n<p><strong>Din\u00e2mica de funcionamento do curso<br \/>\n<\/strong><br \/>\nA cada semana um t\u00f3pico do programa de estudo ser\u00e1 abordado. Os alunos<br \/>\ndever\u00e3o previamente ler uma breve entrevista com um grupo de<br \/>\nprofessores da Escola da Ponte sobre o tema da semana e durante esta,<br \/>\nem ambiente virtual de intera\u00e7\u00e3o coletiva ass\u00edncrona, poder\u00e3o<br \/>\nperguntar diretamente a estes professores, numa esp\u00e9cie de &#8220;entrevista<br \/>\ncoletiva&#8221;, esclarecendo d\u00favidas e colhendo mais informa\u00e7\u00f5es sobre cada<br \/>\num dos t\u00f3picos do programa do curso.<\/p>\n<p><strong>Avalia\u00e7\u00e3o<br \/>\n<\/strong><br \/>\nAo final do curso cada aluno proceder\u00e1 a uma auto-avalia\u00e7\u00e3o e preencher\u00e1 e<br \/>\nremeter\u00e1 \u00e0 coordena\u00e7\u00e3o um relat\u00f3rio de aprendizagem no qual descrever\u00e1 o que<br \/>\nde mais importante ter\u00e1 aprendido ao longo das suas 6 semanas de dura\u00e7\u00e3o.<\/p>\n<p><strong>Investimento<br \/>\n<\/strong><br \/>\nO valor total da inscri\u00e7\u00e3o \u00e9 de R$550,00 (aproximadamente 220 Euros),<br \/>\nmas os 50 primeiros a se inscreverem e efetuarem pagamento ter\u00e3o um<br \/>\nDESCONTO de 50% e pagar\u00e3o apenas R$275,00 \u00e0 vista (por deposito banc\u00e1rio)<br \/>\nou em at\u00e9 12 (Mastercard\/VISA) ou mesmo 15 (American Express) vezes no cart\u00e3o<br \/>\nde cr\u00e9dito. Confira a tabela de parcelamento em:<br \/>\n<a href=\"http:\/\/www.aquifolium.com.br\/educacional\/ponte\/parcelamento.html\">http:\/\/www.aquifolium.com.br\/educacional\/ponte\/parcelamento.html <img loading=\"lazy\" decoding=\"async\" title=\"Link abrir\u00e1 em uma nova janela ou aba.\" src=\"http:\/\/www.inclusive.org.br\/images\/new_window.gif\" alt=\"Link abrir\u00e1 em uma nova janela ou aba.\" width=\"16\" height=\"14\" \/><\/a><\/p>\n<p>OBS: Escolas e secretarias de educa\u00e7\u00e3o que inscreverem grandes grupos<br \/>\n\u00a0\u00a0\u00a0\u00a0\u00a0 (m\u00ednimo de 10 inscri\u00e7\u00f5es) tamb\u00e9m ter\u00e3o desconto de 50% e pagar\u00e3o<br \/>\n\u00a0\u00a0\u00a0\u00a0\u00a0 apenas R$275,00 por inscri\u00e7\u00e3o, independente do fato de estarem<br \/>\n\u00a0\u00a0\u00a0\u00a0\u00a0 entre os primeiros inscritos.<\/p>\n<p><strong>Formul\u00e1rios de Inscri\u00e7\u00e3o<br \/>\n<\/strong><br \/>\nPara pagamento com cart\u00e3o de cr\u00e9dito (American Express, Mastercard ou VISA):<br \/>\n\u00a0\u00a0 <a href=\"http:\/\/www.aquifolium.com.br\/educacional\/ponte\/cartao\/\">http:\/\/www.aquifolium.com.br\/educacional\/ponte\/cartao\/ <img loading=\"lazy\" decoding=\"async\" title=\"Link abrir\u00e1 em uma nova janela ou aba.\" src=\"http:\/\/www.inclusive.org.br\/images\/new_window.gif\" alt=\"Link abrir\u00e1 em uma nova janela ou aba.\" width=\"16\" height=\"14\" \/><\/a><\/p>\n<p>Para pagamento atrav\u00e9s de deposito banc\u00e1rio:<br \/>\n\u00a0\u00a0 <a href=\"http:\/\/www.aquifolium.com.br\/educacional\/ponte\/deposito\/\">http:\/\/www.aquifolium.com.br\/educacional\/ponte\/deposito\/ <img loading=\"lazy\" decoding=\"async\" title=\"Link abrir\u00e1 em uma nova janela ou aba.\" src=\"http:\/\/www.inclusive.org.br\/images\/new_window.gif\" alt=\"Link abrir\u00e1 em uma nova janela ou aba.\" width=\"16\" height=\"14\" \/><\/a><\/p>\n<p>Escolas e secretarias de educa\u00e7\u00e3o (10 ou mais inscri\u00e7\u00f5es):<br \/>\n\u00a0\u00a0 Enviar e-mail para &lt;<a href=\"mailto:educacional@aquifolium.com.br\">educacional@aquifolium.com.br<\/a>&gt; informando nomes e<br \/>\n\u00a0\u00a0 endere\u00e7os de e-mail daqueles que ser\u00e3o inscritos, al\u00e9m de CNPJ, Raz\u00e3o<br \/>\n\u00a0\u00a0 Social e endere\u00e7o postal da institui\u00e7\u00e3o ou \u00f3rg\u00e3o p\u00fablico.<br \/>\n<strong><\/strong><\/p>\n<p><strong>Respostas a Perguntas mais Freq\u00fcentes<\/strong><\/p>\n<p>Como ser\u00e3o as aulas?<\/p>\n<p>Os alunos ter\u00e3o seus endere\u00e7os eletr\u00f4nicos colocados em um sistema de<br \/>\nconfer\u00eancia eletr\u00f4nica via e-mail com interface web. Atrav\u00e9s deste<br \/>\nsistema os alunos receber\u00e3o por e-mail mensagens dos professores e de<br \/>\noutros alunos, interagindo tal como se estivessem em uma mesma sala de<br \/>\naulas presencial &#8211; estar\u00e3o em uma &#8220;sala de aulas virtual&#8221;. Logo no<br \/>\nin\u00edcio do curso os alunos receber\u00e3o um endere\u00e7o e uma senha para<br \/>\nacesso ao cronograma e ao programa detalhado do curso, bem como aos<br \/>\ntextos das entrevistas com professores da Escola da Ponte que dever\u00e3o<br \/>\nser lidos pelos alunos de acordo com este cronograma\/programa. Cada<br \/>\naluno dever\u00e1 ir at\u00e9 este endere\u00e7o e, ou ler em tela ou imprimir os<br \/>\ntextos para l\u00ea-los no papel, a crit\u00e9rio do aluno. Ao longo de cada<br \/>\nsemana acontecer\u00e1 uma esp\u00e9cie de &#8220;entrevista coletiva&#8221; em torno dos<br \/>\nt\u00f3picos do programa, diretamente com os professores da Ponte, que<br \/>\nresponder\u00e3o a perguntas dos alunos. Tamb\u00e9m a qualquer momento o aluno<br \/>\npoder\u00e1 entrar em contato individualmente com o coordenador, em caso de<br \/>\nd\u00favida ou quando precisar de orienta\u00e7\u00e3o.<\/p>\n<p>Qual o hor\u00e1rio das aulas?<\/p>\n<p>O hor\u00e1rio da conveni\u00eancia do aluno. O sistema de confer\u00eancia<br \/>\neletr\u00f4nica permite que nos hor\u00e1rios de sua prefer\u00eancia o aluno receba,<br \/>\nresponda e envie mensagens que ser\u00e3o, por sua vez, recebidas pelos<br \/>\nprofessores e pelos demais alunos nos hor\u00e1rios mais adequados a estes.<\/p>\n<p>Haver\u00e1 algum encontro presencial?<\/p>\n<p>N\u00e3o. Todas as atividades do curso ser\u00e3o desenvolvidas a dist\u00e2ncia,<br \/>\nexclusivamente via Internet, utilizando os recursos dispon\u00edveis na<br \/>\npr\u00f3pria rede.<\/p>\n<p>Que conhecimentos de inform\u00e1tica ser\u00e3o necess\u00e1rios para fazer este curso?<\/p>\n<p>Apenas os conhecimentos rudimentares, em n\u00edvel de usu\u00e1rio, de correio<br \/>\neletr\u00f4nico (receber, responder e enviar mensagens via e-mail) e<br \/>\nnavega\u00e7\u00e3o em p\u00e1ginas web.<\/p>\n<p>Nunca fiz um curso online antes. Posso ainda assim fazer este curso?<\/p>\n<p>Sim. A primeira semana do curso ser\u00e1 dedicada exatamente a um trabalho<br \/>\nde ambienta\u00e7\u00e3o online, acompanhado por um professor, em que os alunos<br \/>\nser\u00e3o apresentados \u00e0 din\u00e2mica de funcionamento do curso e<br \/>\nexperimentar\u00e3o cada um dos recursos que nele ser\u00e3o utilizados. Ser\u00e1<br \/>\numa esp\u00e9cie de &#8220;pr\u00e9-escola virtual&#8221; para &#8220;marinheiros de primeira<br \/>\nviagem&#8221; em ambientes virtuais de ensino-aprendizagem.<\/p>\n<p>Quanto tempo o curso ir\u00e1 exigir do aluno?<\/p>\n<p>O curso tem 60 horas-aula de carga hor\u00e1ria e 30 dias \u00fateis de dura\u00e7\u00e3o.<br \/>\nPortanto, EM M\u00c9DIA, ser\u00e3o necess\u00e1rias 2 horas-aula por dia \u00fatil.<br \/>\nRecomendamos que o aluno separe um hor\u00e1rio di\u00e1rio para dedicar-se \u00e0<br \/>\nleitura dos textos, das mensagens distribu\u00eddas pelo sistema de<br \/>\nconfer\u00eancia eletr\u00f4nica, bem como para a reda\u00e7\u00e3o de mensagens, o mais<br \/>\npr\u00f3ximo poss\u00edvel desta m\u00e9dia de 2 horas-aula por dia.<\/p>\n<p>Quanto tempo precisarei ficar conectado \u00e0 Internet para fazer este curso?<\/p>\n<p>O aluno precisar\u00e1 conectar-se \u00e0 Internet para baixar textos em p\u00e1ginas<br \/>\nweb e mensagens do sistema de confer\u00eancia eletr\u00f4nica via e-mail. Para<br \/>\nler os textos e participar do debate, lendo e respondendo mensagens, o<br \/>\naluno n\u00e3o precisar\u00e1 ficar conectado. Portanto, estima-se um total<br \/>\nm\u00e1ximo de cerca de 12 horas de conex\u00e3o ao longo de 30 dias \u00fateis.<\/p>\n<p>Quais os pr\u00e9-requisitos para fazer este curso?<\/p>\n<p>Por se tratar de um curso online, o requisito operacional m\u00ednimo \u00e9<br \/>\ndispor de acesso regular, n\u00e3o eventual, \u00e0 Internet. Por acesso regular<br \/>\nentende-se a possibilidade de acessar diariamente a Internet por meio<br \/>\nde uma conex\u00e3o est\u00e1vel. Em geral, aqueles que conseguem navegar em<br \/>\npaginas web e comunicar-se atrav\u00e9s de correio eletr\u00f4nico (e-mail)<br \/>\ndisp\u00f5em deste requisito operacional m\u00ednimo. Al\u00e9m destes requisitos<br \/>\noperacionais, o curso requer uma dedica\u00e7\u00e3o M\u00c9DIA de duas horas di\u00e1rias<br \/>\npara leitura de textos e mensagens (circular\u00e3o pelo sistema de<br \/>\nconferencia eletr\u00f3nica\u00a0 20 mensagens por dia \u00fatil EM M\u00c9DIA).<\/p>\n<p>Ser\u00e1 preciso instalar algum programa ou software especial?<\/p>\n<p>N\u00e3o. Ao longo das 6 semanas de dura\u00e7\u00e3o total do curso o aluno<br \/>\nprecisar\u00e1 apenas de um programa de correio eletr\u00f4nico, como o Outlook<br \/>\nExpress, e de navega\u00e7\u00e3o na web, como o Internet Explorer.<\/p>\n<p>De que tipo de computador ser\u00e1 preciso dispor para fazer o curso?<\/p>\n<p>A rigor, um PC-compat\u00edvel 486 ou superior equipado com sistema<br \/>\noperacional Windows, Linux ou Mac OS-X e um modem de no m\u00ednimo 14.400 bps<br \/>\nrepresenta a plataforma m\u00ednima necess\u00e1ria.<\/p>\n","protected":false},"excerpt":{"rendered":"<p>Curso online com professores da Escola da Ponte com 60h em 6 semanas de\u00a0 04\/01 a 12\/02\/2009 http:\/\/www.aquifolium.com.br\/educacional\/ponte\/ A Escola da Ponte http:\/\/www.eb1-ponte-n1.rcts.pt\/ , situada em Vila das Aves, Portugal, \u00e9 hoje uma das mais importantes refer\u00eancias em educa\u00e7\u00e3o b\u00e1sica em todo o mundo. A partir da publica\u00e7\u00e3o de uma s\u00e9rie de artigos, e posteriormente [&hellip;]<\/p>\n","protected":false},"author":1,"featured_media":0,"comment_status":"open","ping_status":"open","sticky":false,"template":"","format":"standard","meta":{"site-container-style":"default","site-container-layout":"default","site-sidebar-layout":"default","disable-article-header":"default","disable-site-header":"default","disable-site-footer":"default","disable-content-area-spacing":"default","footnotes":""},"categories":[12,6],"tags":[],"class_list":["post-12164","post","type-post","status-publish","format-standard","hentry","category-cursos-e-eventos","category-educacao"],"yoast_head":"<!-- This site is optimized with the Yoast SEO plugin v27.4 - https:\/\/yoast.com\/product\/yoast-seo-wordpress\/ -->\n<title>Curso online FAZER A PONTE, com professores da Escola da Ponte -<\/title>\n<meta name=\"robots\" content=\"index, follow, max-snippet:-1, max-image-preview:large, max-video-preview:-1\" \/>\n<link rel=\"canonical\" href=\"https:\/\/inclusivenews.com.br\/?p=12164\" \/>\n<meta property=\"og:locale\" content=\"pt_PT\" \/>\n<meta property=\"og:type\" content=\"article\" \/>\n<meta property=\"og:title\" content=\"Curso online FAZER A PONTE, com professores da Escola da Ponte -\" \/>\n<meta property=\"og:description\" content=\"Curso online com professores da Escola da Ponte com 60h em 6 semanas de\u00a0 04\/01 a 12\/02\/2009 http:\/\/www.aquifolium.com.br\/educacional\/ponte\/ A Escola da Ponte http:\/\/www.eb1-ponte-n1.rcts.pt\/ , situada em Vila das Aves, Portugal, \u00e9 hoje uma das mais importantes refer\u00eancias em educa\u00e7\u00e3o b\u00e1sica em todo o mundo. A partir da publica\u00e7\u00e3o de uma s\u00e9rie de artigos, e posteriormente [&hellip;]\" \/>\n<meta property=\"og:url\" content=\"https:\/\/inclusivenews.com.br\/?p=12164\" \/>\n<meta property=\"article:publisher\" content=\"https:\/\/www.facebook.com\/agenciainclusive\/\" \/>\n<meta property=\"article:published_time\" content=\"2009-10-25T10:58:48+00:00\" \/>\n<meta property=\"og:image\" content=\"http:\/\/www.inclusive.org.br\/images\/new_window.gif\" \/>\n<meta name=\"author\" content=\"inclusivenews2024\" \/>\n<meta name=\"twitter:card\" content=\"summary_large_image\" \/>\n<meta name=\"twitter:label1\" content=\"Escrito por\" \/>\n\t<meta name=\"twitter:data1\" content=\"inclusivenews2024\" \/>\n\t<meta name=\"twitter:label2\" content=\"Tempo estimado de leitura\" \/>\n\t<meta name=\"twitter:data2\" content=\"7 minutos\" \/>\n<script type=\"application\/ld+json\" class=\"yoast-schema-graph\">{\"@context\":\"https:\\\/\\\/schema.org\",\"@graph\":[{\"@type\":\"Article\",\"@id\":\"https:\\\/\\\/inclusivenews.com.br\\\/?p=12164#article\",\"isPartOf\":{\"@id\":\"https:\\\/\\\/inclusivenews.com.br\\\/?p=12164\"},\"author\":{\"name\":\"inclusivenews2024\",\"@id\":\"https:\\\/\\\/inclusivenews.com.br\\\/#\\\/schema\\\/person\\\/ae4ec7087559b8692fb33b6fffd2273b\"},\"headline\":\"Curso online FAZER A PONTE, com professores da Escola da Ponte\",\"datePublished\":\"2009-10-25T10:58:48+00:00\",\"mainEntityOfPage\":{\"@id\":\"https:\\\/\\\/inclusivenews.com.br\\\/?p=12164\"},\"wordCount\":1456,\"commentCount\":0,\"publisher\":{\"@id\":\"https:\\\/\\\/inclusivenews.com.br\\\/#organization\"},\"image\":{\"@id\":\"https:\\\/\\\/inclusivenews.com.br\\\/?p=12164#primaryimage\"},\"thumbnailUrl\":\"http:\\\/\\\/www.inclusive.org.br\\\/images\\\/new_window.gif\",\"articleSection\":[\"Cursos e eventos\",\"EDUCA\u00c7\u00c3O\"],\"inLanguage\":\"pt-PT\",\"potentialAction\":[{\"@type\":\"CommentAction\",\"name\":\"Comment\",\"target\":[\"https:\\\/\\\/inclusivenews.com.br\\\/?p=12164#respond\"]}]},{\"@type\":\"WebPage\",\"@id\":\"https:\\\/\\\/inclusivenews.com.br\\\/?p=12164\",\"url\":\"https:\\\/\\\/inclusivenews.com.br\\\/?p=12164\",\"name\":\"Curso online FAZER A PONTE, com professores da Escola da Ponte -\",\"isPartOf\":{\"@id\":\"https:\\\/\\\/inclusivenews.com.br\\\/#website\"},\"primaryImageOfPage\":{\"@id\":\"https:\\\/\\\/inclusivenews.com.br\\\/?p=12164#primaryimage\"},\"image\":{\"@id\":\"https:\\\/\\\/inclusivenews.com.br\\\/?p=12164#primaryimage\"},\"thumbnailUrl\":\"http:\\\/\\\/www.inclusive.org.br\\\/images\\\/new_window.gif\",\"datePublished\":\"2009-10-25T10:58:48+00:00\",\"breadcrumb\":{\"@id\":\"https:\\\/\\\/inclusivenews.com.br\\\/?p=12164#breadcrumb\"},\"inLanguage\":\"pt-PT\",\"potentialAction\":[{\"@type\":\"ReadAction\",\"target\":[\"https:\\\/\\\/inclusivenews.com.br\\\/?p=12164\"]}]},{\"@type\":\"ImageObject\",\"inLanguage\":\"pt-PT\",\"@id\":\"https:\\\/\\\/inclusivenews.com.br\\\/?p=12164#primaryimage\",\"url\":\"http:\\\/\\\/www.inclusive.org.br\\\/images\\\/new_window.gif\",\"contentUrl\":\"http:\\\/\\\/www.inclusive.org.br\\\/images\\\/new_window.gif\"},{\"@type\":\"BreadcrumbList\",\"@id\":\"https:\\\/\\\/inclusivenews.com.br\\\/?p=12164#breadcrumb\",\"itemListElement\":[{\"@type\":\"ListItem\",\"position\":1,\"name\":\"In\u00edcio\",\"item\":\"https:\\\/\\\/inclusivenews.com.br\\\/\"},{\"@type\":\"ListItem\",\"position\":2,\"name\":\"Curso online FAZER A PONTE, com professores da Escola da Ponte\"}]},{\"@type\":\"WebSite\",\"@id\":\"https:\\\/\\\/inclusivenews.com.br\\\/#website\",\"url\":\"https:\\\/\\\/inclusivenews.com.br\\\/\",\"name\":\"Inclusive News\",\"description\":\"Inclusive News\",\"publisher\":{\"@id\":\"https:\\\/\\\/inclusivenews.com.br\\\/#organization\"},\"potentialAction\":[{\"@type\":\"SearchAction\",\"target\":{\"@type\":\"EntryPoint\",\"urlTemplate\":\"https:\\\/\\\/inclusivenews.com.br\\\/?s={search_term_string}\"},\"query-input\":{\"@type\":\"PropertyValueSpecification\",\"valueRequired\":true,\"valueName\":\"search_term_string\"}}],\"inLanguage\":\"pt-PT\"},{\"@type\":\"Organization\",\"@id\":\"https:\\\/\\\/inclusivenews.com.br\\\/#organization\",\"name\":\"Inclusive - inclus\u00e3o e cidadania\",\"url\":\"https:\\\/\\\/inclusivenews.com.br\\\/\",\"logo\":{\"@type\":\"ImageObject\",\"inLanguage\":\"pt-PT\",\"@id\":\"https:\\\/\\\/inclusivenews.com.br\\\/#\\\/schema\\\/logo\\\/image\\\/\",\"url\":\"https:\\\/\\\/inclusivenews.com.br\\\/wp-content\\\/uploads\\\/2024\\\/03\\\/@grandesite.png\",\"contentUrl\":\"https:\\\/\\\/inclusivenews.com.br\\\/wp-content\\\/uploads\\\/2024\\\/03\\\/@grandesite.png\",\"width\":1080,\"height\":1080,\"caption\":\"Inclusive - inclus\u00e3o e cidadania\"},\"image\":{\"@id\":\"https:\\\/\\\/inclusivenews.com.br\\\/#\\\/schema\\\/logo\\\/image\\\/\"},\"sameAs\":[\"https:\\\/\\\/www.facebook.com\\\/agenciainclusive\\\/\",\"https:\\\/\\\/www.instagram.com\\\/newsinclusive\\\/\"]},{\"@type\":\"Person\",\"@id\":\"https:\\\/\\\/inclusivenews.com.br\\\/#\\\/schema\\\/person\\\/ae4ec7087559b8692fb33b6fffd2273b\",\"name\":\"inclusivenews2024\",\"image\":{\"@type\":\"ImageObject\",\"inLanguage\":\"pt-PT\",\"@id\":\"https:\\\/\\\/secure.gravatar.com\\\/avatar\\\/c5a7ef84c66fa914f55bc4f7ce26cfa275a3b9a1c5568b907bd184fb4dde7b40?s=96&d=mm&r=g\",\"url\":\"https:\\\/\\\/secure.gravatar.com\\\/avatar\\\/c5a7ef84c66fa914f55bc4f7ce26cfa275a3b9a1c5568b907bd184fb4dde7b40?s=96&d=mm&r=g\",\"contentUrl\":\"https:\\\/\\\/secure.gravatar.com\\\/avatar\\\/c5a7ef84c66fa914f55bc4f7ce26cfa275a3b9a1c5568b907bd184fb4dde7b40?s=96&d=mm&r=g\",\"caption\":\"inclusivenews2024\"},\"sameAs\":[\"https:\\\/\\\/inclusivenews.com.br\"],\"url\":\"https:\\\/\\\/inclusivenews.com.br\\\/?author=1\"}]}<\/script>\n<!-- \/ Yoast SEO plugin. -->","yoast_head_json":{"title":"Curso online FAZER A PONTE, com professores da Escola da Ponte -","robots":{"index":"index","follow":"follow","max-snippet":"max-snippet:-1","max-image-preview":"max-image-preview:large","max-video-preview":"max-video-preview:-1"},"canonical":"https:\/\/inclusivenews.com.br\/?p=12164","og_locale":"pt_PT","og_type":"article","og_title":"Curso online FAZER A PONTE, com professores da Escola da Ponte -","og_description":"Curso online com professores da Escola da Ponte com 60h em 6 semanas de\u00a0 04\/01 a 12\/02\/2009 http:\/\/www.aquifolium.com.br\/educacional\/ponte\/ A Escola da Ponte http:\/\/www.eb1-ponte-n1.rcts.pt\/ , situada em Vila das Aves, Portugal, \u00e9 hoje uma das mais importantes refer\u00eancias em educa\u00e7\u00e3o b\u00e1sica em todo o mundo. A partir da publica\u00e7\u00e3o de uma s\u00e9rie de artigos, e posteriormente [&hellip;]","og_url":"https:\/\/inclusivenews.com.br\/?p=12164","article_publisher":"https:\/\/www.facebook.com\/agenciainclusive\/","article_published_time":"2009-10-25T10:58:48+00:00","og_image":[{"url":"http:\/\/www.inclusive.org.br\/images\/new_window.gif","type":"","width":"","height":""}],"author":"inclusivenews2024","twitter_card":"summary_large_image","twitter_misc":{"Escrito por":"inclusivenews2024","Tempo estimado de leitura":"7 minutos"},"schema":{"@context":"https:\/\/schema.org","@graph":[{"@type":"Article","@id":"https:\/\/inclusivenews.com.br\/?p=12164#article","isPartOf":{"@id":"https:\/\/inclusivenews.com.br\/?p=12164"},"author":{"name":"inclusivenews2024","@id":"https:\/\/inclusivenews.com.br\/#\/schema\/person\/ae4ec7087559b8692fb33b6fffd2273b"},"headline":"Curso online FAZER A PONTE, com professores da Escola da Ponte","datePublished":"2009-10-25T10:58:48+00:00","mainEntityOfPage":{"@id":"https:\/\/inclusivenews.com.br\/?p=12164"},"wordCount":1456,"commentCount":0,"publisher":{"@id":"https:\/\/inclusivenews.com.br\/#organization"},"image":{"@id":"https:\/\/inclusivenews.com.br\/?p=12164#primaryimage"},"thumbnailUrl":"http:\/\/www.inclusive.org.br\/images\/new_window.gif","articleSection":["Cursos e eventos","EDUCA\u00c7\u00c3O"],"inLanguage":"pt-PT","potentialAction":[{"@type":"CommentAction","name":"Comment","target":["https:\/\/inclusivenews.com.br\/?p=12164#respond"]}]},{"@type":"WebPage","@id":"https:\/\/inclusivenews.com.br\/?p=12164","url":"https:\/\/inclusivenews.com.br\/?p=12164","name":"Curso online FAZER A PONTE, com professores da Escola da Ponte -","isPartOf":{"@id":"https:\/\/inclusivenews.com.br\/#website"},"primaryImageOfPage":{"@id":"https:\/\/inclusivenews.com.br\/?p=12164#primaryimage"},"image":{"@id":"https:\/\/inclusivenews.com.br\/?p=12164#primaryimage"},"thumbnailUrl":"http:\/\/www.inclusive.org.br\/images\/new_window.gif","datePublished":"2009-10-25T10:58:48+00:00","breadcrumb":{"@id":"https:\/\/inclusivenews.com.br\/?p=12164#breadcrumb"},"inLanguage":"pt-PT","potentialAction":[{"@type":"ReadAction","target":["https:\/\/inclusivenews.com.br\/?p=12164"]}]},{"@type":"ImageObject","inLanguage":"pt-PT","@id":"https:\/\/inclusivenews.com.br\/?p=12164#primaryimage","url":"http:\/\/www.inclusive.org.br\/images\/new_window.gif","contentUrl":"http:\/\/www.inclusive.org.br\/images\/new_window.gif"},{"@type":"BreadcrumbList","@id":"https:\/\/inclusivenews.com.br\/?p=12164#breadcrumb","itemListElement":[{"@type":"ListItem","position":1,"name":"In\u00edcio","item":"https:\/\/inclusivenews.com.br\/"},{"@type":"ListItem","position":2,"name":"Curso online FAZER A PONTE, com professores da Escola da Ponte"}]},{"@type":"WebSite","@id":"https:\/\/inclusivenews.com.br\/#website","url":"https:\/\/inclusivenews.com.br\/","name":"Inclusive News","description":"Inclusive News","publisher":{"@id":"https:\/\/inclusivenews.com.br\/#organization"},"potentialAction":[{"@type":"SearchAction","target":{"@type":"EntryPoint","urlTemplate":"https:\/\/inclusivenews.com.br\/?s={search_term_string}"},"query-input":{"@type":"PropertyValueSpecification","valueRequired":true,"valueName":"search_term_string"}}],"inLanguage":"pt-PT"},{"@type":"Organization","@id":"https:\/\/inclusivenews.com.br\/#organization","name":"Inclusive - inclus\u00e3o e cidadania","url":"https:\/\/inclusivenews.com.br\/","logo":{"@type":"ImageObject","inLanguage":"pt-PT","@id":"https:\/\/inclusivenews.com.br\/#\/schema\/logo\/image\/","url":"https:\/\/inclusivenews.com.br\/wp-content\/uploads\/2024\/03\/@grandesite.png","contentUrl":"https:\/\/inclusivenews.com.br\/wp-content\/uploads\/2024\/03\/@grandesite.png","width":1080,"height":1080,"caption":"Inclusive - inclus\u00e3o e cidadania"},"image":{"@id":"https:\/\/inclusivenews.com.br\/#\/schema\/logo\/image\/"},"sameAs":["https:\/\/www.facebook.com\/agenciainclusive\/","https:\/\/www.instagram.com\/newsinclusive\/"]},{"@type":"Person","@id":"https:\/\/inclusivenews.com.br\/#\/schema\/person\/ae4ec7087559b8692fb33b6fffd2273b","name":"inclusivenews2024","image":{"@type":"ImageObject","inLanguage":"pt-PT","@id":"https:\/\/secure.gravatar.com\/avatar\/c5a7ef84c66fa914f55bc4f7ce26cfa275a3b9a1c5568b907bd184fb4dde7b40?s=96&d=mm&r=g","url":"https:\/\/secure.gravatar.com\/avatar\/c5a7ef84c66fa914f55bc4f7ce26cfa275a3b9a1c5568b907bd184fb4dde7b40?s=96&d=mm&r=g","contentUrl":"https:\/\/secure.gravatar.com\/avatar\/c5a7ef84c66fa914f55bc4f7ce26cfa275a3b9a1c5568b907bd184fb4dde7b40?s=96&d=mm&r=g","caption":"inclusivenews2024"},"sameAs":["https:\/\/inclusivenews.com.br"],"url":"https:\/\/inclusivenews.com.br\/?author=1"}]}},"_links":{"self":[{"href":"https:\/\/inclusivenews.com.br\/index.php?rest_route=\/wp\/v2\/posts\/12164","targetHints":{"allow":["GET"]}}],"collection":[{"href":"https:\/\/inclusivenews.com.br\/index.php?rest_route=\/wp\/v2\/posts"}],"about":[{"href":"https:\/\/inclusivenews.com.br\/index.php?rest_route=\/wp\/v2\/types\/post"}],"author":[{"embeddable":true,"href":"https:\/\/inclusivenews.com.br\/index.php?rest_route=\/wp\/v2\/users\/1"}],"replies":[{"embeddable":true,"href":"https:\/\/inclusivenews.com.br\/index.php?rest_route=%2Fwp%2Fv2%2Fcomments&post=12164"}],"version-history":[{"count":0,"href":"https:\/\/inclusivenews.com.br\/index.php?rest_route=\/wp\/v2\/posts\/12164\/revisions"}],"wp:attachment":[{"href":"https:\/\/inclusivenews.com.br\/index.php?rest_route=%2Fwp%2Fv2%2Fmedia&parent=12164"}],"wp:term":[{"taxonomy":"category","embeddable":true,"href":"https:\/\/inclusivenews.com.br\/index.php?rest_route=%2Fwp%2Fv2%2Fcategories&post=12164"},{"taxonomy":"post_tag","embeddable":true,"href":"https:\/\/inclusivenews.com.br\/index.php?rest_route=%2Fwp%2Fv2%2Ftags&post=12164"}],"curies":[{"name":"wp","href":"https:\/\/api.w.org\/{rel}","templated":true}]}}