{"id":12167,"date":"2009-10-25T08:30:55","date_gmt":"2009-10-25T11:30:55","guid":{"rendered":"http:\/\/www.inclusive.org.br\/?p=12167"},"modified":"2009-10-25T08:30:55","modified_gmt":"2009-10-25T11:30:55","slug":"seminario-internacional-comunicacao-e-exclusao","status":"publish","type":"post","link":"https:\/\/inclusivenews.com.br\/?p=12167","title":{"rendered":"Semin\u00e1rio Internacional Comunica\u00e7\u00e3o e Exclus\u00e3o"},"content":{"rendered":"<p style=\"text-align: justify;\">Semin\u00e1rio Internacional Comunica\u00e7\u00e3o &amp; Exclus\u00e3o<br \/>\nPessoas com Defici\u00eancia: Invisibilidade e Emerg\u00eancia<br \/>\nSESC Vila Mariana \/ SP<br \/>\nDia 27 \u2013 das 18h00 \u00e0s 19h30<br \/>\nDias 28 e 29 \u2013 manh\u00e3 e tarde.<\/p>\n<p style=\"text-align: justify;\"><a href=\"http:\/\/www.mid.org.br\/\" target=\"_blank\" rel=\"noopener\">http:\/\/www.mid.org.br\/<img loading=\"lazy\" decoding=\"async\" title=\"Link abrir\u00e1 em uma nova janela ou aba.\" src=\"http:\/\/www.inclusive.org.br\/images\/new_window.gif\" alt=\"Link abrir\u00e1 em uma nova janela ou aba.\" width=\"16\" height=\"14\" \/><\/a><\/p>\n<div class=\"mceTemp\" style=\"text-align: justify;\">\n<dl id=\"attachment_12094\" class=\"wp-caption alignleft\" style=\"width: 148px;\">\n<dt class=\"wp-caption-dt\"><a rel=\"attachment wp-att-12094\" href=\"http:\/\/www.inclusive.org.br\/?attachment_id=12094\"><img loading=\"lazy\" decoding=\"async\" class=\"size-medium wp-image-12094\" title=\"Folder do evento - descri\u00e7\u00e3o do texto a seguir.\" src=\"http:\/\/inclusivenews.com.br\/wp-content\/uploads\/2009\/10\/securedownload1-138x300.jpg\" alt=\"securedownload\" width=\"138\" height=\"300\" \/><\/a><\/dt>\n<dd class=\"wp-caption-dd\">Folder do evento &#8211; descri\u00e7\u00e3o do texto a seguir.<\/dd>\n<\/dl>\n<\/div>\n<p style=\"text-align: justify;\">O Semin\u00e1rio Internacional Comunica\u00e7\u00e3o &amp; Exclus\u00e3o: Pessoas com Defici\u00eancia, Invisibilidade e Emerg\u00eancia objetiva fornecer um panorama da produ\u00e7\u00e3o, circula\u00e7\u00e3o, acesso e acessibilidade da comunica\u00e7\u00e3o e da informa\u00e7\u00e3o, tendo como foco as pessoas com defici\u00eancia. O que falam, como s\u00e3o vistas, como as suas problem\u00e1ticas s\u00e3o abordadas? Cada vez mais, os meios de comunica\u00e7\u00e3o ampliam seu alcance e diversificam suas formas de veicular a informa\u00e7\u00e3o. Por\u00e9m, as pessoas com defici\u00eancia e suas fam\u00edlias ainda encontram muitas dificuldades, tanto no que diz respeito \u00e0 acessibilidade quanto \u00e0 qualidade do conte\u00fado veiculado. Tentando contribuir para dirimir as lacunas existentes na \u00e1rea de Comunica\u00e7\u00e3o no tocante \u00e0 quest\u00e3o das pessoas com defici\u00eancia, o evento prop\u00f5e-se a discutir a forma\u00e7\u00e3o dos profissionais, o papel da m\u00eddia e das artes, a import\u00e2ncia das tecnologias assistivas e a responsabilidade do Estado e dos governos em torn\u00e1-las acess\u00edveis por meio de pol\u00edticas p\u00fablicas. Ser\u00e3o apresentadas, tamb\u00e9m, iniciativas do Terceiro Setor, com o intuito de expor experi\u00eancias positivas que contribuam para a garantia do acesso \u00e0 informa\u00e7\u00e3o, um direito fundamental. O Servi\u00e7o Social do Com\u00e9rcio e o Instituto MID para a Participa\u00e7\u00e3o Social das Pessoas com Defici\u00eancia, numa iniciativa de a\u00e7\u00e3o social e educativa, tencionam desenvolver zonas de discuss\u00e3o e de troca de experi\u00eancias, com o objetivo de contribuir para que os meios de comunica\u00e7\u00e3o, e os profissionais da \u00e1rea, veiculem um conte\u00fado acess\u00edvel e preocupado com a constru\u00e7\u00e3o \u00e9tica da not\u00edcia, de forma a garantir o respeito pela diversidade humana.<\/p>\n<p style=\"text-align: justify;\"><strong>Realizadores<\/strong><\/p>\n<p style=\"text-align: justify;\">Servi\u00e7o Social do Com\u00e9rcio &#8211; SESCSP<br \/>\nInstitui\u00e7\u00e3o de car\u00e1ter privado, de \u00e2mbito nacional, criada em 1946, por iniciativa do empresariado do com\u00e9rcio e servi\u00e7os, que a mant\u00e9m e a administra. Com intensa atua\u00e7\u00e3o no campo da cultura e suas diferen\u00adtes manifesta\u00e7\u00f5es, a finalidade do SESC \u00e9 a promo\u00e7\u00e3o do bem-estar social, a melhoria da qualidade de vida, o desenvolvimento cultural e a educa\u00e7\u00e3o como pressuposto para a transforma\u00e7\u00e3o social. O SESC desenvolve, assim, uma a\u00e7\u00e3o de educa\u00e7\u00e3o informal e permanente com intuito de valorizar as pessoas ao estimular a autonomia pessoal, a inte\u00adra\u00e7\u00e3o e o contato com express\u00f5es e modos diversos de pensar, agir e sentir. Constitui o p\u00fablico priorit\u00e1rio do SESC: o trabalhador nas \u00e1reas de com\u00e9rcio e servi\u00e7os e seus dependentes, os trabalhadores aposen\u00adtados nesses setores, ou ainda aqueles que se encontram desemprega\u00addos, mas exerceram, h\u00e1 menos de 12 meses, atividades em empresas comerciais e de servi\u00e7os.<br \/>\n<a href=\"http:\/\/www.sescsp.org.br\" target=\"_blank\" rel=\"noopener\">www.sescsp.org.br<\/a><\/p>\n<p style=\"text-align: justify;\"><strong>Instituto MID para a Participa\u00e7\u00e3o Social das Pessoas com Defici\u00eancia<\/strong><\/p>\n<p style=\"text-align: justify;\">Organiza\u00e7\u00e3o da Sociedade Civil de Interesse P\u00fablico (Oscip), fundada em 1991, na cidade de Santo Andr\u00e9, S\u00e3o Paulo. O MID tem a miss\u00e3o de estimular e fortalecer as pessoas com defici\u00eancia e suas fam\u00edlias para que exijam seus direitos e exer\u00e7am seus deveres como qualquer outro cidad\u00e3o. Para isso, atualmente desenvolve a\u00e7\u00f5es em duas \u00e1reas: a comunica\u00e7\u00e3o, com o Projeto Minuto da Inclus\u00e3o, e a Assist\u00eancia Social, com o Projeto Arco \u2013 Reabilita\u00e7\u00e3o Baseada na Comunidade. Com hist\u00f3rico na luta pelos direitos das pessoas com defici\u00eancia, entre suas a\u00e7\u00f5es, o MID contribuiu ativamente para a cria\u00e7\u00e3o do Conselho Municipal das Pessoas com Defici\u00eancia de Santo Andr\u00e9, criado em 1997, no qual ocupa a vice-presid\u00eancia. Participou da cria\u00e7\u00e3o, em 2001, do Movimento Grande ABC Para Todos, f\u00f3rum de entidades e governos em prol da implementa\u00e7\u00e3o de pol\u00edticas p\u00fablicas de aten\u00e7\u00e3o \u00e0s pessoas com defici\u00eancia nas sete cidades que comp\u00f5em essa regi\u00e3o. Participou ativamente da Campanha da Fraternidade 2006 \u2013 Fraternidade e Pessoas com Defici\u00eancia, promovida pela CNBB, participa da coordena\u00e7\u00e3o do F\u00f3rum Fraternidade e Pessoas com Defici\u00eancia, criado em 2005, e, desde 2009, faz parte da coordena\u00e7\u00e3o da Pastoral da Pessoa com Defici\u00eancia.<br \/>\n<a href=\"www.mid.org.br\" target=\"_blank\" rel=\"noopener\">www.mid.org.br<\/a><\/p>\n<p style=\"text-align: justify;\"><strong>Apoio<\/strong><br \/>\nSecretaria de Estado dos Direitos das Pessoas com Defici\u00eancia de S\u00e3o Paulo.<\/p>\n<p style=\"text-align: justify;\"><strong>Colabora\u00e7\u00e3o<\/strong><br \/>\nCoordenadoria Nacional para a Integra\u00e7\u00e3o da Pessoa Portadora de Defici\u00eancia (CORDE)<br \/>\nSecretaria Municipal da Pessoa com Defici\u00eancia e Mobilidade Reduzida<br \/>\nCentro de Vida Independente Araci Nallin<\/p>\n<p style=\"text-align: justify;\"><strong>P\u00daBLICO ALVO<\/strong><br \/>\nProfissionais e estudantes de Comunica\u00e7\u00e3o, educadores, organiza\u00e7\u00f5es de pessoas com defici\u00eancia e interessados em geral<\/p>\n<p style=\"text-align: justify;\"><strong>INSCRI\u00c7\u00d5ES<\/strong><br \/>\nA partir de 14\/10\/2009<br \/>\nVagas limitadas<br \/>\nNas unidades do SESC SP ou pelo Portal<\/p>\n<p style=\"text-align: justify;\"><strong>TAXA DE INSCRI\u00c7\u00c3O<\/strong><br \/>\nR$ 40,00 (inteira)<br \/>\nR$ 20,00 (usu\u00e1rio inscrito, +60 anos, estudante e professor da rede p\u00fablica de ensino)<br \/>\nR$ 10,00 (trabalhador no com\u00e9rcio de bens e servi\u00e7os matriculado no SESC)<\/p>\n<p style=\"text-align: justify;\"><strong>INFORMA\u00c7\u00d5ES<\/strong><br \/>\nSESC Vila Mariana<br \/>\nRua Pelotas, 141 \/ S\u00e3o Paulo \/ SP \/ CEP: 04012-000<br \/>\nTel.: 11 5080-3008, das 10h \u00e0s 19h<br \/>\ncomunicacaoeexclusao@vilamariana.sescsp.org.br<\/p>\n<p style=\"text-align: justify;\"><strong>Programa\u00e7\u00e3o<\/strong><\/p>\n<p style=\"text-align: justify;\">Dia 27<\/p>\n<p style=\"text-align: justify;\">18h<br \/>\nCredenciamento<\/p>\n<p style=\"text-align: justify;\">19h<br \/>\nAbertura<\/p>\n<p style=\"text-align: justify;\">19h30<br \/>\nConfer\u00eancia de abertura \u2013 ACESSO \u00c0 SOCIEDADE DA INFORMA\u00c7\u00c3O: DIREITOS DE COMUNICA\u00c7\u00c3O DAS PESSOAS COM DEFICI\u00caNCIA<br \/>\nJulia Hoffmann \u2013 Mestre em Direito Internacional e Europeu e em Ci\u00eancias da Comunica\u00e7\u00e3o. Leciona e atua como orientadora no Departamento de Ci\u00eancias da Comunica\u00e7\u00e3o na Universidade de Amsterd\u00e3 (Holanda)<br \/>\nMediador: Luiz Carlos Lopes &#8211; Jornalista formado pela Escola de Comunica\u00e7\u00e3o e Artes da USP. Coordena a \u00e1rea de Comunica\u00e7\u00e3o e Marketing da Secretaria Municipal da Pessoa com Defici\u00eancia e Mobilidade Reduzida -SMPED<\/p>\n<p style=\"text-align: justify;\">Dia 28<\/p>\n<p style=\"text-align: justify;\">9h30<br \/>\nCol\u00f3quio \u2013 M\u00cdDIA E DEFICI\u00caNCIA: PRECONCEITOS, ESTERE\u00d3TIPOS E O PAPEL DA M\u00cdDIA COMO FACILITADOR DE PROCESSOS DE INCLUS\u00c3O DAS PESSOAS COM DEFICI\u00caNCIA<br \/>\nMarcos Peres \u2013 Jornalista da Sport TV<br \/>\nVeet Vivarta \u2013 Diretor-editor da Ag\u00eancia de Not\u00edcias dos Direitos da Inf\u00e2ncia (ANDI). Trabalha com pesquisa sobre adolescentes com defici\u00eancia<br \/>\nPaulo Romeu Filho &#8211; Analista de Sistemas da Prodam ETIC \u2013 Empresa de Tecnologia de Comunica\u00e7\u00e3o e Informa\u00e7\u00e3o da Prefeitura de S\u00e3o Paulo. Atuou como colaborador do Minist\u00e9rio das Comunica\u00e7\u00f5es na elabora\u00e7\u00e3o da norma ABNT\/NBR 15290 (Acessibilidade em Comunica\u00e7\u00e3o na Televis\u00e3o) e da norma complementar n\u00ba 1\/2006 (Recursos de Acessibilidade para Pessoas com Defici\u00eancia na Programa\u00e7\u00e3o)<br \/>\nMediador: Tuca Munhoz \u2013 Presidente do Instituto MID para a Participa\u00e7\u00e3o Social das Pessoas com Defici\u00eancia<\/p>\n<p style=\"text-align: justify;\">11h<br \/>\nCol\u00f3quio \u2013 M\u00cdDIA E DEFICI\u00caNCIA: FORMA\u00c7\u00c3O PROFISSIONAL E O DISCURSO JORNAL\u00cdSTICO SOBRE AS DEFICI\u00caNCIAS<br \/>\nJose Luis Aguirre \u2013 Diretor do Servicio de Capacitaci\u00f3n en Radio y Televisi\u00f3n para El Desarrollo (SECRAD), da Universidad Cat\u00f3lica Boliviana \u201cSan Pablo\u201d &#8211; La Paz (Bol\u00edvia)<br \/>\nCarlos Chaparro \u2013 Professor Doutor da Escola de Comunica\u00e7\u00e3o e Artes da Universidade de S\u00e3o Paulo<br \/>\nClaudia Werneck \u2013 Jornalista e Diretora da Organiza\u00e7\u00e3o Escola de Gente<br \/>\nMediadora: Elizabete Cristina Costa Renders \u2013 Coordenadora da Inclus\u00e3o da Universidade Metodista<\/p>\n<p style=\"text-align: justify;\">12h30<br \/>\nIntervalo<\/p>\n<p style=\"text-align: justify;\">14h30<br \/>\nMesa-redonda \u2013 ARTE E CULTURA E AS PESSOAS COM DEFICI\u00caNCIA<br \/>\nAmanda Tojal \u2013 Muse\u00f3loga e educadora. Coordenadora do Programa Educativo P\u00fablicos Especiais da Pinacoteca do Estado de S\u00e3o Paulo<br \/>\nLara Pozzobon \u2013 Produtora do Programa Assim Vivemos da TV Brasil<br \/>\nRodrigo Mendes \u2013 Fundador do Instituto Rodrigo Mendes<br \/>\nMediadora: Nicole Somera &#8211; Graduada em Canto Popular, mestre em Artes (pesquisa sobre grupos de artistas com defici\u00eancia) e doutoranda em Educa\u00e7\u00e3o pela UNICAMP. Atuou como regente e cantora de v\u00e1rios corais e em projetos sociais, como o Guri<\/p>\n<p style=\"text-align: justify;\">16h<br \/>\nRelatos de Experi\u00eancias \u2013 COMUNICA\u00c7\u00c3O PARA E SOBRE PESSOAS COM DEFICI\u00caNCIA, SEUS GRUPOS E SUAS ORGANIZA\u00c7\u00d5ES<br \/>\nCl\u00e1udia Cotes \u2013 Presidente da OSCIP Vez da Voz<br \/>\nL\u00facio Carvalho \u2013 Colaborador da Ag\u00eancia Inclusive<br \/>\nManoel Jos\u00e9 Passos Negraes \u2013 Integrante da equipe do Minuto da Inclus\u00e3o<br \/>\nMediadora: Lia Crespo \u2013 Jornalista. Mestre em Ci\u00eancias da Comunica\u00e7\u00e3o (ECA\/USP) e doutoranda em Hist\u00f3ria (FFLCH\/USP). Militante do movimento das pessoas com defici\u00eancia e participante do CVI-Araci Nallin<\/p>\n<p style=\"text-align: justify;\">Dia 29<\/p>\n<p style=\"text-align: justify;\">9h30<br \/>\nMesa-Redonda \u2013 DIREITO \u00c0 INFORMA\u00c7\u00c3O E TECNOLOGIAS ASSISTIVAS: A PESSOA COM DEFICI\u00caNCIA COMO PRODUTORA E RECEPTORA DE INFORMA\u00c7\u00d5ES NA PERSPECTIVA DO MODELO SOCIAL DA DEFICI\u00caNCIA<br \/>\nMarco Antonio Pellegrine \u2013 Coordenador de Projetos da Secretaria de Estado dos Direitos das Pessoas com Defici\u00eancia de S\u00e3o Paulo<br \/>\nAna Rita de Paula \u2013 Doutora em Psicologia Cl\u00ednica e consultora sobre inclus\u00e3o do Minist\u00e9rio da Sa\u00fade, da organiza\u00e7\u00e3o social SORRI Brasil e da UNESCO<br \/>\nMediador: Luciano Sathler \u2013 Pr\u00f3-Reitor da Universidade Metodista de S\u00e3o Paulo e presidente para a Am\u00e9rica Latina da WACC \u2013 Associa\u00e7\u00e3o Mundial para a Comunica\u00e7\u00e3o Crist\u00e3<\/p>\n<p style=\"text-align: justify;\">11h<br \/>\nMesa-Redonda \u2013 POL\u00cdTICAS P\u00daBLICAS EM COMUNICA\u00c7\u00c3O PARA PESSOAS COM DEFICI\u00caNCIA<br \/>\nEduardo Castro \u2013 Gerente de Jornalismo da TV Brasil<br \/>\nF\u00e1bio Adiron \u2013 Comunicador e ativista pelos direitos das pessoas com defici\u00eancia<br \/>\nMediador: S\u00e9rgio Gomes \u2013 Diretor da Obor\u00e9 &#8211; Empresa Social de Comunica\u00e7\u00e3o<\/p>\n<p style=\"text-align: justify;\">12h30<br \/>\nIntervalo<\/p>\n<p style=\"text-align: justify;\">14h30<br \/>\nRelatos de Experi\u00eancias \u2013 PESSOAS COM DEFICI\u00caNCIA E AS REDES DE COMUNICA\u00c7\u00c3O<br \/>\nAna Maria Barbosa \u2013 Coordenadora da Rede SACI<br \/>\nCarmen Leite Ribeiro \u2013 Coordenadora Executiva da Rede Entre Amigos<br \/>\nRegina Atalla \u2013 Presidente da Riadis (Rede Latino-Americana de Organiza\u00e7\u00f5es N\u00e3o-Governamentais de Pessoas com Defici\u00eancia e suas Fam\u00edlias)<br \/>\nMediador: Adelino Ozores \u2013 Coordenador da Casa de Cultura de Santo Amaro<\/p>\n<p style=\"text-align: justify;\">16h<br \/>\nPalestra de encerramento \u2013 O DIREITO \u00c0 COMUNICA\u00c7\u00c3O E \u00c0 INFORMA\u00c7\u00c3O DE GRUPOS MINORIT\u00c1RIOS NA SOCIEDADE BRASILEIRA<br \/>\nFrei Carlos Josaphat \u2013 Prof. Em\u00e9rito da Universidade de Friburgo (Su\u00ed\u00e7a). Estudioso da \u00e9tica na m\u00eddia<br \/>\nApresentador: Jos\u00e9 Augusto de Oliveira Camargo &#8211; Presidente do Sindicato dos Jornalistas de S\u00e3o Paulo e Diretor do Departamento de Sa\u00fade e Previd\u00eancia da FENAJ<\/p>\n<p style=\"text-align: justify;\">17h30<br \/>\nEncerramento<\/p>\n","protected":false},"excerpt":{"rendered":"<p>Semin\u00e1rio Internacional Comunica\u00e7\u00e3o &amp; Exclus\u00e3o Pessoas com Defici\u00eancia: Invisibilidade e Emerg\u00eancia SESC Vila Mariana \/ SP Dia 27 \u2013 das 18h00 \u00e0s 19h30 Dias 28 e 29 \u2013 manh\u00e3 e tarde. http:\/\/www.mid.org.br\/ Folder do evento &#8211; descri\u00e7\u00e3o do texto a seguir. O Semin\u00e1rio Internacional Comunica\u00e7\u00e3o &amp; Exclus\u00e3o: Pessoas com Defici\u00eancia, Invisibilidade e Emerg\u00eancia objetiva fornecer [&hellip;]<\/p>\n","protected":false},"author":1,"featured_media":0,"comment_status":"open","ping_status":"open","sticky":false,"template":"","format":"standard","meta":{"site-container-style":"default","site-container-layout":"default","site-sidebar-layout":"default","disable-article-header":"default","disable-site-header":"default","disable-site-footer":"default","disable-content-area-spacing":"default","footnotes":""},"categories":[12,38],"tags":[],"class_list":["post-12167","post","type-post","status-publish","format-standard","hentry","category-cursos-e-eventos","category-deficiencia"],"yoast_head":"<!-- This site is optimized with the Yoast SEO plugin v27.4 - https:\/\/yoast.com\/product\/yoast-seo-wordpress\/ -->\n<title>Semin\u00e1rio Internacional Comunica\u00e7\u00e3o e Exclus\u00e3o -<\/title>\n<meta name=\"robots\" content=\"index, follow, max-snippet:-1, max-image-preview:large, max-video-preview:-1\" \/>\n<link rel=\"canonical\" href=\"https:\/\/inclusivenews.com.br\/?p=12167\" \/>\n<meta property=\"og:locale\" content=\"pt_PT\" \/>\n<meta property=\"og:type\" content=\"article\" \/>\n<meta property=\"og:title\" content=\"Semin\u00e1rio Internacional Comunica\u00e7\u00e3o e Exclus\u00e3o -\" \/>\n<meta property=\"og:description\" content=\"Semin\u00e1rio Internacional Comunica\u00e7\u00e3o &amp; Exclus\u00e3o Pessoas com Defici\u00eancia: Invisibilidade e Emerg\u00eancia SESC Vila Mariana \/ SP Dia 27 \u2013 das 18h00 \u00e0s 19h30 Dias 28 e 29 \u2013 manh\u00e3 e tarde. http:\/\/www.mid.org.br\/ Folder do evento &#8211; descri\u00e7\u00e3o do texto a seguir. O Semin\u00e1rio Internacional Comunica\u00e7\u00e3o &amp; Exclus\u00e3o: Pessoas com Defici\u00eancia, Invisibilidade e Emerg\u00eancia objetiva fornecer [&hellip;]\" \/>\n<meta property=\"og:url\" content=\"https:\/\/inclusivenews.com.br\/?p=12167\" \/>\n<meta property=\"article:publisher\" content=\"https:\/\/www.facebook.com\/agenciainclusive\/\" \/>\n<meta property=\"article:published_time\" content=\"2009-10-25T11:30:55+00:00\" \/>\n<meta property=\"og:image\" content=\"http:\/\/www.inclusive.org.br\/images\/new_window.gif\" \/>\n<meta name=\"author\" content=\"inclusivenews2024\" \/>\n<meta name=\"twitter:card\" content=\"summary_large_image\" \/>\n<meta name=\"twitter:label1\" content=\"Escrito por\" \/>\n\t<meta name=\"twitter:data1\" content=\"inclusivenews2024\" \/>\n\t<meta name=\"twitter:label2\" content=\"Tempo estimado de leitura\" \/>\n\t<meta name=\"twitter:data2\" content=\"8 minutos\" \/>\n<script type=\"application\/ld+json\" class=\"yoast-schema-graph\">{\"@context\":\"https:\\\/\\\/schema.org\",\"@graph\":[{\"@type\":\"Article\",\"@id\":\"https:\\\/\\\/inclusivenews.com.br\\\/?p=12167#article\",\"isPartOf\":{\"@id\":\"https:\\\/\\\/inclusivenews.com.br\\\/?p=12167\"},\"author\":{\"name\":\"inclusivenews2024\",\"@id\":\"https:\\\/\\\/inclusivenews.com.br\\\/#\\\/schema\\\/person\\\/ae4ec7087559b8692fb33b6fffd2273b\"},\"headline\":\"Semin\u00e1rio Internacional Comunica\u00e7\u00e3o e Exclus\u00e3o\",\"datePublished\":\"2009-10-25T11:30:55+00:00\",\"mainEntityOfPage\":{\"@id\":\"https:\\\/\\\/inclusivenews.com.br\\\/?p=12167\"},\"wordCount\":1673,\"commentCount\":2,\"publisher\":{\"@id\":\"https:\\\/\\\/inclusivenews.com.br\\\/#organization\"},\"image\":{\"@id\":\"https:\\\/\\\/inclusivenews.com.br\\\/?p=12167#primaryimage\"},\"thumbnailUrl\":\"http:\\\/\\\/www.inclusive.org.br\\\/images\\\/new_window.gif\",\"articleSection\":[\"Cursos e eventos\",\"Defici\u00eancia\"],\"inLanguage\":\"pt-PT\",\"potentialAction\":[{\"@type\":\"CommentAction\",\"name\":\"Comment\",\"target\":[\"https:\\\/\\\/inclusivenews.com.br\\\/?p=12167#respond\"]}]},{\"@type\":\"WebPage\",\"@id\":\"https:\\\/\\\/inclusivenews.com.br\\\/?p=12167\",\"url\":\"https:\\\/\\\/inclusivenews.com.br\\\/?p=12167\",\"name\":\"Semin\u00e1rio Internacional Comunica\u00e7\u00e3o e Exclus\u00e3o -\",\"isPartOf\":{\"@id\":\"https:\\\/\\\/inclusivenews.com.br\\\/#website\"},\"primaryImageOfPage\":{\"@id\":\"https:\\\/\\\/inclusivenews.com.br\\\/?p=12167#primaryimage\"},\"image\":{\"@id\":\"https:\\\/\\\/inclusivenews.com.br\\\/?p=12167#primaryimage\"},\"thumbnailUrl\":\"http:\\\/\\\/www.inclusive.org.br\\\/images\\\/new_window.gif\",\"datePublished\":\"2009-10-25T11:30:55+00:00\",\"breadcrumb\":{\"@id\":\"https:\\\/\\\/inclusivenews.com.br\\\/?p=12167#breadcrumb\"},\"inLanguage\":\"pt-PT\",\"potentialAction\":[{\"@type\":\"ReadAction\",\"target\":[\"https:\\\/\\\/inclusivenews.com.br\\\/?p=12167\"]}]},{\"@type\":\"ImageObject\",\"inLanguage\":\"pt-PT\",\"@id\":\"https:\\\/\\\/inclusivenews.com.br\\\/?p=12167#primaryimage\",\"url\":\"http:\\\/\\\/www.inclusive.org.br\\\/images\\\/new_window.gif\",\"contentUrl\":\"http:\\\/\\\/www.inclusive.org.br\\\/images\\\/new_window.gif\"},{\"@type\":\"BreadcrumbList\",\"@id\":\"https:\\\/\\\/inclusivenews.com.br\\\/?p=12167#breadcrumb\",\"itemListElement\":[{\"@type\":\"ListItem\",\"position\":1,\"name\":\"In\u00edcio\",\"item\":\"https:\\\/\\\/inclusivenews.com.br\\\/\"},{\"@type\":\"ListItem\",\"position\":2,\"name\":\"Semin\u00e1rio Internacional Comunica\u00e7\u00e3o e Exclus\u00e3o\"}]},{\"@type\":\"WebSite\",\"@id\":\"https:\\\/\\\/inclusivenews.com.br\\\/#website\",\"url\":\"https:\\\/\\\/inclusivenews.com.br\\\/\",\"name\":\"Inclusive News\",\"description\":\"Inclusive News\",\"publisher\":{\"@id\":\"https:\\\/\\\/inclusivenews.com.br\\\/#organization\"},\"potentialAction\":[{\"@type\":\"SearchAction\",\"target\":{\"@type\":\"EntryPoint\",\"urlTemplate\":\"https:\\\/\\\/inclusivenews.com.br\\\/?s={search_term_string}\"},\"query-input\":{\"@type\":\"PropertyValueSpecification\",\"valueRequired\":true,\"valueName\":\"search_term_string\"}}],\"inLanguage\":\"pt-PT\"},{\"@type\":\"Organization\",\"@id\":\"https:\\\/\\\/inclusivenews.com.br\\\/#organization\",\"name\":\"Inclusive - inclus\u00e3o e cidadania\",\"url\":\"https:\\\/\\\/inclusivenews.com.br\\\/\",\"logo\":{\"@type\":\"ImageObject\",\"inLanguage\":\"pt-PT\",\"@id\":\"https:\\\/\\\/inclusivenews.com.br\\\/#\\\/schema\\\/logo\\\/image\\\/\",\"url\":\"https:\\\/\\\/inclusivenews.com.br\\\/wp-content\\\/uploads\\\/2024\\\/03\\\/@grandesite.png\",\"contentUrl\":\"https:\\\/\\\/inclusivenews.com.br\\\/wp-content\\\/uploads\\\/2024\\\/03\\\/@grandesite.png\",\"width\":1080,\"height\":1080,\"caption\":\"Inclusive - inclus\u00e3o e cidadania\"},\"image\":{\"@id\":\"https:\\\/\\\/inclusivenews.com.br\\\/#\\\/schema\\\/logo\\\/image\\\/\"},\"sameAs\":[\"https:\\\/\\\/www.facebook.com\\\/agenciainclusive\\\/\",\"https:\\\/\\\/www.instagram.com\\\/newsinclusive\\\/\"]},{\"@type\":\"Person\",\"@id\":\"https:\\\/\\\/inclusivenews.com.br\\\/#\\\/schema\\\/person\\\/ae4ec7087559b8692fb33b6fffd2273b\",\"name\":\"inclusivenews2024\",\"image\":{\"@type\":\"ImageObject\",\"inLanguage\":\"pt-PT\",\"@id\":\"https:\\\/\\\/secure.gravatar.com\\\/avatar\\\/c5a7ef84c66fa914f55bc4f7ce26cfa275a3b9a1c5568b907bd184fb4dde7b40?s=96&d=mm&r=g\",\"url\":\"https:\\\/\\\/secure.gravatar.com\\\/avatar\\\/c5a7ef84c66fa914f55bc4f7ce26cfa275a3b9a1c5568b907bd184fb4dde7b40?s=96&d=mm&r=g\",\"contentUrl\":\"https:\\\/\\\/secure.gravatar.com\\\/avatar\\\/c5a7ef84c66fa914f55bc4f7ce26cfa275a3b9a1c5568b907bd184fb4dde7b40?s=96&d=mm&r=g\",\"caption\":\"inclusivenews2024\"},\"sameAs\":[\"https:\\\/\\\/inclusivenews.com.br\"],\"url\":\"https:\\\/\\\/inclusivenews.com.br\\\/?author=1\"}]}<\/script>\n<!-- \/ Yoast SEO plugin. -->","yoast_head_json":{"title":"Semin\u00e1rio Internacional Comunica\u00e7\u00e3o e Exclus\u00e3o -","robots":{"index":"index","follow":"follow","max-snippet":"max-snippet:-1","max-image-preview":"max-image-preview:large","max-video-preview":"max-video-preview:-1"},"canonical":"https:\/\/inclusivenews.com.br\/?p=12167","og_locale":"pt_PT","og_type":"article","og_title":"Semin\u00e1rio Internacional Comunica\u00e7\u00e3o e Exclus\u00e3o -","og_description":"Semin\u00e1rio Internacional Comunica\u00e7\u00e3o &amp; Exclus\u00e3o Pessoas com Defici\u00eancia: Invisibilidade e Emerg\u00eancia SESC Vila Mariana \/ SP Dia 27 \u2013 das 18h00 \u00e0s 19h30 Dias 28 e 29 \u2013 manh\u00e3 e tarde. http:\/\/www.mid.org.br\/ Folder do evento &#8211; descri\u00e7\u00e3o do texto a seguir. O Semin\u00e1rio Internacional Comunica\u00e7\u00e3o &amp; Exclus\u00e3o: Pessoas com Defici\u00eancia, Invisibilidade e Emerg\u00eancia objetiva fornecer [&hellip;]","og_url":"https:\/\/inclusivenews.com.br\/?p=12167","article_publisher":"https:\/\/www.facebook.com\/agenciainclusive\/","article_published_time":"2009-10-25T11:30:55+00:00","og_image":[{"url":"http:\/\/www.inclusive.org.br\/images\/new_window.gif","type":"","width":"","height":""}],"author":"inclusivenews2024","twitter_card":"summary_large_image","twitter_misc":{"Escrito por":"inclusivenews2024","Tempo estimado de leitura":"8 minutos"},"schema":{"@context":"https:\/\/schema.org","@graph":[{"@type":"Article","@id":"https:\/\/inclusivenews.com.br\/?p=12167#article","isPartOf":{"@id":"https:\/\/inclusivenews.com.br\/?p=12167"},"author":{"name":"inclusivenews2024","@id":"https:\/\/inclusivenews.com.br\/#\/schema\/person\/ae4ec7087559b8692fb33b6fffd2273b"},"headline":"Semin\u00e1rio Internacional Comunica\u00e7\u00e3o e Exclus\u00e3o","datePublished":"2009-10-25T11:30:55+00:00","mainEntityOfPage":{"@id":"https:\/\/inclusivenews.com.br\/?p=12167"},"wordCount":1673,"commentCount":2,"publisher":{"@id":"https:\/\/inclusivenews.com.br\/#organization"},"image":{"@id":"https:\/\/inclusivenews.com.br\/?p=12167#primaryimage"},"thumbnailUrl":"http:\/\/www.inclusive.org.br\/images\/new_window.gif","articleSection":["Cursos e eventos","Defici\u00eancia"],"inLanguage":"pt-PT","potentialAction":[{"@type":"CommentAction","name":"Comment","target":["https:\/\/inclusivenews.com.br\/?p=12167#respond"]}]},{"@type":"WebPage","@id":"https:\/\/inclusivenews.com.br\/?p=12167","url":"https:\/\/inclusivenews.com.br\/?p=12167","name":"Semin\u00e1rio Internacional Comunica\u00e7\u00e3o e Exclus\u00e3o -","isPartOf":{"@id":"https:\/\/inclusivenews.com.br\/#website"},"primaryImageOfPage":{"@id":"https:\/\/inclusivenews.com.br\/?p=12167#primaryimage"},"image":{"@id":"https:\/\/inclusivenews.com.br\/?p=12167#primaryimage"},"thumbnailUrl":"http:\/\/www.inclusive.org.br\/images\/new_window.gif","datePublished":"2009-10-25T11:30:55+00:00","breadcrumb":{"@id":"https:\/\/inclusivenews.com.br\/?p=12167#breadcrumb"},"inLanguage":"pt-PT","potentialAction":[{"@type":"ReadAction","target":["https:\/\/inclusivenews.com.br\/?p=12167"]}]},{"@type":"ImageObject","inLanguage":"pt-PT","@id":"https:\/\/inclusivenews.com.br\/?p=12167#primaryimage","url":"http:\/\/www.inclusive.org.br\/images\/new_window.gif","contentUrl":"http:\/\/www.inclusive.org.br\/images\/new_window.gif"},{"@type":"BreadcrumbList","@id":"https:\/\/inclusivenews.com.br\/?p=12167#breadcrumb","itemListElement":[{"@type":"ListItem","position":1,"name":"In\u00edcio","item":"https:\/\/inclusivenews.com.br\/"},{"@type":"ListItem","position":2,"name":"Semin\u00e1rio Internacional Comunica\u00e7\u00e3o e Exclus\u00e3o"}]},{"@type":"WebSite","@id":"https:\/\/inclusivenews.com.br\/#website","url":"https:\/\/inclusivenews.com.br\/","name":"Inclusive News","description":"Inclusive News","publisher":{"@id":"https:\/\/inclusivenews.com.br\/#organization"},"potentialAction":[{"@type":"SearchAction","target":{"@type":"EntryPoint","urlTemplate":"https:\/\/inclusivenews.com.br\/?s={search_term_string}"},"query-input":{"@type":"PropertyValueSpecification","valueRequired":true,"valueName":"search_term_string"}}],"inLanguage":"pt-PT"},{"@type":"Organization","@id":"https:\/\/inclusivenews.com.br\/#organization","name":"Inclusive - inclus\u00e3o e cidadania","url":"https:\/\/inclusivenews.com.br\/","logo":{"@type":"ImageObject","inLanguage":"pt-PT","@id":"https:\/\/inclusivenews.com.br\/#\/schema\/logo\/image\/","url":"https:\/\/inclusivenews.com.br\/wp-content\/uploads\/2024\/03\/@grandesite.png","contentUrl":"https:\/\/inclusivenews.com.br\/wp-content\/uploads\/2024\/03\/@grandesite.png","width":1080,"height":1080,"caption":"Inclusive - inclus\u00e3o e cidadania"},"image":{"@id":"https:\/\/inclusivenews.com.br\/#\/schema\/logo\/image\/"},"sameAs":["https:\/\/www.facebook.com\/agenciainclusive\/","https:\/\/www.instagram.com\/newsinclusive\/"]},{"@type":"Person","@id":"https:\/\/inclusivenews.com.br\/#\/schema\/person\/ae4ec7087559b8692fb33b6fffd2273b","name":"inclusivenews2024","image":{"@type":"ImageObject","inLanguage":"pt-PT","@id":"https:\/\/secure.gravatar.com\/avatar\/c5a7ef84c66fa914f55bc4f7ce26cfa275a3b9a1c5568b907bd184fb4dde7b40?s=96&d=mm&r=g","url":"https:\/\/secure.gravatar.com\/avatar\/c5a7ef84c66fa914f55bc4f7ce26cfa275a3b9a1c5568b907bd184fb4dde7b40?s=96&d=mm&r=g","contentUrl":"https:\/\/secure.gravatar.com\/avatar\/c5a7ef84c66fa914f55bc4f7ce26cfa275a3b9a1c5568b907bd184fb4dde7b40?s=96&d=mm&r=g","caption":"inclusivenews2024"},"sameAs":["https:\/\/inclusivenews.com.br"],"url":"https:\/\/inclusivenews.com.br\/?author=1"}]}},"_links":{"self":[{"href":"https:\/\/inclusivenews.com.br\/index.php?rest_route=\/wp\/v2\/posts\/12167","targetHints":{"allow":["GET"]}}],"collection":[{"href":"https:\/\/inclusivenews.com.br\/index.php?rest_route=\/wp\/v2\/posts"}],"about":[{"href":"https:\/\/inclusivenews.com.br\/index.php?rest_route=\/wp\/v2\/types\/post"}],"author":[{"embeddable":true,"href":"https:\/\/inclusivenews.com.br\/index.php?rest_route=\/wp\/v2\/users\/1"}],"replies":[{"embeddable":true,"href":"https:\/\/inclusivenews.com.br\/index.php?rest_route=%2Fwp%2Fv2%2Fcomments&post=12167"}],"version-history":[{"count":0,"href":"https:\/\/inclusivenews.com.br\/index.php?rest_route=\/wp\/v2\/posts\/12167\/revisions"}],"wp:attachment":[{"href":"https:\/\/inclusivenews.com.br\/index.php?rest_route=%2Fwp%2Fv2%2Fmedia&parent=12167"}],"wp:term":[{"taxonomy":"category","embeddable":true,"href":"https:\/\/inclusivenews.com.br\/index.php?rest_route=%2Fwp%2Fv2%2Fcategories&post=12167"},{"taxonomy":"post_tag","embeddable":true,"href":"https:\/\/inclusivenews.com.br\/index.php?rest_route=%2Fwp%2Fv2%2Ftags&post=12167"}],"curies":[{"name":"wp","href":"https:\/\/api.w.org\/{rel}","templated":true}]}}