{"id":12172,"date":"2009-10-27T08:01:40","date_gmt":"2009-10-27T11:01:40","guid":{"rendered":"http:\/\/www.inclusive.org.br\/?p=12172"},"modified":"2009-10-27T08:01:40","modified_gmt":"2009-10-27T11:01:40","slug":"paises-desrespeitam-direito-a-educacao-de-pessoas-com-deficiencia","status":"publish","type":"post","link":"https:\/\/inclusivenews.com.br\/?p=12172","title":{"rendered":"Pa\u00edses desrespeitam direito \u00e0 educa\u00e7\u00e3o de pessoas com defici\u00eancia"},"content":{"rendered":"<p style=\"text-align: justify;\"><strong>Por Karol Assun\u00e7\u00e3o, da Adital<\/strong><\/p>\n<p style=\"text-align: justify;\">Estima-se que 600 milh\u00f5es de pessoas apresentam algum tipo de defici\u00eancia no mundo. Al\u00e9m dos cuidados especiais, essas pessoas possuem direitos que, assim como os de qualquer outro cidad\u00e3o, precisam ser respeitados. No entanto, n\u00e3o \u00e9 bem isso que acontece. Por conta disso, organiza\u00e7\u00f5es internacionais apresentar\u00e3o, no pr\u00f3ximo dia 6 de novembro, uma den\u00fancia formal \u00e0 Comiss\u00e3o Interamericana de Direitos Humanos (CIDH).<\/p>\n<figure style=\"width: 228px\" class=\"wp-caption alignleft\"><img loading=\"lazy\" decoding=\"async\" title=\"Ilustra\u00e7\u00e3o representando pessoas com defici\u00eancia, incluindo uma mulher cadeirante, uma pessoa com defici\u00eancia visual, uma homem utilizando muletas, um idoso e uma gestante.\" src=\"http:\/\/www.envolverde.com.br\/fotos\/64928.gif\" alt=\"Ilustra\u00e7\u00e3o representando pessoas com defici\u00eancia, incluindo uma mulher cadeirante, uma pessoa com defici\u00eancia visual, uma homem utilizando muletas, um idoso e uma gestante.\" width=\"228\" height=\"226\" \/><figcaption class=\"wp-caption-text\"> <\/figcaption><\/figure>\n<p style=\"text-align: justify;\">A ideia \u00e9 expor a viola\u00e7\u00e3o do direito \u00e0 educa\u00e7\u00e3o das pessoas com defici\u00eancia na Am\u00e9rica Latina e no Caribe. Na ocasi\u00e3o, estar\u00e3o presentes: o Relator Especial da Organiza\u00e7\u00e3o das Na\u00e7\u00f5es Unidas (ONU) sobre o Direito \u00e0 Educa\u00e7\u00e3o, Vernor Mu\u00f1oz; o Centro pela Justi\u00e7a e o Direito Internacional (Cejil); e a Campanha Latino-americana pelo Direito \u00e0 Educa\u00e7\u00e3o (Clade).<\/p>\n<p style=\"text-align: justify;\">De acordo com a coordenadora geral da Clade, Camilla Croso, o objetivo principal da reuni\u00e3o com a CIDH \u00e9 sensibilizar os comissionados para a quest\u00e3o da discrimina\u00e7\u00e3o das pessoas com defici\u00eancia. \u201cEspera que a partir dessa sensibiliza\u00e7\u00e3o os comissionados possam ser mais enf\u00e1ticos nos Estados da Am\u00e9rica Latina e Caribe para garantir o direito\u201d, comenta.<\/p>\n<p style=\"text-align: justify;\">Al\u00e9m disso, a coordenadora ressalta que essa \u00e9 uma oportunidade para dar maior visibilidade ao problema da viola\u00e7\u00e3o dos direitos das pessoas com defici\u00eancia na regi\u00e3o. \u201cEssa \u00e9 uma quest\u00e3o que aparece pouco no debate educativo\u201d, destaca.<\/p>\n<p style=\"text-align: justify;\">Prova disso \u00e9 a dificuldade de sistematizar os dados desses desrespeitos nos pa\u00edses latino-americanos e caribenhos. Segundo Camilla, ainda h\u00e1 pouca informa\u00e7\u00e3o dessas na\u00e7\u00f5es a respeito da situa\u00e7\u00e3o da educa\u00e7\u00e3o para as pessoas com defici\u00eancia. E, de acordo com ela, essa tamb\u00e9m \u00e9 uma demanda que as organiza\u00e7\u00f5es levar\u00e3o \u00e0 CIDH. \u201c[A gente quer] colocar \u00eanfase na sistematiza\u00e7\u00e3o desses dados por pa\u00eds\u201d, afirma.<\/p>\n<p style=\"text-align: justify;\">Para a coordenadora da Clade, a principal viola\u00e7\u00e3o do direito \u00e0 educa\u00e7\u00e3o para essa parcela da sociedade est\u00e1 no \u201cacesso em si\u201d. \u201c[Ainda h\u00e1] resist\u00eancia em incluir as pessoas com defici\u00eancia no ensino p\u00fablico regular\u201d, afirma. Ela explica que, durante muitos anos, priorizou-se uma educa\u00e7\u00e3o segregada &#8211; \u201ceduca\u00e7\u00e3o especial\u201d &#8211; para as pessoas com defici\u00eancia, o que constitui uma \u201cdiscrimina\u00e7\u00e3o grav\u00edssima\u201d.<\/p>\n<p style=\"text-align: justify;\">De acordo com Camilla, a legisla\u00e7\u00e3o j\u00e1 avan\u00e7ou muito no direito ao acesso de todos \u00e0 educa\u00e7\u00e3o, mas, na pr\u00e1tica, isso n\u00e3o acontece com frequ\u00eancia, pois, muitas vezes, a escola nega a matr\u00edcula do aluno com defici\u00eancia. \u201cAs pessoas com defici\u00eancia t\u00eam o direito \u00e0 educa\u00e7\u00e3o como qualquer outra\u201d, comenta.<\/p>\n<p style=\"text-align: justify;\">Essa tamb\u00e9m n\u00e3o \u00e9 a \u00fanica forma de desrespeito aos direitos dessa parcela da sociedade. \u201cGarantido o acesso, outras viola\u00e7\u00f5es acontecem, como [quando] a escola n\u00e3o consegue fazer os ajustes necess\u00e1rios para acolher essa pessoa com defici\u00eancia\u201d, explica. Material did\u00e1tico n\u00e3o adaptado, professores mal preparados e falta de adapta\u00e7\u00e3o f\u00edsica para receber os alunos com defici\u00eancia s\u00e3o apenas algumas viola\u00e7\u00f5es recorrentes no ambiente escolar.<\/p>\n<p style=\"text-align: justify;\">Poucas conseguem estudar<\/p>\n<p style=\"text-align: justify;\">Devido a essa s\u00e9rie de desrespeitos, poucas pessoas com defici\u00eancia conseguem frequentar a escolar e completar os estudos. A Organiza\u00e7\u00e3o das Na\u00e7\u00f5es Unidas para a Educa\u00e7\u00e3o, a Ci\u00eancia e a Cultura (Unesco) estima que 35% das crian\u00e7as no mundo que n\u00e3o frequentam a escola possuem algum tipo de defici\u00eancia e, dessas, apenas 2% conseguir\u00e3o concluir os estudos.<\/p>\n<p style=\"text-align: justify;\">Nos pa\u00edses latino-americanos, a situa\u00e7\u00e3o n\u00e3o \u00e9 muito diferente do restante do mundo. No Peru, por exemplo, o Censo de 1993 apontou que 84,9% das pessoas com defici\u00eancia n\u00e3o frequentam ou nunca foram \u00e0 escola, sendo a taxa de analfabetismo desta popula\u00e7\u00e3o 41%. No Chile, apenas 8% das pessoas com defici\u00eancia est\u00e3o estudando, e uma de cada duas n\u00e3o consegue completar a educa\u00e7\u00e3o b\u00e1sica.<\/p>\n<p style=\"text-align: justify;\"><strong>Fonte de informa\u00e7\u00e3o:<\/strong> <a href=\"http:\/\/envolverde.ig.com.br\/materia.php?cod=64928&amp;edt=8\" target=\"_blank\" rel=\"noopener\">(Envolverde\/Adital) <img loading=\"lazy\" decoding=\"async\" title=\"Link abrir\u00e1 em uma nova janela ou aba.\" src=\"http:\/\/www.inclusive.org.br\/images\/new_window.gif\" alt=\"Link abrir\u00e1 em uma nova janela ou aba.\" width=\"16\" height=\"14\" \/><\/a><\/p>\n","protected":false},"excerpt":{"rendered":"<p>Por Karol Assun\u00e7\u00e3o, da Adital Estima-se que 600 milh\u00f5es de pessoas apresentam algum tipo de defici\u00eancia no mundo. Al\u00e9m dos cuidados especiais, essas pessoas possuem direitos que, assim como os de qualquer outro cidad\u00e3o, precisam ser respeitados. No entanto, n\u00e3o \u00e9 bem isso que acontece. Por conta disso, organiza\u00e7\u00f5es internacionais apresentar\u00e3o, no pr\u00f3ximo dia 6 [&hellip;]<\/p>\n","protected":false},"author":1,"featured_media":0,"comment_status":"open","ping_status":"open","sticky":false,"template":"","format":"standard","meta":{"site-container-style":"default","site-container-layout":"default","site-sidebar-layout":"default","disable-article-header":"default","disable-site-header":"default","disable-site-footer":"default","disable-content-area-spacing":"default","footnotes":""},"categories":[11,6,48,4,33],"tags":[],"class_list":["post-12172","post","type-post","status-publish","format-standard","hentry","category-direitos-humanos","category-educacao","category-inclusao","category-noticias","category-reportagem"],"yoast_head":"<!-- This site is optimized with the Yoast SEO plugin v27.4 - https:\/\/yoast.com\/product\/yoast-seo-wordpress\/ -->\n<title>Pa\u00edses desrespeitam direito \u00e0 educa\u00e7\u00e3o de pessoas com defici\u00eancia -<\/title>\n<meta name=\"robots\" content=\"index, follow, max-snippet:-1, max-image-preview:large, max-video-preview:-1\" \/>\n<link rel=\"canonical\" href=\"https:\/\/inclusivenews.com.br\/?p=12172\" \/>\n<meta property=\"og:locale\" content=\"pt_PT\" \/>\n<meta property=\"og:type\" content=\"article\" \/>\n<meta property=\"og:title\" content=\"Pa\u00edses desrespeitam direito \u00e0 educa\u00e7\u00e3o de pessoas com defici\u00eancia -\" \/>\n<meta property=\"og:description\" content=\"Por Karol Assun\u00e7\u00e3o, da Adital Estima-se que 600 milh\u00f5es de pessoas apresentam algum tipo de defici\u00eancia no mundo. Al\u00e9m dos cuidados especiais, essas pessoas possuem direitos que, assim como os de qualquer outro cidad\u00e3o, precisam ser respeitados. No entanto, n\u00e3o \u00e9 bem isso que acontece. Por conta disso, organiza\u00e7\u00f5es internacionais apresentar\u00e3o, no pr\u00f3ximo dia 6 [&hellip;]\" \/>\n<meta property=\"og:url\" content=\"https:\/\/inclusivenews.com.br\/?p=12172\" \/>\n<meta property=\"article:publisher\" content=\"https:\/\/www.facebook.com\/agenciainclusive\/\" \/>\n<meta property=\"article:published_time\" content=\"2009-10-27T11:01:40+00:00\" \/>\n<meta property=\"og:image\" content=\"http:\/\/www.envolverde.com.br\/fotos\/64928.gif\" \/>\n<meta name=\"author\" content=\"inclusivenews2024\" \/>\n<meta name=\"twitter:card\" content=\"summary_large_image\" \/>\n<meta name=\"twitter:label1\" content=\"Escrito por\" \/>\n\t<meta name=\"twitter:data1\" content=\"inclusivenews2024\" \/>\n\t<meta name=\"twitter:label2\" content=\"Tempo estimado de leitura\" \/>\n\t<meta name=\"twitter:data2\" content=\"3 minutos\" \/>\n<script type=\"application\/ld+json\" class=\"yoast-schema-graph\">{\"@context\":\"https:\\\/\\\/schema.org\",\"@graph\":[{\"@type\":\"Article\",\"@id\":\"https:\\\/\\\/inclusivenews.com.br\\\/?p=12172#article\",\"isPartOf\":{\"@id\":\"https:\\\/\\\/inclusivenews.com.br\\\/?p=12172\"},\"author\":{\"name\":\"inclusivenews2024\",\"@id\":\"https:\\\/\\\/inclusivenews.com.br\\\/#\\\/schema\\\/person\\\/ae4ec7087559b8692fb33b6fffd2273b\"},\"headline\":\"Pa\u00edses desrespeitam direito \u00e0 educa\u00e7\u00e3o de pessoas com defici\u00eancia\",\"datePublished\":\"2009-10-27T11:01:40+00:00\",\"mainEntityOfPage\":{\"@id\":\"https:\\\/\\\/inclusivenews.com.br\\\/?p=12172\"},\"wordCount\":678,\"commentCount\":0,\"publisher\":{\"@id\":\"https:\\\/\\\/inclusivenews.com.br\\\/#organization\"},\"image\":{\"@id\":\"https:\\\/\\\/inclusivenews.com.br\\\/?p=12172#primaryimage\"},\"thumbnailUrl\":\"http:\\\/\\\/www.envolverde.com.br\\\/fotos\\\/64928.gif\",\"articleSection\":[\"DIREITOS HUMANOS\",\"EDUCA\u00c7\u00c3O\",\"INCLUS\u00c3O SOCIAL\",\"NOT\u00cdCIAS\",\"Reportagem\"],\"inLanguage\":\"pt-PT\",\"potentialAction\":[{\"@type\":\"CommentAction\",\"name\":\"Comment\",\"target\":[\"https:\\\/\\\/inclusivenews.com.br\\\/?p=12172#respond\"]}]},{\"@type\":\"WebPage\",\"@id\":\"https:\\\/\\\/inclusivenews.com.br\\\/?p=12172\",\"url\":\"https:\\\/\\\/inclusivenews.com.br\\\/?p=12172\",\"name\":\"Pa\u00edses desrespeitam direito \u00e0 educa\u00e7\u00e3o de pessoas com defici\u00eancia -\",\"isPartOf\":{\"@id\":\"https:\\\/\\\/inclusivenews.com.br\\\/#website\"},\"primaryImageOfPage\":{\"@id\":\"https:\\\/\\\/inclusivenews.com.br\\\/?p=12172#primaryimage\"},\"image\":{\"@id\":\"https:\\\/\\\/inclusivenews.com.br\\\/?p=12172#primaryimage\"},\"thumbnailUrl\":\"http:\\\/\\\/www.envolverde.com.br\\\/fotos\\\/64928.gif\",\"datePublished\":\"2009-10-27T11:01:40+00:00\",\"breadcrumb\":{\"@id\":\"https:\\\/\\\/inclusivenews.com.br\\\/?p=12172#breadcrumb\"},\"inLanguage\":\"pt-PT\",\"potentialAction\":[{\"@type\":\"ReadAction\",\"target\":[\"https:\\\/\\\/inclusivenews.com.br\\\/?p=12172\"]}]},{\"@type\":\"ImageObject\",\"inLanguage\":\"pt-PT\",\"@id\":\"https:\\\/\\\/inclusivenews.com.br\\\/?p=12172#primaryimage\",\"url\":\"http:\\\/\\\/www.envolverde.com.br\\\/fotos\\\/64928.gif\",\"contentUrl\":\"http:\\\/\\\/www.envolverde.com.br\\\/fotos\\\/64928.gif\"},{\"@type\":\"BreadcrumbList\",\"@id\":\"https:\\\/\\\/inclusivenews.com.br\\\/?p=12172#breadcrumb\",\"itemListElement\":[{\"@type\":\"ListItem\",\"position\":1,\"name\":\"In\u00edcio\",\"item\":\"https:\\\/\\\/inclusivenews.com.br\\\/\"},{\"@type\":\"ListItem\",\"position\":2,\"name\":\"Pa\u00edses desrespeitam direito \u00e0 educa\u00e7\u00e3o de pessoas com defici\u00eancia\"}]},{\"@type\":\"WebSite\",\"@id\":\"https:\\\/\\\/inclusivenews.com.br\\\/#website\",\"url\":\"https:\\\/\\\/inclusivenews.com.br\\\/\",\"name\":\"Inclusive News\",\"description\":\"Inclusive News\",\"publisher\":{\"@id\":\"https:\\\/\\\/inclusivenews.com.br\\\/#organization\"},\"potentialAction\":[{\"@type\":\"SearchAction\",\"target\":{\"@type\":\"EntryPoint\",\"urlTemplate\":\"https:\\\/\\\/inclusivenews.com.br\\\/?s={search_term_string}\"},\"query-input\":{\"@type\":\"PropertyValueSpecification\",\"valueRequired\":true,\"valueName\":\"search_term_string\"}}],\"inLanguage\":\"pt-PT\"},{\"@type\":\"Organization\",\"@id\":\"https:\\\/\\\/inclusivenews.com.br\\\/#organization\",\"name\":\"Inclusive - inclus\u00e3o e cidadania\",\"url\":\"https:\\\/\\\/inclusivenews.com.br\\\/\",\"logo\":{\"@type\":\"ImageObject\",\"inLanguage\":\"pt-PT\",\"@id\":\"https:\\\/\\\/inclusivenews.com.br\\\/#\\\/schema\\\/logo\\\/image\\\/\",\"url\":\"https:\\\/\\\/inclusivenews.com.br\\\/wp-content\\\/uploads\\\/2024\\\/03\\\/@grandesite.png\",\"contentUrl\":\"https:\\\/\\\/inclusivenews.com.br\\\/wp-content\\\/uploads\\\/2024\\\/03\\\/@grandesite.png\",\"width\":1080,\"height\":1080,\"caption\":\"Inclusive - inclus\u00e3o e cidadania\"},\"image\":{\"@id\":\"https:\\\/\\\/inclusivenews.com.br\\\/#\\\/schema\\\/logo\\\/image\\\/\"},\"sameAs\":[\"https:\\\/\\\/www.facebook.com\\\/agenciainclusive\\\/\",\"https:\\\/\\\/www.instagram.com\\\/newsinclusive\\\/\"]},{\"@type\":\"Person\",\"@id\":\"https:\\\/\\\/inclusivenews.com.br\\\/#\\\/schema\\\/person\\\/ae4ec7087559b8692fb33b6fffd2273b\",\"name\":\"inclusivenews2024\",\"image\":{\"@type\":\"ImageObject\",\"inLanguage\":\"pt-PT\",\"@id\":\"https:\\\/\\\/secure.gravatar.com\\\/avatar\\\/c5a7ef84c66fa914f55bc4f7ce26cfa275a3b9a1c5568b907bd184fb4dde7b40?s=96&d=mm&r=g\",\"url\":\"https:\\\/\\\/secure.gravatar.com\\\/avatar\\\/c5a7ef84c66fa914f55bc4f7ce26cfa275a3b9a1c5568b907bd184fb4dde7b40?s=96&d=mm&r=g\",\"contentUrl\":\"https:\\\/\\\/secure.gravatar.com\\\/avatar\\\/c5a7ef84c66fa914f55bc4f7ce26cfa275a3b9a1c5568b907bd184fb4dde7b40?s=96&d=mm&r=g\",\"caption\":\"inclusivenews2024\"},\"sameAs\":[\"https:\\\/\\\/inclusivenews.com.br\"],\"url\":\"https:\\\/\\\/inclusivenews.com.br\\\/?author=1\"}]}<\/script>\n<!-- \/ Yoast SEO plugin. -->","yoast_head_json":{"title":"Pa\u00edses desrespeitam direito \u00e0 educa\u00e7\u00e3o de pessoas com defici\u00eancia -","robots":{"index":"index","follow":"follow","max-snippet":"max-snippet:-1","max-image-preview":"max-image-preview:large","max-video-preview":"max-video-preview:-1"},"canonical":"https:\/\/inclusivenews.com.br\/?p=12172","og_locale":"pt_PT","og_type":"article","og_title":"Pa\u00edses desrespeitam direito \u00e0 educa\u00e7\u00e3o de pessoas com defici\u00eancia -","og_description":"Por Karol Assun\u00e7\u00e3o, da Adital Estima-se que 600 milh\u00f5es de pessoas apresentam algum tipo de defici\u00eancia no mundo. Al\u00e9m dos cuidados especiais, essas pessoas possuem direitos que, assim como os de qualquer outro cidad\u00e3o, precisam ser respeitados. No entanto, n\u00e3o \u00e9 bem isso que acontece. Por conta disso, organiza\u00e7\u00f5es internacionais apresentar\u00e3o, no pr\u00f3ximo dia 6 [&hellip;]","og_url":"https:\/\/inclusivenews.com.br\/?p=12172","article_publisher":"https:\/\/www.facebook.com\/agenciainclusive\/","article_published_time":"2009-10-27T11:01:40+00:00","og_image":[{"url":"http:\/\/www.envolverde.com.br\/fotos\/64928.gif","type":"","width":"","height":""}],"author":"inclusivenews2024","twitter_card":"summary_large_image","twitter_misc":{"Escrito por":"inclusivenews2024","Tempo estimado de leitura":"3 minutos"},"schema":{"@context":"https:\/\/schema.org","@graph":[{"@type":"Article","@id":"https:\/\/inclusivenews.com.br\/?p=12172#article","isPartOf":{"@id":"https:\/\/inclusivenews.com.br\/?p=12172"},"author":{"name":"inclusivenews2024","@id":"https:\/\/inclusivenews.com.br\/#\/schema\/person\/ae4ec7087559b8692fb33b6fffd2273b"},"headline":"Pa\u00edses desrespeitam direito \u00e0 educa\u00e7\u00e3o de pessoas com defici\u00eancia","datePublished":"2009-10-27T11:01:40+00:00","mainEntityOfPage":{"@id":"https:\/\/inclusivenews.com.br\/?p=12172"},"wordCount":678,"commentCount":0,"publisher":{"@id":"https:\/\/inclusivenews.com.br\/#organization"},"image":{"@id":"https:\/\/inclusivenews.com.br\/?p=12172#primaryimage"},"thumbnailUrl":"http:\/\/www.envolverde.com.br\/fotos\/64928.gif","articleSection":["DIREITOS HUMANOS","EDUCA\u00c7\u00c3O","INCLUS\u00c3O SOCIAL","NOT\u00cdCIAS","Reportagem"],"inLanguage":"pt-PT","potentialAction":[{"@type":"CommentAction","name":"Comment","target":["https:\/\/inclusivenews.com.br\/?p=12172#respond"]}]},{"@type":"WebPage","@id":"https:\/\/inclusivenews.com.br\/?p=12172","url":"https:\/\/inclusivenews.com.br\/?p=12172","name":"Pa\u00edses desrespeitam direito \u00e0 educa\u00e7\u00e3o de pessoas com defici\u00eancia -","isPartOf":{"@id":"https:\/\/inclusivenews.com.br\/#website"},"primaryImageOfPage":{"@id":"https:\/\/inclusivenews.com.br\/?p=12172#primaryimage"},"image":{"@id":"https:\/\/inclusivenews.com.br\/?p=12172#primaryimage"},"thumbnailUrl":"http:\/\/www.envolverde.com.br\/fotos\/64928.gif","datePublished":"2009-10-27T11:01:40+00:00","breadcrumb":{"@id":"https:\/\/inclusivenews.com.br\/?p=12172#breadcrumb"},"inLanguage":"pt-PT","potentialAction":[{"@type":"ReadAction","target":["https:\/\/inclusivenews.com.br\/?p=12172"]}]},{"@type":"ImageObject","inLanguage":"pt-PT","@id":"https:\/\/inclusivenews.com.br\/?p=12172#primaryimage","url":"http:\/\/www.envolverde.com.br\/fotos\/64928.gif","contentUrl":"http:\/\/www.envolverde.com.br\/fotos\/64928.gif"},{"@type":"BreadcrumbList","@id":"https:\/\/inclusivenews.com.br\/?p=12172#breadcrumb","itemListElement":[{"@type":"ListItem","position":1,"name":"In\u00edcio","item":"https:\/\/inclusivenews.com.br\/"},{"@type":"ListItem","position":2,"name":"Pa\u00edses desrespeitam direito \u00e0 educa\u00e7\u00e3o de pessoas com defici\u00eancia"}]},{"@type":"WebSite","@id":"https:\/\/inclusivenews.com.br\/#website","url":"https:\/\/inclusivenews.com.br\/","name":"Inclusive News","description":"Inclusive News","publisher":{"@id":"https:\/\/inclusivenews.com.br\/#organization"},"potentialAction":[{"@type":"SearchAction","target":{"@type":"EntryPoint","urlTemplate":"https:\/\/inclusivenews.com.br\/?s={search_term_string}"},"query-input":{"@type":"PropertyValueSpecification","valueRequired":true,"valueName":"search_term_string"}}],"inLanguage":"pt-PT"},{"@type":"Organization","@id":"https:\/\/inclusivenews.com.br\/#organization","name":"Inclusive - inclus\u00e3o e cidadania","url":"https:\/\/inclusivenews.com.br\/","logo":{"@type":"ImageObject","inLanguage":"pt-PT","@id":"https:\/\/inclusivenews.com.br\/#\/schema\/logo\/image\/","url":"https:\/\/inclusivenews.com.br\/wp-content\/uploads\/2024\/03\/@grandesite.png","contentUrl":"https:\/\/inclusivenews.com.br\/wp-content\/uploads\/2024\/03\/@grandesite.png","width":1080,"height":1080,"caption":"Inclusive - inclus\u00e3o e cidadania"},"image":{"@id":"https:\/\/inclusivenews.com.br\/#\/schema\/logo\/image\/"},"sameAs":["https:\/\/www.facebook.com\/agenciainclusive\/","https:\/\/www.instagram.com\/newsinclusive\/"]},{"@type":"Person","@id":"https:\/\/inclusivenews.com.br\/#\/schema\/person\/ae4ec7087559b8692fb33b6fffd2273b","name":"inclusivenews2024","image":{"@type":"ImageObject","inLanguage":"pt-PT","@id":"https:\/\/secure.gravatar.com\/avatar\/c5a7ef84c66fa914f55bc4f7ce26cfa275a3b9a1c5568b907bd184fb4dde7b40?s=96&d=mm&r=g","url":"https:\/\/secure.gravatar.com\/avatar\/c5a7ef84c66fa914f55bc4f7ce26cfa275a3b9a1c5568b907bd184fb4dde7b40?s=96&d=mm&r=g","contentUrl":"https:\/\/secure.gravatar.com\/avatar\/c5a7ef84c66fa914f55bc4f7ce26cfa275a3b9a1c5568b907bd184fb4dde7b40?s=96&d=mm&r=g","caption":"inclusivenews2024"},"sameAs":["https:\/\/inclusivenews.com.br"],"url":"https:\/\/inclusivenews.com.br\/?author=1"}]}},"_links":{"self":[{"href":"https:\/\/inclusivenews.com.br\/index.php?rest_route=\/wp\/v2\/posts\/12172","targetHints":{"allow":["GET"]}}],"collection":[{"href":"https:\/\/inclusivenews.com.br\/index.php?rest_route=\/wp\/v2\/posts"}],"about":[{"href":"https:\/\/inclusivenews.com.br\/index.php?rest_route=\/wp\/v2\/types\/post"}],"author":[{"embeddable":true,"href":"https:\/\/inclusivenews.com.br\/index.php?rest_route=\/wp\/v2\/users\/1"}],"replies":[{"embeddable":true,"href":"https:\/\/inclusivenews.com.br\/index.php?rest_route=%2Fwp%2Fv2%2Fcomments&post=12172"}],"version-history":[{"count":0,"href":"https:\/\/inclusivenews.com.br\/index.php?rest_route=\/wp\/v2\/posts\/12172\/revisions"}],"wp:attachment":[{"href":"https:\/\/inclusivenews.com.br\/index.php?rest_route=%2Fwp%2Fv2%2Fmedia&parent=12172"}],"wp:term":[{"taxonomy":"category","embeddable":true,"href":"https:\/\/inclusivenews.com.br\/index.php?rest_route=%2Fwp%2Fv2%2Fcategories&post=12172"},{"taxonomy":"post_tag","embeddable":true,"href":"https:\/\/inclusivenews.com.br\/index.php?rest_route=%2Fwp%2Fv2%2Ftags&post=12172"}],"curies":[{"name":"wp","href":"https:\/\/api.w.org\/{rel}","templated":true}]}}