{"id":12174,"date":"2009-10-28T08:01:18","date_gmt":"2009-10-28T11:01:18","guid":{"rendered":"http:\/\/www.inclusive.org.br\/?p=12174"},"modified":"2009-10-28T08:01:18","modified_gmt":"2009-10-28T11:01:18","slug":"brasileira-ganha-premio-internacional-de-direitos-humanos","status":"publish","type":"post","link":"https:\/\/inclusivenews.com.br\/?p=12174","title":{"rendered":"Brasileira ganha pr\u00eamio internacional de direitos humanos"},"content":{"rendered":"<p style=\"text-align: justify;\"><strong>Luciana Lima<\/strong><\/p>\n<p style=\"text-align: justify;\"><strong> <\/strong><\/p>\n<figure style=\"width: 180px\" class=\"wp-caption alignleft\"><img loading=\"lazy\" decoding=\"async\" title=\"Sandra Carvalho.\" src=\"http:\/\/www.dhnet.org.br\/direitos\/militantes\/sandra_carvalho\/sandra_carvalho1.jpg\" alt=\"Na foto, Sandra Carvalho.\" width=\"180\" height=\"250\" \/><figcaption class=\"wp-caption-text\">Na foto, Sandra Carvalho.<\/figcaption><\/figure>\n<p style=\"text-align: justify;\">Bras\u00edlia &#8211; A advogada, soci\u00f3loga e diretora da organiza\u00e7\u00e3o n\u00e3o governamental Justi\u00e7a Global, Sandra Carvalho, \u00e9 a primeira brasileira a receber o Pr\u00eamio Anual de Direitos Humanos da Human Rights First (HRF). A homenagem ocorreu no dia 22\/10, em Nova York. O pr\u00eamio da HRF \u00e9 concedido desde 1986 a pessoas que se destacam na \u201cluta pela igualdade e pela liberdade de pensamento, de express\u00e3o e pela liberdade religiosa em suas sociedades\u201d.<\/p>\n<p style=\"text-align: justify;\">Entre as personalidades que j\u00e1 receberam a homenagem est\u00e3o o ex-senador norte-americano Edward Kennedy, as ativistas paquistanesas Asma Jahangir e Hina Jilani, que ocupam altos cargos na ONU, e a ex-presidente da Irlanda Mary Robinson, que foi tamb\u00e9m alta-comiss\u00e1ria de direitos humanos das Na\u00e7\u00f5es Unidas. Neste ano, tamb\u00e9m recebeu a homenagem o ativista Principe Gabriel Gonzalez, que atua na defesa dos direitos de presos pol\u00edticos na Col\u00f4mbia. A cerim\u00f4nia de premia\u00e7\u00e3o foi no Chelsea Piers, um centro de conven\u00e7\u00f5es na cidade de Nova Iorque, nos Estados Unidos.<\/p>\n<p style=\"text-align: justify;\">Ao receber a homenagem, Sandra chamou a aten\u00e7\u00e3o para as viola\u00e7\u00f5es de direitos humanos que continuam a ocorrer no Brasil. \u201cEsse pr\u00eamio veio em um momento muito importante porque ele tamb\u00e9m \u00e9 uma oportunidade para se discutir e dar visibilidade em \u00e2mbito internacional para as viola\u00e7\u00f5es de direitos humanos que continuam ocorrendo no Brasil&#8221;, disse.<\/p>\n<p style=\"text-align: justify;\">&#8220;O Brasil tem sido reconhecido pela quest\u00e3o do desenvolvimento econ\u00f4mico e por sua pol\u00edtica externa. N\u00f3s chamamos aten\u00e7\u00e3o para a outra face desse modelo de desenvolvimento econ\u00f4mico que vem acarretando muitas viola\u00e7\u00f5es de direitos humanos, principalmente em rela\u00e7\u00e3o \u00e0s comunidades tradicionais, como quilombolas, povos ind\u00edgenas, popula\u00e7\u00f5es ribeirinhas que t\u00eam sido impactadas pelos megainvestimentos, pela constru\u00e7\u00e3o de usinas hidrel\u00e9tricas e rodovias, com a expans\u00e3o do agroneg\u00f3cio com a monocultura\u201d, destacou Sandra.<\/p>\n<p style=\"text-align: justify;\">A decis\u00e3o de premiar a brasileira, de acordo com a HRF, \u00e9 um reconhecimento ao trabalho de Sandra no combate \u00e0 viol\u00eancia policial e aos grupos de exterm\u00ednio, na luta pela reforma agr\u00e1ria e na fiscaliza\u00e7\u00e3o aos abusos e crimes cometidos pelo Estado dentro do sistema prisional. Outro ponto do trabalho de Sandra destacado pela organiza\u00e7\u00e3o foi sua atua\u00e7\u00e3o nas den\u00fancias contra a persegui\u00e7\u00e3o e a criminaliza\u00e7\u00e3o dos movimentos sociais e defensores de direitos humanos no Brasil.<\/p>\n<p style=\"text-align: justify;\">A brasileira ainda demonstrou em Nova York preocupa\u00e7\u00e3o com as Olimp\u00edadas de 2016 que ser\u00e3o realizadas no Rio de Janeiro. \u201cO Rio de Janeiro ao longos dos \u00faltimos tr\u00eas anos tem vivido as incurs\u00f5es violentas da pol\u00edcia nas mega opera\u00e7\u00f5es. A rea\u00e7\u00e3o da pol\u00edcia tem sido de vingan\u00e7a. N\u00e3o s\u00f3 no Rio, mas como vimos tamb\u00e9m em maio de 2006 em S\u00e3o Paulo. A situa\u00e7\u00e3o do Rio e a sua imagem n\u00e3o vai mudar se n\u00e3o mudar a forma com que a pol\u00edtica de seguran\u00e7a \u00e9 pensada e desenvolvida. A forma como o Estado olha para as comunidades pobres do Rio de Janeiro e a forma como ele age nessas comunidades s\u00f3 contribui para o aumento da viol\u00eancia e para o aumento dos \u00edndices de homic\u00eddios\u201d, criticou.<\/p>\n<p style=\"text-align: justify;\">Outra cr\u00edtica \u00e0 pol\u00edtica de seguran\u00e7a implementada no Rio de Janeiro diz respeito \u00e0s a\u00e7\u00f5es que contam com presen\u00e7a das pol\u00edcias nas comunidades pobres. \u201cO olhar do poder p\u00fablico para essas comunidades continua sendo criminalizador da pobreza. Continua sendo o olhar de vigilantismo de uma popula\u00e7\u00e3o que precisa ser contida e reprimida\u201d, destacou.<\/p>\n<p style=\"text-align: justify;\">A HRF, organiza\u00e7\u00e3o de direitos humanos fundada em 1978, destacou ainda, ao anunciar a premia\u00e7\u00e3o, as diversas amea\u00e7as de morte endere\u00e7adas a Sandra desde o in\u00edcio de sua milit\u00e2ncia na d\u00e9cada de 1990, quando ainda era estudante de ci\u00eancias sociais e trabalhava como pesquisadora do N\u00facleo de Estudos da Viol\u00eancia (NEV) da Universidade de S\u00e3o Paulo (USP) e como estagi\u00e1ria da Comiss\u00e3o Teot\u00f4nio Vilela de Direitos Humanos (CTV). Nessa \u00e9poca Sandra se destacou no caso do Cemit\u00e9rio Dom Bosco, em Perus, na cidade de S\u00e3o Paulo, onde foram encontradas ossadas de presos pol\u00edticos em uma vala comum.<\/p>\n<p style=\"text-align: justify;\">Em 1992, Sandra integrou a comiss\u00e3o que entrou no pres\u00eddio do Carandiru logo ap\u00f3s a chacina de 111 presos e constatou as evid\u00eancias de que havia ocorrido um massacre. Sua atua\u00e7\u00e3o foi fundamental para impedir a descaracteriza\u00e7\u00e3o do cen\u00e1rio do crime e garantir a presen\u00e7a da per\u00edcia t\u00e9cnica. A partir de ent\u00e3o, Sandra se especializou na \u00e1rea de seguran\u00e7a p\u00fablica e voltou seu trabalho no NEV para a reforma das pol\u00edcias e do sistema penitenci\u00e1rio brasileiro. Em 1993, j\u00e1 era coordenadora executiva da CTV.<\/p>\n<p style=\"text-align: justify;\">Durante toda a d\u00e9cada de 1990, em S\u00e3o Paulo, Sandra Carvalho focou seu trabalho na fiscaliza\u00e7\u00e3o de crimes e abusos cometidos por policiais. Ela denunciou grupos de exterm\u00ednio, chacinas e locais utilizados para extors\u00e3o, tortura e desova de cad\u00e1veres. Como coordenadora executiva da Comiss\u00e3o de Direitos Humanos (CDH) da Assembleia Legislativa de S\u00e3o Paulo (Alesp), a brasileira atuou na onda de rebeli\u00f5es na Febem, em 1999. No mesmo ano, ajudou a fundar a Justi\u00e7a Global.<\/p>\n<p style=\"text-align: justify;\">Atualmente, a Justi\u00e7a Global atua em 13 estados. Al\u00e9m de se envolver com as quest\u00f5es de seguran\u00e7a p\u00fablica, a organiza\u00e7\u00e3o trabalha para garantir prote\u00e7\u00e3o a defensores de direitos humanos que sofrem amea\u00e7as e a movimentos sociais criminalizados ou perseguidos.<\/p>\n<p>__________________________________<\/p>\n<p><strong>Fonte de \u00a0informa\u00e7\u00e3o:<\/strong> <a href=\"http:\/\/www.agenciabrasil.gov.br\/noticias\/2009\/10\/23\/materia.2009-10-23.5818364724\/view\" target=\"_blank\" rel=\"noopener\">Ag\u00eancia Brasil <img loading=\"lazy\" decoding=\"async\" title=\"Link abrir\u00e1 em uma nova janela ou aba.\" src=\"http:\/\/www.inclusive.org.br\/images\/new_window.gif\" alt=\"Link abrir\u00e1 em uma nova janela ou aba.\" width=\"16\" height=\"14\" \/><\/a><\/p>\n","protected":false},"excerpt":{"rendered":"<p>A advogada, soci\u00f3loga e diretora da organiza\u00e7\u00e3o n\u00e3o governamental Justi\u00e7a Global, Sandra Carvalho, \u00e9 a primeira brasileira a receber o Pr\u00eamio Anual de Direitos Humanos da Human Rights First (HRF). A homenagem ocorreu no dia 22\/10, em Nova York.<\/p>\n","protected":false},"author":1,"featured_media":0,"comment_status":"open","ping_status":"open","sticky":false,"template":"","format":"standard","meta":{"site-container-style":"default","site-container-layout":"default","site-sidebar-layout":"default","disable-article-header":"default","disable-site-header":"default","disable-site-footer":"default","disable-content-area-spacing":"default","footnotes":""},"categories":[11,4],"tags":[],"class_list":["post-12174","post","type-post","status-publish","format-standard","hentry","category-direitos-humanos","category-noticias"],"yoast_head":"<!-- This site is optimized with the Yoast SEO plugin v27.4 - https:\/\/yoast.com\/product\/yoast-seo-wordpress\/ -->\n<title>Brasileira ganha pr\u00eamio internacional de direitos humanos -<\/title>\n<meta name=\"robots\" content=\"index, follow, max-snippet:-1, max-image-preview:large, max-video-preview:-1\" \/>\n<link rel=\"canonical\" href=\"https:\/\/inclusivenews.com.br\/?p=12174\" \/>\n<meta property=\"og:locale\" content=\"pt_PT\" \/>\n<meta property=\"og:type\" content=\"article\" \/>\n<meta property=\"og:title\" content=\"Brasileira ganha pr\u00eamio internacional de direitos humanos -\" \/>\n<meta property=\"og:description\" content=\"A advogada, soci\u00f3loga e diretora da organiza\u00e7\u00e3o n\u00e3o governamental Justi\u00e7a Global, Sandra Carvalho, \u00e9 a primeira brasileira a receber o Pr\u00eamio Anual de Direitos Humanos da Human Rights First (HRF). A homenagem ocorreu no dia 22\/10, em Nova York.\" \/>\n<meta property=\"og:url\" content=\"https:\/\/inclusivenews.com.br\/?p=12174\" \/>\n<meta property=\"article:publisher\" content=\"https:\/\/www.facebook.com\/agenciainclusive\/\" \/>\n<meta property=\"article:published_time\" content=\"2009-10-28T11:01:18+00:00\" \/>\n<meta property=\"og:image\" content=\"http:\/\/www.dhnet.org.br\/direitos\/militantes\/sandra_carvalho\/sandra_carvalho1.jpg\" \/>\n<meta name=\"author\" content=\"inclusivenews2024\" \/>\n<meta name=\"twitter:card\" content=\"summary_large_image\" \/>\n<meta name=\"twitter:label1\" content=\"Escrito por\" \/>\n\t<meta name=\"twitter:data1\" content=\"inclusivenews2024\" \/>\n\t<meta name=\"twitter:label2\" content=\"Tempo estimado de leitura\" \/>\n\t<meta name=\"twitter:data2\" content=\"5 minutos\" \/>\n<script type=\"application\/ld+json\" class=\"yoast-schema-graph\">{\"@context\":\"https:\\\/\\\/schema.org\",\"@graph\":[{\"@type\":\"Article\",\"@id\":\"https:\\\/\\\/inclusivenews.com.br\\\/?p=12174#article\",\"isPartOf\":{\"@id\":\"https:\\\/\\\/inclusivenews.com.br\\\/?p=12174\"},\"author\":{\"name\":\"inclusivenews2024\",\"@id\":\"https:\\\/\\\/inclusivenews.com.br\\\/#\\\/schema\\\/person\\\/ae4ec7087559b8692fb33b6fffd2273b\"},\"headline\":\"Brasileira ganha pr\u00eamio internacional de direitos humanos\",\"datePublished\":\"2009-10-28T11:01:18+00:00\",\"mainEntityOfPage\":{\"@id\":\"https:\\\/\\\/inclusivenews.com.br\\\/?p=12174\"},\"wordCount\":971,\"commentCount\":0,\"publisher\":{\"@id\":\"https:\\\/\\\/inclusivenews.com.br\\\/#organization\"},\"image\":{\"@id\":\"https:\\\/\\\/inclusivenews.com.br\\\/?p=12174#primaryimage\"},\"thumbnailUrl\":\"http:\\\/\\\/www.dhnet.org.br\\\/direitos\\\/militantes\\\/sandra_carvalho\\\/sandra_carvalho1.jpg\",\"articleSection\":[\"DIREITOS HUMANOS\",\"NOT\u00cdCIAS\"],\"inLanguage\":\"pt-PT\",\"potentialAction\":[{\"@type\":\"CommentAction\",\"name\":\"Comment\",\"target\":[\"https:\\\/\\\/inclusivenews.com.br\\\/?p=12174#respond\"]}]},{\"@type\":\"WebPage\",\"@id\":\"https:\\\/\\\/inclusivenews.com.br\\\/?p=12174\",\"url\":\"https:\\\/\\\/inclusivenews.com.br\\\/?p=12174\",\"name\":\"Brasileira ganha pr\u00eamio internacional de direitos humanos -\",\"isPartOf\":{\"@id\":\"https:\\\/\\\/inclusivenews.com.br\\\/#website\"},\"primaryImageOfPage\":{\"@id\":\"https:\\\/\\\/inclusivenews.com.br\\\/?p=12174#primaryimage\"},\"image\":{\"@id\":\"https:\\\/\\\/inclusivenews.com.br\\\/?p=12174#primaryimage\"},\"thumbnailUrl\":\"http:\\\/\\\/www.dhnet.org.br\\\/direitos\\\/militantes\\\/sandra_carvalho\\\/sandra_carvalho1.jpg\",\"datePublished\":\"2009-10-28T11:01:18+00:00\",\"breadcrumb\":{\"@id\":\"https:\\\/\\\/inclusivenews.com.br\\\/?p=12174#breadcrumb\"},\"inLanguage\":\"pt-PT\",\"potentialAction\":[{\"@type\":\"ReadAction\",\"target\":[\"https:\\\/\\\/inclusivenews.com.br\\\/?p=12174\"]}]},{\"@type\":\"ImageObject\",\"inLanguage\":\"pt-PT\",\"@id\":\"https:\\\/\\\/inclusivenews.com.br\\\/?p=12174#primaryimage\",\"url\":\"http:\\\/\\\/www.dhnet.org.br\\\/direitos\\\/militantes\\\/sandra_carvalho\\\/sandra_carvalho1.jpg\",\"contentUrl\":\"http:\\\/\\\/www.dhnet.org.br\\\/direitos\\\/militantes\\\/sandra_carvalho\\\/sandra_carvalho1.jpg\"},{\"@type\":\"BreadcrumbList\",\"@id\":\"https:\\\/\\\/inclusivenews.com.br\\\/?p=12174#breadcrumb\",\"itemListElement\":[{\"@type\":\"ListItem\",\"position\":1,\"name\":\"In\u00edcio\",\"item\":\"https:\\\/\\\/inclusivenews.com.br\\\/\"},{\"@type\":\"ListItem\",\"position\":2,\"name\":\"Brasileira ganha pr\u00eamio internacional de direitos humanos\"}]},{\"@type\":\"WebSite\",\"@id\":\"https:\\\/\\\/inclusivenews.com.br\\\/#website\",\"url\":\"https:\\\/\\\/inclusivenews.com.br\\\/\",\"name\":\"Inclusive News\",\"description\":\"Inclusive News\",\"publisher\":{\"@id\":\"https:\\\/\\\/inclusivenews.com.br\\\/#organization\"},\"potentialAction\":[{\"@type\":\"SearchAction\",\"target\":{\"@type\":\"EntryPoint\",\"urlTemplate\":\"https:\\\/\\\/inclusivenews.com.br\\\/?s={search_term_string}\"},\"query-input\":{\"@type\":\"PropertyValueSpecification\",\"valueRequired\":true,\"valueName\":\"search_term_string\"}}],\"inLanguage\":\"pt-PT\"},{\"@type\":\"Organization\",\"@id\":\"https:\\\/\\\/inclusivenews.com.br\\\/#organization\",\"name\":\"Inclusive - inclus\u00e3o e cidadania\",\"url\":\"https:\\\/\\\/inclusivenews.com.br\\\/\",\"logo\":{\"@type\":\"ImageObject\",\"inLanguage\":\"pt-PT\",\"@id\":\"https:\\\/\\\/inclusivenews.com.br\\\/#\\\/schema\\\/logo\\\/image\\\/\",\"url\":\"https:\\\/\\\/inclusivenews.com.br\\\/wp-content\\\/uploads\\\/2024\\\/03\\\/@grandesite.png\",\"contentUrl\":\"https:\\\/\\\/inclusivenews.com.br\\\/wp-content\\\/uploads\\\/2024\\\/03\\\/@grandesite.png\",\"width\":1080,\"height\":1080,\"caption\":\"Inclusive - inclus\u00e3o e cidadania\"},\"image\":{\"@id\":\"https:\\\/\\\/inclusivenews.com.br\\\/#\\\/schema\\\/logo\\\/image\\\/\"},\"sameAs\":[\"https:\\\/\\\/www.facebook.com\\\/agenciainclusive\\\/\",\"https:\\\/\\\/www.instagram.com\\\/newsinclusive\\\/\"]},{\"@type\":\"Person\",\"@id\":\"https:\\\/\\\/inclusivenews.com.br\\\/#\\\/schema\\\/person\\\/ae4ec7087559b8692fb33b6fffd2273b\",\"name\":\"inclusivenews2024\",\"image\":{\"@type\":\"ImageObject\",\"inLanguage\":\"pt-PT\",\"@id\":\"https:\\\/\\\/secure.gravatar.com\\\/avatar\\\/c5a7ef84c66fa914f55bc4f7ce26cfa275a3b9a1c5568b907bd184fb4dde7b40?s=96&d=mm&r=g\",\"url\":\"https:\\\/\\\/secure.gravatar.com\\\/avatar\\\/c5a7ef84c66fa914f55bc4f7ce26cfa275a3b9a1c5568b907bd184fb4dde7b40?s=96&d=mm&r=g\",\"contentUrl\":\"https:\\\/\\\/secure.gravatar.com\\\/avatar\\\/c5a7ef84c66fa914f55bc4f7ce26cfa275a3b9a1c5568b907bd184fb4dde7b40?s=96&d=mm&r=g\",\"caption\":\"inclusivenews2024\"},\"sameAs\":[\"https:\\\/\\\/inclusivenews.com.br\"],\"url\":\"https:\\\/\\\/inclusivenews.com.br\\\/?author=1\"}]}<\/script>\n<!-- \/ Yoast SEO plugin. -->","yoast_head_json":{"title":"Brasileira ganha pr\u00eamio internacional de direitos humanos -","robots":{"index":"index","follow":"follow","max-snippet":"max-snippet:-1","max-image-preview":"max-image-preview:large","max-video-preview":"max-video-preview:-1"},"canonical":"https:\/\/inclusivenews.com.br\/?p=12174","og_locale":"pt_PT","og_type":"article","og_title":"Brasileira ganha pr\u00eamio internacional de direitos humanos -","og_description":"A advogada, soci\u00f3loga e diretora da organiza\u00e7\u00e3o n\u00e3o governamental Justi\u00e7a Global, Sandra Carvalho, \u00e9 a primeira brasileira a receber o Pr\u00eamio Anual de Direitos Humanos da Human Rights First (HRF). A homenagem ocorreu no dia 22\/10, em Nova York.","og_url":"https:\/\/inclusivenews.com.br\/?p=12174","article_publisher":"https:\/\/www.facebook.com\/agenciainclusive\/","article_published_time":"2009-10-28T11:01:18+00:00","og_image":[{"url":"http:\/\/www.dhnet.org.br\/direitos\/militantes\/sandra_carvalho\/sandra_carvalho1.jpg","type":"","width":"","height":""}],"author":"inclusivenews2024","twitter_card":"summary_large_image","twitter_misc":{"Escrito por":"inclusivenews2024","Tempo estimado de leitura":"5 minutos"},"schema":{"@context":"https:\/\/schema.org","@graph":[{"@type":"Article","@id":"https:\/\/inclusivenews.com.br\/?p=12174#article","isPartOf":{"@id":"https:\/\/inclusivenews.com.br\/?p=12174"},"author":{"name":"inclusivenews2024","@id":"https:\/\/inclusivenews.com.br\/#\/schema\/person\/ae4ec7087559b8692fb33b6fffd2273b"},"headline":"Brasileira ganha pr\u00eamio internacional de direitos humanos","datePublished":"2009-10-28T11:01:18+00:00","mainEntityOfPage":{"@id":"https:\/\/inclusivenews.com.br\/?p=12174"},"wordCount":971,"commentCount":0,"publisher":{"@id":"https:\/\/inclusivenews.com.br\/#organization"},"image":{"@id":"https:\/\/inclusivenews.com.br\/?p=12174#primaryimage"},"thumbnailUrl":"http:\/\/www.dhnet.org.br\/direitos\/militantes\/sandra_carvalho\/sandra_carvalho1.jpg","articleSection":["DIREITOS HUMANOS","NOT\u00cdCIAS"],"inLanguage":"pt-PT","potentialAction":[{"@type":"CommentAction","name":"Comment","target":["https:\/\/inclusivenews.com.br\/?p=12174#respond"]}]},{"@type":"WebPage","@id":"https:\/\/inclusivenews.com.br\/?p=12174","url":"https:\/\/inclusivenews.com.br\/?p=12174","name":"Brasileira ganha pr\u00eamio internacional de direitos humanos -","isPartOf":{"@id":"https:\/\/inclusivenews.com.br\/#website"},"primaryImageOfPage":{"@id":"https:\/\/inclusivenews.com.br\/?p=12174#primaryimage"},"image":{"@id":"https:\/\/inclusivenews.com.br\/?p=12174#primaryimage"},"thumbnailUrl":"http:\/\/www.dhnet.org.br\/direitos\/militantes\/sandra_carvalho\/sandra_carvalho1.jpg","datePublished":"2009-10-28T11:01:18+00:00","breadcrumb":{"@id":"https:\/\/inclusivenews.com.br\/?p=12174#breadcrumb"},"inLanguage":"pt-PT","potentialAction":[{"@type":"ReadAction","target":["https:\/\/inclusivenews.com.br\/?p=12174"]}]},{"@type":"ImageObject","inLanguage":"pt-PT","@id":"https:\/\/inclusivenews.com.br\/?p=12174#primaryimage","url":"http:\/\/www.dhnet.org.br\/direitos\/militantes\/sandra_carvalho\/sandra_carvalho1.jpg","contentUrl":"http:\/\/www.dhnet.org.br\/direitos\/militantes\/sandra_carvalho\/sandra_carvalho1.jpg"},{"@type":"BreadcrumbList","@id":"https:\/\/inclusivenews.com.br\/?p=12174#breadcrumb","itemListElement":[{"@type":"ListItem","position":1,"name":"In\u00edcio","item":"https:\/\/inclusivenews.com.br\/"},{"@type":"ListItem","position":2,"name":"Brasileira ganha pr\u00eamio internacional de direitos humanos"}]},{"@type":"WebSite","@id":"https:\/\/inclusivenews.com.br\/#website","url":"https:\/\/inclusivenews.com.br\/","name":"Inclusive News","description":"Inclusive News","publisher":{"@id":"https:\/\/inclusivenews.com.br\/#organization"},"potentialAction":[{"@type":"SearchAction","target":{"@type":"EntryPoint","urlTemplate":"https:\/\/inclusivenews.com.br\/?s={search_term_string}"},"query-input":{"@type":"PropertyValueSpecification","valueRequired":true,"valueName":"search_term_string"}}],"inLanguage":"pt-PT"},{"@type":"Organization","@id":"https:\/\/inclusivenews.com.br\/#organization","name":"Inclusive - inclus\u00e3o e cidadania","url":"https:\/\/inclusivenews.com.br\/","logo":{"@type":"ImageObject","inLanguage":"pt-PT","@id":"https:\/\/inclusivenews.com.br\/#\/schema\/logo\/image\/","url":"https:\/\/inclusivenews.com.br\/wp-content\/uploads\/2024\/03\/@grandesite.png","contentUrl":"https:\/\/inclusivenews.com.br\/wp-content\/uploads\/2024\/03\/@grandesite.png","width":1080,"height":1080,"caption":"Inclusive - inclus\u00e3o e cidadania"},"image":{"@id":"https:\/\/inclusivenews.com.br\/#\/schema\/logo\/image\/"},"sameAs":["https:\/\/www.facebook.com\/agenciainclusive\/","https:\/\/www.instagram.com\/newsinclusive\/"]},{"@type":"Person","@id":"https:\/\/inclusivenews.com.br\/#\/schema\/person\/ae4ec7087559b8692fb33b6fffd2273b","name":"inclusivenews2024","image":{"@type":"ImageObject","inLanguage":"pt-PT","@id":"https:\/\/secure.gravatar.com\/avatar\/c5a7ef84c66fa914f55bc4f7ce26cfa275a3b9a1c5568b907bd184fb4dde7b40?s=96&d=mm&r=g","url":"https:\/\/secure.gravatar.com\/avatar\/c5a7ef84c66fa914f55bc4f7ce26cfa275a3b9a1c5568b907bd184fb4dde7b40?s=96&d=mm&r=g","contentUrl":"https:\/\/secure.gravatar.com\/avatar\/c5a7ef84c66fa914f55bc4f7ce26cfa275a3b9a1c5568b907bd184fb4dde7b40?s=96&d=mm&r=g","caption":"inclusivenews2024"},"sameAs":["https:\/\/inclusivenews.com.br"],"url":"https:\/\/inclusivenews.com.br\/?author=1"}]}},"_links":{"self":[{"href":"https:\/\/inclusivenews.com.br\/index.php?rest_route=\/wp\/v2\/posts\/12174","targetHints":{"allow":["GET"]}}],"collection":[{"href":"https:\/\/inclusivenews.com.br\/index.php?rest_route=\/wp\/v2\/posts"}],"about":[{"href":"https:\/\/inclusivenews.com.br\/index.php?rest_route=\/wp\/v2\/types\/post"}],"author":[{"embeddable":true,"href":"https:\/\/inclusivenews.com.br\/index.php?rest_route=\/wp\/v2\/users\/1"}],"replies":[{"embeddable":true,"href":"https:\/\/inclusivenews.com.br\/index.php?rest_route=%2Fwp%2Fv2%2Fcomments&post=12174"}],"version-history":[{"count":0,"href":"https:\/\/inclusivenews.com.br\/index.php?rest_route=\/wp\/v2\/posts\/12174\/revisions"}],"wp:attachment":[{"href":"https:\/\/inclusivenews.com.br\/index.php?rest_route=%2Fwp%2Fv2%2Fmedia&parent=12174"}],"wp:term":[{"taxonomy":"category","embeddable":true,"href":"https:\/\/inclusivenews.com.br\/index.php?rest_route=%2Fwp%2Fv2%2Fcategories&post=12174"},{"taxonomy":"post_tag","embeddable":true,"href":"https:\/\/inclusivenews.com.br\/index.php?rest_route=%2Fwp%2Fv2%2Ftags&post=12174"}],"curies":[{"name":"wp","href":"https:\/\/api.w.org\/{rel}","templated":true}]}}