{"id":12184,"date":"2009-10-28T08:01:30","date_gmt":"2009-10-28T11:01:30","guid":{"rendered":"http:\/\/www.inclusive.org.br\/?p=12184"},"modified":"2009-10-28T08:01:30","modified_gmt":"2009-10-28T11:01:30","slug":"tornar-a-educacao-inclusiva","status":"publish","type":"post","link":"https:\/\/inclusivenews.com.br\/?p=12184","title":{"rendered":"Tornar a educa\u00e7\u00e3o inclusiva"},"content":{"rendered":"<figure id=\"attachment_12185\" aria-describedby=\"caption-attachment-12185\" style=\"width: 210px\" class=\"wp-caption alignleft\"><a rel=\"attachment wp-att-12185\" href=\"http:\/\/www.inclusive.org.br\/?attachment_id=12185\"><img loading=\"lazy\" decoding=\"async\" class=\"size-medium wp-image-12185\" title=\"Capa da publica\u00e7\u00e3o, onde l\u00ea-se seu t\u00edtulo e s\u00e3o mostradas figuras representando pessoas.\" src=\"http:\/\/inclusivenews.com.br\/wp-content\/uploads\/2009\/10\/capa_unesco-210x300.jpg\" alt=\"Capa da publica\u00e7\u00e3o, onde l\u00ea-se seu t\u00edtulo e s\u00e3o mostradas figuras representando pessoas.\" width=\"210\" height=\"300\" srcset=\"https:\/\/inclusivenews.com.br\/wp-content\/uploads\/2009\/10\/capa_unesco-210x300.jpg 210w, https:\/\/inclusivenews.com.br\/wp-content\/uploads\/2009\/10\/capa_unesco.jpg 265w\" sizes=\"auto, (max-width: 210px) 100vw, 210px\" \/><\/a><figcaption id=\"caption-attachment-12185\" class=\"wp-caption-text\"> <\/figcaption><\/figure>\n<p style=\"text-align: justify;\">O princ\u00edpio da educa\u00e7\u00e3o inclusiva foi adotado na Confer\u00eancia Mundial sobre as Necessidades Educativas Especiais: acesso e qualidade, reafirmado no F\u00f3rum Mundial de Educa\u00e7\u00e3o2 e apoiado pelas Regras B\u00e1sicas das Na\u00e7\u00f5es Unidas em Igualdade de Oportunidades para Pessoas Portadoras de Defici\u00eancias. Esse princ\u00edpio foi debatido novamente em novembro de 2008 durante a 48\u00aa Confer\u00eancia Internacional de Educa\u00e7\u00e3o em Genebra. A educa\u00e7\u00e3o inclusiva de qualidade se baseia no direito de todos \u2013 crian\u00e7as, jovens e adultos \u2013 a receberem uma educa\u00e7\u00e3o de qualidade que satisfa\u00e7a suas necessidades b\u00e1sicas de aprendizagem e enrique\u00e7a suas vidas.<\/p>\n<p style=\"text-align: justify;\">Apesar de ter sido bastante discutido e debatido, n\u00e3o h\u00e1 ainda unanimidade sobre a ess\u00eancia do conceito de educa\u00e7\u00e3o inclusiva. Em alguns pa\u00edses, de acordo com Ainscow, o termo inclus\u00e3o ainda \u00e9 considerado como uma abordagem para atender crian\u00e7as com defici\u00eancias dentro do contexto dos sistemas regulares de educa\u00e7\u00e3o. Internacionalmente, por\u00e9m, o conceito tem sido compreendido de uma forma mais ampla como uma reforma que apoia e acolhe a diversidade entre todos os sujeitos do processo educativo. Ainscow entende que o objetivo da educa\u00e7\u00e3o inclusiva \u00e9 de eliminar a exclus\u00e3o social que resulta de atitudes e respostas \u00e0 diversidade com rela\u00e7\u00e3o \u00e0 etnia, idade, classe social, religi\u00e3o, g\u00eanero e habilidades. Assim, parte do princ\u00edpio que a educa\u00e7\u00e3o constitui direito humano b\u00e1sico e alicerce de uma sociedade mais justa e solid\u00e1ria.<\/p>\n<p style=\"text-align: justify;\">A colet\u00e2nea Tornar a educa\u00e7\u00e3o inclusiva, resultado da parceria entre a UNESCO e a Associa\u00e7\u00e3o Nacional de P\u00f3s-Gradua\u00e7\u00e3o e Pesquisa em Educa\u00e7\u00e3o (ANPEd), procura aprofundar a discuss\u00e3o sobre o conceito e as pr\u00e1ticas da educa\u00e7\u00e3o inclusiva, agregando a contribui\u00e7\u00f5es de pesquisadores brasileiros \u00e0s reflex\u00f5es de especialistas internacionais nesse campo. Em um pa\u00eds t\u00e3o diverso e complexo como o Brasil, a educa\u00e7\u00e3o n\u00e3o pode representar mais um mecanismo para excluir as pessoas cujas necessidades de aprendizagem exigem uma aten\u00e7\u00e3o especial. Na educa\u00e7\u00e3o para todos, \u00e9 inaceit\u00e1vel que se qualifique \u201ctodos\u201d.<\/p>\n<p style=\"text-align: justify;\">Vincent Defourny<br \/>\nRepresentante da UNESCO no Brasil<\/p>\n<p style=\"text-align: justify;\"><a href=\"http:\/\/unesdoc.unesco.org\/images\/0018\/001846\/184683POR.pdf\" target=\"_blank\" rel=\"noopener\">Fa\u00e7a o download da publica\u00e7\u00e3o na \u00edntegra neste link. <img loading=\"lazy\" decoding=\"async\" title=\"Link abrir\u00e1 em uma nova janela ou aba.\" src=\"http:\/\/www.inclusive.org.br\/images\/new_window.gif\" alt=\"Link abrir\u00e1 em uma nova janela ou aba.\" width=\"16\" height=\"14\" \/><\/a><\/p>\n","protected":false},"excerpt":{"rendered":"<p>A educa\u00e7\u00e3o inclusiva de qualidade se baseia no direito de todos \u2013 crian\u00e7as, jovens e adultos \u2013 a receberem uma educa\u00e7\u00e3o de qualidade que satisfa\u00e7a suas necessidades b\u00e1sicas de aprendizagem e enrique\u00e7a suas vidas.<\/p>\n","protected":false},"author":1,"featured_media":0,"comment_status":"open","ping_status":"open","sticky":false,"template":"","format":"standard","meta":{"site-container-style":"default","site-container-layout":"default","site-sidebar-layout":"default","disable-article-header":"default","disable-site-header":"default","disable-site-footer":"default","disable-content-area-spacing":"default","footnotes":""},"categories":[11,52,6,48,10],"tags":[],"class_list":["post-12184","post","type-post","status-publish","format-standard","hentry","category-direitos-humanos","category-downloadables","category-educacao","category-inclusao","category-publicacoes"],"yoast_head":"<!-- This site is optimized with the Yoast SEO plugin v27.4 - https:\/\/yoast.com\/product\/yoast-seo-wordpress\/ -->\n<title>Tornar a educa\u00e7\u00e3o inclusiva -<\/title>\n<meta name=\"robots\" content=\"index, follow, max-snippet:-1, max-image-preview:large, max-video-preview:-1\" \/>\n<link rel=\"canonical\" href=\"https:\/\/inclusivenews.com.br\/?p=12184\" \/>\n<meta property=\"og:locale\" content=\"pt_PT\" \/>\n<meta property=\"og:type\" content=\"article\" \/>\n<meta property=\"og:title\" content=\"Tornar a educa\u00e7\u00e3o inclusiva -\" \/>\n<meta property=\"og:description\" content=\"A educa\u00e7\u00e3o inclusiva de qualidade se baseia no direito de todos \u2013 crian\u00e7as, jovens e adultos \u2013 a receberem uma educa\u00e7\u00e3o de qualidade que satisfa\u00e7a suas necessidades b\u00e1sicas de aprendizagem e enrique\u00e7a suas vidas.\" \/>\n<meta property=\"og:url\" content=\"https:\/\/inclusivenews.com.br\/?p=12184\" \/>\n<meta property=\"article:publisher\" content=\"https:\/\/www.facebook.com\/agenciainclusive\/\" \/>\n<meta property=\"article:published_time\" content=\"2009-10-28T11:01:30+00:00\" \/>\n<meta property=\"og:image\" content=\"http:\/\/inclusivenews.com.br\/wp-content\/uploads\/2009\/10\/capa_unesco-210x300.jpg\" \/>\n<meta name=\"author\" content=\"inclusivenews2024\" \/>\n<meta name=\"twitter:card\" content=\"summary_large_image\" \/>\n<meta name=\"twitter:label1\" content=\"Escrito por\" \/>\n\t<meta name=\"twitter:data1\" content=\"inclusivenews2024\" \/>\n\t<meta name=\"twitter:label2\" content=\"Tempo estimado de leitura\" \/>\n\t<meta name=\"twitter:data2\" content=\"2 minutos\" \/>\n<script type=\"application\/ld+json\" class=\"yoast-schema-graph\">{\"@context\":\"https:\\\/\\\/schema.org\",\"@graph\":[{\"@type\":\"Article\",\"@id\":\"https:\\\/\\\/inclusivenews.com.br\\\/?p=12184#article\",\"isPartOf\":{\"@id\":\"https:\\\/\\\/inclusivenews.com.br\\\/?p=12184\"},\"author\":{\"name\":\"inclusivenews2024\",\"@id\":\"https:\\\/\\\/inclusivenews.com.br\\\/#\\\/schema\\\/person\\\/ae4ec7087559b8692fb33b6fffd2273b\"},\"headline\":\"Tornar a educa\u00e7\u00e3o inclusiva\",\"datePublished\":\"2009-10-28T11:01:30+00:00\",\"mainEntityOfPage\":{\"@id\":\"https:\\\/\\\/inclusivenews.com.br\\\/?p=12184\"},\"wordCount\":387,\"commentCount\":1,\"publisher\":{\"@id\":\"https:\\\/\\\/inclusivenews.com.br\\\/#organization\"},\"image\":{\"@id\":\"https:\\\/\\\/inclusivenews.com.br\\\/?p=12184#primaryimage\"},\"thumbnailUrl\":\"http:\\\/\\\/inclusivenews.com.br\\\/wp-content\\\/uploads\\\/2009\\\/10\\\/capa_unesco-210x300.jpg\",\"articleSection\":[\"DIREITOS HUMANOS\",\"Downloadables\",\"EDUCA\u00c7\u00c3O\",\"INCLUS\u00c3O SOCIAL\",\"PUBLICA\u00c7\u00d5ES\"],\"inLanguage\":\"pt-PT\",\"potentialAction\":[{\"@type\":\"CommentAction\",\"name\":\"Comment\",\"target\":[\"https:\\\/\\\/inclusivenews.com.br\\\/?p=12184#respond\"]}]},{\"@type\":\"WebPage\",\"@id\":\"https:\\\/\\\/inclusivenews.com.br\\\/?p=12184\",\"url\":\"https:\\\/\\\/inclusivenews.com.br\\\/?p=12184\",\"name\":\"Tornar a educa\u00e7\u00e3o inclusiva -\",\"isPartOf\":{\"@id\":\"https:\\\/\\\/inclusivenews.com.br\\\/#website\"},\"primaryImageOfPage\":{\"@id\":\"https:\\\/\\\/inclusivenews.com.br\\\/?p=12184#primaryimage\"},\"image\":{\"@id\":\"https:\\\/\\\/inclusivenews.com.br\\\/?p=12184#primaryimage\"},\"thumbnailUrl\":\"http:\\\/\\\/inclusivenews.com.br\\\/wp-content\\\/uploads\\\/2009\\\/10\\\/capa_unesco-210x300.jpg\",\"datePublished\":\"2009-10-28T11:01:30+00:00\",\"breadcrumb\":{\"@id\":\"https:\\\/\\\/inclusivenews.com.br\\\/?p=12184#breadcrumb\"},\"inLanguage\":\"pt-PT\",\"potentialAction\":[{\"@type\":\"ReadAction\",\"target\":[\"https:\\\/\\\/inclusivenews.com.br\\\/?p=12184\"]}]},{\"@type\":\"ImageObject\",\"inLanguage\":\"pt-PT\",\"@id\":\"https:\\\/\\\/inclusivenews.com.br\\\/?p=12184#primaryimage\",\"url\":\"https:\\\/\\\/inclusivenews.com.br\\\/wp-content\\\/uploads\\\/2009\\\/10\\\/capa_unesco.jpg\",\"contentUrl\":\"https:\\\/\\\/inclusivenews.com.br\\\/wp-content\\\/uploads\\\/2009\\\/10\\\/capa_unesco.jpg\",\"width\":265,\"height\":378},{\"@type\":\"BreadcrumbList\",\"@id\":\"https:\\\/\\\/inclusivenews.com.br\\\/?p=12184#breadcrumb\",\"itemListElement\":[{\"@type\":\"ListItem\",\"position\":1,\"name\":\"In\u00edcio\",\"item\":\"https:\\\/\\\/inclusivenews.com.br\\\/\"},{\"@type\":\"ListItem\",\"position\":2,\"name\":\"Tornar a educa\u00e7\u00e3o inclusiva\"}]},{\"@type\":\"WebSite\",\"@id\":\"https:\\\/\\\/inclusivenews.com.br\\\/#website\",\"url\":\"https:\\\/\\\/inclusivenews.com.br\\\/\",\"name\":\"Inclusive News\",\"description\":\"Inclusive News\",\"publisher\":{\"@id\":\"https:\\\/\\\/inclusivenews.com.br\\\/#organization\"},\"potentialAction\":[{\"@type\":\"SearchAction\",\"target\":{\"@type\":\"EntryPoint\",\"urlTemplate\":\"https:\\\/\\\/inclusivenews.com.br\\\/?s={search_term_string}\"},\"query-input\":{\"@type\":\"PropertyValueSpecification\",\"valueRequired\":true,\"valueName\":\"search_term_string\"}}],\"inLanguage\":\"pt-PT\"},{\"@type\":\"Organization\",\"@id\":\"https:\\\/\\\/inclusivenews.com.br\\\/#organization\",\"name\":\"Inclusive - inclus\u00e3o e cidadania\",\"url\":\"https:\\\/\\\/inclusivenews.com.br\\\/\",\"logo\":{\"@type\":\"ImageObject\",\"inLanguage\":\"pt-PT\",\"@id\":\"https:\\\/\\\/inclusivenews.com.br\\\/#\\\/schema\\\/logo\\\/image\\\/\",\"url\":\"https:\\\/\\\/inclusivenews.com.br\\\/wp-content\\\/uploads\\\/2024\\\/03\\\/@grandesite.png\",\"contentUrl\":\"https:\\\/\\\/inclusivenews.com.br\\\/wp-content\\\/uploads\\\/2024\\\/03\\\/@grandesite.png\",\"width\":1080,\"height\":1080,\"caption\":\"Inclusive - inclus\u00e3o e cidadania\"},\"image\":{\"@id\":\"https:\\\/\\\/inclusivenews.com.br\\\/#\\\/schema\\\/logo\\\/image\\\/\"},\"sameAs\":[\"https:\\\/\\\/www.facebook.com\\\/agenciainclusive\\\/\",\"https:\\\/\\\/www.instagram.com\\\/newsinclusive\\\/\"]},{\"@type\":\"Person\",\"@id\":\"https:\\\/\\\/inclusivenews.com.br\\\/#\\\/schema\\\/person\\\/ae4ec7087559b8692fb33b6fffd2273b\",\"name\":\"inclusivenews2024\",\"image\":{\"@type\":\"ImageObject\",\"inLanguage\":\"pt-PT\",\"@id\":\"https:\\\/\\\/secure.gravatar.com\\\/avatar\\\/c5a7ef84c66fa914f55bc4f7ce26cfa275a3b9a1c5568b907bd184fb4dde7b40?s=96&d=mm&r=g\",\"url\":\"https:\\\/\\\/secure.gravatar.com\\\/avatar\\\/c5a7ef84c66fa914f55bc4f7ce26cfa275a3b9a1c5568b907bd184fb4dde7b40?s=96&d=mm&r=g\",\"contentUrl\":\"https:\\\/\\\/secure.gravatar.com\\\/avatar\\\/c5a7ef84c66fa914f55bc4f7ce26cfa275a3b9a1c5568b907bd184fb4dde7b40?s=96&d=mm&r=g\",\"caption\":\"inclusivenews2024\"},\"sameAs\":[\"https:\\\/\\\/inclusivenews.com.br\"],\"url\":\"https:\\\/\\\/inclusivenews.com.br\\\/?author=1\"}]}<\/script>\n<!-- \/ Yoast SEO plugin. -->","yoast_head_json":{"title":"Tornar a educa\u00e7\u00e3o inclusiva -","robots":{"index":"index","follow":"follow","max-snippet":"max-snippet:-1","max-image-preview":"max-image-preview:large","max-video-preview":"max-video-preview:-1"},"canonical":"https:\/\/inclusivenews.com.br\/?p=12184","og_locale":"pt_PT","og_type":"article","og_title":"Tornar a educa\u00e7\u00e3o inclusiva -","og_description":"A educa\u00e7\u00e3o inclusiva de qualidade se baseia no direito de todos \u2013 crian\u00e7as, jovens e adultos \u2013 a receberem uma educa\u00e7\u00e3o de qualidade que satisfa\u00e7a suas necessidades b\u00e1sicas de aprendizagem e enrique\u00e7a suas vidas.","og_url":"https:\/\/inclusivenews.com.br\/?p=12184","article_publisher":"https:\/\/www.facebook.com\/agenciainclusive\/","article_published_time":"2009-10-28T11:01:30+00:00","og_image":[{"url":"http:\/\/inclusivenews.com.br\/wp-content\/uploads\/2009\/10\/capa_unesco-210x300.jpg","type":"","width":"","height":""}],"author":"inclusivenews2024","twitter_card":"summary_large_image","twitter_misc":{"Escrito por":"inclusivenews2024","Tempo estimado de leitura":"2 minutos"},"schema":{"@context":"https:\/\/schema.org","@graph":[{"@type":"Article","@id":"https:\/\/inclusivenews.com.br\/?p=12184#article","isPartOf":{"@id":"https:\/\/inclusivenews.com.br\/?p=12184"},"author":{"name":"inclusivenews2024","@id":"https:\/\/inclusivenews.com.br\/#\/schema\/person\/ae4ec7087559b8692fb33b6fffd2273b"},"headline":"Tornar a educa\u00e7\u00e3o inclusiva","datePublished":"2009-10-28T11:01:30+00:00","mainEntityOfPage":{"@id":"https:\/\/inclusivenews.com.br\/?p=12184"},"wordCount":387,"commentCount":1,"publisher":{"@id":"https:\/\/inclusivenews.com.br\/#organization"},"image":{"@id":"https:\/\/inclusivenews.com.br\/?p=12184#primaryimage"},"thumbnailUrl":"http:\/\/inclusivenews.com.br\/wp-content\/uploads\/2009\/10\/capa_unesco-210x300.jpg","articleSection":["DIREITOS HUMANOS","Downloadables","EDUCA\u00c7\u00c3O","INCLUS\u00c3O SOCIAL","PUBLICA\u00c7\u00d5ES"],"inLanguage":"pt-PT","potentialAction":[{"@type":"CommentAction","name":"Comment","target":["https:\/\/inclusivenews.com.br\/?p=12184#respond"]}]},{"@type":"WebPage","@id":"https:\/\/inclusivenews.com.br\/?p=12184","url":"https:\/\/inclusivenews.com.br\/?p=12184","name":"Tornar a educa\u00e7\u00e3o inclusiva -","isPartOf":{"@id":"https:\/\/inclusivenews.com.br\/#website"},"primaryImageOfPage":{"@id":"https:\/\/inclusivenews.com.br\/?p=12184#primaryimage"},"image":{"@id":"https:\/\/inclusivenews.com.br\/?p=12184#primaryimage"},"thumbnailUrl":"http:\/\/inclusivenews.com.br\/wp-content\/uploads\/2009\/10\/capa_unesco-210x300.jpg","datePublished":"2009-10-28T11:01:30+00:00","breadcrumb":{"@id":"https:\/\/inclusivenews.com.br\/?p=12184#breadcrumb"},"inLanguage":"pt-PT","potentialAction":[{"@type":"ReadAction","target":["https:\/\/inclusivenews.com.br\/?p=12184"]}]},{"@type":"ImageObject","inLanguage":"pt-PT","@id":"https:\/\/inclusivenews.com.br\/?p=12184#primaryimage","url":"https:\/\/inclusivenews.com.br\/wp-content\/uploads\/2009\/10\/capa_unesco.jpg","contentUrl":"https:\/\/inclusivenews.com.br\/wp-content\/uploads\/2009\/10\/capa_unesco.jpg","width":265,"height":378},{"@type":"BreadcrumbList","@id":"https:\/\/inclusivenews.com.br\/?p=12184#breadcrumb","itemListElement":[{"@type":"ListItem","position":1,"name":"In\u00edcio","item":"https:\/\/inclusivenews.com.br\/"},{"@type":"ListItem","position":2,"name":"Tornar a educa\u00e7\u00e3o inclusiva"}]},{"@type":"WebSite","@id":"https:\/\/inclusivenews.com.br\/#website","url":"https:\/\/inclusivenews.com.br\/","name":"Inclusive News","description":"Inclusive News","publisher":{"@id":"https:\/\/inclusivenews.com.br\/#organization"},"potentialAction":[{"@type":"SearchAction","target":{"@type":"EntryPoint","urlTemplate":"https:\/\/inclusivenews.com.br\/?s={search_term_string}"},"query-input":{"@type":"PropertyValueSpecification","valueRequired":true,"valueName":"search_term_string"}}],"inLanguage":"pt-PT"},{"@type":"Organization","@id":"https:\/\/inclusivenews.com.br\/#organization","name":"Inclusive - inclus\u00e3o e cidadania","url":"https:\/\/inclusivenews.com.br\/","logo":{"@type":"ImageObject","inLanguage":"pt-PT","@id":"https:\/\/inclusivenews.com.br\/#\/schema\/logo\/image\/","url":"https:\/\/inclusivenews.com.br\/wp-content\/uploads\/2024\/03\/@grandesite.png","contentUrl":"https:\/\/inclusivenews.com.br\/wp-content\/uploads\/2024\/03\/@grandesite.png","width":1080,"height":1080,"caption":"Inclusive - inclus\u00e3o e cidadania"},"image":{"@id":"https:\/\/inclusivenews.com.br\/#\/schema\/logo\/image\/"},"sameAs":["https:\/\/www.facebook.com\/agenciainclusive\/","https:\/\/www.instagram.com\/newsinclusive\/"]},{"@type":"Person","@id":"https:\/\/inclusivenews.com.br\/#\/schema\/person\/ae4ec7087559b8692fb33b6fffd2273b","name":"inclusivenews2024","image":{"@type":"ImageObject","inLanguage":"pt-PT","@id":"https:\/\/secure.gravatar.com\/avatar\/c5a7ef84c66fa914f55bc4f7ce26cfa275a3b9a1c5568b907bd184fb4dde7b40?s=96&d=mm&r=g","url":"https:\/\/secure.gravatar.com\/avatar\/c5a7ef84c66fa914f55bc4f7ce26cfa275a3b9a1c5568b907bd184fb4dde7b40?s=96&d=mm&r=g","contentUrl":"https:\/\/secure.gravatar.com\/avatar\/c5a7ef84c66fa914f55bc4f7ce26cfa275a3b9a1c5568b907bd184fb4dde7b40?s=96&d=mm&r=g","caption":"inclusivenews2024"},"sameAs":["https:\/\/inclusivenews.com.br"],"url":"https:\/\/inclusivenews.com.br\/?author=1"}]}},"_links":{"self":[{"href":"https:\/\/inclusivenews.com.br\/index.php?rest_route=\/wp\/v2\/posts\/12184","targetHints":{"allow":["GET"]}}],"collection":[{"href":"https:\/\/inclusivenews.com.br\/index.php?rest_route=\/wp\/v2\/posts"}],"about":[{"href":"https:\/\/inclusivenews.com.br\/index.php?rest_route=\/wp\/v2\/types\/post"}],"author":[{"embeddable":true,"href":"https:\/\/inclusivenews.com.br\/index.php?rest_route=\/wp\/v2\/users\/1"}],"replies":[{"embeddable":true,"href":"https:\/\/inclusivenews.com.br\/index.php?rest_route=%2Fwp%2Fv2%2Fcomments&post=12184"}],"version-history":[{"count":0,"href":"https:\/\/inclusivenews.com.br\/index.php?rest_route=\/wp\/v2\/posts\/12184\/revisions"}],"wp:attachment":[{"href":"https:\/\/inclusivenews.com.br\/index.php?rest_route=%2Fwp%2Fv2%2Fmedia&parent=12184"}],"wp:term":[{"taxonomy":"category","embeddable":true,"href":"https:\/\/inclusivenews.com.br\/index.php?rest_route=%2Fwp%2Fv2%2Fcategories&post=12184"},{"taxonomy":"post_tag","embeddable":true,"href":"https:\/\/inclusivenews.com.br\/index.php?rest_route=%2Fwp%2Fv2%2Ftags&post=12184"}],"curies":[{"name":"wp","href":"https:\/\/api.w.org\/{rel}","templated":true}]}}